{"id":29380,"date":"2026-03-17T16:58:22","date_gmt":"2026-03-17T16:58:22","guid":{"rendered":"https:\/\/elcalaixetdelaiaia.es\/?p=29380"},"modified":"2026-03-17T17:41:02","modified_gmt":"2026-03-17T17:41:02","slug":"como-colocar-la-mantilla-sin-alfileres-ganchos-broches-etc","status":"publish","type":"post","link":"https:\/\/elcalaixetdelaiaia.es\/?p=29380","title":{"rendered":"como colocar la mantilla sin alfileres, ganchos, broches etc."},"content":{"rendered":"<p>\u00abRefrany; \u00abagulla i fil, fan durar per mil\u00bb, aguja e hilo, hacen durar por mil.<\/p>\n<p>Os cont\u00e9 mi truco para colocar las mantillas sin alfileres, broches, ganchos, horquillas etc, aqu\u00ed \u00a0<a href=\"https:\/\/elcalaixetdelaiaia.es\/?p=27338\">https:\/\/elcalaixetdelaiaia.es\/?p=27338<\/a><\/p>\n<p>Pero sois much\u00edsimos, quienes me pregunt\u00e1is por la forma correcta de colocar una mitjalluna, y que no veis claro, el tema de la peinetita.<\/p>\n<p>Aprovechando que he tenido el placer de preparar a mi preciosa vecina, para asistir a su primer ofrena a la Mareta, y con la colaboraci\u00f3n de su mami, que ha hecho de fot\u00f3grafa, subo esta entrada\u00a0 y corriendo, por si puede ser de ayuda a alguien para la ofrenda ma\u00f1ana, que la de hoy, ya ha comenzado.<\/p>\n<p>Hay muchas falleras que temen el momento mantilla, porque hay costumbre de colocarla con alfileres y horquillas y a veces, se pinchan, molestan o hacen da\u00f1o.<\/p>\n<p><img decoding=\"async\" loading=\"lazy\" class=\"alignnone size-full wp-image-29381\" src=\"https:\/\/elcalaixetdelaiaia.es\/wp-content\/uploads\/2026\/03\/IMG_5882-scaled.jpeg\" alt=\"\" width=\"2560\" height=\"1752\" srcset=\"https:\/\/elcalaixetdelaiaia.es\/wp-content\/uploads\/2026\/03\/IMG_5882-scaled.jpeg 2560w, https:\/\/elcalaixetdelaiaia.es\/wp-content\/uploads\/2026\/03\/IMG_5882-300x205.jpeg 300w, https:\/\/elcalaixetdelaiaia.es\/wp-content\/uploads\/2026\/03\/IMG_5882-1024x701.jpeg 1024w, https:\/\/elcalaixetdelaiaia.es\/wp-content\/uploads\/2026\/03\/IMG_5882-768x526.jpeg 768w, https:\/\/elcalaixetdelaiaia.es\/wp-content\/uploads\/2026\/03\/IMG_5882-1536x1051.jpeg 1536w, https:\/\/elcalaixetdelaiaia.es\/wp-content\/uploads\/2026\/03\/IMG_5882-2048x1402.jpeg 2048w\" sizes=\"(max-width: 2560px) 100vw, 2560px\" \/><\/p>\n<p>La mitjalluna se coloca siempre con la parte recta, sobre la frente y la redondeada en la espalda.<\/p>\n<p><img decoding=\"async\" loading=\"lazy\" class=\"alignnone size-full wp-image-29382\" src=\"https:\/\/elcalaixetdelaiaia.es\/wp-content\/uploads\/2026\/03\/IMG_5889-scaled.jpeg\" alt=\"\" width=\"2560\" height=\"1920\" srcset=\"https:\/\/elcalaixetdelaiaia.es\/wp-content\/uploads\/2026\/03\/IMG_5889-scaled.jpeg 2560w, https:\/\/elcalaixetdelaiaia.es\/wp-content\/uploads\/2026\/03\/IMG_5889-300x225.jpeg 300w, https:\/\/elcalaixetdelaiaia.es\/wp-content\/uploads\/2026\/03\/IMG_5889-1024x768.jpeg 1024w, https:\/\/elcalaixetdelaiaia.es\/wp-content\/uploads\/2026\/03\/IMG_5889-768x576.jpeg 768w, https:\/\/elcalaixetdelaiaia.es\/wp-content\/uploads\/2026\/03\/IMG_5889-1536x1152.jpeg 1536w, https:\/\/elcalaixetdelaiaia.es\/wp-content\/uploads\/2026\/03\/IMG_5889-2048x1536.jpeg 2048w\" sizes=\"(max-width: 2560px) 100vw, 2560px\" \/><\/p>\n<p>De casualidad, tengo una peineta transparente en casa, (aunque son mucho mejores m\u00e1s peque\u00f1as, como os cuento en la otra entrada) y he ofrecido coserla a su mitjalluna en un moment\u00edn en plan r\u00e1pido, \u00abpensat i fet\u00bb<\/p>\n<p><img decoding=\"async\" loading=\"lazy\" class=\"alignnone size-full wp-image-29383\" src=\"https:\/\/elcalaixetdelaiaia.es\/wp-content\/uploads\/2026\/03\/IMG_5891.jpeg\" alt=\"\" width=\"2100\" height=\"1576\" srcset=\"https:\/\/elcalaixetdelaiaia.es\/wp-content\/uploads\/2026\/03\/IMG_5891.jpeg 2100w, https:\/\/elcalaixetdelaiaia.es\/wp-content\/uploads\/2026\/03\/IMG_5891-300x225.jpeg 300w, https:\/\/elcalaixetdelaiaia.es\/wp-content\/uploads\/2026\/03\/IMG_5891-1024x768.jpeg 1024w, https:\/\/elcalaixetdelaiaia.es\/wp-content\/uploads\/2026\/03\/IMG_5891-768x576.jpeg 768w, https:\/\/elcalaixetdelaiaia.es\/wp-content\/uploads\/2026\/03\/IMG_5891-1536x1153.jpeg 1536w, https:\/\/elcalaixetdelaiaia.es\/wp-content\/uploads\/2026\/03\/IMG_5891-2048x1537.jpeg 2048w\" sizes=\"(max-width: 2100px) 100vw, 2100px\" \/><\/p>\n<p>Buscamos la parte del rev\u00e9s de la mantilla, la doblamos por la mitad, y medimos desde el centro del inicio del pelo, a la peineta por delante, en ese punto y del rev\u00e9s, procurando coincidir con el bordado, cosemos con cuidado la peineta<\/p>\n<p><img decoding=\"async\" loading=\"lazy\" class=\"alignnone size-full wp-image-29384\" src=\"https:\/\/elcalaixetdelaiaia.es\/wp-content\/uploads\/2026\/03\/IMG_5898.jpeg\" alt=\"\" width=\"2100\" height=\"1576\" srcset=\"https:\/\/elcalaixetdelaiaia.es\/wp-content\/uploads\/2026\/03\/IMG_5898.jpeg 2100w, https:\/\/elcalaixetdelaiaia.es\/wp-content\/uploads\/2026\/03\/IMG_5898-300x225.jpeg 300w, https:\/\/elcalaixetdelaiaia.es\/wp-content\/uploads\/2026\/03\/IMG_5898-1024x768.jpeg 1024w, https:\/\/elcalaixetdelaiaia.es\/wp-content\/uploads\/2026\/03\/IMG_5898-768x576.jpeg 768w, https:\/\/elcalaixetdelaiaia.es\/wp-content\/uploads\/2026\/03\/IMG_5898-1536x1153.jpeg 1536w, https:\/\/elcalaixetdelaiaia.es\/wp-content\/uploads\/2026\/03\/IMG_5898-2048x1537.jpeg 2048w\" sizes=\"(max-width: 2100px) 100vw, 2100px\" \/><\/p>\n<p style=\"text-align: center;\">que quedar\u00e1 as\u00ed<\/p>\n<p><img decoding=\"async\" loading=\"lazy\" class=\"alignnone size-full wp-image-29385\" src=\"https:\/\/elcalaixetdelaiaia.es\/wp-content\/uploads\/2026\/03\/IMG_5895.jpeg\" alt=\"\" width=\"2100\" height=\"1576\" srcset=\"https:\/\/elcalaixetdelaiaia.es\/wp-content\/uploads\/2026\/03\/IMG_5895.jpeg 2100w, https:\/\/elcalaixetdelaiaia.es\/wp-content\/uploads\/2026\/03\/IMG_5895-300x225.jpeg 300w, https:\/\/elcalaixetdelaiaia.es\/wp-content\/uploads\/2026\/03\/IMG_5895-1024x768.jpeg 1024w, https:\/\/elcalaixetdelaiaia.es\/wp-content\/uploads\/2026\/03\/IMG_5895-768x576.jpeg 768w, https:\/\/elcalaixetdelaiaia.es\/wp-content\/uploads\/2026\/03\/IMG_5895-1536x1153.jpeg 1536w, https:\/\/elcalaixetdelaiaia.es\/wp-content\/uploads\/2026\/03\/IMG_5895-2048x1537.jpeg 2048w\" sizes=\"(max-width: 2100px) 100vw, 2100px\" \/><\/p>\n<p style=\"text-align: center;\">y as\u00ed vista desde el derecho<\/p>\n<p><img decoding=\"async\" loading=\"lazy\" class=\"alignnone size-full wp-image-29386\" src=\"https:\/\/elcalaixetdelaiaia.es\/wp-content\/uploads\/2026\/03\/IMG_5903.jpeg\" alt=\"\" width=\"2100\" height=\"1576\" srcset=\"https:\/\/elcalaixetdelaiaia.es\/wp-content\/uploads\/2026\/03\/IMG_5903.jpeg 2100w, https:\/\/elcalaixetdelaiaia.es\/wp-content\/uploads\/2026\/03\/IMG_5903-300x225.jpeg 300w, https:\/\/elcalaixetdelaiaia.es\/wp-content\/uploads\/2026\/03\/IMG_5903-1024x768.jpeg 1024w, https:\/\/elcalaixetdelaiaia.es\/wp-content\/uploads\/2026\/03\/IMG_5903-768x576.jpeg 768w, https:\/\/elcalaixetdelaiaia.es\/wp-content\/uploads\/2026\/03\/IMG_5903-1536x1153.jpeg 1536w, https:\/\/elcalaixetdelaiaia.es\/wp-content\/uploads\/2026\/03\/IMG_5903-2048x1537.jpeg 2048w\" sizes=\"(max-width: 2100px) 100vw, 2100px\" \/><\/p>\n<p style=\"text-align: center;\">Aqu\u00ed pod\u00e9is verla mejor<\/p>\n<p><img decoding=\"async\" loading=\"lazy\" class=\"alignnone size-full wp-image-29387\" src=\"https:\/\/elcalaixetdelaiaia.es\/wp-content\/uploads\/2026\/03\/IMG_5905.jpeg\" alt=\"\" width=\"2100\" height=\"1576\" srcset=\"https:\/\/elcalaixetdelaiaia.es\/wp-content\/uploads\/2026\/03\/IMG_5905.jpeg 2100w, https:\/\/elcalaixetdelaiaia.es\/wp-content\/uploads\/2026\/03\/IMG_5905-300x225.jpeg 300w, https:\/\/elcalaixetdelaiaia.es\/wp-content\/uploads\/2026\/03\/IMG_5905-1024x768.jpeg 1024w, https:\/\/elcalaixetdelaiaia.es\/wp-content\/uploads\/2026\/03\/IMG_5905-768x576.jpeg 768w, https:\/\/elcalaixetdelaiaia.es\/wp-content\/uploads\/2026\/03\/IMG_5905-1536x1153.jpeg 1536w, https:\/\/elcalaixetdelaiaia.es\/wp-content\/uploads\/2026\/03\/IMG_5905-2048x1537.jpeg 2048w\" sizes=\"(max-width: 2100px) 100vw, 2100px\" \/><\/p>\n<p style=\"text-align: center;\">Buscamos el hueco entre la cabeza y la peineta<\/p>\n<p><img decoding=\"async\" loading=\"lazy\" class=\"alignnone size-full wp-image-29388\" src=\"https:\/\/elcalaixetdelaiaia.es\/wp-content\/uploads\/2026\/03\/IMG_5904.jpeg\" alt=\"\" width=\"2100\" height=\"1576\" srcset=\"https:\/\/elcalaixetdelaiaia.es\/wp-content\/uploads\/2026\/03\/IMG_5904.jpeg 2100w, https:\/\/elcalaixetdelaiaia.es\/wp-content\/uploads\/2026\/03\/IMG_5904-300x225.jpeg 300w, https:\/\/elcalaixetdelaiaia.es\/wp-content\/uploads\/2026\/03\/IMG_5904-1024x768.jpeg 1024w, https:\/\/elcalaixetdelaiaia.es\/wp-content\/uploads\/2026\/03\/IMG_5904-768x576.jpeg 768w, https:\/\/elcalaixetdelaiaia.es\/wp-content\/uploads\/2026\/03\/IMG_5904-1536x1153.jpeg 1536w, https:\/\/elcalaixetdelaiaia.es\/wp-content\/uploads\/2026\/03\/IMG_5904-2048x1537.jpeg 2048w\" sizes=\"(max-width: 2100px) 100vw, 2100px\" \/><\/p>\n<p style=\"text-align: center;\">y colocamos la peinetita de pl\u00e1stico,<\/p>\n<p style=\"text-align: center;\"><img decoding=\"async\" loading=\"lazy\" class=\"alignnone size-full wp-image-29389\" src=\"https:\/\/elcalaixetdelaiaia.es\/wp-content\/uploads\/2026\/03\/IMG_5907.jpeg\" alt=\"\" width=\"2100\" height=\"1576\" srcset=\"https:\/\/elcalaixetdelaiaia.es\/wp-content\/uploads\/2026\/03\/IMG_5907.jpeg 2100w, https:\/\/elcalaixetdelaiaia.es\/wp-content\/uploads\/2026\/03\/IMG_5907-300x225.jpeg 300w, https:\/\/elcalaixetdelaiaia.es\/wp-content\/uploads\/2026\/03\/IMG_5907-1024x768.jpeg 1024w, https:\/\/elcalaixetdelaiaia.es\/wp-content\/uploads\/2026\/03\/IMG_5907-768x576.jpeg 768w, https:\/\/elcalaixetdelaiaia.es\/wp-content\/uploads\/2026\/03\/IMG_5907-1536x1153.jpeg 1536w, https:\/\/elcalaixetdelaiaia.es\/wp-content\/uploads\/2026\/03\/IMG_5907-2048x1537.jpeg 2048w\" sizes=\"(max-width: 2100px) 100vw, 2100px\" \/><\/p>\n<p style=\"text-align: center;\">entre \u00e1mbos, que queda muy sujeta. No necesita absolutamente nada mas,<\/p>\n<p><img decoding=\"async\" loading=\"lazy\" class=\"alignnone size-full wp-image-29390\" src=\"https:\/\/elcalaixetdelaiaia.es\/wp-content\/uploads\/2026\/03\/IMG_5909.jpeg\" alt=\"\" width=\"2099\" height=\"1575\" srcset=\"https:\/\/elcalaixetdelaiaia.es\/wp-content\/uploads\/2026\/03\/IMG_5909.jpeg 2099w, https:\/\/elcalaixetdelaiaia.es\/wp-content\/uploads\/2026\/03\/IMG_5909-300x225.jpeg 300w, https:\/\/elcalaixetdelaiaia.es\/wp-content\/uploads\/2026\/03\/IMG_5909-1024x768.jpeg 1024w, https:\/\/elcalaixetdelaiaia.es\/wp-content\/uploads\/2026\/03\/IMG_5909-768x576.jpeg 768w, https:\/\/elcalaixetdelaiaia.es\/wp-content\/uploads\/2026\/03\/IMG_5909-1536x1153.jpeg 1536w, https:\/\/elcalaixetdelaiaia.es\/wp-content\/uploads\/2026\/03\/IMG_5909-2048x1537.jpeg 2048w\" sizes=\"(max-width: 2099px) 100vw, 2099px\" \/><\/p>\n<p>Tener la precauci\u00f3n al entrar a la plaza de la Mare, de echarse la mantilla hacia delante, en se\u00f1al de respeto, y ya est\u00e1<\/p>\n<p><img decoding=\"async\" loading=\"lazy\" class=\"alignnone size-full wp-image-29391\" src=\"https:\/\/elcalaixetdelaiaia.es\/wp-content\/uploads\/2026\/03\/IMG_59191.jpeg\" alt=\"\" width=\"1576\" height=\"2100\" srcset=\"https:\/\/elcalaixetdelaiaia.es\/wp-content\/uploads\/2026\/03\/IMG_59191.jpeg 1576w, https:\/\/elcalaixetdelaiaia.es\/wp-content\/uploads\/2026\/03\/IMG_59191-225x300.jpeg 225w, https:\/\/elcalaixetdelaiaia.es\/wp-content\/uploads\/2026\/03\/IMG_59191-768x1023.jpeg 768w, https:\/\/elcalaixetdelaiaia.es\/wp-content\/uploads\/2026\/03\/IMG_59191-1153x1536.jpeg 1153w, https:\/\/elcalaixetdelaiaia.es\/wp-content\/uploads\/2026\/03\/IMG_59191-1537x2048.jpeg 1537w\" sizes=\"(max-width: 1576px) 100vw, 1576px\" \/><\/p>\n<p style=\"text-align: center;\">Lista esta mu\u00f1eca preciosa, para ofrendar a la Mareta con su ramo y mandar besitos al cielo.<\/p>\n<p>Espero haber ayudado a alguien con \u00e9sta sugerencia para evitar pinchazos y roturas con las horquillas.<\/p>\n<p><span data-blogger-escaped-style=\"font-family: \">Si os gusta esta entrada, pod\u00e9is compartirla para que llegue a m\u00e1s gente. Espero vuestros comentarios que para mi son MUY importantes y recordad que tambi\u00e9n estoy en Facebook <\/span><span data-blogger-escaped-style=\"font-family: \"><a href=\"https:\/\/www.facebook.com\/El-calaixet-de-la-iaia-533062140099386\/\">https:\/\/www.facebook.com\/El-calaixet-de-la-iaia-533062140099386\/<\/a><\/span><\/p>\n<p>&nbsp;<\/p>\n","protected":false},"excerpt":{"rendered":"<p>\u00abRefrany; \u00abagulla i fil, fan durar per mil\u00bb, aguja e hilo, hacen durar por mil. Os cont\u00e9 mi truco para colocar las mantillas sin alfileres, broches, ganchos, horquillas etc, aqu\u00ed \u00a0https:\/\/elcalaixetdelaiaia.es\/?p=27338 Pero sois much\u00edsimos, quienes me pregunt\u00e1is por la forma correcta de colocar una mitjalluna, y que no veis claro, &hellip; <\/p>\n","protected":false},"author":2,"featured_media":29381,"comment_status":"open","ping_status":"open","sticky":false,"template":"","format":"standard","meta":[],"categories":[78,47],"tags":[],"_links":{"self":[{"href":"https:\/\/elcalaixetdelaiaia.es\/index.php?rest_route=\/wp\/v2\/posts\/29380"}],"collection":[{"href":"https:\/\/elcalaixetdelaiaia.es\/index.php?rest_route=\/wp\/v2\/posts"}],"about":[{"href":"https:\/\/elcalaixetdelaiaia.es\/index.php?rest_route=\/wp\/v2\/types\/post"}],"author":[{"embeddable":true,"href":"https:\/\/elcalaixetdelaiaia.es\/index.php?rest_route=\/wp\/v2\/users\/2"}],"replies":[{"embeddable":true,"href":"https:\/\/elcalaixetdelaiaia.es\/index.php?rest_route=%2Fwp%2Fv2%2Fcomments&post=29380"}],"version-history":[{"count":6,"href":"https:\/\/elcalaixetdelaiaia.es\/index.php?rest_route=\/wp\/v2\/posts\/29380\/revisions"}],"predecessor-version":[{"id":29397,"href":"https:\/\/elcalaixetdelaiaia.es\/index.php?rest_route=\/wp\/v2\/posts\/29380\/revisions\/29397"}],"wp:featuredmedia":[{"embeddable":true,"href":"https:\/\/elcalaixetdelaiaia.es\/index.php?rest_route=\/wp\/v2\/media\/29381"}],"wp:attachment":[{"href":"https:\/\/elcalaixetdelaiaia.es\/index.php?rest_route=%2Fwp%2Fv2%2Fmedia&parent=29380"}],"wp:term":[{"taxonomy":"category","embeddable":true,"href":"https:\/\/elcalaixetdelaiaia.es\/index.php?rest_route=%2Fwp%2Fv2%2Fcategories&post=29380"},{"taxonomy":"post_tag","embeddable":true,"href":"https:\/\/elcalaixetdelaiaia.es\/index.php?rest_route=%2Fwp%2Fv2%2Ftags&post=29380"}],"curies":[{"name":"wp","href":"https:\/\/api.w.org\/{rel}","templated":true}]}}