{"id":29306,"date":"2026-03-15T15:27:12","date_gmt":"2026-03-15T15:27:12","guid":{"rendered":"https:\/\/elcalaixetdelaiaia.es\/?p=29306"},"modified":"2026-03-18T19:29:45","modified_gmt":"2026-03-18T19:29:45","slug":"falles-2026","status":"publish","type":"post","link":"https:\/\/elcalaixetdelaiaia.es\/?p=29306","title":{"rendered":"Falles 2026"},"content":{"rendered":"<p>\u00abRefrany; Falles plantades, escoles tancades\u00bb Fallas plantadas, escuelas cerradas.<\/p>\n<p>Ja est\u00e9m en falles!<\/p>\n<p>S\u00e9 que sois muchos quienes est\u00e1is fuera de la terreta (yo lo he estado, y siento mucha empat\u00eda con todos vosotros), hay quienes se esfuerzan en buscar im\u00e1genes para sentirse m\u00e1s cercanos, y hay quienes sienten tan fuerte el dolor, que procurar evitar ver ninguna, que pueda evocarles nuestras fiestas josefinas. Os entiendo a todos, unos y otros, porque no est\u00e1is aqu\u00ed, pero lo importante es tener <strong>salud<\/strong>, y no perder la esperanza de poder disfrutarlas de nuevo.<\/p>\n<p>Esta madrugada ha comenzado la plant\u00e1, y uno de mis tetes y mi cu\u00f1i, <span class=\"ILfuVd\" lang=\"es\"><span class=\"hgKElc\">\ud83d\udc95<\/span><\/span> un a\u00f1o m\u00e1s, sabiendo que no puedo ir a verlas, y lo que para mi significan las fallas, han hecho algunas fotos, y me las ha estado enviando, (gr\u00e0cies tete y cunyi). Son fotos de la plant\u00e1 de algunas comisiones, tomadas bajo el ojo del valenciano de a pi\u00e9, con las fallas a medio montar, a\u00fan sin terminar, como nos gusta verlas a quienes las llevamos en la sangre, y que espero que a alguien le sirvan de consuelo, e ilusi\u00f3n, aunque quiz\u00e1s cueste alguna lagrimilla&#8230;<\/p>\n<p>Procurar\u00e9 ir actualizando esta publicaci\u00f3n, con los eventos que me sea posible.<\/p>\n<p><img decoding=\"async\" loading=\"lazy\" class=\"alignnone size-full wp-image-29398\" src=\"https:\/\/elcalaixetdelaiaia.es\/wp-content\/uploads\/2026\/03\/3beb1a17-1c6d-410f-8173-ae09e9ccfe271.jpg\" alt=\"\" width=\"1037\" height=\"1600\" srcset=\"https:\/\/elcalaixetdelaiaia.es\/wp-content\/uploads\/2026\/03\/3beb1a17-1c6d-410f-8173-ae09e9ccfe271.jpg 1037w, https:\/\/elcalaixetdelaiaia.es\/wp-content\/uploads\/2026\/03\/3beb1a17-1c6d-410f-8173-ae09e9ccfe271-194x300.jpg 194w, https:\/\/elcalaixetdelaiaia.es\/wp-content\/uploads\/2026\/03\/3beb1a17-1c6d-410f-8173-ae09e9ccfe271-664x1024.jpg 664w, https:\/\/elcalaixetdelaiaia.es\/wp-content\/uploads\/2026\/03\/3beb1a17-1c6d-410f-8173-ae09e9ccfe271-768x1185.jpg 768w, https:\/\/elcalaixetdelaiaia.es\/wp-content\/uploads\/2026\/03\/3beb1a17-1c6d-410f-8173-ae09e9ccfe271-996x1536.jpg 996w\" sizes=\"(max-width: 1037px) 100vw, 1037px\" \/><\/p>\n<p style=\"text-align: center;\">La falla Municipal 2026 comenz\u00e1ndola a colocar con las gr\u00faas<\/p>\n<p>&nbsp;<\/p>\n<p style=\"text-align: center;\">Este a\u00f1o, 2026, la falla de la pla\u00e7a del Ajuntament, titulada Hope, (Esperanza) es un alegato pacifista, representado en la figura del gran Charles Chapl\u00edn, que se ha dise\u00f1ado para transmitir un mensaje contra los conflictos B\u00e9licos.<\/p>\n<p><img decoding=\"async\" loading=\"lazy\" class=\"alignnone size-full wp-image-29311\" src=\"https:\/\/elcalaixetdelaiaia.es\/wp-content\/uploads\/2026\/03\/Falles-2026-tete-JoseVi1.jpg\" alt=\"\" width=\"1152\" height=\"2048\" srcset=\"https:\/\/elcalaixetdelaiaia.es\/wp-content\/uploads\/2026\/03\/Falles-2026-tete-JoseVi1.jpg 1152w, https:\/\/elcalaixetdelaiaia.es\/wp-content\/uploads\/2026\/03\/Falles-2026-tete-JoseVi1-169x300.jpg 169w, https:\/\/elcalaixetdelaiaia.es\/wp-content\/uploads\/2026\/03\/Falles-2026-tete-JoseVi1-576x1024.jpg 576w, https:\/\/elcalaixetdelaiaia.es\/wp-content\/uploads\/2026\/03\/Falles-2026-tete-JoseVi1-768x1365.jpg 768w, https:\/\/elcalaixetdelaiaia.es\/wp-content\/uploads\/2026\/03\/Falles-2026-tete-JoseVi1-864x1536.jpg 864w\" sizes=\"(max-width: 1152px) 100vw, 1152px\" \/><\/p>\n<p style=\"text-align: center;\">Es un<span class=\"T286Pc\" data-sfc-cp=\"\" data-sfc-cb=\"\" data-processed=\"true\">\u00a0mensaje de paz y esperanza, reflejando el esp\u00edritu de la pel\u00edcula de Chaplin, <em class=\"eujQNb\" data-sfc-cb=\"\" data-processed=\"true\">Armas al hombro<\/em>.<\/span><\/p>\n<p style=\"text-align: center;\">Incluye<span class=\"T286Pc\" data-sfc-cp=\"\" data-sfc-cb=\"\" data-processed=\"true\">\u00a0elementos simb\u00f3licos como mariposas coloridas, flores y corazones que contrastan con escenas de conflictos.<\/span><\/p>\n<p style=\"text-align: center;\">El proyecto<span class=\"T286Pc\" data-sfc-cp=\"\" data-sfc-cb=\"\" data-processed=\"true\"> municipal, cuenta con un gasto total de 239.000 euros.<\/span><\/p>\n<p style=\"text-align: center;\"><span class=\"T286Pc\" data-sfc-cp=\"\" data-sfc-cb=\"\" data-processed=\"true\">La falla se remata con un piromusical, integrando luz, sonido y pirotecnia. <\/span>Los llibrets de las dos fallas, la grande y la infantil,\u00a0 ya est\u00e1n accesibles en la Libreria municipal de la plaza de L\u2019Ajuntament<\/p>\n<div data-subtree=\"aimfl,mfl\" data-sfc-cb=\"\" data-processed=\"true\">\n<p style=\"text-align: center;\">La gran figura central de la falla municipal, dise\u00f1ada por Jos\u00e9 Santaulalia y materializada por su hermano Alejandro Santaulalia y por Vicente Ll\u00e1cer, ya adorna la plaza de L\u2019Ajuntament. Tras los remates de la cabeza de Charles Chapl\u00edn, principal protagonista del monumento, los trabajos de montaje contin\u00faan para culminar esta falla que a partir de la noche de la plant\u00e0 ocupar\u00e1 una superficie de 225 metros cuadrados cargados de mensajes de esperanza, tal como indica su t\u00edtulo.<\/p>\n<p><img decoding=\"async\" loading=\"lazy\" class=\"alignnone size-full wp-image-29313\" src=\"https:\/\/elcalaixetdelaiaia.es\/wp-content\/uploads\/2026\/03\/Falles-2026-tete.jpg\" alt=\"\" width=\"1115\" height=\"1600\" \/><\/p>\n<p style=\"text-align: center;\"><span class=\"x193iq5w xeuugli x13faqbe x1vvkbs x1xmvt09 x1lliihq x1s928wv xhkezso x1gmr53x x1cpjm7i x1fgarty x1943h6x xudqn12 x3x7a5m x6prxxf xvq8zen xo1l8bm xzsf02u\" dir=\"auto\">Plant\u00e1 Secci\u00f3n Especial\u00a0 Falla L&#8217;Antiga de Campanar 2026<br class=\"html-br\" \/>Artista: Josu\u00e9 BeitiaDise\u00f1o: Carlos Benavent<br class=\"html-br\" \/>Lema: \u00abSentiment\u00bb<\/span><\/p>\n<p style=\"text-align: center;\"><img decoding=\"async\" loading=\"lazy\" class=\"alignnone size-full wp-image-29314\" src=\"https:\/\/elcalaixetdelaiaia.es\/wp-content\/uploads\/2026\/03\/falles-2926-tete-campa.jpg\" alt=\"\" width=\"1200\" height=\"1600\" \/><\/p>\n<\/div>\n<p style=\"text-align: center;\"><span class=\"x193iq5w xeuugli x13faqbe x1vvkbs x1xmvt09 x1lliihq x1s928wv xhkezso x1gmr53x x1cpjm7i x1fgarty x1943h6x xudqn12 x3x7a5m x6prxxf xvq8zen xo1l8bm xzsf02u\" dir=\"auto\">Plant\u00e1 Secci\u00f3n Especial\u00a0 Falla L&#8217;Antiga de Campanar 2026<br class=\"html-br\" \/>Artista: Josu\u00e9 BeitiaDise\u00f1o: Carlos Benavent<br class=\"html-br\" \/>Lema: \u00abSentiment\u00bb<\/span><\/p>\n<p style=\"text-align: center;\"><img decoding=\"async\" loading=\"lazy\" class=\"alignnone size-full wp-image-29315\" src=\"https:\/\/elcalaixetdelaiaia.es\/wp-content\/uploads\/2026\/03\/0359e110-597e-46f0-8257-c29f9a8d3b87.jpg\" alt=\"\" width=\"1503\" height=\"1600\" \/><\/p>\n<p>Na Jordana, dedica su falla a las &#8216;Passions a la deriva&#8217;, bajo la direcci\u00f3n de Mario Gual por sexto a\u00f1o consecutivo.<\/p>\n<p><img decoding=\"async\" loading=\"lazy\" class=\"alignnone size-full wp-image-29316\" src=\"https:\/\/elcalaixetdelaiaia.es\/wp-content\/uploads\/2026\/03\/fa8dbd0c-9674-4e8a-b803-88ff9add8dea.jpg\" alt=\"\" width=\"1227\" height=\"1600\" \/><\/p>\n<p>Pepe Castillo, miembro de la comisi\u00f3n, ha subrayado que este a\u00f1o la obra \u00abest\u00e1 muy cuidada de color, con elementos como Neptuno, una pareja de novios en el medio o piratas\u00bb. \u00abHay que tener ingenio y gracia y nuestro punto fuerte este a\u00f1o es el color\u00bb, ha especificado.<\/p>\n<p><img decoding=\"async\" loading=\"lazy\" class=\"alignnone size-full wp-image-29317\" src=\"https:\/\/elcalaixetdelaiaia.es\/wp-content\/uploads\/2026\/03\/6d6cf2da-a83e-479a-bbf8-6e246eb72bcb1.jpg\" alt=\"\" width=\"1276\" height=\"1600\" \/><\/p>\n<div id=\"s4K1aZn0OJmlkdUP8brveA_35\" class=\"Nn35F\" style=\"text-align: center;\" data-processed=\"true\">\n<p>ARTISTA: PEDRO SANTAEULALIA\u00a0 DISE\u00d1O: JOSETE SANTAEULALIA<\/p>\n<p>LEMA: RESET<\/p>\n<p><em>Sueca-Literato Azor\u00edn ingresa al Valencia CF en la UCI<\/em>. Una escena de la falla satiriza la crisis del equipo de Mestalla desde una cama de la UCI<\/p>\n<\/div>\n<div data-processed=\"true\"><\/div>\n<div data-processed=\"true\"><img decoding=\"async\" loading=\"lazy\" class=\"alignnone size-full wp-image-29318\" src=\"https:\/\/elcalaixetdelaiaia.es\/wp-content\/uploads\/2026\/03\/833cd1b4-934f-41b1-a215-4e64ca10b930.jpg\" alt=\"\" width=\"2048\" height=\"1152\" \/><\/div>\n<p>Convento Jerusal\u00e9n\u2013Matem\u00e1tico Marzal, con Redimonis! <span id=\"m13829-13828-13830\" class=\"c-detail__media__credit composite_image \">Imagen de la falla Convento Jerusal\u00e9n 2026 que lidera el ranking del momento mas caro en Secci\u00f3n Especial.<\/span><\/p>\n<p>Esperemos que mis \u00abcorresponsales\u00bb \ud83d\ude09 sigan envi\u00e1ndome fotos, aunque ahora&#8230; comienzan fallas y son muchas las actividades de cada fallero en su casal y es dif\u00edcil salir de la demarcacion, jajaja.<\/p>\n<p>Si eso ocurre, ir\u00e9 actualizando este post.<\/p>\n<p>Hola, edito el 18\/3<\/p>\n<p><img decoding=\"async\" loading=\"lazy\" class=\"alignnone size-full wp-image-29403\" src=\"https:\/\/elcalaixetdelaiaia.es\/wp-content\/uploads\/2026\/03\/013f0a0e-0e16-42dc-9f4b-8f32a3db2bf4.jpeg\" alt=\"\" width=\"1200\" height=\"1600\" srcset=\"https:\/\/elcalaixetdelaiaia.es\/wp-content\/uploads\/2026\/03\/013f0a0e-0e16-42dc-9f4b-8f32a3db2bf4.jpeg 1200w, https:\/\/elcalaixetdelaiaia.es\/wp-content\/uploads\/2026\/03\/013f0a0e-0e16-42dc-9f4b-8f32a3db2bf4-225x300.jpeg 225w, https:\/\/elcalaixetdelaiaia.es\/wp-content\/uploads\/2026\/03\/013f0a0e-0e16-42dc-9f4b-8f32a3db2bf4-768x1024.jpeg 768w, https:\/\/elcalaixetdelaiaia.es\/wp-content\/uploads\/2026\/03\/013f0a0e-0e16-42dc-9f4b-8f32a3db2bf4-1152x1536.jpeg 1152w\" sizes=\"(max-width: 1200px) 100vw, 1200px\" \/><\/p>\n<p style=\"text-align: center;\">La falla municipal 2026<\/p>\n<p><img decoding=\"async\" loading=\"lazy\" class=\"alignnone size-full wp-image-29400\" src=\"https:\/\/elcalaixetdelaiaia.es\/wp-content\/uploads\/2026\/03\/b55b9a6b-3ad6-4af1-9b03-d576dd205ef7.jpeg\" alt=\"\" width=\"1600\" height=\"1200\" srcset=\"https:\/\/elcalaixetdelaiaia.es\/wp-content\/uploads\/2026\/03\/b55b9a6b-3ad6-4af1-9b03-d576dd205ef7.jpeg 1600w, https:\/\/elcalaixetdelaiaia.es\/wp-content\/uploads\/2026\/03\/b55b9a6b-3ad6-4af1-9b03-d576dd205ef7-300x225.jpeg 300w, https:\/\/elcalaixetdelaiaia.es\/wp-content\/uploads\/2026\/03\/b55b9a6b-3ad6-4af1-9b03-d576dd205ef7-1024x768.jpeg 1024w, https:\/\/elcalaixetdelaiaia.es\/wp-content\/uploads\/2026\/03\/b55b9a6b-3ad6-4af1-9b03-d576dd205ef7-768x576.jpeg 768w, https:\/\/elcalaixetdelaiaia.es\/wp-content\/uploads\/2026\/03\/b55b9a6b-3ad6-4af1-9b03-d576dd205ef7-1536x1152.jpeg 1536w\" sizes=\"(max-width: 1600px) 100vw, 1600px\" \/> <img decoding=\"async\" loading=\"lazy\" class=\"alignnone size-full wp-image-29401\" src=\"https:\/\/elcalaixetdelaiaia.es\/wp-content\/uploads\/2026\/03\/ec79ab71-7faf-4262-929f-b54cb400ad411.jpeg\" alt=\"\" width=\"1200\" height=\"1600\" srcset=\"https:\/\/elcalaixetdelaiaia.es\/wp-content\/uploads\/2026\/03\/ec79ab71-7faf-4262-929f-b54cb400ad411.jpeg 1200w, https:\/\/elcalaixetdelaiaia.es\/wp-content\/uploads\/2026\/03\/ec79ab71-7faf-4262-929f-b54cb400ad411-225x300.jpeg 225w, https:\/\/elcalaixetdelaiaia.es\/wp-content\/uploads\/2026\/03\/ec79ab71-7faf-4262-929f-b54cb400ad411-768x1024.jpeg 768w, https:\/\/elcalaixetdelaiaia.es\/wp-content\/uploads\/2026\/03\/ec79ab71-7faf-4262-929f-b54cb400ad411-1152x1536.jpeg 1152w\" sizes=\"(max-width: 1200px) 100vw, 1200px\" \/> <img decoding=\"async\" loading=\"lazy\" class=\"alignnone size-full wp-image-29404\" src=\"https:\/\/elcalaixetdelaiaia.es\/wp-content\/uploads\/2026\/03\/ae0c3bf6-c528-4210-ae69-9de908e8bc5e.jpeg\" alt=\"\" width=\"1152\" height=\"2048\" srcset=\"https:\/\/elcalaixetdelaiaia.es\/wp-content\/uploads\/2026\/03\/ae0c3bf6-c528-4210-ae69-9de908e8bc5e.jpeg 1152w, https:\/\/elcalaixetdelaiaia.es\/wp-content\/uploads\/2026\/03\/ae0c3bf6-c528-4210-ae69-9de908e8bc5e-169x300.jpeg 169w, https:\/\/elcalaixetdelaiaia.es\/wp-content\/uploads\/2026\/03\/ae0c3bf6-c528-4210-ae69-9de908e8bc5e-576x1024.jpeg 576w, https:\/\/elcalaixetdelaiaia.es\/wp-content\/uploads\/2026\/03\/ae0c3bf6-c528-4210-ae69-9de908e8bc5e-768x1365.jpeg 768w, https:\/\/elcalaixetdelaiaia.es\/wp-content\/uploads\/2026\/03\/ae0c3bf6-c528-4210-ae69-9de908e8bc5e-864x1536.jpeg 864w\" sizes=\"(max-width: 1152px) 100vw, 1152px\" \/> <img decoding=\"async\" loading=\"lazy\" class=\"alignnone size-full wp-image-29405\" src=\"https:\/\/elcalaixetdelaiaia.es\/wp-content\/uploads\/2026\/03\/b55b9a6b-3ad6-4af1-9b03-d576dd205ef7-1.jpeg\" alt=\"\" width=\"1600\" height=\"1200\" srcset=\"https:\/\/elcalaixetdelaiaia.es\/wp-content\/uploads\/2026\/03\/b55b9a6b-3ad6-4af1-9b03-d576dd205ef7-1.jpeg 1600w, https:\/\/elcalaixetdelaiaia.es\/wp-content\/uploads\/2026\/03\/b55b9a6b-3ad6-4af1-9b03-d576dd205ef7-1-300x225.jpeg 300w, https:\/\/elcalaixetdelaiaia.es\/wp-content\/uploads\/2026\/03\/b55b9a6b-3ad6-4af1-9b03-d576dd205ef7-1-1024x768.jpeg 1024w, https:\/\/elcalaixetdelaiaia.es\/wp-content\/uploads\/2026\/03\/b55b9a6b-3ad6-4af1-9b03-d576dd205ef7-1-768x576.jpeg 768w, https:\/\/elcalaixetdelaiaia.es\/wp-content\/uploads\/2026\/03\/b55b9a6b-3ad6-4af1-9b03-d576dd205ef7-1-1536x1152.jpeg 1536w\" sizes=\"(max-width: 1600px) 100vw, 1600px\" \/> <img decoding=\"async\" loading=\"lazy\" class=\"alignnone size-full wp-image-29407\" src=\"https:\/\/elcalaixetdelaiaia.es\/wp-content\/uploads\/2026\/03\/2fd81bbd-4bf6-4395-96db-22d330b45261.jpeg\" alt=\"\" width=\"1200\" height=\"1600\" srcset=\"https:\/\/elcalaixetdelaiaia.es\/wp-content\/uploads\/2026\/03\/2fd81bbd-4bf6-4395-96db-22d330b45261.jpeg 1200w, https:\/\/elcalaixetdelaiaia.es\/wp-content\/uploads\/2026\/03\/2fd81bbd-4bf6-4395-96db-22d330b45261-225x300.jpeg 225w, https:\/\/elcalaixetdelaiaia.es\/wp-content\/uploads\/2026\/03\/2fd81bbd-4bf6-4395-96db-22d330b45261-768x1024.jpeg 768w, https:\/\/elcalaixetdelaiaia.es\/wp-content\/uploads\/2026\/03\/2fd81bbd-4bf6-4395-96db-22d330b45261-1152x1536.jpeg 1152w\" sizes=\"(max-width: 1200px) 100vw, 1200px\" \/><\/p>\n<p style=\"text-align: center;\">Falla de la plaza Pilar, dia 18\/3\/26 &#8216;<em>La Nit&#8217; es el lema de este monumento de Secci\u00f3n Especial<\/em> creado por Paco Torres Josa en las Fallas de 2026,<\/p>\n","protected":false},"excerpt":{"rendered":"<p>\u00abRefrany; Falles plantades, escoles tancades\u00bb Fallas plantadas, escuelas cerradas. Ja est\u00e9m en falles! S\u00e9 que sois muchos quienes est\u00e1is fuera de la terreta (yo lo he estado, y siento mucha empat\u00eda con todos vosotros), hay quienes se esfuerzan en buscar im\u00e1genes para sentirse m\u00e1s cercanos, y hay quienes sienten tan &hellip; <\/p>\n","protected":false},"author":2,"featured_media":29311,"comment_status":"open","ping_status":"open","sticky":false,"template":"","format":"standard","meta":[],"categories":[1,47],"tags":[],"_links":{"self":[{"href":"https:\/\/elcalaixetdelaiaia.es\/index.php?rest_route=\/wp\/v2\/posts\/29306"}],"collection":[{"href":"https:\/\/elcalaixetdelaiaia.es\/index.php?rest_route=\/wp\/v2\/posts"}],"about":[{"href":"https:\/\/elcalaixetdelaiaia.es\/index.php?rest_route=\/wp\/v2\/types\/post"}],"author":[{"embeddable":true,"href":"https:\/\/elcalaixetdelaiaia.es\/index.php?rest_route=\/wp\/v2\/users\/2"}],"replies":[{"embeddable":true,"href":"https:\/\/elcalaixetdelaiaia.es\/index.php?rest_route=%2Fwp%2Fv2%2Fcomments&post=29306"}],"version-history":[{"count":7,"href":"https:\/\/elcalaixetdelaiaia.es\/index.php?rest_route=\/wp\/v2\/posts\/29306\/revisions"}],"predecessor-version":[{"id":29408,"href":"https:\/\/elcalaixetdelaiaia.es\/index.php?rest_route=\/wp\/v2\/posts\/29306\/revisions\/29408"}],"wp:featuredmedia":[{"embeddable":true,"href":"https:\/\/elcalaixetdelaiaia.es\/index.php?rest_route=\/wp\/v2\/media\/29311"}],"wp:attachment":[{"href":"https:\/\/elcalaixetdelaiaia.es\/index.php?rest_route=%2Fwp%2Fv2%2Fmedia&parent=29306"}],"wp:term":[{"taxonomy":"category","embeddable":true,"href":"https:\/\/elcalaixetdelaiaia.es\/index.php?rest_route=%2Fwp%2Fv2%2Fcategories&post=29306"},{"taxonomy":"post_tag","embeddable":true,"href":"https:\/\/elcalaixetdelaiaia.es\/index.php?rest_route=%2Fwp%2Fv2%2Ftags&post=29306"}],"curies":[{"name":"wp","href":"https:\/\/api.w.org\/{rel}","templated":true}]}}