{"id":29301,"date":"2026-03-15T22:12:34","date_gmt":"2026-03-15T22:12:34","guid":{"rendered":"https:\/\/elcalaixetdelaiaia.es\/?p=29301"},"modified":"2026-03-16T08:17:15","modified_gmt":"2026-03-16T08:17:15","slug":"flores-de-alcachofa-paso-a-paso-foto-a-foto","status":"publish","type":"post","link":"https:\/\/elcalaixetdelaiaia.es\/?p=29301","title":{"rendered":"flores de alcachofa paso a paso foto a foto"},"content":{"rendered":"<p>Refrany; Pelant la carxofa, al cor s&#8217;arriba\u00bb\u00a0 \u00a0Pelando la alcachofa, al coraz\u00f3n se llega.<\/p>\n<p>Hoy, 16 de Marzo, se celebra el d\u00eda mundial de la alcachofa, desde hace 6 a\u00f1os, el objetivo de este d\u00eda es claro: poner en valor las propiedades nutricionales de la alcachofa, sus beneficios para la salud y su enorme versatilidad en la cocina.<\/p>\n<p>Conocida como la \u2018flor del invierno\u2019 o la \u2018joya de la huerta\u2019, la alcachofa se ha convertido en un ingrediente imprescindible en nuestra alimentaci\u00f3n, especialmente cuando est\u00e1 en temporada<\/p>\n<p><img decoding=\"async\" loading=\"lazy\" class=\"alignnone size-full wp-image-29342\" src=\"https:\/\/elcalaixetdelaiaia.es\/wp-content\/uploads\/2026\/03\/IMG_5744-scaled.jpeg\" alt=\"\" width=\"2560\" height=\"1920\" srcset=\"https:\/\/elcalaixetdelaiaia.es\/wp-content\/uploads\/2026\/03\/IMG_5744-scaled.jpeg 2560w, https:\/\/elcalaixetdelaiaia.es\/wp-content\/uploads\/2026\/03\/IMG_5744-300x225.jpeg 300w, https:\/\/elcalaixetdelaiaia.es\/wp-content\/uploads\/2026\/03\/IMG_5744-1024x768.jpeg 1024w, https:\/\/elcalaixetdelaiaia.es\/wp-content\/uploads\/2026\/03\/IMG_5744-768x576.jpeg 768w, https:\/\/elcalaixetdelaiaia.es\/wp-content\/uploads\/2026\/03\/IMG_5744-1536x1152.jpeg 1536w, https:\/\/elcalaixetdelaiaia.es\/wp-content\/uploads\/2026\/03\/IMG_5744-2048x1536.jpeg 2048w\" sizes=\"(max-width: 2560px) 100vw, 2560px\" \/><\/p>\n<p>Mi hijo ha venido con un regalito especial, una bolsa con unas \u00abcarxofes acabaetes de collir del Fiscal\u00bb, y c\u00f3mo ya hace tiempo que quiero publicar esta entrada y unos d\u00edas por otros nunca me acuerdo de hacer fotos, de hoy no pasa, as\u00ed que voy a hacer cena s\u00faper especial. \u00abMoltes gr\u00e0cies Lola, a la vostra salut, que grans sou\u00bb<\/p>\n<p>Necesitaremos;<\/p>\n<p><img decoding=\"async\" loading=\"lazy\" class=\"alignnone size-full wp-image-29343\" src=\"https:\/\/elcalaixetdelaiaia.es\/wp-content\/uploads\/2026\/03\/IMG_5749-scaled.jpeg\" alt=\"\" width=\"2560\" height=\"1920\" srcset=\"https:\/\/elcalaixetdelaiaia.es\/wp-content\/uploads\/2026\/03\/IMG_5749-scaled.jpeg 2560w, https:\/\/elcalaixetdelaiaia.es\/wp-content\/uploads\/2026\/03\/IMG_5749-300x225.jpeg 300w, https:\/\/elcalaixetdelaiaia.es\/wp-content\/uploads\/2026\/03\/IMG_5749-1024x768.jpeg 1024w, https:\/\/elcalaixetdelaiaia.es\/wp-content\/uploads\/2026\/03\/IMG_5749-768x576.jpeg 768w, https:\/\/elcalaixetdelaiaia.es\/wp-content\/uploads\/2026\/03\/IMG_5749-1536x1152.jpeg 1536w, https:\/\/elcalaixetdelaiaia.es\/wp-content\/uploads\/2026\/03\/IMG_5749-2048x1536.jpeg 2048w\" sizes=\"(max-width: 2560px) 100vw, 2560px\" \/><\/p>\n<ol>\n<li>Una alcachofa o dos, por comensal<\/li>\n<li>Perejil o lim\u00f3n<\/li>\n<li>Un pu\u00f1adito de pi\u00f1ones<\/li>\n<li>Un pu\u00f1adito de taquitos de jam\u00f3n<\/li>\n<li>Agua para hervir<\/li>\n<li>Aceite de oliva suave<\/li>\n<li>Escamas de sal<\/li>\n<\/ol>\n<p>Las preparo de distinta manera, pod\u00e9is sustituir el jam\u00f3n y los pi\u00f1ones, por l\u00e1minas de ajo doradito, o taquitos de ajos tiernos fritos, a\u00f1adir queso al jam\u00f3n, y lo que vuestra imaginaci\u00f3n os diga.<\/p>\n<p>He probado a hacerlas peladas, en microondas, y alguna m\u00e1s, pero esta es la que m\u00e1s me gusta y la que hago siempre.<\/p>\n<p><img decoding=\"async\" loading=\"lazy\" class=\"alignnone size-full wp-image-29348\" src=\"https:\/\/elcalaixetdelaiaia.es\/wp-content\/uploads\/2026\/03\/IMG_5753-scaled.jpeg\" alt=\"\" width=\"2560\" height=\"1920\" srcset=\"https:\/\/elcalaixetdelaiaia.es\/wp-content\/uploads\/2026\/03\/IMG_5753-scaled.jpeg 2560w, https:\/\/elcalaixetdelaiaia.es\/wp-content\/uploads\/2026\/03\/IMG_5753-300x225.jpeg 300w, https:\/\/elcalaixetdelaiaia.es\/wp-content\/uploads\/2026\/03\/IMG_5753-1024x768.jpeg 1024w, https:\/\/elcalaixetdelaiaia.es\/wp-content\/uploads\/2026\/03\/IMG_5753-768x576.jpeg 768w, https:\/\/elcalaixetdelaiaia.es\/wp-content\/uploads\/2026\/03\/IMG_5753-1536x1152.jpeg 1536w, https:\/\/elcalaixetdelaiaia.es\/wp-content\/uploads\/2026\/03\/IMG_5753-2048x1536.jpeg 2048w\" sizes=\"(max-width: 2560px) 100vw, 2560px\" \/><\/p>\n<p style=\"text-align: center;\">En un cazo con agua, ponemos a hervir el perejil y las alcachofas, sin pelar,<\/p>\n<p><img decoding=\"async\" loading=\"lazy\" class=\"alignnone size-full wp-image-29346\" src=\"https:\/\/elcalaixetdelaiaia.es\/wp-content\/uploads\/2026\/03\/IMG_5760-scaled.jpeg\" alt=\"\" width=\"2560\" height=\"1920\" srcset=\"https:\/\/elcalaixetdelaiaia.es\/wp-content\/uploads\/2026\/03\/IMG_5760-scaled.jpeg 2560w, https:\/\/elcalaixetdelaiaia.es\/wp-content\/uploads\/2026\/03\/IMG_5760-300x225.jpeg 300w, https:\/\/elcalaixetdelaiaia.es\/wp-content\/uploads\/2026\/03\/IMG_5760-1024x768.jpeg 1024w, https:\/\/elcalaixetdelaiaia.es\/wp-content\/uploads\/2026\/03\/IMG_5760-768x576.jpeg 768w, https:\/\/elcalaixetdelaiaia.es\/wp-content\/uploads\/2026\/03\/IMG_5760-1536x1152.jpeg 1536w, https:\/\/elcalaixetdelaiaia.es\/wp-content\/uploads\/2026\/03\/IMG_5760-2048x1536.jpeg 2048w\" sizes=\"(max-width: 2560px) 100vw, 2560px\" \/><\/p>\n<p>a\u00f1adimos el perejil\u00a0 o el lim\u00f3n, lo que mas a mano teng\u00e1is, porque hacen la misma funci\u00f3n, evitar que se ennegrezcan las alcachofas,<\/p>\n<p><img decoding=\"async\" loading=\"lazy\" class=\"alignnone size-full wp-image-29347\" src=\"https:\/\/elcalaixetdelaiaia.es\/wp-content\/uploads\/2026\/03\/IMG_5756-scaled.jpeg\" alt=\"\" width=\"2560\" height=\"1920\" srcset=\"https:\/\/elcalaixetdelaiaia.es\/wp-content\/uploads\/2026\/03\/IMG_5756-scaled.jpeg 2560w, https:\/\/elcalaixetdelaiaia.es\/wp-content\/uploads\/2026\/03\/IMG_5756-300x225.jpeg 300w, https:\/\/elcalaixetdelaiaia.es\/wp-content\/uploads\/2026\/03\/IMG_5756-1024x768.jpeg 1024w, https:\/\/elcalaixetdelaiaia.es\/wp-content\/uploads\/2026\/03\/IMG_5756-768x576.jpeg 768w, https:\/\/elcalaixetdelaiaia.es\/wp-content\/uploads\/2026\/03\/IMG_5756-1536x1152.jpeg 1536w, https:\/\/elcalaixetdelaiaia.es\/wp-content\/uploads\/2026\/03\/IMG_5756-2048x1536.jpeg 2048w\" sizes=\"(max-width: 2560px) 100vw, 2560px\" \/><\/p>\n<p>es importante que est\u00e9n en todo momento cubiertas de agua, para estos menesteres, tengo este disco de acero inoxidable<\/p>\n<p><img decoding=\"async\" loading=\"lazy\" class=\"alignnone size-full wp-image-29345\" src=\"https:\/\/elcalaixetdelaiaia.es\/wp-content\/uploads\/2026\/03\/IMG_5755-scaled.jpeg\" alt=\"\" width=\"2560\" height=\"1920\" srcset=\"https:\/\/elcalaixetdelaiaia.es\/wp-content\/uploads\/2026\/03\/IMG_5755-scaled.jpeg 2560w, https:\/\/elcalaixetdelaiaia.es\/wp-content\/uploads\/2026\/03\/IMG_5755-300x225.jpeg 300w, https:\/\/elcalaixetdelaiaia.es\/wp-content\/uploads\/2026\/03\/IMG_5755-1024x768.jpeg 1024w, https:\/\/elcalaixetdelaiaia.es\/wp-content\/uploads\/2026\/03\/IMG_5755-768x576.jpeg 768w, https:\/\/elcalaixetdelaiaia.es\/wp-content\/uploads\/2026\/03\/IMG_5755-1536x1152.jpeg 1536w, https:\/\/elcalaixetdelaiaia.es\/wp-content\/uploads\/2026\/03\/IMG_5755-2048x1536.jpeg 2048w\" sizes=\"(max-width: 2560px) 100vw, 2560px\" \/><\/p>\n<p>que refuerzo colocando la tapa boca abajo, ya que el asa, es tambi\u00e9n de acero inoxidable,y las mantendremos con hervor durante 20 minutos a fuego medio.<\/p>\n<p><img decoding=\"async\" loading=\"lazy\" class=\"alignnone size-full wp-image-29344\" src=\"https:\/\/elcalaixetdelaiaia.es\/wp-content\/uploads\/2026\/03\/IMG_5761-scaled.jpeg\" alt=\"\" width=\"2560\" height=\"1920\" srcset=\"https:\/\/elcalaixetdelaiaia.es\/wp-content\/uploads\/2026\/03\/IMG_5761-scaled.jpeg 2560w, https:\/\/elcalaixetdelaiaia.es\/wp-content\/uploads\/2026\/03\/IMG_5761-300x225.jpeg 300w, https:\/\/elcalaixetdelaiaia.es\/wp-content\/uploads\/2026\/03\/IMG_5761-1024x768.jpeg 1024w, https:\/\/elcalaixetdelaiaia.es\/wp-content\/uploads\/2026\/03\/IMG_5761-768x576.jpeg 768w, https:\/\/elcalaixetdelaiaia.es\/wp-content\/uploads\/2026\/03\/IMG_5761-1536x1152.jpeg 1536w, https:\/\/elcalaixetdelaiaia.es\/wp-content\/uploads\/2026\/03\/IMG_5761-2048x1536.jpeg 2048w\" sizes=\"(max-width: 2560px) 100vw, 2560px\" \/><\/p>\n<p style=\"text-align: center;\">Una vez pasado este tiempo, retiramos del agua,<\/p>\n<p><img decoding=\"async\" loading=\"lazy\" class=\"alignnone size-full wp-image-29349\" src=\"https:\/\/elcalaixetdelaiaia.es\/wp-content\/uploads\/2026\/03\/IMG_5762-scaled.jpeg\" alt=\"\" width=\"2560\" height=\"1920\" srcset=\"https:\/\/elcalaixetdelaiaia.es\/wp-content\/uploads\/2026\/03\/IMG_5762-scaled.jpeg 2560w, https:\/\/elcalaixetdelaiaia.es\/wp-content\/uploads\/2026\/03\/IMG_5762-300x225.jpeg 300w, https:\/\/elcalaixetdelaiaia.es\/wp-content\/uploads\/2026\/03\/IMG_5762-1024x768.jpeg 1024w, https:\/\/elcalaixetdelaiaia.es\/wp-content\/uploads\/2026\/03\/IMG_5762-768x576.jpeg 768w, https:\/\/elcalaixetdelaiaia.es\/wp-content\/uploads\/2026\/03\/IMG_5762-1536x1152.jpeg 1536w, https:\/\/elcalaixetdelaiaia.es\/wp-content\/uploads\/2026\/03\/IMG_5762-2048x1536.jpeg 2048w\" sizes=\"(max-width: 2560px) 100vw, 2560px\" \/><\/p>\n<p>escurrimos y dejamos enfriar.<\/p>\n<p><img decoding=\"async\" loading=\"lazy\" class=\"alignnone size-full wp-image-29350\" src=\"https:\/\/elcalaixetdelaiaia.es\/wp-content\/uploads\/2026\/03\/IMG_5773-scaled.jpeg\" alt=\"\" width=\"2560\" height=\"1920\" srcset=\"https:\/\/elcalaixetdelaiaia.es\/wp-content\/uploads\/2026\/03\/IMG_5773-scaled.jpeg 2560w, https:\/\/elcalaixetdelaiaia.es\/wp-content\/uploads\/2026\/03\/IMG_5773-300x225.jpeg 300w, https:\/\/elcalaixetdelaiaia.es\/wp-content\/uploads\/2026\/03\/IMG_5773-1024x768.jpeg 1024w, https:\/\/elcalaixetdelaiaia.es\/wp-content\/uploads\/2026\/03\/IMG_5773-768x576.jpeg 768w, https:\/\/elcalaixetdelaiaia.es\/wp-content\/uploads\/2026\/03\/IMG_5773-1536x1152.jpeg 1536w, https:\/\/elcalaixetdelaiaia.es\/wp-content\/uploads\/2026\/03\/IMG_5773-2048x1536.jpeg 2048w\" sizes=\"(max-width: 2560px) 100vw, 2560px\" \/><\/p>\n<p>Mientras tanto, en una sart\u00e9n y unas gotas de aceite de oliva, doraremos con cuidado unos pi\u00f1ones, ojito que se queman con mucha rapidez, una vez dorados, retiramos<\/p>\n<p><img decoding=\"async\" loading=\"lazy\" class=\"alignnone size-full wp-image-29351\" src=\"https:\/\/elcalaixetdelaiaia.es\/wp-content\/uploads\/2026\/03\/IMG_5774-scaled.jpeg\" alt=\"\" width=\"2560\" height=\"1920\" srcset=\"https:\/\/elcalaixetdelaiaia.es\/wp-content\/uploads\/2026\/03\/IMG_5774-scaled.jpeg 2560w, https:\/\/elcalaixetdelaiaia.es\/wp-content\/uploads\/2026\/03\/IMG_5774-300x225.jpeg 300w, https:\/\/elcalaixetdelaiaia.es\/wp-content\/uploads\/2026\/03\/IMG_5774-1024x768.jpeg 1024w, https:\/\/elcalaixetdelaiaia.es\/wp-content\/uploads\/2026\/03\/IMG_5774-768x576.jpeg 768w, https:\/\/elcalaixetdelaiaia.es\/wp-content\/uploads\/2026\/03\/IMG_5774-1536x1152.jpeg 1536w, https:\/\/elcalaixetdelaiaia.es\/wp-content\/uploads\/2026\/03\/IMG_5774-2048x1536.jpeg 2048w\" sizes=\"(max-width: 2560px) 100vw, 2560px\" \/><\/p>\n<p>En la misma sart\u00e9n y con el aceite restante, volteamos cuanto apenas unos taquitos de jam\u00f3n y reservamos junto a los pi\u00f1ones<\/p>\n<p><img decoding=\"async\" loading=\"lazy\" class=\"alignnone size-full wp-image-29352\" src=\"https:\/\/elcalaixetdelaiaia.es\/wp-content\/uploads\/2026\/03\/F3911DCF-768C-4AF1-B48F-06919BB0340A-scaled.jpg\" alt=\"\" width=\"1663\" height=\"2560\" srcset=\"https:\/\/elcalaixetdelaiaia.es\/wp-content\/uploads\/2026\/03\/F3911DCF-768C-4AF1-B48F-06919BB0340A-scaled.jpg 1663w, https:\/\/elcalaixetdelaiaia.es\/wp-content\/uploads\/2026\/03\/F3911DCF-768C-4AF1-B48F-06919BB0340A-195x300.jpg 195w, https:\/\/elcalaixetdelaiaia.es\/wp-content\/uploads\/2026\/03\/F3911DCF-768C-4AF1-B48F-06919BB0340A-665x1024.jpg 665w, https:\/\/elcalaixetdelaiaia.es\/wp-content\/uploads\/2026\/03\/F3911DCF-768C-4AF1-B48F-06919BB0340A-768x1183.jpg 768w, https:\/\/elcalaixetdelaiaia.es\/wp-content\/uploads\/2026\/03\/F3911DCF-768C-4AF1-B48F-06919BB0340A-998x1536.jpg 998w, https:\/\/elcalaixetdelaiaia.es\/wp-content\/uploads\/2026\/03\/F3911DCF-768C-4AF1-B48F-06919BB0340A-1330x2048.jpg 1330w\" sizes=\"(max-width: 1663px) 100vw, 1663px\" \/><\/p>\n<p>con nuestras alcachofas ya fr\u00edas, las pelamos, retiramos el rabo, cortamos las puntas<\/p>\n<p><img decoding=\"async\" loading=\"lazy\" class=\"alignnone size-full wp-image-29353\" src=\"https:\/\/elcalaixetdelaiaia.es\/wp-content\/uploads\/2026\/03\/IMG_5771-scaled.jpeg\" alt=\"\" width=\"2560\" height=\"1920\" srcset=\"https:\/\/elcalaixetdelaiaia.es\/wp-content\/uploads\/2026\/03\/IMG_5771-scaled.jpeg 2560w, https:\/\/elcalaixetdelaiaia.es\/wp-content\/uploads\/2026\/03\/IMG_5771-300x225.jpeg 300w, https:\/\/elcalaixetdelaiaia.es\/wp-content\/uploads\/2026\/03\/IMG_5771-1024x768.jpeg 1024w, https:\/\/elcalaixetdelaiaia.es\/wp-content\/uploads\/2026\/03\/IMG_5771-768x576.jpeg 768w, https:\/\/elcalaixetdelaiaia.es\/wp-content\/uploads\/2026\/03\/IMG_5771-1536x1152.jpeg 1536w, https:\/\/elcalaixetdelaiaia.es\/wp-content\/uploads\/2026\/03\/IMG_5771-2048x1536.jpeg 2048w\" sizes=\"(max-width: 2560px) 100vw, 2560px\" \/><\/p>\n<p>y con delicadeza, vamos abriendo como p\u00e9talos de una rosa, hasta llegar al coraz\u00f3n, bueno, m\u00e1s que una flor, me est\u00e1 saliendo un churro hoy, jajaja he elegido mal d\u00eda para hacer esta receta, el tel\u00e9fono no para, son fallas, y en estas fechas estoy muy solicitada, pero no pasa res, hoy se cumple la ley de Murphy <strong class=\"Yjhzub\" data-sfc-cb=\"\" data-processed=\"true\">\ud83e\udd37<\/strong><\/p>\n<p><img decoding=\"async\" loading=\"lazy\" class=\"alignnone size-full wp-image-29354\" src=\"https:\/\/elcalaixetdelaiaia.es\/wp-content\/uploads\/2026\/03\/IMG_5768-scaled.jpeg\" alt=\"\" width=\"2560\" height=\"1920\" srcset=\"https:\/\/elcalaixetdelaiaia.es\/wp-content\/uploads\/2026\/03\/IMG_5768-scaled.jpeg 2560w, https:\/\/elcalaixetdelaiaia.es\/wp-content\/uploads\/2026\/03\/IMG_5768-300x225.jpeg 300w, https:\/\/elcalaixetdelaiaia.es\/wp-content\/uploads\/2026\/03\/IMG_5768-1024x768.jpeg 1024w, https:\/\/elcalaixetdelaiaia.es\/wp-content\/uploads\/2026\/03\/IMG_5768-768x576.jpeg 768w, https:\/\/elcalaixetdelaiaia.es\/wp-content\/uploads\/2026\/03\/IMG_5768-1536x1152.jpeg 1536w, https:\/\/elcalaixetdelaiaia.es\/wp-content\/uploads\/2026\/03\/IMG_5768-2048x1536.jpeg 2048w\" sizes=\"(max-width: 2560px) 100vw, 2560px\" \/><\/p>\n<p>y las dejamos boca abajo sobre papel de cocina para que absorba el agua que pueda quedar, sobre ir con todo el cuidado del mundo,se me han roto algunas hojitas, pero no pasa nada, no busco en absoluto la perfecci\u00f3n, se recompone la flor \u00abi&#8230; au cacau\u00bb<\/p>\n<p><img decoding=\"async\" loading=\"lazy\" class=\"alignnone size-full wp-image-29358\" src=\"https:\/\/elcalaixetdelaiaia.es\/wp-content\/uploads\/2026\/03\/IMG_5776-scaled.jpeg\" alt=\"\" width=\"2560\" height=\"1920\" srcset=\"https:\/\/elcalaixetdelaiaia.es\/wp-content\/uploads\/2026\/03\/IMG_5776-scaled.jpeg 2560w, https:\/\/elcalaixetdelaiaia.es\/wp-content\/uploads\/2026\/03\/IMG_5776-300x225.jpeg 300w, https:\/\/elcalaixetdelaiaia.es\/wp-content\/uploads\/2026\/03\/IMG_5776-1024x768.jpeg 1024w, https:\/\/elcalaixetdelaiaia.es\/wp-content\/uploads\/2026\/03\/IMG_5776-768x576.jpeg 768w, https:\/\/elcalaixetdelaiaia.es\/wp-content\/uploads\/2026\/03\/IMG_5776-1536x1152.jpeg 1536w, https:\/\/elcalaixetdelaiaia.es\/wp-content\/uploads\/2026\/03\/IMG_5776-2048x1536.jpeg 2048w\" sizes=\"(max-width: 2560px) 100vw, 2560px\" \/><\/p>\n<p>Ponemos a calentar un poco m\u00e1s de aceite de oliva en la sart\u00e9n y las doraremos boca abajo, cuidado que como ya est\u00e1n cocidas, se hacen r\u00e1pidamente, pod\u00e9is dorarlas a vuestro gusto<\/p>\n<p><img decoding=\"async\" loading=\"lazy\" class=\"alignnone size-full wp-image-29357\" src=\"https:\/\/elcalaixetdelaiaia.es\/wp-content\/uploads\/2026\/03\/IMG_57771-scaled.jpeg\" alt=\"\" width=\"2560\" height=\"1920\" srcset=\"https:\/\/elcalaixetdelaiaia.es\/wp-content\/uploads\/2026\/03\/IMG_57771-scaled.jpeg 2560w, https:\/\/elcalaixetdelaiaia.es\/wp-content\/uploads\/2026\/03\/IMG_57771-300x225.jpeg 300w, https:\/\/elcalaixetdelaiaia.es\/wp-content\/uploads\/2026\/03\/IMG_57771-1024x768.jpeg 1024w, https:\/\/elcalaixetdelaiaia.es\/wp-content\/uploads\/2026\/03\/IMG_57771-768x576.jpeg 768w, https:\/\/elcalaixetdelaiaia.es\/wp-content\/uploads\/2026\/03\/IMG_57771-1536x1152.jpeg 1536w, https:\/\/elcalaixetdelaiaia.es\/wp-content\/uploads\/2026\/03\/IMG_57771-2048x1536.jpeg 2048w\" sizes=\"(max-width: 2560px) 100vw, 2560px\" \/><\/p>\n<p>les damos la vuelta,\u00a0y las doramos por el otro lado. Si utilizo alcachofas compradas,quito muchas m\u00e1s hojas, pero estas estan tiernas como el agua, y sin barbas dentro, todo un privilegio disfrutar de alcachofas as\u00ed<\/p>\n<p>&nbsp;<\/p>\n<p><img decoding=\"async\" loading=\"lazy\" class=\"alignnone size-full wp-image-29361\" src=\"https:\/\/elcalaixetdelaiaia.es\/wp-content\/uploads\/2026\/03\/IMG_5778-scaled.jpeg\" alt=\"\" width=\"2560\" height=\"1920\" srcset=\"https:\/\/elcalaixetdelaiaia.es\/wp-content\/uploads\/2026\/03\/IMG_5778-scaled.jpeg 2560w, https:\/\/elcalaixetdelaiaia.es\/wp-content\/uploads\/2026\/03\/IMG_5778-300x225.jpeg 300w, https:\/\/elcalaixetdelaiaia.es\/wp-content\/uploads\/2026\/03\/IMG_5778-1024x768.jpeg 1024w, https:\/\/elcalaixetdelaiaia.es\/wp-content\/uploads\/2026\/03\/IMG_5778-768x576.jpeg 768w, https:\/\/elcalaixetdelaiaia.es\/wp-content\/uploads\/2026\/03\/IMG_5778-1536x1152.jpeg 1536w, https:\/\/elcalaixetdelaiaia.es\/wp-content\/uploads\/2026\/03\/IMG_5778-2048x1536.jpeg 2048w\" sizes=\"(max-width: 2560px) 100vw, 2560px\" \/><\/p>\n<p style=\"text-align: center;\">sin dejarlas enfriar, las colocamos en el plato o bandeja<\/p>\n<p><img decoding=\"async\" loading=\"lazy\" class=\"alignnone size-full wp-image-29363 aligncenter\" src=\"https:\/\/elcalaixetdelaiaia.es\/wp-content\/uploads\/2026\/03\/IMG_5779-1-scaled.jpeg\" alt=\"\" width=\"2560\" height=\"1920\" srcset=\"https:\/\/elcalaixetdelaiaia.es\/wp-content\/uploads\/2026\/03\/IMG_5779-1-scaled.jpeg 2560w, https:\/\/elcalaixetdelaiaia.es\/wp-content\/uploads\/2026\/03\/IMG_5779-1-300x225.jpeg 300w, https:\/\/elcalaixetdelaiaia.es\/wp-content\/uploads\/2026\/03\/IMG_5779-1-1024x768.jpeg 1024w, https:\/\/elcalaixetdelaiaia.es\/wp-content\/uploads\/2026\/03\/IMG_5779-1-768x576.jpeg 768w, https:\/\/elcalaixetdelaiaia.es\/wp-content\/uploads\/2026\/03\/IMG_5779-1-1536x1152.jpeg 1536w, https:\/\/elcalaixetdelaiaia.es\/wp-content\/uploads\/2026\/03\/IMG_5779-1-2048x1536.jpeg 2048w\" sizes=\"(max-width: 2560px) 100vw, 2560px\" \/><\/p>\n<p style=\"text-align: center;\">a\u00f1adimos unas escamas de sal<\/p>\n<p><img decoding=\"async\" loading=\"lazy\" class=\"alignnone size-full wp-image-29362\" src=\"https:\/\/elcalaixetdelaiaia.es\/wp-content\/uploads\/2026\/03\/IMG_5780-1-scaled.jpeg\" alt=\"\" width=\"2560\" height=\"1920\" srcset=\"https:\/\/elcalaixetdelaiaia.es\/wp-content\/uploads\/2026\/03\/IMG_5780-1-scaled.jpeg 2560w, https:\/\/elcalaixetdelaiaia.es\/wp-content\/uploads\/2026\/03\/IMG_5780-1-300x225.jpeg 300w, https:\/\/elcalaixetdelaiaia.es\/wp-content\/uploads\/2026\/03\/IMG_5780-1-1024x768.jpeg 1024w, https:\/\/elcalaixetdelaiaia.es\/wp-content\/uploads\/2026\/03\/IMG_5780-1-768x576.jpeg 768w, https:\/\/elcalaixetdelaiaia.es\/wp-content\/uploads\/2026\/03\/IMG_5780-1-1536x1152.jpeg 1536w, https:\/\/elcalaixetdelaiaia.es\/wp-content\/uploads\/2026\/03\/IMG_5780-1-2048x1536.jpeg 2048w\" sizes=\"(max-width: 2560px) 100vw, 2560px\" \/><\/p>\n<p style=\"text-align: center;\">los taquitos de jam\u00f3n<\/p>\n<p><img decoding=\"async\" loading=\"lazy\" class=\"alignnone size-full wp-image-29359\" src=\"https:\/\/elcalaixetdelaiaia.es\/wp-content\/uploads\/2026\/03\/IMG_5781-scaled.jpeg\" alt=\"\" width=\"2560\" height=\"1920\" srcset=\"https:\/\/elcalaixetdelaiaia.es\/wp-content\/uploads\/2026\/03\/IMG_5781-scaled.jpeg 2560w, https:\/\/elcalaixetdelaiaia.es\/wp-content\/uploads\/2026\/03\/IMG_5781-300x225.jpeg 300w, https:\/\/elcalaixetdelaiaia.es\/wp-content\/uploads\/2026\/03\/IMG_5781-1024x768.jpeg 1024w, https:\/\/elcalaixetdelaiaia.es\/wp-content\/uploads\/2026\/03\/IMG_5781-768x576.jpeg 768w, https:\/\/elcalaixetdelaiaia.es\/wp-content\/uploads\/2026\/03\/IMG_5781-1536x1152.jpeg 1536w, https:\/\/elcalaixetdelaiaia.es\/wp-content\/uploads\/2026\/03\/IMG_5781-2048x1536.jpeg 2048w\" sizes=\"(max-width: 2560px) 100vw, 2560px\" \/><\/p>\n<p style=\"text-align: center;\">y los pi\u00f1oncitos<\/p>\n<p><img decoding=\"async\" loading=\"lazy\" class=\"alignnone size-full wp-image-29360\" src=\"https:\/\/elcalaixetdelaiaia.es\/wp-content\/uploads\/2026\/03\/IMG_5782-scaled.jpeg\" alt=\"\" width=\"2560\" height=\"1920\" srcset=\"https:\/\/elcalaixetdelaiaia.es\/wp-content\/uploads\/2026\/03\/IMG_5782-scaled.jpeg 2560w, https:\/\/elcalaixetdelaiaia.es\/wp-content\/uploads\/2026\/03\/IMG_5782-300x225.jpeg 300w, https:\/\/elcalaixetdelaiaia.es\/wp-content\/uploads\/2026\/03\/IMG_5782-1024x768.jpeg 1024w, https:\/\/elcalaixetdelaiaia.es\/wp-content\/uploads\/2026\/03\/IMG_5782-768x576.jpeg 768w, https:\/\/elcalaixetdelaiaia.es\/wp-content\/uploads\/2026\/03\/IMG_5782-1536x1152.jpeg 1536w, https:\/\/elcalaixetdelaiaia.es\/wp-content\/uploads\/2026\/03\/IMG_5782-2048x1536.jpeg 2048w\" sizes=\"(max-width: 2560px) 100vw, 2560px\" \/><\/p>\n<p style=\"text-align: center;\">y listas para disfrutarlas<\/p>\n<p><img decoding=\"async\" loading=\"lazy\" class=\"alignnone size-full wp-image-29364\" src=\"https:\/\/elcalaixetdelaiaia.es\/wp-content\/uploads\/2026\/03\/IMG_5784-scaled.jpeg\" alt=\"\" width=\"2560\" height=\"1920\" srcset=\"https:\/\/elcalaixetdelaiaia.es\/wp-content\/uploads\/2026\/03\/IMG_5784-scaled.jpeg 2560w, https:\/\/elcalaixetdelaiaia.es\/wp-content\/uploads\/2026\/03\/IMG_5784-300x225.jpeg 300w, https:\/\/elcalaixetdelaiaia.es\/wp-content\/uploads\/2026\/03\/IMG_5784-1024x768.jpeg 1024w, https:\/\/elcalaixetdelaiaia.es\/wp-content\/uploads\/2026\/03\/IMG_5784-768x576.jpeg 768w, https:\/\/elcalaixetdelaiaia.es\/wp-content\/uploads\/2026\/03\/IMG_5784-1536x1152.jpeg 1536w, https:\/\/elcalaixetdelaiaia.es\/wp-content\/uploads\/2026\/03\/IMG_5784-2048x1536.jpeg 2048w\" sizes=\"(max-width: 2560px) 100vw, 2560px\" \/><\/p>\n<p style=\"text-align: center;\">Un bocado delicioso<\/p>\n<p><img decoding=\"async\" loading=\"lazy\" class=\"alignnone size-full wp-image-29368\" src=\"https:\/\/elcalaixetdelaiaia.es\/wp-content\/uploads\/2026\/03\/IMG_57871-scaled.jpeg\" alt=\"\" width=\"2560\" height=\"1920\" srcset=\"https:\/\/elcalaixetdelaiaia.es\/wp-content\/uploads\/2026\/03\/IMG_57871-scaled.jpeg 2560w, https:\/\/elcalaixetdelaiaia.es\/wp-content\/uploads\/2026\/03\/IMG_57871-300x225.jpeg 300w, https:\/\/elcalaixetdelaiaia.es\/wp-content\/uploads\/2026\/03\/IMG_57871-1024x768.jpeg 1024w, https:\/\/elcalaixetdelaiaia.es\/wp-content\/uploads\/2026\/03\/IMG_57871-768x576.jpeg 768w, https:\/\/elcalaixetdelaiaia.es\/wp-content\/uploads\/2026\/03\/IMG_57871-1536x1152.jpeg 1536w, https:\/\/elcalaixetdelaiaia.es\/wp-content\/uploads\/2026\/03\/IMG_57871-2048x1536.jpeg 2048w\" sizes=\"(max-width: 2560px) 100vw, 2560px\" \/><\/p>\n<p style=\"text-align: center;\">a la taula i&#8230;<\/p>\n<p><img decoding=\"async\" loading=\"lazy\" class=\"alignnone size-full wp-image-29365\" src=\"https:\/\/elcalaixetdelaiaia.es\/wp-content\/uploads\/2026\/03\/IMG_5790-scaled.jpeg\" alt=\"\" width=\"2560\" height=\"1920\" srcset=\"https:\/\/elcalaixetdelaiaia.es\/wp-content\/uploads\/2026\/03\/IMG_5790-scaled.jpeg 2560w, https:\/\/elcalaixetdelaiaia.es\/wp-content\/uploads\/2026\/03\/IMG_5790-300x225.jpeg 300w, https:\/\/elcalaixetdelaiaia.es\/wp-content\/uploads\/2026\/03\/IMG_5790-1024x768.jpeg 1024w, https:\/\/elcalaixetdelaiaia.es\/wp-content\/uploads\/2026\/03\/IMG_5790-768x576.jpeg 768w, https:\/\/elcalaixetdelaiaia.es\/wp-content\/uploads\/2026\/03\/IMG_5790-1536x1152.jpeg 1536w, https:\/\/elcalaixetdelaiaia.es\/wp-content\/uploads\/2026\/03\/IMG_5790-2048x1536.jpeg 2048w\" sizes=\"(max-width: 2560px) 100vw, 2560px\" \/><\/p>\n<p style=\"text-align: center;\">&#8230;BON PROFIT!!!<\/p>\n<p><img decoding=\"async\" loading=\"lazy\" class=\"alignnone size-full wp-image-29366\" src=\"https:\/\/elcalaixetdelaiaia.es\/wp-content\/uploads\/2026\/03\/IMG_57891-scaled.jpeg\" alt=\"\" width=\"2560\" height=\"1794\" srcset=\"https:\/\/elcalaixetdelaiaia.es\/wp-content\/uploads\/2026\/03\/IMG_57891-scaled.jpeg 2560w, https:\/\/elcalaixetdelaiaia.es\/wp-content\/uploads\/2026\/03\/IMG_57891-300x210.jpeg 300w, https:\/\/elcalaixetdelaiaia.es\/wp-content\/uploads\/2026\/03\/IMG_57891-1024x718.jpeg 1024w, https:\/\/elcalaixetdelaiaia.es\/wp-content\/uploads\/2026\/03\/IMG_57891-768x538.jpeg 768w, https:\/\/elcalaixetdelaiaia.es\/wp-content\/uploads\/2026\/03\/IMG_57891-1536x1076.jpeg 1536w, https:\/\/elcalaixetdelaiaia.es\/wp-content\/uploads\/2026\/03\/IMG_57891-2048x1435.jpeg 2048w\" sizes=\"(max-width: 2560px) 100vw, 2560px\" \/><\/p>\n<p>A la salut de tots els calaixers!!!<\/p>\n<p><span data-blogger-escaped-style=\"font-family: \">Si os gusta mi receta, pod\u00e9is compartirla para que llegue a m\u00e1s gente. Espero vuestros comentarios que para mi son MUY importantes y recordad que tambi\u00e9n estoy en Facebook <\/span><span data-blogger-escaped-style=\"font-family: \"><a href=\"https:\/\/www.facebook.com\/El-calaixet-de-la-iaia-533062140099386\/\">https:\/\/www.facebook.com\/El-calaixet-de-la-iaia-533062140099386\/<\/a><\/span><\/p>\n<p>&nbsp;<\/p>\n","protected":false},"excerpt":{"rendered":"<p>Refrany; Pelant la carxofa, al cor s&#8217;arriba\u00bb\u00a0 \u00a0Pelando la alcachofa, al coraz\u00f3n se llega. Hoy, 16 de Marzo, se celebra el d\u00eda mundial de la alcachofa, desde hace 6 a\u00f1os, el objetivo de este d\u00eda es claro: poner en valor las propiedades nutricionales de la alcachofa, sus beneficios para la &hellip; <\/p>\n","protected":false},"author":2,"featured_media":29367,"comment_status":"open","ping_status":"open","sticky":false,"template":"","format":"standard","meta":[],"categories":[67,1,58],"tags":[],"_links":{"self":[{"href":"https:\/\/elcalaixetdelaiaia.es\/index.php?rest_route=\/wp\/v2\/posts\/29301"}],"collection":[{"href":"https:\/\/elcalaixetdelaiaia.es\/index.php?rest_route=\/wp\/v2\/posts"}],"about":[{"href":"https:\/\/elcalaixetdelaiaia.es\/index.php?rest_route=\/wp\/v2\/types\/post"}],"author":[{"embeddable":true,"href":"https:\/\/elcalaixetdelaiaia.es\/index.php?rest_route=\/wp\/v2\/users\/2"}],"replies":[{"embeddable":true,"href":"https:\/\/elcalaixetdelaiaia.es\/index.php?rest_route=%2Fwp%2Fv2%2Fcomments&post=29301"}],"version-history":[{"count":7,"href":"https:\/\/elcalaixetdelaiaia.es\/index.php?rest_route=\/wp\/v2\/posts\/29301\/revisions"}],"predecessor-version":[{"id":29372,"href":"https:\/\/elcalaixetdelaiaia.es\/index.php?rest_route=\/wp\/v2\/posts\/29301\/revisions\/29372"}],"wp:featuredmedia":[{"embeddable":true,"href":"https:\/\/elcalaixetdelaiaia.es\/index.php?rest_route=\/wp\/v2\/media\/29367"}],"wp:attachment":[{"href":"https:\/\/elcalaixetdelaiaia.es\/index.php?rest_route=%2Fwp%2Fv2%2Fmedia&parent=29301"}],"wp:term":[{"taxonomy":"category","embeddable":true,"href":"https:\/\/elcalaixetdelaiaia.es\/index.php?rest_route=%2Fwp%2Fv2%2Fcategories&post=29301"},{"taxonomy":"post_tag","embeddable":true,"href":"https:\/\/elcalaixetdelaiaia.es\/index.php?rest_route=%2Fwp%2Fv2%2Ftags&post=29301"}],"curies":[{"name":"wp","href":"https:\/\/api.w.org\/{rel}","templated":true}]}}