{"id":293,"date":"2016-06-14T23:18:00","date_gmt":"2016-06-14T23:18:00","guid":{"rendered":"http:\/\/elcalaixetdelaiaia.es\/helado-de-chocolate-y-platano-en-dos"},"modified":"2021-07-06T12:07:35","modified_gmt":"2021-07-06T12:07:35","slug":"helado-de-chocolate-y-platano-en-dos","status":"publish","type":"post","link":"https:\/\/elcalaixetdelaiaia.es\/?p=293","title":{"rendered":"Helado de chocolate y pl\u00e1tano en dos minutos paso a paso"},"content":{"rendered":"<p>\u00abRefrany;<br \/>\nEls comptes clars i el xocolate espes\u00bb<br \/>\nLas cuentas claras y el chocolate espeso.<\/p>\n<p>\u00bfOs gusta el pl\u00e1tano? &#8230;\u00bfy el chocolate?&#8230;\u00bfY el helado de pl\u00e1tano y chocolate? pues os traigo la manera de hacer un helado de chocolate y pl\u00e1tano en tan solo DOS minutos.<br \/>\nCuando ve\u00e1is que en el frutero, hay un pl\u00e1tano que comienza a ponerse demasiado maduro, ponerlo tal cual en el congelador.<\/p>\n<div class=\"separator\" style=\"clear: both; text-align: center\"><a href=\"https:\/\/3.bp.blogspot.com\/-BTGakrO92fU\/V2CMFLWRNqI\/AAAAAAAAk3w\/l9OnAO0PWaASqly52iSwSIT4Rp4uNKDwACKgB\/s1600\/IMG_1035.PNG\" imageanchor=\"1\" style=\"margin-left: 1em; margin-right: 1em\"><img decoding=\"async\" loading=\"lazy\" src=\"https:\/\/elcalaixetdelaiaia.es\/wp-content\/uploads\/2016\/06\/IMG_1035.png\" border=\"0\" height=\"480\" width=\"640\"><\/a><\/div>\n<p>Cuando teng\u00e1is apetencia de algo dulce y helado, podr\u00e9is hacerlo sin tener que a\u00f1adir ni az\u00facar, ni leche, ni huevo, ni nada mas.<\/p>\n<p>Necesitaremos;<\/p>\n<div class=\"separator\" style=\"clear: both; text-align: center\"><a href=\"https:\/\/2.bp.blogspot.com\/-21ZVCwfmVzI\/V2CLRuy8ulI\/AAAAAAAAk28\/Co5DcsGhTp0XGbEruLbjSd7I45Rx5W5OQCKgB\/s1600\/IMG_1028.PNG\" imageanchor=\"1\" style=\"margin-left: 1em; margin-right: 1em\"><img decoding=\"async\" loading=\"lazy\" src=\"https:\/\/elcalaixetdelaiaia.es\/wp-content\/uploads\/2016\/06\/IMG_1028.png\" border=\"0\" height=\"480\" width=\"640\"><\/a><\/div>\n<ol>\n<li>Un pl\u00e1tano maduro congelado<\/li>\n<li>Una cucharada de cacao puro en polvo sin az\u00facar<\/li>\n<li>Una cucharadita de nata, crema de leche o leche (opcional, no imprescindible)<\/li>\n<\/ol>\n<div class=\"separator\" style=\"clear: both; text-align: center\"><a href=\"https:\/\/4.bp.blogspot.com\/-2zErCm_jPKc\/V2CLfB5rI5I\/AAAAAAAAk3c\/EMGyBP2U6AgQSthrEfsHuJjxsCsgkMatgCKgB\/s1600\/IMG_1029.PNG\" imageanchor=\"1\" style=\"margin-left: 1em; margin-right: 1em\"><img decoding=\"async\" loading=\"lazy\" src=\"https:\/\/elcalaixetdelaiaia.es\/wp-content\/uploads\/2016\/06\/IMG_1029.png\" border=\"0\" height=\"480\" width=\"640\"><\/a><\/div>\n<div style=\"text-align: center\">Pelamos el pl\u00e1tano y lo cortamos en rodajas, a pesar de estar congelado se corta muy bi\u00e9n. Lo pondremos en la picadora. Si no ten\u00e9is picadora, me han dicho amigas que lo hacen perfectamente en una batidora tipo Minipimer \ud83d\ude09<\/div>\n<div class=\"separator\" style=\"clear: both; text-align: center\"><a href=\"https:\/\/2.bp.blogspot.com\/-RI0hGAjAGjU\/V2CLZmPJOzI\/AAAAAAAAk3c\/1UMs07ccjkMhZG_CgVPkUHphd8cj6K36gCKgB\/s1600\/IMG_1030.PNG\" imageanchor=\"1\" style=\"margin-left: 1em; margin-right: 1em\"><img decoding=\"async\" loading=\"lazy\" src=\"https:\/\/elcalaixetdelaiaia.es\/wp-content\/uploads\/2016\/06\/IMG_1030.png\" border=\"0\" height=\"480\" width=\"640\"><\/a><\/div>\n<div style=\"text-align: center\">Picamos con dos o tres golpes, hasta que veamos el pl\u00e1tano granuloso<\/div>\n<div class=\"separator\" style=\"clear: both; text-align: center\"><a href=\"https:\/\/2.bp.blogspot.com\/-KFjeD17QsS4\/V2CLnliZneI\/AAAAAAAAk3c\/qPUfbCNd3wEtv4LDecHBha3ZaXlHmSL5ACKgB\/s1600\/IMG_1031.PNG\" imageanchor=\"1\" style=\"margin-left: 1em; margin-right: 1em\"><img decoding=\"async\" loading=\"lazy\" src=\"https:\/\/elcalaixetdelaiaia.es\/wp-content\/uploads\/2016\/06\/IMG_1031.png\" border=\"0\" height=\"480\" width=\"640\"><\/a><\/div>\n<div style=\"text-align: center\">Abrimos y a\u00f1adimos dos cucharaditas de chocolate puro en polvo sin az\u00facar<\/div>\n<div class=\"separator\" style=\"clear: both; text-align: center\"><a href=\"https:\/\/1.bp.blogspot.com\/-zPWlnkOXGFc\/V2CLuy_2UqI\/AAAAAAAAk3s\/dhYS5HcbcrAzT_PJoEl6QQRobzUNV2dpACKgB\/s1600\/IMG_1032.PNG\" imageanchor=\"1\" style=\"margin-left: 1em; margin-right: 1em\"><img decoding=\"async\" loading=\"lazy\" src=\"https:\/\/elcalaixetdelaiaia.es\/wp-content\/uploads\/2016\/06\/IMG_1032.png\" border=\"0\" height=\"480\" width=\"640\"><\/a><\/div>\n<div style=\"text-align: center\">y opcionalmente, una cucharada de nata de montar, cema de leche o leche. Si quieres un helado vegano, no la a\u00f1adas<\/div>\n<div class=\"separator\" style=\"clear: both; text-align: center\"><a href=\"https:\/\/1.bp.blogspot.com\/-3QyqxKBZI3A\/V2CL2RakUQI\/AAAAAAAAk3s\/PrjZwmP3AGwcy-Wwr1xnTomIcgqqrV5vACKgB\/s1600\/IMG_1033.PNG\" imageanchor=\"1\" style=\"margin-left: 1em; margin-right: 1em\"><img decoding=\"async\" loading=\"lazy\" src=\"https:\/\/elcalaixetdelaiaia.es\/wp-content\/uploads\/2016\/06\/IMG_1033.png\" border=\"0\" height=\"480\" width=\"640\"><\/a><\/div>\n<div style=\"text-align: center\">Cerraremos la picadora y daremos un golpe mas, al abrir veremos que tenemos un helado cremoso de chocolate<\/div>\n<div class=\"separator\" style=\"clear: both; text-align: center\"><a href=\"https:\/\/4.bp.blogspot.com\/-J3nur5_WYxc\/V2CL9q7zxfI\/AAAAAAAAk3s\/6kTw4J3B9DcMQEM8a9iSAT5DDAMf6yj4ACKgB\/s1600\/IMG_1034.PNG\" imageanchor=\"1\" style=\"margin-left: 1em; margin-right: 1em\"><img decoding=\"async\" loading=\"lazy\" src=\"https:\/\/elcalaixetdelaiaia.es\/wp-content\/uploads\/2016\/06\/IMG_1034.png\" border=\"0\" height=\"480\" width=\"640\"><\/a><\/div>\n<div style=\"text-align: center\">Serimos de inmediato y podemos decorar con unos frutos rojos,&nbsp;<\/div>\n<div class=\"separator\" style=\"clear: both; text-align: center\"><a href=\"https:\/\/4.bp.blogspot.com\/-8jdTekFNcBg\/V2CMMKpSywI\/AAAAAAAAk3w\/udopB2VRlXwzrnoRAFDi17dKC0zBrExAACKgB\/s1600\/IMG_1036.PNG\" imageanchor=\"1\" style=\"margin-left: 1em; margin-right: 1em\"><img decoding=\"async\" loading=\"lazy\" src=\"https:\/\/elcalaixetdelaiaia.es\/wp-content\/uploads\/2016\/06\/IMG_1036.png\" border=\"0\" height=\"480\" width=\"640\"><\/a><\/div>\n<div style=\"text-align: center\">&nbsp;caramelo l\u00edquido, una ramita de menta , fideos o virutas de chocolate, frutos secos o una almendras crocanti.<\/div>\n<div style=\"text-align: center\">&nbsp;<\/div>\n<div class=\"separator\" style=\"clear: both; text-align: center\"><a href=\"https:\/\/4.bp.blogspot.com\/-0XaZC0cGF8g\/V2CMUvYSjhI\/AAAAAAAAk3w\/CmhtBtS4bnsHpTi_G4XwnDtfOcBi9x77ACKgB\/s1600\/IMG_1037.PNG\" imageanchor=\"1\" style=\"margin-left: 1em; margin-right: 1em\"><img decoding=\"async\" loading=\"lazy\" src=\"https:\/\/elcalaixetdelaiaia.es\/wp-content\/uploads\/2016\/06\/IMG_1037.png\" border=\"0\" height=\"480\" width=\"640\"><\/a><\/div>\n<div style=\"text-align: center\">\u00bfGust\u00e1is? \u00abA la taula i&#8230;..BON PROFIT!!!<\/div>\n<div style=\"text-align: center\">Si os gusta \u00e9sta receta y la compart\u00eds, me ayud\u00e1is a que la vea mas gente.<\/div>\n<div style=\"text-align: center\">Recuerda que tambi\u00e9n estoy en Facebook<\/div>\n<div style=\"text-align: center\"><a href=\"https:\/\/www.facebook.com\/El-calaixet-de-la-iaia-533062140099386\/\">https:\/\/www.facebook.com\/El-calaixet-de-la-iaia-533062140099386\/<\/a><\/div>\n<div style=\"text-align: center\">Gracias.<\/div>\n","protected":false},"excerpt":{"rendered":"<p>\u00abRefrany; Els comptes clars i el xocolate espes\u00bb Las cuentas claras y el chocolate espeso. \u00bfOs gusta el pl\u00e1tano? &#8230;\u00bfy el chocolate?&#8230;\u00bfY el helado de pl\u00e1tano y chocolate? pues os traigo la manera de hacer un helado de chocolate y pl\u00e1tano en tan solo DOS minutos. Cuando ve\u00e1is que en &hellip; <\/p>\n","protected":false},"author":2,"featured_media":4435,"comment_status":"open","ping_status":"open","sticky":false,"template":"","format":"standard","meta":[],"categories":[6,1],"tags":[],"_links":{"self":[{"href":"https:\/\/elcalaixetdelaiaia.es\/index.php?rest_route=\/wp\/v2\/posts\/293"}],"collection":[{"href":"https:\/\/elcalaixetdelaiaia.es\/index.php?rest_route=\/wp\/v2\/posts"}],"about":[{"href":"https:\/\/elcalaixetdelaiaia.es\/index.php?rest_route=\/wp\/v2\/types\/post"}],"author":[{"embeddable":true,"href":"https:\/\/elcalaixetdelaiaia.es\/index.php?rest_route=\/wp\/v2\/users\/2"}],"replies":[{"embeddable":true,"href":"https:\/\/elcalaixetdelaiaia.es\/index.php?rest_route=%2Fwp%2Fv2%2Fcomments&post=293"}],"version-history":[{"count":3,"href":"https:\/\/elcalaixetdelaiaia.es\/index.php?rest_route=\/wp\/v2\/posts\/293\/revisions"}],"predecessor-version":[{"id":23157,"href":"https:\/\/elcalaixetdelaiaia.es\/index.php?rest_route=\/wp\/v2\/posts\/293\/revisions\/23157"}],"wp:featuredmedia":[{"embeddable":true,"href":"https:\/\/elcalaixetdelaiaia.es\/index.php?rest_route=\/wp\/v2\/media\/4435"}],"wp:attachment":[{"href":"https:\/\/elcalaixetdelaiaia.es\/index.php?rest_route=%2Fwp%2Fv2%2Fmedia&parent=293"}],"wp:term":[{"taxonomy":"category","embeddable":true,"href":"https:\/\/elcalaixetdelaiaia.es\/index.php?rest_route=%2Fwp%2Fv2%2Fcategories&post=293"},{"taxonomy":"post_tag","embeddable":true,"href":"https:\/\/elcalaixetdelaiaia.es\/index.php?rest_route=%2Fwp%2Fv2%2Ftags&post=293"}],"curies":[{"name":"wp","href":"https:\/\/api.w.org\/{rel}","templated":true}]}}