{"id":29253,"date":"2026-03-11T15:46:04","date_gmt":"2026-03-11T15:46:04","guid":{"rendered":"https:\/\/elcalaixetdelaiaia.es\/?p=29253"},"modified":"2026-03-11T17:16:53","modified_gmt":"2026-03-11T17:16:53","slug":"menos-dolor-de-oreja-con-los-rodetes-de-fallera-paso-a-paso","status":"publish","type":"post","link":"https:\/\/elcalaixetdelaiaia.es\/?p=29253","title":{"rendered":"Menos dolor de oreja con los rodetes de fallera paso a paso"},"content":{"rendered":"<p>\u00abRefrany; Per lluir, s&#8217;ha de patir\u00bb\u00a0 Para lucir, se ha de sufrir<\/p>\n<p>Pues NO, me niego, se puede lucir, sin sufrir.<\/p>\n<p>Voy en plan r\u00e1pido con otro truqui de hace a\u00f1os, que se ha borrado&#8230;vamos desaparecido del mapa, otro m\u00e1s.<\/p>\n<p><img decoding=\"async\" loading=\"lazy\" class=\"wp-image-29259 aligncenter\" src=\"https:\/\/elcalaixetdelaiaia.es\/wp-content\/uploads\/2026\/03\/9f912826-0797-4457-9b24-1675ca6221e8.jpeg\" alt=\"\" width=\"541\" height=\"694\" srcset=\"https:\/\/elcalaixetdelaiaia.es\/wp-content\/uploads\/2026\/03\/9f912826-0797-4457-9b24-1675ca6221e8.jpeg 630w, https:\/\/elcalaixetdelaiaia.es\/wp-content\/uploads\/2026\/03\/9f912826-0797-4457-9b24-1675ca6221e8-234x300.jpeg 234w\" sizes=\"(max-width: 541px) 100vw, 541px\" \/><\/p>\n<p>Hace m\u00e1s de 30 a\u00f1os, que no me peino con rodetes, por la sencilla raz\u00f3n de que desde entonces visto del XVIII y obviamente, si los rodetes fueron una moda del XIX, intento ser consecuente. Y para las ofrendas y actos religiosos, como procesiones y misas, con mis mantillas valencianas&#8230; no se ve \ud83d\ude09<\/p>\n<p><img decoding=\"async\" loading=\"lazy\" class=\" wp-image-29261 aligncenter\" src=\"https:\/\/elcalaixetdelaiaia.es\/wp-content\/uploads\/2026\/03\/4667ace2-cabf-44a4-b8f3-9ab136d1a2702.jpeg\" alt=\"\" width=\"539\" height=\"537\" srcset=\"https:\/\/elcalaixetdelaiaia.es\/wp-content\/uploads\/2026\/03\/4667ace2-cabf-44a4-b8f3-9ab136d1a2702.jpeg 537w, https:\/\/elcalaixetdelaiaia.es\/wp-content\/uploads\/2026\/03\/4667ace2-cabf-44a4-b8f3-9ab136d1a2702-300x300.jpeg 300w, https:\/\/elcalaixetdelaiaia.es\/wp-content\/uploads\/2026\/03\/4667ace2-cabf-44a4-b8f3-9ab136d1a2702-150x150.jpeg 150w, https:\/\/elcalaixetdelaiaia.es\/wp-content\/uploads\/2026\/03\/4667ace2-cabf-44a4-b8f3-9ab136d1a2702-60x60.jpeg 60w, https:\/\/elcalaixetdelaiaia.es\/wp-content\/uploads\/2026\/03\/4667ace2-cabf-44a4-b8f3-9ab136d1a2702-235x235.jpeg 235w, https:\/\/elcalaixetdelaiaia.es\/wp-content\/uploads\/2026\/03\/4667ace2-cabf-44a4-b8f3-9ab136d1a2702-255x255.jpeg 255w\" sizes=\"(max-width: 539px) 100vw, 539px\" \/><\/p>\n<p>Este tipo de truco, no lo he necesitado ni cuando peinaba con rodetes, ya que tuve el privilegio de que me peinaba mi madre Carmensin la peluqueta, que ten\u00eda una maravillosas manos de \u00e1ngel y que fue pentinaora, como a ella le gustaba que la llamaran, (peluquera) y jam\u00e1s us\u00f3 monyos ni rodetes cosidos. Ella nos hac\u00eda los monyos y los rodetes, que llamaba \u00abensaimaetes\u00bb, con nuestro propio pelo y con mallas naturales y las ondas, con sus pinzas de peluquer\u00eda especiales para permanente, que conservo y guardo como aut\u00e9nticos tesoros.Todo esto lo pueden confirmar todas aquellas que tuvieron la suerte de que las peinara durante muchos a\u00f1os, cu\u00f1adas, sobrinas, nietas, amigas, vecinas y claro est\u00e1 sus clientas.<\/p>\n<p><img decoding=\"async\" loading=\"lazy\" class=\"size-full wp-image-29258 aligncenter\" src=\"https:\/\/elcalaixetdelaiaia.es\/wp-content\/uploads\/2026\/03\/482a6e0e-ba18-424f-8d1f-d2f096f2831c.jpeg\" alt=\"\" width=\"520\" height=\"399\" srcset=\"https:\/\/elcalaixetdelaiaia.es\/wp-content\/uploads\/2026\/03\/482a6e0e-ba18-424f-8d1f-d2f096f2831c.jpeg 520w, https:\/\/elcalaixetdelaiaia.es\/wp-content\/uploads\/2026\/03\/482a6e0e-ba18-424f-8d1f-d2f096f2831c-300x230.jpeg 300w\" sizes=\"(max-width: 520px) 100vw, 520px\" \/><\/p>\n<p>Si viera ahora los CD artificiales y las ondas plasticosas que se ponen en el pelo la gran parte de falleras&#8230; se echar\u00eda las manos a la cabeza, con lo purista que era para esas cosas, mi mami. Pero vamos, es la moda que sacaron no se quien, ni para qu\u00e9,(lo imagino) ni me interesa (aunque me preocupa) y ha corrido como la p\u00f3lvora.<\/p>\n<figure id=\"attachment_29260\" aria-describedby=\"caption-attachment-29260\" style=\"width: 599px\" class=\"wp-caption aligncenter\"><img decoding=\"async\" loading=\"lazy\" class=\" wp-image-29260\" src=\"https:\/\/elcalaixetdelaiaia.es\/wp-content\/uploads\/2026\/03\/c41a6ddb-f4a4-4473-9863-c7ff21676fb3.jpeg\" alt=\"\" width=\"599\" height=\"674\" srcset=\"https:\/\/elcalaixetdelaiaia.es\/wp-content\/uploads\/2026\/03\/c41a6ddb-f4a4-4473-9863-c7ff21676fb3.jpeg 839w, https:\/\/elcalaixetdelaiaia.es\/wp-content\/uploads\/2026\/03\/c41a6ddb-f4a4-4473-9863-c7ff21676fb3-267x300.jpeg 267w, https:\/\/elcalaixetdelaiaia.es\/wp-content\/uploads\/2026\/03\/c41a6ddb-f4a4-4473-9863-c7ff21676fb3-768x863.jpeg 768w\" sizes=\"(max-width: 599px) 100vw, 599px\" \/><figcaption id=\"caption-attachment-29260\" class=\"wp-caption-text\">Amb la FMV 1977 Teresa Mart\u00ednez Hueso Ferrer en la gala fallera del Jard\u00ed dels Vivers<\/figcaption><\/figure>\n<p>En fin, que c\u00f3mo he colocado alg\u00fan que otro rodete cosido haciendo favores, en alguna que otra sufrida orejita, para que hiciera menos da\u00f1o, utilizo este truquito que ya conocer\u00e9is muchas,y que ya publiqu\u00e9 hace bastantes a\u00f1os,\u00a0 pero que hoy comparto de nuevo, porque ha desaparecido el post, no sin antes rezar de nuevo, para que podamos cuanto antes volver a la naturalidad y las ra\u00edces en el vestir y peinar nuestra , preciosa y aut\u00e9ntica indumentaria valenciana, que ya est\u00e1 bien de desprop\u00f3sitos e inventos.<\/p>\n<p>Mes f\u00e1cil imposible<\/p>\n<p><img decoding=\"async\" loading=\"lazy\" class=\"alignnone size-full wp-image-29257\" src=\"https:\/\/elcalaixetdelaiaia.es\/wp-content\/uploads\/2026\/03\/IMG_5528.jpeg\" alt=\"\" width=\"2125\" height=\"1556\" srcset=\"https:\/\/elcalaixetdelaiaia.es\/wp-content\/uploads\/2026\/03\/IMG_5528.jpeg 2125w, https:\/\/elcalaixetdelaiaia.es\/wp-content\/uploads\/2026\/03\/IMG_5528-300x220.jpeg 300w, https:\/\/elcalaixetdelaiaia.es\/wp-content\/uploads\/2026\/03\/IMG_5528-1024x750.jpeg 1024w, https:\/\/elcalaixetdelaiaia.es\/wp-content\/uploads\/2026\/03\/IMG_5528-768x562.jpeg 768w, https:\/\/elcalaixetdelaiaia.es\/wp-content\/uploads\/2026\/03\/IMG_5528-1536x1125.jpeg 1536w, https:\/\/elcalaixetdelaiaia.es\/wp-content\/uploads\/2026\/03\/IMG_5528-2048x1500.jpeg 2048w\" sizes=\"(max-width: 2125px) 100vw, 2125px\" \/><\/p>\n<p>Unas tijeras, los rodetes y dos algodones de los de desmaquillar que se ajuste al tama\u00f1o de les \u00abensaimaetes\u00bb, y manos a la obra, que esto no tiene ni la m\u00ednima complicaci\u00f3n\u00a0 \u00a0porque&#8230;<\/p>\n<p><img decoding=\"async\" loading=\"lazy\" class=\"alignnone size-full wp-image-29254\" src=\"https:\/\/elcalaixetdelaiaia.es\/wp-content\/uploads\/2026\/03\/IMG_5522.jpeg\" alt=\"\" width=\"2100\" height=\"1576\" srcset=\"https:\/\/elcalaixetdelaiaia.es\/wp-content\/uploads\/2026\/03\/IMG_5522.jpeg 2100w, https:\/\/elcalaixetdelaiaia.es\/wp-content\/uploads\/2026\/03\/IMG_5522-300x225.jpeg 300w, https:\/\/elcalaixetdelaiaia.es\/wp-content\/uploads\/2026\/03\/IMG_5522-1024x768.jpeg 1024w, https:\/\/elcalaixetdelaiaia.es\/wp-content\/uploads\/2026\/03\/IMG_5522-768x576.jpeg 768w, https:\/\/elcalaixetdelaiaia.es\/wp-content\/uploads\/2026\/03\/IMG_5522-1536x1153.jpeg 1536w, https:\/\/elcalaixetdelaiaia.es\/wp-content\/uploads\/2026\/03\/IMG_5522-2048x1537.jpeg 2048w\" sizes=\"(max-width: 2100px) 100vw, 2100px\" \/><\/p>\n<p>tan solo, haremos con las tijeras, un agujerito central, procurando que sea del tama\u00f1o del agujerito del rodete, para que no se vea una vez colocado, pero que nos cubra todas las orejitas<\/p>\n<p><img decoding=\"async\" loading=\"lazy\" class=\"alignnone size-full wp-image-29255\" src=\"https:\/\/elcalaixetdelaiaia.es\/wp-content\/uploads\/2026\/03\/IMG_5523.jpeg\" alt=\"\" width=\"2100\" height=\"1576\" srcset=\"https:\/\/elcalaixetdelaiaia.es\/wp-content\/uploads\/2026\/03\/IMG_5523.jpeg 2100w, https:\/\/elcalaixetdelaiaia.es\/wp-content\/uploads\/2026\/03\/IMG_5523-300x225.jpeg 300w, https:\/\/elcalaixetdelaiaia.es\/wp-content\/uploads\/2026\/03\/IMG_5523-1024x768.jpeg 1024w, https:\/\/elcalaixetdelaiaia.es\/wp-content\/uploads\/2026\/03\/IMG_5523-768x576.jpeg 768w, https:\/\/elcalaixetdelaiaia.es\/wp-content\/uploads\/2026\/03\/IMG_5523-1536x1153.jpeg 1536w, https:\/\/elcalaixetdelaiaia.es\/wp-content\/uploads\/2026\/03\/IMG_5523-2048x1537.jpeg 2048w\" sizes=\"(max-width: 2100px) 100vw, 2100px\" \/><\/p>\n<p>Comprobamos que no sobresalgan, una vez los colocamos por dentro de los CD (perd\u00f3n, de los rodetes \ud83d\ude09 )<\/p>\n<p><img decoding=\"async\" loading=\"lazy\" class=\"alignnone size-full wp-image-29256\" src=\"https:\/\/elcalaixetdelaiaia.es\/wp-content\/uploads\/2026\/03\/IMG_5524.jpeg\" alt=\"\" width=\"2100\" height=\"1576\" srcset=\"https:\/\/elcalaixetdelaiaia.es\/wp-content\/uploads\/2026\/03\/IMG_5524.jpeg 2100w, https:\/\/elcalaixetdelaiaia.es\/wp-content\/uploads\/2026\/03\/IMG_5524-300x225.jpeg 300w, https:\/\/elcalaixetdelaiaia.es\/wp-content\/uploads\/2026\/03\/IMG_5524-1024x768.jpeg 1024w, https:\/\/elcalaixetdelaiaia.es\/wp-content\/uploads\/2026\/03\/IMG_5524-768x576.jpeg 768w, https:\/\/elcalaixetdelaiaia.es\/wp-content\/uploads\/2026\/03\/IMG_5524-1536x1153.jpeg 1536w, https:\/\/elcalaixetdelaiaia.es\/wp-content\/uploads\/2026\/03\/IMG_5524-2048x1537.jpeg 2048w\" sizes=\"(max-width: 2100px) 100vw, 2100px\" \/><\/p>\n<p>Sujetamos el rodete con las agujas de nuestro aderezo y listas, para lucir sin sufrir, porque amortiguamos un poco, el impacto y el roce del pelo acartonado, sobre la oreja.<\/p>\n<p>Como se borr\u00f3 el post que sub\u00ed hace a\u00f1os con las fotos y no tengo rodetes, he tenido que pedirlos a mi querida amiga y vecina Montse, (que los tiene bastante m\u00e1s naturales que los que veo por ah\u00ed) y a quien quiero agradecer publicamente, gr\u00e0cies bonica \u2764\ufe0f<\/p>\n<div class=\"pYZ3Ud btku5b qVhvac GQ0bde sjVJQd\" tabindex=\"0\" role=\"button\" data-ved=\"2ahUKEwixiYLarJiTAxWUgf0HHdr6MSgQmPIOegQIDBAC\">\n<div class=\"niO4u VDgVie SlP8xc\"><\/div>\n<\/div>\n<p>Que pas\u00e9is unas maravillosas fallas y plantearos no usar estos accesorios, si vest\u00eds del XVIII y si vest\u00eds de manga de farol, plantearos por favor tambi\u00e9n, hacer los rodetes m\u00e1s naturales y mirar a vuestro alrededor, hay algunas falleras que ya los est\u00e1n peinando, (aunque para gustos los colores, que yo soy una antigua y tradicional) y con ondas naturales y no esas curvas de carretera de puerto de monta\u00f1a&#8230; me callo ya&#8230;<\/p>\n<p>Os recomiendo los siguientes libros, si est\u00e1is interesados en los temas sobre indumentaria tradicional valenciana;<\/p>\n<p>-\u00abSeda, Oro y Plata en Valencia\u00bb, Gar\u00edn, 258 a\u00f1os. (Libro de Gar\u00edn)<br \/>\n-\u00abIndumentaria Valenciana Siglos XVIII-XIX, De dentro afuera, De arriba abajo\u00bb, M\u00aa Victoria Liceras Ferreres;<br \/>\n-A la moda valenciana. La dona al segle XVIII\u2019, Salvador Mercado Mach\u00ed<br \/>\n&#8211; Justillos i gipons Paquita Roca i Josep Vidal<br \/>\n&#8211; La moda en la Valencia del siglo XV de Mar\u00eda Purificaci\u00f3n Benito Vidal<\/p>\n<div>&#8211; Faldes, vions i faldilles Inmaculada Puig y Paquita Roca<br \/>\n-Mocadors de pit de Paquita Roca e Imma Puig<br \/>\n&#8211; La nova col-lecci\u00f3 d&#8217;indument\u00e0ria del Museu Etn\u00f2logic- Una visi\u00f3 evolutiva<br \/>\nY como no\u2026 os aconsejo encarecidamente las generos\u00edsimas y aclaradoras aportaciones del gran Vicent Ferrandis Mas en;<br \/>\n<a href=\"http:\/\/filadis.blogspot.com.es\/\">http:\/\/filadis.blogspot.com.es\/<\/a> y<br \/>\n<a href=\"http:\/\/www.calameo.com\/subscriptions\/1077466\">http:\/\/www.calameo.com\/subscriptions\/1077466<\/a><br \/>\ny \u00e9ste art\u00edculo;<a href=\"http:\/\/www.levante-emv.com\/valencia\/2011\/03\/24\/investigadores-afirman-moda-desvirtuado-traje-valenciana\/792866.html\">http:\/\/www.levante-emv.com\/valencia\/2011\/03\/24\/investigadores-afirman-moda-desvirtuado-traje-valenciana\/792866.html<\/a>,<\/div>\n<p>donde podr\u00e9is encontrar toda la informaci\u00f3n.<\/p>\n<p>Espero tus comentarios y recuerda que tambi\u00e9n estoy en Facebook\u00a0<a href=\"https:\/\/www.facebook.com\/El-calaixet-de-la-iaia-533062140099386\/\">https:\/\/www.facebook.com\/El-calaixet-de-la-iaia-533062140099386\/<\/a><\/p>\n<p>&nbsp;<\/p>\n","protected":false},"excerpt":{"rendered":"<p>\u00abRefrany; Per lluir, s&#8217;ha de patir\u00bb\u00a0 Para lucir, se ha de sufrir Pues NO, me niego, se puede lucir, sin sufrir. Voy en plan r\u00e1pido con otro truqui de hace a\u00f1os, que se ha borrado&#8230;vamos desaparecido del mapa, otro m\u00e1s. Hace m\u00e1s de 30 a\u00f1os, que no me peino con &hellip; <\/p>\n","protected":false},"author":2,"featured_media":29256,"comment_status":"open","ping_status":"open","sticky":false,"template":"","format":"standard","meta":[],"categories":[78,1],"tags":[],"_links":{"self":[{"href":"https:\/\/elcalaixetdelaiaia.es\/index.php?rest_route=\/wp\/v2\/posts\/29253"}],"collection":[{"href":"https:\/\/elcalaixetdelaiaia.es\/index.php?rest_route=\/wp\/v2\/posts"}],"about":[{"href":"https:\/\/elcalaixetdelaiaia.es\/index.php?rest_route=\/wp\/v2\/types\/post"}],"author":[{"embeddable":true,"href":"https:\/\/elcalaixetdelaiaia.es\/index.php?rest_route=\/wp\/v2\/users\/2"}],"replies":[{"embeddable":true,"href":"https:\/\/elcalaixetdelaiaia.es\/index.php?rest_route=%2Fwp%2Fv2%2Fcomments&post=29253"}],"version-history":[{"count":12,"href":"https:\/\/elcalaixetdelaiaia.es\/index.php?rest_route=\/wp\/v2\/posts\/29253\/revisions"}],"predecessor-version":[{"id":29273,"href":"https:\/\/elcalaixetdelaiaia.es\/index.php?rest_route=\/wp\/v2\/posts\/29253\/revisions\/29273"}],"wp:featuredmedia":[{"embeddable":true,"href":"https:\/\/elcalaixetdelaiaia.es\/index.php?rest_route=\/wp\/v2\/media\/29256"}],"wp:attachment":[{"href":"https:\/\/elcalaixetdelaiaia.es\/index.php?rest_route=%2Fwp%2Fv2%2Fmedia&parent=29253"}],"wp:term":[{"taxonomy":"category","embeddable":true,"href":"https:\/\/elcalaixetdelaiaia.es\/index.php?rest_route=%2Fwp%2Fv2%2Fcategories&post=29253"},{"taxonomy":"post_tag","embeddable":true,"href":"https:\/\/elcalaixetdelaiaia.es\/index.php?rest_route=%2Fwp%2Fv2%2Ftags&post=29253"}],"curies":[{"name":"wp","href":"https:\/\/api.w.org\/{rel}","templated":true}]}}