{"id":29,"date":"2017-11-05T22:32:00","date_gmt":"2017-11-05T22:32:00","guid":{"rendered":"http:\/\/elcalaixetdelaiaia.es\/como-hacer-una-guirnalda-casera-para"},"modified":"2017-12-04T15:53:21","modified_gmt":"2017-12-04T15:53:21","slug":"como-hacer-una-guirnalda-casera-para","status":"publish","type":"post","link":"https:\/\/elcalaixetdelaiaia.es\/?p=29","title":{"rendered":"Como hacer una guirnalda casera para tarta paso a paso"},"content":{"rendered":"<p>\u00abRefrany;<br \/>\nNovembre tronat, mal pr al pastor i pitjor per al ramat\u00bb <br \/>\nNoviembre tronado, mal para el pastor y peor para el reba\u00f1o.<\/p>\n<p>Os voy a contar c\u00f3mo hago una guirnalda decorativa para tarta.<\/p>\n<p>Aqu\u00ed pod\u00e9is ver un modelo<br \/>\n<a href=\"https:\/\/elcalaixetdelaiaia.es\/como-hacer-letras-de-fondant-para\" target=\"_blank\">https:\/\/elcalaixetdelaiaia.es\/como-hacer-letras-de-fondant-para<\/a><\/p>\n<p>y aqu\u00ed otro<br \/>\n<a href=\"https:\/\/elcalaixetdelaiaia.es\/tarta-de-chocolate-blanco-paso-paso\" target=\"_blank\">https:\/\/elcalaixetdelaiaia.es\/tarta-de-chocolate-blanco-paso-paso<\/a><\/p>\n<p>El que os traigo es es dintinto, pero para que ve\u00e1is que s\u00f3lo es cuesti\u00f3n de un poco de imaginaci\u00f3n porque m\u00e1s f\u00e1cil imposible, y es una manera muy bonita de personalizar una tarta de cumplea\u00f1os o adornar una tarta para&nbsp; cualquier ocasi\u00f3n.<\/p>\n<p>Necesitaremos;<\/p>\n<div class=\"separator\" style=\"clear: both; text-align: center;\">\n<a href=\"https:\/\/4.bp.blogspot.com\/-lu7yMUQcaZE\/Wf-M_4bM1mI\/AAAAAAAAp1s\/0viuVF17H7IGtUQBekSQUnFuYc81GhxgACEwYBhgL\/s1600\/20141107_002210.jpg\" imageanchor=\"1\" style=\"margin-left: 1em; margin-right: 1em;\"><img decoding=\"async\" loading=\"lazy\" border=\"0\" data-original-height=\"961\" data-original-width=\"1600\" height=\"384\" src=\"https:\/\/elcalaixetdelaiaia.es\/wp-content\/uploads\/2017\/11\/20141107_002210.jpg\" width=\"640\" \/><\/a><\/div>\n<p><\/p>\n<ol>\n<li>&nbsp;Cartulinas de colores<\/li>\n<li>L\u00e1piz<\/li>\n<li>Pegamento en barra<\/li>\n<li>Tijeras<\/li>\n<li>Palos de brochetas<\/li>\n<li>Letras adhesivas<\/li>\n<li>Cuerda<\/li>\n<\/ol>\n<p>\u00c9stas guirnaldas eran para una tarta bastante grande,en \u00e9sta ocasi\u00f3n utilic\u00e9 cartulina, pero otras veces la he hecho con telas de colores, estampadas y a rayas y quedan preciosas.<\/p>\n<div style=\"text-align: center;\">\n<\/div>\n<div class=\"separator\" style=\"clear: both; text-align: center;\">\n<a href=\"https:\/\/4.bp.blogspot.com\/-d8athdmJj7U\/Wf-M_ywevuI\/AAAAAAAAp1o\/cTZQzSYZWrA6o-N0or_NqtuXQVyMrkZGACEwYBhgL\/s1600\/20141107_163105.jpg\" imageanchor=\"1\" style=\"margin-left: 1em; margin-right: 1em;\"><img decoding=\"async\" loading=\"lazy\" border=\"0\" data-original-height=\"961\" data-original-width=\"1600\" height=\"384\" src=\"https:\/\/elcalaixetdelaiaia.es\/wp-content\/uploads\/2017\/11\/20141107_163105.jpg\" width=\"640\" \/><\/a><\/div>\n<div style=\"text-align: center;\">\n<\/div>\n<div style=\"text-align: center;\">\n&nbsp;Primero en cart\u00f3n hacemos los moldes,como v\u00e9is en la imagen, son los de color negro estampado.<\/div>\n<div style=\"text-align: center;\">\nVamos haciendo con los moldes las figuras sobre las cartulinas de colores y las recortamos<\/div>\n<div style=\"text-align: center;\">\n<\/div>\n<div class=\"separator\" style=\"clear: both; text-align: center;\">\n<a href=\"https:\/\/3.bp.blogspot.com\/-2bi_BzndWGo\/Wf-M_koApFI\/AAAAAAAAp1k\/GYJ_f-qXSTYiqUHmghzF0GE7B73zSBeKQCEwYBhgL\/s1600\/20141107_163213.jpg\" imageanchor=\"1\" style=\"margin-left: 1em; margin-right: 1em;\"><img decoding=\"async\" loading=\"lazy\" border=\"0\" data-original-height=\"961\" data-original-width=\"1600\" height=\"384\" src=\"https:\/\/elcalaixetdelaiaia.es\/wp-content\/uploads\/2017\/11\/20141107_163213.jpg\" width=\"640\" \/><\/a><\/div>\n<div style=\"text-align: center;\">\n<\/div>\n<div style=\"text-align: center;\">\nMedimos el largo de la guirnalda, y cortamos la cuerda contando en dejar un trozo para hacer el atado al palito de madera.<\/div>\n<div style=\"text-align: center;\">\nMarcamos el rombo por la mitad, ponemos pegamento en barra en el rombo<\/div>\n<div style=\"text-align: center;\">\n<\/div>\n<div class=\"separator\" style=\"clear: both; text-align: center;\">\n<a href=\"https:\/\/3.bp.blogspot.com\/-LMm93Mrv9iU\/Wf-NAc3StmI\/AAAAAAAAp1w\/rMPriyIYmf8Qm8k3PyG3fLP1OkIUwZRFACEwYBhgL\/s1600\/20141107_163921.jpg\" imageanchor=\"1\" style=\"margin-left: 1em; margin-right: 1em;\"><img decoding=\"async\" loading=\"lazy\" border=\"0\" data-original-height=\"961\" data-original-width=\"1600\" height=\"384\" src=\"https:\/\/elcalaixetdelaiaia.es\/wp-content\/uploads\/2017\/11\/20141107_163921.jpg\" width=\"640\" \/><\/a><\/div>\n<div style=\"text-align: center;\">\n<\/div>\n<div style=\"text-align: center;\">\n&nbsp; colocaremos la cuerda en la marca y cerraremos el cart\u00f3n&nbsp; convirtiendo<br \/>\nel rombo en un tri\u00e1ngulo. Pondremos tantos rombos como letras<br \/>\nnecesitemos poner en la guirnalda. En \u00e9ste caso puse en una \u00abFELIZ CUMPLEA\u00d1OS\u00bb y en la otra \u00abIAIO\u00bb<\/div>\n<div style=\"text-align: center;\">\nCon el mismo procedimiento haremos la guirnalda corta con las cartulinas en forma de banderines. Pegaremos las letras adhesivas<\/div>\n<div style=\"text-align: center;\">\n<\/div>\n<div class=\"separator\" style=\"clear: both; text-align: center;\">\n<a href=\"https:\/\/1.bp.blogspot.com\/-Y9hpLshoWHI\/Wf-NAlmtiGI\/AAAAAAAAp10\/IKgvKYatGzMUTlENa6_j20bPeSXIVsaWQCEwYBhgL\/s1600\/20141108_114404.jpg\" imageanchor=\"1\" style=\"margin-left: 1em; margin-right: 1em;\"><img decoding=\"async\" loading=\"lazy\" border=\"0\" data-original-height=\"961\" data-original-width=\"1600\" height=\"384\" src=\"https:\/\/elcalaixetdelaiaia.es\/wp-content\/uploads\/2017\/11\/20141108_114404.jpg\" width=\"640\" \/><\/a><\/div>\n<div style=\"text-align: center;\">\n<\/div>\n<div style=\"text-align: center;\">\n&nbsp;y ataremos los extremos de las cuerdas en los palos de madera de brocheta<\/div>\n<div style=\"text-align: center;\">\n<\/div>\n<div class=\"separator\" style=\"clear: both; text-align: center;\">\n<a href=\"https:\/\/2.bp.blogspot.com\/-IR7ETZigpZA\/Wf-NAqgrDuI\/AAAAAAAAp14\/Qt-TL4diL3IIJIuzqyjOvLTWTAdjUtjeQCEwYBhgL\/s1600\/20141108_162258.jpg\" imageanchor=\"1\" style=\"margin-left: 1em; margin-right: 1em;\"><img decoding=\"async\" loading=\"lazy\" border=\"0\" data-original-height=\"961\" data-original-width=\"1600\" height=\"384\" src=\"https:\/\/elcalaixetdelaiaia.es\/wp-content\/uploads\/2017\/11\/20141108_162258.jpg\" width=\"640\" \/><\/a><\/div>\n<div style=\"text-align: center;\">\n<\/div>\n<div style=\"text-align: center;\">\n&nbsp;en \u00e9ste caso, como la tarta era muy grande y la guirnalda muy larga<\/div>\n<div style=\"text-align: center;\">\n<\/div>\n<div class=\"separator\" style=\"clear: both; text-align: center;\">\n<a href=\"https:\/\/4.bp.blogspot.com\/-GGS9pvw_bC4\/Wf-NAl5pVII\/AAAAAAAAp18\/hHlOIMGZQFU3gImVVVHolrYehxMiRfRFACEwYBhgL\/s1600\/20141108_163204.jpg\" imageanchor=\"1\" style=\"margin-left: 1em; margin-right: 1em;\"><img decoding=\"async\" loading=\"lazy\" border=\"0\" data-original-height=\"893\" data-original-width=\"1272\" height=\"448\" src=\"https:\/\/elcalaixetdelaiaia.es\/wp-content\/uploads\/2017\/11\/20141108_163204.jpg\" width=\"640\" \/><\/a><\/div>\n<div style=\"text-align: center;\">\n<\/div>\n<div style=\"text-align: center;\">\n&nbsp;qued\u00f3 mucho mejor la guirnalda corta<\/div>\n<div style=\"text-align: center;\">\n<\/div>\n<div class=\"separator\" style=\"clear: both; text-align: center;\">\n<a href=\"https:\/\/1.bp.blogspot.com\/-AEXVy86ruKc\/Wf-NBGzRz_I\/AAAAAAAAp2A\/Tu3OWjYwmTIT5Bn97o1Pcs1ReOvTgiONgCEwYBhgL\/s1600\/20141108_163658.jpg\" imageanchor=\"1\" style=\"margin-left: 1em; margin-right: 1em;\"><img decoding=\"async\" loading=\"lazy\" border=\"0\" data-original-height=\"1105\" data-original-width=\"1600\" height=\"442\" src=\"https:\/\/elcalaixetdelaiaia.es\/wp-content\/uploads\/2017\/11\/20141108_163658.jpg\" width=\"640\" \/><\/a><\/div>\n<div style=\"text-align: center;\">\n<\/div>\n<div style=\"text-align: center;\">\nPero para que os hag\u00e1is una id\u00e9a&#8230;&#8230;<\/div>\n<div style=\"text-align: center;\">\nSi te gusta \u00e9sta manualidad, puedes clicar en g+1 y compartirla, para que llegue a mas gente.<\/div>\n<div style=\"text-align: center;\">\n&nbsp;&nbsp; Espero vuestros comentarios que para mi son MUY importantes y recordad que tambi\u00e9n estoy en Facebook <a href=\"https:\/\/www.facebook.com\/El-calaixet-de-la-iaia-533062140099386\/\">https:\/\/www.facebook.com\/El-calaixet-de-la-iaia-533062140099386\/<\/a><\/div>\n<div style=\"text-align: center;\">\n<\/div>\n<div style=\"text-align: center;\">\n<\/div>\n","protected":false},"excerpt":{"rendered":"<p>\u00abRefrany; Novembre tronat, mal pr al pastor i pitjor per al ramat\u00bb Noviembre tronado, mal para el pastor y peor para el reba\u00f1o. Os voy a contar c\u00f3mo hago una guirnalda decorativa para tarta. Aqu\u00ed pod\u00e9is ver un modelo https:\/\/elcalaixetdelaiaia.es\/como-hacer-letras-de-fondant-para y aqu\u00ed otro https:\/\/elcalaixetdelaiaia.es\/tarta-de-chocolate-blanco-paso-paso El que os traigo es es &hellip; <\/p>\n","protected":false},"author":2,"featured_media":1464,"comment_status":"open","ping_status":"open","sticky":false,"template":"","format":"standard","meta":[],"categories":[1,11],"tags":[],"_links":{"self":[{"href":"https:\/\/elcalaixetdelaiaia.es\/index.php?rest_route=\/wp\/v2\/posts\/29"}],"collection":[{"href":"https:\/\/elcalaixetdelaiaia.es\/index.php?rest_route=\/wp\/v2\/posts"}],"about":[{"href":"https:\/\/elcalaixetdelaiaia.es\/index.php?rest_route=\/wp\/v2\/types\/post"}],"author":[{"embeddable":true,"href":"https:\/\/elcalaixetdelaiaia.es\/index.php?rest_route=\/wp\/v2\/users\/2"}],"replies":[{"embeddable":true,"href":"https:\/\/elcalaixetdelaiaia.es\/index.php?rest_route=%2Fwp%2Fv2%2Fcomments&post=29"}],"version-history":[{"count":2,"href":"https:\/\/elcalaixetdelaiaia.es\/index.php?rest_route=\/wp\/v2\/posts\/29\/revisions"}],"predecessor-version":[{"id":14278,"href":"https:\/\/elcalaixetdelaiaia.es\/index.php?rest_route=\/wp\/v2\/posts\/29\/revisions\/14278"}],"wp:featuredmedia":[{"embeddable":true,"href":"https:\/\/elcalaixetdelaiaia.es\/index.php?rest_route=\/wp\/v2\/media\/1464"}],"wp:attachment":[{"href":"https:\/\/elcalaixetdelaiaia.es\/index.php?rest_route=%2Fwp%2Fv2%2Fmedia&parent=29"}],"wp:term":[{"taxonomy":"category","embeddable":true,"href":"https:\/\/elcalaixetdelaiaia.es\/index.php?rest_route=%2Fwp%2Fv2%2Fcategories&post=29"},{"taxonomy":"post_tag","embeddable":true,"href":"https:\/\/elcalaixetdelaiaia.es\/index.php?rest_route=%2Fwp%2Fv2%2Ftags&post=29"}],"curies":[{"name":"wp","href":"https:\/\/api.w.org\/{rel}","templated":true}]}}