{"id":28429,"date":"2025-06-28T08:34:25","date_gmt":"2025-06-28T08:34:25","guid":{"rendered":"https:\/\/elcalaixetdelaiaia.es\/?p=28429"},"modified":"2025-06-28T08:34:25","modified_gmt":"2025-06-28T08:34:25","slug":"como-hacer-la-autentica-salsa-al-pesto","status":"publish","type":"post","link":"https:\/\/elcalaixetdelaiaia.es\/?p=28429","title":{"rendered":"como hacer la aut\u00e9ntica salsa al Pesto"},"content":{"rendered":"<p>\u00abRefrany; Per Santa \u00c0gueda, planta l&#8217;alf\u00e0bega. Per Santa Margarida ja ser\u00e0 florida.\u00bb Por santa \u00c1gueda, planta la albahaca. Por santa Margarita, ja estar\u00e1 florida.<\/p>\n<p><img decoding=\"async\" loading=\"lazy\" class=\"alignnone size-full wp-image-28427\" src=\"https:\/\/elcalaixetdelaiaia.es\/wp-content\/uploads\/2025\/06\/IMG_4353-scaled.jpg\" alt=\"\" width=\"2560\" height=\"1920\" srcset=\"https:\/\/elcalaixetdelaiaia.es\/wp-content\/uploads\/2025\/06\/IMG_4353-scaled.jpg 2560w, https:\/\/elcalaixetdelaiaia.es\/wp-content\/uploads\/2025\/06\/IMG_4353-300x225.jpg 300w, https:\/\/elcalaixetdelaiaia.es\/wp-content\/uploads\/2025\/06\/IMG_4353-1024x768.jpg 1024w, https:\/\/elcalaixetdelaiaia.es\/wp-content\/uploads\/2025\/06\/IMG_4353-768x576.jpg 768w, https:\/\/elcalaixetdelaiaia.es\/wp-content\/uploads\/2025\/06\/IMG_4353-1536x1152.jpg 1536w, https:\/\/elcalaixetdelaiaia.es\/wp-content\/uploads\/2025\/06\/IMG_4353-2048x1536.jpg 2048w\" sizes=\"(max-width: 2560px) 100vw, 2560px\" \/><\/p>\n<p>La salsa Pesto, es una de las salsas italianas m\u00e1s conocidas.<\/p>\n<p>Proviene de la regi\u00f3n de Luguria. Mi receta, como todas las italianas que hago, me la dieron unos invitados italianos que ten\u00edan mis vecinos de caseta cuando a\u00fan exist\u00eda la Colonia Mar y Sol, de mi Patacona. Cien casitas de madera, junto al mar&#8230;<\/p>\n<p>Como los porches de las casetas, tan solo estaban separados por unas barandillas m\u00e1s bien ornamentales , pas\u00e1bamos muchas horas compartiendo \u201ccharraeta\u201d y recetas, a la fresca brisa del mar. \u00a1Como a\u00f1oramos toda la familia la caseta! \ud83d\ude41<\/p>\n<p>Bueno, al Pesto.<\/p>\n<p>Hoy no hay paso a paso, porque no lo necesita, <em><strong>solo hay que triturar los ingredientes y servir.<\/strong><\/em><\/p>\n<p>Para ello necesitaremos;<\/p>\n<ol>\n<li>\u00a0 50 gramos de hojas de albahaca<br \/>\nfresca<\/li>\n<li>\u00a0 120 mililitros de aceite de oliva virgen extra<\/li>\n<li>\u00a0 2 cucharadas de pi\u00f1ones o almendras<\/li>\n<li>\u00a0 2 dientes de ajo<\/li>\n<li>\u00a0 50 gramos de Parmesano<\/li>\n<li>\u00a0 2 cucharadas de Pecorino<br \/>\nRomano<\/li>\n<li>\u00a0 Sal<\/li>\n<\/ol>\n<p>Opcionalmente, tambi\u00e9n puede a\u00f1adirse r\u00facula.<\/p>\n<p>En cuanto a la albahaca os dar\u00e9 un consejo, la albahaca, compradla en los centros comerciales de alimentaci\u00f3n , tiendas de comestibles del barrio, o\u00a0supermercados, las plantas de albahaca que venden en los bazares, no son\u00a0aptas para el consumo, es muy f\u00e1cil conseguir tu propia planta en casa, ya que del tallo se sacan ra\u00edces, simplemente poni\u00e9ndolo en agua y\u00a0plant\u00e1ndola en una maceta, con unos pocos cuidados en un par de meses, podemos disponer de nuestra propia albahaca totalmente natural y segura, \u00e9sta planta tiene innumerables \u00a0beneficios aparte de su refrescante\u00a0sabor, como antioxidantes, cardiovasculares, digestivos y muchos mas de los que os hablar\u00e9 en otra ocasi\u00f3n.<\/p>\n<p>Una vez hecha la salsa se mantiene en el frigor\u00edfico, lista para usar.<\/p>\n<p><img decoding=\"async\" loading=\"lazy\" class=\"alignnone size-full wp-image-28428\" src=\"https:\/\/elcalaixetdelaiaia.es\/wp-content\/uploads\/2025\/06\/IMG_4352-scaled.jpg\" alt=\"\" width=\"2560\" height=\"1920\" srcset=\"https:\/\/elcalaixetdelaiaia.es\/wp-content\/uploads\/2025\/06\/IMG_4352-scaled.jpg 2560w, https:\/\/elcalaixetdelaiaia.es\/wp-content\/uploads\/2025\/06\/IMG_4352-300x225.jpg 300w, https:\/\/elcalaixetdelaiaia.es\/wp-content\/uploads\/2025\/06\/IMG_4352-1024x768.jpg 1024w, https:\/\/elcalaixetdelaiaia.es\/wp-content\/uploads\/2025\/06\/IMG_4352-768x576.jpg 768w, https:\/\/elcalaixetdelaiaia.es\/wp-content\/uploads\/2025\/06\/IMG_4352-1536x1152.jpg 1536w, https:\/\/elcalaixetdelaiaia.es\/wp-content\/uploads\/2025\/06\/IMG_4352-2048x1536.jpg 2048w\" sizes=\"(max-width: 2560px) 100vw, 2560px\" \/><\/p>\n<p>A la taula i\u2026 Bon profit!!!<\/p>\n<p>Si te gusta \u00e9sta receta, puedes compartirla para que llegue a mas gente. Y recuerda que tambi\u00e9n estoy en facebook<\/p>\n<p><a href=\"https:\/\/www.facebook.com\/El-calaixet-de-la-iaia-533062140099386\/\" target=\"_blank\" rel=\"noopener\" data-saferedirecturl=\"https:\/\/www.google.com\/url?q=https:\/\/www.facebook.com\/El-calaixet-de-la-iaia-533062140099386\/&amp;source=gmail&amp;ust=1751185155911000&amp;usg=AOvVaw19xPv8ezwihU3wY3zvX7-i\">https:\/\/www.facebook.com\/El-<wbr \/>calaixet-de-la-iaia-<wbr \/>533062140099386\/<\/a><\/p>\n<p>y que tus comentarios son muy importantes para mi. Graciasssss.<\/p>\n","protected":false},"excerpt":{"rendered":"<p>\u00abRefrany; Per Santa \u00c0gueda, planta l&#8217;alf\u00e0bega. Per Santa Margarida ja ser\u00e0 florida.\u00bb Por santa \u00c1gueda, planta la albahaca. Por santa Margarita, ja estar\u00e1 florida. La salsa Pesto, es una de las salsas italianas m\u00e1s conocidas. Proviene de la regi\u00f3n de Luguria. Mi receta, como todas las italianas que hago, me &hellip; <\/p>\n","protected":false},"author":2,"featured_media":28427,"comment_status":"open","ping_status":"open","sticky":false,"template":"","format":"standard","meta":[],"categories":[129,14,79],"tags":[],"_links":{"self":[{"href":"https:\/\/elcalaixetdelaiaia.es\/index.php?rest_route=\/wp\/v2\/posts\/28429"}],"collection":[{"href":"https:\/\/elcalaixetdelaiaia.es\/index.php?rest_route=\/wp\/v2\/posts"}],"about":[{"href":"https:\/\/elcalaixetdelaiaia.es\/index.php?rest_route=\/wp\/v2\/types\/post"}],"author":[{"embeddable":true,"href":"https:\/\/elcalaixetdelaiaia.es\/index.php?rest_route=\/wp\/v2\/users\/2"}],"replies":[{"embeddable":true,"href":"https:\/\/elcalaixetdelaiaia.es\/index.php?rest_route=%2Fwp%2Fv2%2Fcomments&post=28429"}],"version-history":[{"count":2,"href":"https:\/\/elcalaixetdelaiaia.es\/index.php?rest_route=\/wp\/v2\/posts\/28429\/revisions"}],"predecessor-version":[{"id":28432,"href":"https:\/\/elcalaixetdelaiaia.es\/index.php?rest_route=\/wp\/v2\/posts\/28429\/revisions\/28432"}],"wp:featuredmedia":[{"embeddable":true,"href":"https:\/\/elcalaixetdelaiaia.es\/index.php?rest_route=\/wp\/v2\/media\/28427"}],"wp:attachment":[{"href":"https:\/\/elcalaixetdelaiaia.es\/index.php?rest_route=%2Fwp%2Fv2%2Fmedia&parent=28429"}],"wp:term":[{"taxonomy":"category","embeddable":true,"href":"https:\/\/elcalaixetdelaiaia.es\/index.php?rest_route=%2Fwp%2Fv2%2Fcategories&post=28429"},{"taxonomy":"post_tag","embeddable":true,"href":"https:\/\/elcalaixetdelaiaia.es\/index.php?rest_route=%2Fwp%2Fv2%2Ftags&post=28429"}],"curies":[{"name":"wp","href":"https:\/\/api.w.org\/{rel}","templated":true}]}}