{"id":27923,"date":"2024-08-06T17:48:24","date_gmt":"2024-08-06T17:48:24","guid":{"rendered":"https:\/\/elcalaixetdelaiaia.es\/?p=27923"},"modified":"2024-08-18T13:58:12","modified_gmt":"2024-08-18T13:58:12","slug":"tarta-de-cumple-bordadora-de-zanahoria-paso-a-paso-foto-a-foto","status":"publish","type":"post","link":"https:\/\/elcalaixetdelaiaia.es\/?p=27923","title":{"rendered":"Tarta de cumple bordadora de zanahoria paso a paso foto a foto"},"content":{"rendered":"<p>\u00abRefrany; Qui estima, defectes no mira\u00bb Quien ama, defectos no mira.<\/p>\n<p>Mis dos nueras, son unas\u00a0 aut\u00e9nticas artistas, en distintos campos. Son completamente autodidactas y tienen unas maravillosas manos, de las que salen verdaderas preciosidades.<\/p>\n<p>El a\u00f1o pasado, para el cumple de mi nuera peque\u00f1a, le hice una tarta de suculentas, pues le encantan todos los cactus. La verdad, sufr\u00ed mucho, pues el fondant se me derret\u00eda continuamente, es tiempo de hacer muuuuucho calor, y como os digo siempre, soy artesana, no poseo ni la maquinaria, ni herramientas, ni obrador, ni espacio apenas para los proyectos en los que me embarco, aunque eso si, mucho amor, cari\u00f1o e ilusi\u00f3n&#8230; peeero esto no basta la mayor\u00eda de la veces, para conseguir los objetivos que pasan por mi cabeza y en los que me empe\u00f1o a costa de todo. Para eso soy hija de fontero y viuda de ma\u00f1o, encima grauera&#8230; o sea&#8230; cabezota a tope jajajaja.<\/p>\n<p>Esta vez, a pesar de la ola de calor, (lo bueno que tengo es que enseguida olvido lo mal que lo paso haciendo algo) quise hacerle a mi nuera peque\u00f1a, una tarta que la identificara en su pasi\u00f3n por los bordados manuales&#8230; tendr\u00edais que ver, que ideas tiene, y que maravillas hace. Otro d\u00eda os cuento <span class=\"ILfuVd\" lang=\"es\"><span class=\"hgKElc\">\ud83d\ude09<\/span><\/span><\/p>\n<p>Para hacer esta tarta, en dos moldes de 19cm. necesitaremos;<\/p>\n<p><img decoding=\"async\" loading=\"lazy\" class=\"alignnone size-full wp-image-25705\" src=\"https:\/\/elcalaixetdelaiaia.es\/wp-content\/uploads\/2023\/10\/cactus1.jpeg\" alt=\"\" width=\"2048\" height=\"1536\" srcset=\"https:\/\/elcalaixetdelaiaia.es\/wp-content\/uploads\/2023\/10\/cactus1.jpeg 2048w, https:\/\/elcalaixetdelaiaia.es\/wp-content\/uploads\/2023\/10\/cactus1-300x225.jpeg 300w, https:\/\/elcalaixetdelaiaia.es\/wp-content\/uploads\/2023\/10\/cactus1-1024x768.jpeg 1024w, https:\/\/elcalaixetdelaiaia.es\/wp-content\/uploads\/2023\/10\/cactus1-768x576.jpeg 768w, https:\/\/elcalaixetdelaiaia.es\/wp-content\/uploads\/2023\/10\/cactus1-1536x1152.jpeg 1536w\" sizes=\"(max-width: 2048px) 100vw, 2048px\" \/><\/p>\n<ol>\n<li>220 g de az\u00facar (puede ser blanco o moreno)<\/li>\n<li>Tres huevos camperos, alimentados con ma\u00edz<\/li>\n<li>210g de zanahoria pelada y rallada<\/li>\n<li>120g de aceite de oliva suave<\/li>\n<li>30g de nueces troceadas<\/li>\n<li>La ralladura de media naranja<\/li>\n<li>170g de harina de reposter\u00eda<\/li>\n<li>Un sobre de levadura qu\u00edmica tipo Royal<\/li>\n<li>1 cucharadita de canela en polvo<\/li>\n<li>Media cucharadita de nuez moscada<\/li>\n<li>Media cucharadita de sal fina<\/li>\n<li>Media cucharadita de bicarbonato<\/li>\n<\/ol>\n<p>Y ahora, los ingredientes para la deliciosa crema de queso:<\/p>\n<ol>\n<li>400g de queso de untar tipo Philadelphia, muy fr\u00edo<\/li>\n<li>300g de Az\u00facar glac\u00e9<\/li>\n<li>50ml de zumo de naranja reci\u00e9n exprimida<\/li>\n<li>180g de mantequilla a temperatura ambiente<\/li>\n<\/ol>\n<p>Para la decoraci\u00f3n;<\/p>\n<ol>\n<li>Fondant blanco<\/li>\n<li>Fondant de colores, o colorante alimentario<\/li>\n<\/ol>\n<p>Normalmente reparto el trabajo por d\u00edas, para que no resulte pesada de hacer cualquiera de las tartas que preparo, as\u00ed es todo muuucho m\u00e1s f\u00e1cil. Suelo prepara primero el bizcocho, y una vez fr\u00edo embalarlo convenientemente y guardarlo en el congelador, de esta\u00a0 forma, los bizcochos siempre resultan mucho m\u00e1s jugosos, y no voy agobiada por falta de tiempo. Tan s\u00f3lo hay que tener la precauci\u00f3n de dejarlo descongelar en el frigo, el d\u00eda antes del montado final de la tarta.<\/p>\n<p>Por tanto, comenzaremos preparando el bizcocho.<\/p>\n<p><img decoding=\"async\" loading=\"lazy\" class=\"alignnone size-full wp-image-25601\" src=\"https:\/\/elcalaixetdelaiaia.es\/wp-content\/uploads\/2023\/07\/8.jpeg\" alt=\"\" width=\"1024\" height=\"768\" srcset=\"https:\/\/elcalaixetdelaiaia.es\/wp-content\/uploads\/2023\/07\/8.jpeg 1024w, https:\/\/elcalaixetdelaiaia.es\/wp-content\/uploads\/2023\/07\/8-300x225.jpeg 300w, https:\/\/elcalaixetdelaiaia.es\/wp-content\/uploads\/2023\/07\/8-768x576.jpeg 768w\" sizes=\"(max-width: 1024px) 100vw, 1024px\" \/><\/p>\n<p>Comenzaremos pelando y rallando las zanahorias.<\/p>\n<p><img decoding=\"async\" loading=\"lazy\" class=\"alignnone size-full wp-image-25602\" src=\"https:\/\/elcalaixetdelaiaia.es\/wp-content\/uploads\/2023\/07\/9.jpeg\" alt=\"\" width=\"1024\" height=\"768\" srcset=\"https:\/\/elcalaixetdelaiaia.es\/wp-content\/uploads\/2023\/07\/9.jpeg 1024w, https:\/\/elcalaixetdelaiaia.es\/wp-content\/uploads\/2023\/07\/9-300x225.jpeg 300w, https:\/\/elcalaixetdelaiaia.es\/wp-content\/uploads\/2023\/07\/9-768x576.jpeg 768w\" sizes=\"(max-width: 1024px) 100vw, 1024px\" \/><\/p>\n<p>Las colocaremos en un colador, y las reservaremos.<\/p>\n<p><img decoding=\"async\" loading=\"lazy\" class=\"alignnone size-full wp-image-25632\" src=\"https:\/\/elcalaixetdelaiaia.es\/wp-content\/uploads\/2023\/07\/10.jpeg\" alt=\"\" width=\"1024\" height=\"768\" srcset=\"https:\/\/elcalaixetdelaiaia.es\/wp-content\/uploads\/2023\/07\/10.jpeg 1024w, https:\/\/elcalaixetdelaiaia.es\/wp-content\/uploads\/2023\/07\/10-300x225.jpeg 300w, https:\/\/elcalaixetdelaiaia.es\/wp-content\/uploads\/2023\/07\/10-768x576.jpeg 768w\" sizes=\"(max-width: 1024px) 100vw, 1024px\" \/><\/p>\n<p>Vamos con la mezcla de secos. En un cuenco, tamizaremos la harina, (recordad que ha de ser con harina de reposter\u00eda, si no ten\u00e9is a mano, aqu\u00ed est\u00e1 el paso a paso para hacerla en casa) <a href=\"https:\/\/elcalaixetdelaiaia.es\/?p=25505\">https:\/\/elcalaixetdelaiaia.es\/?p=25505<\/a><\/p>\n<p><img decoding=\"async\" loading=\"lazy\" class=\"alignnone size-full wp-image-25631\" src=\"https:\/\/elcalaixetdelaiaia.es\/wp-content\/uploads\/2023\/07\/11.jpeg\" alt=\"\" width=\"1024\" height=\"768\" srcset=\"https:\/\/elcalaixetdelaiaia.es\/wp-content\/uploads\/2023\/07\/11.jpeg 1024w, https:\/\/elcalaixetdelaiaia.es\/wp-content\/uploads\/2023\/07\/11-300x225.jpeg 300w, https:\/\/elcalaixetdelaiaia.es\/wp-content\/uploads\/2023\/07\/11-768x576.jpeg 768w\" sizes=\"(max-width: 1024px) 100vw, 1024px\" \/><\/p>\n<p>y a\u00f1adiremos todos los ingredientes secos, nuez moscada, canela, (no la pongo hoy, porque a mi nuera no le gusta), sal bicarbonato, las nueces y levadura. Removeremos.<\/p>\n<p><img decoding=\"async\" loading=\"lazy\" class=\"alignnone size-full wp-image-25603\" src=\"https:\/\/elcalaixetdelaiaia.es\/wp-content\/uploads\/2023\/07\/12.jpeg\" alt=\"\" width=\"1024\" height=\"768\" srcset=\"https:\/\/elcalaixetdelaiaia.es\/wp-content\/uploads\/2023\/07\/12.jpeg 1024w, https:\/\/elcalaixetdelaiaia.es\/wp-content\/uploads\/2023\/07\/12-300x225.jpeg 300w, https:\/\/elcalaixetdelaiaia.es\/wp-content\/uploads\/2023\/07\/12-768x576.jpeg 768w\" sizes=\"(max-width: 1024px) 100vw, 1024px\" \/><\/p>\n<p>Ahora iremos a\u00f1adiendo en otro cuenco, uno a uno los huevos, os recomiendo estos huevos alimentados con ma\u00edz, por su olor y sabor. Son los m\u00e1s parecidos que he encontrado a los que que cr\u00edan mi nuera y mi hijo, en mitad de la Sierra de Albarrac\u00edn, pero de los que no puedo disponer siempre. A\u00f1adiremos el primer huevo, batiremos y cuando est\u00e9 integrado seguiremos a\u00f1adiendo huevos, hasta el tercero.<\/p>\n<p><img decoding=\"async\" loading=\"lazy\" class=\"alignnone size-full wp-image-25604\" src=\"https:\/\/elcalaixetdelaiaia.es\/wp-content\/uploads\/2023\/07\/13.jpeg\" alt=\"\" width=\"1024\" height=\"768\" srcset=\"https:\/\/elcalaixetdelaiaia.es\/wp-content\/uploads\/2023\/07\/13.jpeg 1024w, https:\/\/elcalaixetdelaiaia.es\/wp-content\/uploads\/2023\/07\/13-300x225.jpeg 300w, https:\/\/elcalaixetdelaiaia.es\/wp-content\/uploads\/2023\/07\/13-768x576.jpeg 768w\" sizes=\"(max-width: 1024px) 100vw, 1024px\" \/><\/p>\n<p>Lavaremos muy bien la naranja y\u00a0 rallaremos, mas o menos media, pero solamente la zona de piel que tiene color,\u00a0 o sea el flavedo, que es donde est\u00e1n los aceites arom\u00e1ticos y evitaremos la parte blanca llamado albedo, porque amarga. Estos datos, son el fruto de muchas tardes de verano pasados en los bancales, junto a mi querid\u00edsimo iaio Antoniet ,\u00bbToni de Gall\u00f2\u00bb<\/p>\n<p><img decoding=\"async\" loading=\"lazy\" class=\"alignnone size-full wp-image-25605\" src=\"https:\/\/elcalaixetdelaiaia.es\/wp-content\/uploads\/2023\/07\/14.jpeg\" alt=\"\" width=\"1024\" height=\"768\" srcset=\"https:\/\/elcalaixetdelaiaia.es\/wp-content\/uploads\/2023\/07\/14.jpeg 1024w, https:\/\/elcalaixetdelaiaia.es\/wp-content\/uploads\/2023\/07\/14-300x225.jpeg 300w, https:\/\/elcalaixetdelaiaia.es\/wp-content\/uploads\/2023\/07\/14-768x576.jpeg 768w\" sizes=\"(max-width: 1024px) 100vw, 1024px\" \/><\/p>\n<p>batiremos con la varillas manuales y a\u00f1adiremos la harina, reci\u00e9n tamizada mientras seguimos batiendo<\/p>\n<p><img decoding=\"async\" loading=\"lazy\" class=\"alignnone size-full wp-image-25606\" src=\"https:\/\/elcalaixetdelaiaia.es\/wp-content\/uploads\/2023\/07\/15.jpeg\" alt=\"\" width=\"1024\" height=\"768\" srcset=\"https:\/\/elcalaixetdelaiaia.es\/wp-content\/uploads\/2023\/07\/15.jpeg 1024w, https:\/\/elcalaixetdelaiaia.es\/wp-content\/uploads\/2023\/07\/15-300x225.jpeg 300w, https:\/\/elcalaixetdelaiaia.es\/wp-content\/uploads\/2023\/07\/15-768x576.jpeg 768w\" sizes=\"(max-width: 1024px) 100vw, 1024px\" \/><\/p>\n<p>Pondremos a calentar el horno a 180\u00ba con calor arriba y abajo y pondremos la rejilla a media altura.<\/p>\n<p>Escurriremos con la mano la zanahoria que ten\u00edamos en el colador, por si tiene exceso de agua, y a\u00f1adiremos al bol de ingredientes h\u00famedos. Removeremos hasta que se integren todos los ingredientes.<\/p>\n<p><img decoding=\"async\" loading=\"lazy\" class=\"alignnone size-full wp-image-25607\" src=\"https:\/\/elcalaixetdelaiaia.es\/wp-content\/uploads\/2023\/07\/16.jpeg\" alt=\"\" width=\"1024\" height=\"768\" srcset=\"https:\/\/elcalaixetdelaiaia.es\/wp-content\/uploads\/2023\/07\/16.jpeg 1024w, https:\/\/elcalaixetdelaiaia.es\/wp-content\/uploads\/2023\/07\/16-300x225.jpeg 300w, https:\/\/elcalaixetdelaiaia.es\/wp-content\/uploads\/2023\/07\/16-768x576.jpeg 768w\" sizes=\"(max-width: 1024px) 100vw, 1024px\" \/><\/p>\n<p>Volcaremos al molde elegido para el horno, si no es de silicona, os recomiendo encamisarlo, unt\u00e1ndolo de mantequilla y espolvoreando encima harina, retirando el excedente de la misma, dando unos golpecitos, con el molde boca abajo. Hoy lo he repartido en dos moldes m\u00e1s bien peque\u00f1os, de unos 19cm. lo har\u00e9 de s\u00f3lo dos capas y una intermedia de crema aparte de la superior y el voltante de la tarta, pero pod\u00e9is partir por la mitad cada plancha de bizcocho, y hacer cuatro capas, esto ya a vuestro gusto.<\/p>\n<p><img decoding=\"async\" loading=\"lazy\" class=\"alignnone size-full wp-image-25608\" src=\"https:\/\/elcalaixetdelaiaia.es\/wp-content\/uploads\/2023\/07\/17.jpeg\" alt=\"\" width=\"1024\" height=\"768\" srcset=\"https:\/\/elcalaixetdelaiaia.es\/wp-content\/uploads\/2023\/07\/17.jpeg 1024w, https:\/\/elcalaixetdelaiaia.es\/wp-content\/uploads\/2023\/07\/17-300x225.jpeg 300w, https:\/\/elcalaixetdelaiaia.es\/wp-content\/uploads\/2023\/07\/17-768x576.jpeg 768w\" sizes=\"(max-width: 1024px) 100vw, 1024px\" \/><\/p>\n<p>Los pondremos en el horno que ya tenemos precalentado a 180\u00ba, a media altura con calor arriba y abajo, durante unos 45 minutos aproximadamente, si hab\u00e9is puesto dos moldes, si lo hac\u00e9is en uno, ser\u00e1n unos 50m, perooo cada horno necesita unos tiempos distintos, los que os doy, son orientativos. Pasado este tiempo, haremos la prueba del palo de brocheta, hundi\u00e9ndolo en el centro del bizcocho, si sale seco es que ya est\u00e1 listo.<\/p>\n<p><img decoding=\"async\" loading=\"lazy\" class=\"alignnone size-full wp-image-25609\" src=\"https:\/\/elcalaixetdelaiaia.es\/wp-content\/uploads\/2023\/07\/19.jpeg\" alt=\"\" width=\"1024\" height=\"768\" srcset=\"https:\/\/elcalaixetdelaiaia.es\/wp-content\/uploads\/2023\/07\/19.jpeg 1024w, https:\/\/elcalaixetdelaiaia.es\/wp-content\/uploads\/2023\/07\/19-300x225.jpeg 300w, https:\/\/elcalaixetdelaiaia.es\/wp-content\/uploads\/2023\/07\/19-768x576.jpeg 768w\" sizes=\"(max-width: 1024px) 100vw, 1024px\" \/><\/p>\n<p>Lo dejaremos enfriar, sobre una rejilla<\/p>\n<p><img decoding=\"async\" loading=\"lazy\" class=\"alignnone size-full wp-image-25610\" src=\"https:\/\/elcalaixetdelaiaia.es\/wp-content\/uploads\/2023\/07\/20.jpeg\" alt=\"\" width=\"1024\" height=\"768\" srcset=\"https:\/\/elcalaixetdelaiaia.es\/wp-content\/uploads\/2023\/07\/20.jpeg 1024w, https:\/\/elcalaixetdelaiaia.es\/wp-content\/uploads\/2023\/07\/20-300x225.jpeg 300w, https:\/\/elcalaixetdelaiaia.es\/wp-content\/uploads\/2023\/07\/20-768x576.jpeg 768w\" sizes=\"(max-width: 1024px) 100vw, 1024px\" \/><\/p>\n<p>y una vez est\u00e9 fr\u00edo los desmoldamos. Si lo vamos a consumir ya, pasaremos a hacer la crema de queso y montarlo, si no as\u00ed, podemos cortarlo en dos partes con una lira o cuchillo largo, poner papel de horno entre los dos discos, envolverlo muy bien en papel film o una bolsa de congelaci\u00f3n y mantenerlo en el congelador hasta el momento de ir a consumirlo. Se deja descongelar en el frigo, y est\u00e1 buen\u00edsimo. As\u00ed que estos dos bizcochos, bien liados en bolsas de congelaci\u00f3n y al congelador se van.<\/p>\n<p>Ahora con paciencia, voy a ir formando la decoraci\u00f3n de la tarta, que no se como lo voy a hacer, para que se seque con estas temperaturas tal altas, en mitad de verano,\u00a0 pueda trabajar.<\/p>\n<p>Mi idea, es decorarla como si fuera un bastidor de bordado, con su tela, madejas de hijo, agujas, tijeras, dedal, en fin, ya veremos lo que sale, manos a la masaaaaaa.<\/p>\n<p><img decoding=\"async\" loading=\"lazy\" class=\"alignnone size-full wp-image-27924\" src=\"https:\/\/elcalaixetdelaiaia.es\/wp-content\/uploads\/2024\/08\/WhatsApp-Image-2024-07-30-at-17.06.26.jpeg\" alt=\"\" width=\"1600\" height=\"1200\" srcset=\"https:\/\/elcalaixetdelaiaia.es\/wp-content\/uploads\/2024\/08\/WhatsApp-Image-2024-07-30-at-17.06.26.jpeg 1600w, https:\/\/elcalaixetdelaiaia.es\/wp-content\/uploads\/2024\/08\/WhatsApp-Image-2024-07-30-at-17.06.26-300x225.jpeg 300w, https:\/\/elcalaixetdelaiaia.es\/wp-content\/uploads\/2024\/08\/WhatsApp-Image-2024-07-30-at-17.06.26-1024x768.jpeg 1024w, https:\/\/elcalaixetdelaiaia.es\/wp-content\/uploads\/2024\/08\/WhatsApp-Image-2024-07-30-at-17.06.26-768x576.jpeg 768w, https:\/\/elcalaixetdelaiaia.es\/wp-content\/uploads\/2024\/08\/WhatsApp-Image-2024-07-30-at-17.06.26-1536x1152.jpeg 1536w\" sizes=\"(max-width: 1600px) 100vw, 1600px\" \/><\/p>\n<p>Fabricamos un tono gris\u00e1ceo e intentamos hacer algo similar a un dedal. Dejaremos secar.<\/p>\n<p><img decoding=\"async\" loading=\"lazy\" class=\"alignnone size-full wp-image-27925\" src=\"https:\/\/elcalaixetdelaiaia.es\/wp-content\/uploads\/2024\/08\/WhatsApp-Image-2024-07-30-at-17.06.271.jpeg\" alt=\"\" width=\"1600\" height=\"1200\" srcset=\"https:\/\/elcalaixetdelaiaia.es\/wp-content\/uploads\/2024\/08\/WhatsApp-Image-2024-07-30-at-17.06.271.jpeg 1600w, https:\/\/elcalaixetdelaiaia.es\/wp-content\/uploads\/2024\/08\/WhatsApp-Image-2024-07-30-at-17.06.271-300x225.jpeg 300w, https:\/\/elcalaixetdelaiaia.es\/wp-content\/uploads\/2024\/08\/WhatsApp-Image-2024-07-30-at-17.06.271-1024x768.jpeg 1024w, https:\/\/elcalaixetdelaiaia.es\/wp-content\/uploads\/2024\/08\/WhatsApp-Image-2024-07-30-at-17.06.271-768x576.jpeg 768w, https:\/\/elcalaixetdelaiaia.es\/wp-content\/uploads\/2024\/08\/WhatsApp-Image-2024-07-30-at-17.06.271-1536x1152.jpeg 1536w\" sizes=\"(max-width: 1600px) 100vw, 1600px\" \/><\/p>\n<p>Con el mismo fondant, haremos lo m\u00e1s parecido a unas tijeritas de bordar. Dejaremos secar.<\/p>\n<p><img decoding=\"async\" loading=\"lazy\" class=\"alignnone size-full wp-image-27926\" src=\"https:\/\/elcalaixetdelaiaia.es\/wp-content\/uploads\/2024\/08\/WhatsApp-Image-2024-07-30-at-17.06.273.jpeg\" alt=\"\" width=\"1600\" height=\"1201\" srcset=\"https:\/\/elcalaixetdelaiaia.es\/wp-content\/uploads\/2024\/08\/WhatsApp-Image-2024-07-30-at-17.06.273.jpeg 1600w, https:\/\/elcalaixetdelaiaia.es\/wp-content\/uploads\/2024\/08\/WhatsApp-Image-2024-07-30-at-17.06.273-300x225.jpeg 300w, https:\/\/elcalaixetdelaiaia.es\/wp-content\/uploads\/2024\/08\/WhatsApp-Image-2024-07-30-at-17.06.273-1024x769.jpeg 1024w, https:\/\/elcalaixetdelaiaia.es\/wp-content\/uploads\/2024\/08\/WhatsApp-Image-2024-07-30-at-17.06.273-768x576.jpeg 768w, https:\/\/elcalaixetdelaiaia.es\/wp-content\/uploads\/2024\/08\/WhatsApp-Image-2024-07-30-at-17.06.273-1536x1153.jpeg 1536w\" sizes=\"(max-width: 1600px) 100vw, 1600px\" \/><\/p>\n<p>Con mucho cuidado, haremos tambi\u00e9n algunas agujas de distintos tama\u00f1o y dejaremos secar.<\/p>\n<p><img decoding=\"async\" loading=\"lazy\" class=\"alignnone size-full wp-image-27927\" src=\"https:\/\/elcalaixetdelaiaia.es\/wp-content\/uploads\/2024\/08\/WhatsApp-Image-2024-07-30-at-17.06.274.jpeg\" alt=\"\" width=\"1600\" height=\"1200\" srcset=\"https:\/\/elcalaixetdelaiaia.es\/wp-content\/uploads\/2024\/08\/WhatsApp-Image-2024-07-30-at-17.06.274.jpeg 1600w, https:\/\/elcalaixetdelaiaia.es\/wp-content\/uploads\/2024\/08\/WhatsApp-Image-2024-07-30-at-17.06.274-300x225.jpeg 300w, https:\/\/elcalaixetdelaiaia.es\/wp-content\/uploads\/2024\/08\/WhatsApp-Image-2024-07-30-at-17.06.274-1024x768.jpeg 1024w, https:\/\/elcalaixetdelaiaia.es\/wp-content\/uploads\/2024\/08\/WhatsApp-Image-2024-07-30-at-17.06.274-768x576.jpeg 768w, https:\/\/elcalaixetdelaiaia.es\/wp-content\/uploads\/2024\/08\/WhatsApp-Image-2024-07-30-at-17.06.274-1536x1152.jpeg 1536w\" sizes=\"(max-width: 1600px) 100vw, 1600px\" \/><\/p>\n<p>Haremos fondant de distintos colores, y haremos una especie de madejitas, imitando lo mejor posible a las de hilo de bordar. Dejaremos secar, para poder manipularlas. Tened mucho cuidado, pues con el calor, el fondant, se ablanda, se cuartea y se acaba rompiendo \ud83d\ude41<\/p>\n<p><img decoding=\"async\" loading=\"lazy\" class=\"alignnone size-full wp-image-27928\" src=\"https:\/\/elcalaixetdelaiaia.es\/wp-content\/uploads\/2024\/08\/WhatsApp-Image-2024-07-30-at-17.06.275.jpeg\" alt=\"\" width=\"1600\" height=\"1200\" srcset=\"https:\/\/elcalaixetdelaiaia.es\/wp-content\/uploads\/2024\/08\/WhatsApp-Image-2024-07-30-at-17.06.275.jpeg 1600w, https:\/\/elcalaixetdelaiaia.es\/wp-content\/uploads\/2024\/08\/WhatsApp-Image-2024-07-30-at-17.06.275-300x225.jpeg 300w, https:\/\/elcalaixetdelaiaia.es\/wp-content\/uploads\/2024\/08\/WhatsApp-Image-2024-07-30-at-17.06.275-1024x768.jpeg 1024w, https:\/\/elcalaixetdelaiaia.es\/wp-content\/uploads\/2024\/08\/WhatsApp-Image-2024-07-30-at-17.06.275-768x576.jpeg 768w, https:\/\/elcalaixetdelaiaia.es\/wp-content\/uploads\/2024\/08\/WhatsApp-Image-2024-07-30-at-17.06.275-1536x1152.jpeg 1536w\" sizes=\"(max-width: 1600px) 100vw, 1600px\" \/><\/p>\n<p>Con el fondant oscuro, haremos unas fajitas, que iremos envolviendo en las madejitas, para sujetarlas y que no se deshilen. Las pegaremos con un cepillito humedecido en agua, clara de huevo, leche condensada o pegamento de fondant.<\/p>\n<p>Una vez est\u00e9n un poco secas, con un rotulador de pintura dorada comestible, (todo, absolutamente todo, ha de ser comestible, eso, no hac\u00eda ni falto aclararlo&#8230; pero por si acaso) dibujaremos las fajitas de las madejas de hilo.<\/p>\n<p><img decoding=\"async\" loading=\"lazy\" class=\"alignnone size-full wp-image-27929\" src=\"https:\/\/elcalaixetdelaiaia.es\/wp-content\/uploads\/2024\/08\/WhatsApp-Image-2024-07-30-at-17.06.277.jpeg\" alt=\"\" width=\"1600\" height=\"1200\" srcset=\"https:\/\/elcalaixetdelaiaia.es\/wp-content\/uploads\/2024\/08\/WhatsApp-Image-2024-07-30-at-17.06.277.jpeg 1600w, https:\/\/elcalaixetdelaiaia.es\/wp-content\/uploads\/2024\/08\/WhatsApp-Image-2024-07-30-at-17.06.277-300x225.jpeg 300w, https:\/\/elcalaixetdelaiaia.es\/wp-content\/uploads\/2024\/08\/WhatsApp-Image-2024-07-30-at-17.06.277-1024x768.jpeg 1024w, https:\/\/elcalaixetdelaiaia.es\/wp-content\/uploads\/2024\/08\/WhatsApp-Image-2024-07-30-at-17.06.277-768x576.jpeg 768w, https:\/\/elcalaixetdelaiaia.es\/wp-content\/uploads\/2024\/08\/WhatsApp-Image-2024-07-30-at-17.06.277-1536x1152.jpeg 1536w\" sizes=\"(max-width: 1600px) 100vw, 1600px\" \/><\/p>\n<p>Con pintura plata comestible en polvo \u00f3 l\u00edquida, pintaremos las tijeras, el dedal y las agujas de bordar.<\/p>\n<p>Saqu\u00e9 los bizcochos del congelador y los dej\u00e9 en el frigo para montar la tarta al d\u00eda siguiente.<\/p>\n<p>Y ahora, lleg\u00f3 el momento que m\u00e1s dolor de cabeza, o por lo menos calooooor, me ha causado, (ir por media Val\u00e8ncia, en plena cal\u00edgula, en transporte p\u00fablico y andando, en busca de tiendas abiertas y que que tengan lo que necesito, que ni yo misma, s\u00e9 que es &#8230;jajaja) Quer\u00eda, que la masa de fondant que cubra el pastel, no quedara lisa, sino que quedase como con muestra de cuadritos, como lleva la tela Aida, \u00f3 similar. Prob\u00e9 sobre un trozo de fondant a \u00abimprimir\u00bb con un trozo de tela de mosquitera pero, no era la apariencia que buscaba, ya que apenas marcaba. Busqu\u00e9 por mi barrio y las ferreter\u00edas cerradas. Fu\u00ed a Monteolivete y las dos ferreter\u00edas, hab\u00edan cerrado, y no por vacaciones. Fui a Mas Masi\u00e1, y todas las tiendas de menage, en busca de alguna idea que me sirviera y nada. Al final, acab\u00e9 en Tovsi, que por cierto, se fue la luz de tooodo el barrio, y ni siquiera funcionaban los sem\u00e1foros, ni nada de nada, pero el material que encontr\u00e9, tampoco me convenci\u00f3, as\u00ed que me fui al centro y se me ocurri\u00f3 que con un escurridor met\u00e1lico de filtro muy grueso y una tijeras que cortasen metal&#8230;<\/p>\n<p><img decoding=\"async\" loading=\"lazy\" class=\"alignnone size-full wp-image-27930\" src=\"https:\/\/elcalaixetdelaiaia.es\/wp-content\/uploads\/2024\/08\/WhatsApp-Image-2024-07-30-at-17.06.278.jpeg\" alt=\"\" width=\"1600\" height=\"1200\" srcset=\"https:\/\/elcalaixetdelaiaia.es\/wp-content\/uploads\/2024\/08\/WhatsApp-Image-2024-07-30-at-17.06.278.jpeg 1600w, https:\/\/elcalaixetdelaiaia.es\/wp-content\/uploads\/2024\/08\/WhatsApp-Image-2024-07-30-at-17.06.278-300x225.jpeg 300w, https:\/\/elcalaixetdelaiaia.es\/wp-content\/uploads\/2024\/08\/WhatsApp-Image-2024-07-30-at-17.06.278-1024x768.jpeg 1024w, https:\/\/elcalaixetdelaiaia.es\/wp-content\/uploads\/2024\/08\/WhatsApp-Image-2024-07-30-at-17.06.278-768x576.jpeg 768w, https:\/\/elcalaixetdelaiaia.es\/wp-content\/uploads\/2024\/08\/WhatsApp-Image-2024-07-30-at-17.06.278-1536x1152.jpeg 1536w\" sizes=\"(max-width: 1600px) 100vw, 1600px\" \/><\/p>\n<p>Llleg\u00e9 a casa, desvisti\u00e9ndome por el pasillo, que llevaba la ropa pegada por el calor, y el pelo chorreando, (cada vez, me suda m\u00e1s la cabeza y ya no s\u00e9 que hacer, llevo el pelo cortado con m\u00e1quina y rapado y para cocinar, me he de poner una cinta de rizo alrededor de la cabeza, para que no me caiga el sudor por la nariz \u00a1parezco una tenista! jajaja) y directo a la ducha, mientras pensaba en que quer\u00eda, y como lo conseguir\u00eda. Una vez, refrescada de momento, me cubr\u00ed los ojos con gafas de protecci\u00f3n y me puse unos guantes de trabajo. Sal\u00ed a la terraza, porque podr\u00edan saltar trocitos de metal<\/p>\n<p><img decoding=\"async\" loading=\"lazy\" class=\"alignnone size-full wp-image-27931\" src=\"https:\/\/elcalaixetdelaiaia.es\/wp-content\/uploads\/2024\/08\/WhatsApp-Image-2024-07-30-at-17.06.2710.jpeg\" alt=\"\" width=\"1600\" height=\"1217\" srcset=\"https:\/\/elcalaixetdelaiaia.es\/wp-content\/uploads\/2024\/08\/WhatsApp-Image-2024-07-30-at-17.06.2710.jpeg 1600w, https:\/\/elcalaixetdelaiaia.es\/wp-content\/uploads\/2024\/08\/WhatsApp-Image-2024-07-30-at-17.06.2710-300x228.jpeg 300w, https:\/\/elcalaixetdelaiaia.es\/wp-content\/uploads\/2024\/08\/WhatsApp-Image-2024-07-30-at-17.06.2710-1024x779.jpeg 1024w, https:\/\/elcalaixetdelaiaia.es\/wp-content\/uploads\/2024\/08\/WhatsApp-Image-2024-07-30-at-17.06.2710-768x584.jpeg 768w, https:\/\/elcalaixetdelaiaia.es\/wp-content\/uploads\/2024\/08\/WhatsApp-Image-2024-07-30-at-17.06.2710-1536x1168.jpeg 1536w\" sizes=\"(max-width: 1600px) 100vw, 1600px\" \/><\/p>\n<p>Y extremando el cuidado y la paciencia, haciendo bastante fuerza, poco a poco fu\u00ed cortando la malla. Una vez cortada la dobl\u00e9 aplan\u00e9 lo mejor que pude.<\/p>\n<p><img decoding=\"async\" loading=\"lazy\" class=\"alignnone size-full wp-image-27932\" src=\"https:\/\/elcalaixetdelaiaia.es\/wp-content\/uploads\/2024\/08\/WhatsApp-Image-2024-07-30-at-17.06.2713.jpeg\" alt=\"\" width=\"1600\" height=\"1200\" srcset=\"https:\/\/elcalaixetdelaiaia.es\/wp-content\/uploads\/2024\/08\/WhatsApp-Image-2024-07-30-at-17.06.2713.jpeg 1600w, https:\/\/elcalaixetdelaiaia.es\/wp-content\/uploads\/2024\/08\/WhatsApp-Image-2024-07-30-at-17.06.2713-300x225.jpeg 300w, https:\/\/elcalaixetdelaiaia.es\/wp-content\/uploads\/2024\/08\/WhatsApp-Image-2024-07-30-at-17.06.2713-1024x768.jpeg 1024w, https:\/\/elcalaixetdelaiaia.es\/wp-content\/uploads\/2024\/08\/WhatsApp-Image-2024-07-30-at-17.06.2713-768x576.jpeg 768w, https:\/\/elcalaixetdelaiaia.es\/wp-content\/uploads\/2024\/08\/WhatsApp-Image-2024-07-30-at-17.06.2713-1536x1152.jpeg 1536w\" sizes=\"(max-width: 1600px) 100vw, 1600px\" \/><\/p>\n<p>La limpi\u00e9 y desinfect\u00e9 lo mejor que pude, con agua caliente, cepillo met\u00e1lico y jab\u00f3n. La sequ\u00e9 a fondo con papel de cocina, y la puse al sol, para que secase por completo.<\/p>\n<p>Y mientras tanto&#8230; manos a la obra, para preparar la crema, el queso de untar ha de estar muy fr\u00edo y la mantequilla de aspecto pomada. Mi recomendaci\u00f3n, es, que la crema la prepar\u00e9is el d\u00eda de antes, manteni\u00e9ndola en el frigo, porque si escalonamos el trabajo, todo es m\u00e1s sencillo, y porque as\u00ed obtendremos una crema de consistencia mas dura, que facilitar\u00e1 el montado de la tarta.<\/p>\n<p><img decoding=\"async\" loading=\"lazy\" class=\"alignnone size-full wp-image-25612\" src=\"https:\/\/elcalaixetdelaiaia.es\/wp-content\/uploads\/2023\/07\/22.jpeg\" alt=\"\" width=\"1024\" height=\"768\" srcset=\"https:\/\/elcalaixetdelaiaia.es\/wp-content\/uploads\/2023\/07\/22.jpeg 1024w, https:\/\/elcalaixetdelaiaia.es\/wp-content\/uploads\/2023\/07\/22-300x225.jpeg 300w, https:\/\/elcalaixetdelaiaia.es\/wp-content\/uploads\/2023\/07\/22-768x576.jpeg 768w\" sizes=\"(max-width: 1024px) 100vw, 1024px\" \/><\/p>\n<p>Os aconsejo el az\u00facar glas comercializado, porque con el que hacemos en casa, la crema no queda igual. Pondremos el az\u00facar glas en un recipiente, (acordaros de poner los recipientes en la b\u00e1scula, antes de conectar la misma, para que el peso del mismo no se refleje y nos estropee la cantidades).<\/p>\n<p><img decoding=\"async\" loading=\"lazy\" class=\"alignnone size-full wp-image-25613\" src=\"https:\/\/elcalaixetdelaiaia.es\/wp-content\/uploads\/2023\/07\/23.jpeg\" alt=\"\" width=\"1024\" height=\"768\" srcset=\"https:\/\/elcalaixetdelaiaia.es\/wp-content\/uploads\/2023\/07\/23.jpeg 1024w, https:\/\/elcalaixetdelaiaia.es\/wp-content\/uploads\/2023\/07\/23-300x225.jpeg 300w, https:\/\/elcalaixetdelaiaia.es\/wp-content\/uploads\/2023\/07\/23-768x576.jpeg 768w\" sizes=\"(max-width: 1024px) 100vw, 1024px\" \/><\/p>\n<p>Y junto a la mantequilla en temperatura ambiente<\/p>\n<p><img decoding=\"async\" loading=\"lazy\" class=\"alignnone size-full wp-image-25614\" src=\"https:\/\/elcalaixetdelaiaia.es\/wp-content\/uploads\/2023\/07\/24.jpeg\" alt=\"\" width=\"948\" height=\"680\" srcset=\"https:\/\/elcalaixetdelaiaia.es\/wp-content\/uploads\/2023\/07\/24.jpeg 948w, https:\/\/elcalaixetdelaiaia.es\/wp-content\/uploads\/2023\/07\/24-300x215.jpeg 300w, https:\/\/elcalaixetdelaiaia.es\/wp-content\/uploads\/2023\/07\/24-768x551.jpeg 768w\" sizes=\"(max-width: 948px) 100vw, 948px\" \/><\/p>\n<p>a\u00f1adiremos el zumo de naranja, mezclaremos,<\/p>\n<p><img decoding=\"async\" loading=\"lazy\" class=\"alignnone size-full wp-image-25615\" src=\"https:\/\/elcalaixetdelaiaia.es\/wp-content\/uploads\/2023\/07\/25.jpeg\" alt=\"\" width=\"1024\" height=\"768\" srcset=\"https:\/\/elcalaixetdelaiaia.es\/wp-content\/uploads\/2023\/07\/25.jpeg 1024w, https:\/\/elcalaixetdelaiaia.es\/wp-content\/uploads\/2023\/07\/25-300x225.jpeg 300w, https:\/\/elcalaixetdelaiaia.es\/wp-content\/uploads\/2023\/07\/25-768x576.jpeg 768w\" sizes=\"(max-width: 1024px) 100vw, 1024px\" \/><\/p>\n<p>y a\u00f1adiremos el queso crema, lo batiremos con varillas el\u00e9ctricas,<\/p>\n<p><img decoding=\"async\" loading=\"lazy\" class=\"alignnone size-full wp-image-25617\" src=\"https:\/\/elcalaixetdelaiaia.es\/wp-content\/uploads\/2023\/07\/27.jpeg\" alt=\"\" width=\"1024\" height=\"768\" srcset=\"https:\/\/elcalaixetdelaiaia.es\/wp-content\/uploads\/2023\/07\/27.jpeg 1024w, https:\/\/elcalaixetdelaiaia.es\/wp-content\/uploads\/2023\/07\/27-300x225.jpeg 300w, https:\/\/elcalaixetdelaiaia.es\/wp-content\/uploads\/2023\/07\/27-768x576.jpeg 768w\" sizes=\"(max-width: 1024px) 100vw, 1024px\" \/><\/p>\n<p>durante unos 3 minutos,<\/p>\n<p><img decoding=\"async\" loading=\"lazy\" class=\"alignnone size-full wp-image-25618\" src=\"https:\/\/elcalaixetdelaiaia.es\/wp-content\/uploads\/2023\/07\/28.jpeg\" alt=\"\" width=\"1024\" height=\"768\" srcset=\"https:\/\/elcalaixetdelaiaia.es\/wp-content\/uploads\/2023\/07\/28.jpeg 1024w, https:\/\/elcalaixetdelaiaia.es\/wp-content\/uploads\/2023\/07\/28-300x225.jpeg 300w, https:\/\/elcalaixetdelaiaia.es\/wp-content\/uploads\/2023\/07\/28-768x576.jpeg 768w\" sizes=\"(max-width: 1024px) 100vw, 1024px\" \/>taparemos herm\u00e9ticamente, y al frigo.<\/p>\n<p><img decoding=\"async\" loading=\"lazy\" class=\"alignnone size-full wp-image-25619\" src=\"https:\/\/elcalaixetdelaiaia.es\/wp-content\/uploads\/2023\/07\/29.jpeg\" alt=\"\" width=\"1024\" height=\"768\" srcset=\"https:\/\/elcalaixetdelaiaia.es\/wp-content\/uploads\/2023\/07\/29.jpeg 1024w, https:\/\/elcalaixetdelaiaia.es\/wp-content\/uploads\/2023\/07\/29-300x225.jpeg 300w, https:\/\/elcalaixetdelaiaia.es\/wp-content\/uploads\/2023\/07\/29-768x576.jpeg 768w\" sizes=\"(max-width: 1024px) 100vw, 1024px\" \/><\/p>\n<p>Si el bizcocho nos ha quedado con \u00abmonta\u00f1ita\u00bb cortaremos para dejar la superficie bien plana y haremos los cortes necesarios en el bizcocho para conseguir los pisos que hayamos decidido hacer, hoy har\u00e9 dos.<\/p>\n<p><img decoding=\"async\" loading=\"lazy\" class=\"alignnone size-full wp-image-25620\" src=\"https:\/\/elcalaixetdelaiaia.es\/wp-content\/uploads\/2023\/07\/30-2.jpeg\" alt=\"\" width=\"1024\" height=\"746\" srcset=\"https:\/\/elcalaixetdelaiaia.es\/wp-content\/uploads\/2023\/07\/30-2.jpeg 1024w, https:\/\/elcalaixetdelaiaia.es\/wp-content\/uploads\/2023\/07\/30-2-300x219.jpeg 300w, https:\/\/elcalaixetdelaiaia.es\/wp-content\/uploads\/2023\/07\/30-2-768x560.jpeg 768w\" sizes=\"(max-width: 1024px) 100vw, 1024px\" \/><\/p>\n<p>que ir\u00e9 rellenando con la crema, tras haber dispuesto dos trozos de papel de horno superpuestos sobre la bandeja de servir, con el fin de que una vez terminada de aplicar la crema, pueda tirar de ambos, y me quede la bandeja impecable, sin muestra alguna de mancha de crema \ud83d\ude09 Cubriremos la parte de arriba y todo el bizcocho alrededor, con la crema.<\/p>\n<p><img decoding=\"async\" loading=\"lazy\" class=\"alignnone size-full wp-image-27934\" src=\"https:\/\/elcalaixetdelaiaia.es\/wp-content\/uploads\/2024\/08\/WhatsApp-Image-2024-07-30-at-17.06.2711.jpeg\" alt=\"\" width=\"1600\" height=\"1145\" srcset=\"https:\/\/elcalaixetdelaiaia.es\/wp-content\/uploads\/2024\/08\/WhatsApp-Image-2024-07-30-at-17.06.2711.jpeg 1600w, https:\/\/elcalaixetdelaiaia.es\/wp-content\/uploads\/2024\/08\/WhatsApp-Image-2024-07-30-at-17.06.2711-300x215.jpeg 300w, https:\/\/elcalaixetdelaiaia.es\/wp-content\/uploads\/2024\/08\/WhatsApp-Image-2024-07-30-at-17.06.2711-1024x733.jpeg 1024w, https:\/\/elcalaixetdelaiaia.es\/wp-content\/uploads\/2024\/08\/WhatsApp-Image-2024-07-30-at-17.06.2711-768x550.jpeg 768w, https:\/\/elcalaixetdelaiaia.es\/wp-content\/uploads\/2024\/08\/WhatsApp-Image-2024-07-30-at-17.06.2711-1536x1099.jpeg 1536w\" sizes=\"(max-width: 1600px) 100vw, 1600px\" \/><\/p>\n<p>Preparamos fondant que imite al color madera, que ser\u00e1 nuestro bastidor, y con ese color, y un trozo del gris,\u00a0 formaremos con dos cuadraditos el soporte del cierre del bastidor y un tornillo con su tuerca.<\/p>\n<p><img decoding=\"async\" loading=\"lazy\" class=\"alignnone size-full wp-image-25914\" src=\"https:\/\/elcalaixetdelaiaia.es\/wp-content\/uploads\/2023\/11\/15-1.jpeg\" alt=\"\" width=\"1024\" height=\"768\" srcset=\"https:\/\/elcalaixetdelaiaia.es\/wp-content\/uploads\/2023\/11\/15-1.jpeg 1024w, https:\/\/elcalaixetdelaiaia.es\/wp-content\/uploads\/2023\/11\/15-1-300x225.jpeg 300w, https:\/\/elcalaixetdelaiaia.es\/wp-content\/uploads\/2023\/11\/15-1-768x576.jpeg 768w\" sizes=\"(max-width: 1024px) 100vw, 1024px\" \/><\/p>\n<p>amasaremos y expandiremos con el rodillo, una bola de fondant blanco, poniendo sobre la superficie de trabajo az\u00facar glas, para que no se pegue, y haremos un c\u00edrculo o un cuadrado, del di\u00e1metro de la tarta, incluidos laterales, y que de para dejarla colgando, como si fuera una trozo de tela, de labor<\/p>\n<p><img decoding=\"async\" loading=\"lazy\" class=\"alignnone size-full wp-image-27933\" src=\"https:\/\/elcalaixetdelaiaia.es\/wp-content\/uploads\/2024\/08\/WhatsApp-Image-2024-07-30-at-17.06.2714.jpeg\" alt=\"\" width=\"1600\" height=\"1200\" srcset=\"https:\/\/elcalaixetdelaiaia.es\/wp-content\/uploads\/2024\/08\/WhatsApp-Image-2024-07-30-at-17.06.2714.jpeg 1600w, https:\/\/elcalaixetdelaiaia.es\/wp-content\/uploads\/2024\/08\/WhatsApp-Image-2024-07-30-at-17.06.2714-300x225.jpeg 300w, https:\/\/elcalaixetdelaiaia.es\/wp-content\/uploads\/2024\/08\/WhatsApp-Image-2024-07-30-at-17.06.2714-1024x768.jpeg 1024w, https:\/\/elcalaixetdelaiaia.es\/wp-content\/uploads\/2024\/08\/WhatsApp-Image-2024-07-30-at-17.06.2714-768x576.jpeg 768w, https:\/\/elcalaixetdelaiaia.es\/wp-content\/uploads\/2024\/08\/WhatsApp-Image-2024-07-30-at-17.06.2714-1536x1152.jpeg 1536w\" sizes=\"(max-width: 1600px) 100vw, 1600px\" \/><\/p>\n<p>Colocaremos sobre el fondant, la malla que tenemos al sol y pasaremos el rodillo sobre la misma, tratando de formar el dibujo de la tela. Poniendo sobre el rodillo el necesario az\u00facar glas para evitar que se pegue, trasladaremos el fondant sobre la tarta,<\/p>\n<p><img decoding=\"async\" loading=\"lazy\" class=\"alignnone size-full wp-image-27935\" src=\"https:\/\/elcalaixetdelaiaia.es\/wp-content\/uploads\/2024\/08\/WhatsApp-Image-2024-07-30-at-17.06.2715.jpeg\" alt=\"\" width=\"1600\" height=\"1200\" srcset=\"https:\/\/elcalaixetdelaiaia.es\/wp-content\/uploads\/2024\/08\/WhatsApp-Image-2024-07-30-at-17.06.2715.jpeg 1600w, https:\/\/elcalaixetdelaiaia.es\/wp-content\/uploads\/2024\/08\/WhatsApp-Image-2024-07-30-at-17.06.2715-300x225.jpeg 300w, https:\/\/elcalaixetdelaiaia.es\/wp-content\/uploads\/2024\/08\/WhatsApp-Image-2024-07-30-at-17.06.2715-1024x768.jpeg 1024w, https:\/\/elcalaixetdelaiaia.es\/wp-content\/uploads\/2024\/08\/WhatsApp-Image-2024-07-30-at-17.06.2715-768x576.jpeg 768w, https:\/\/elcalaixetdelaiaia.es\/wp-content\/uploads\/2024\/08\/WhatsApp-Image-2024-07-30-at-17.06.2715-1536x1152.jpeg 1536w\" sizes=\"(max-width: 1600px) 100vw, 1600px\" \/><\/p>\n<p>cubriendo todo el bizcocho con el fondant e intentando hacer los pliegues adecuados para que descanse sobre la base. Colocaremos el nombre de la cumplea\u00f1era, como si estuviese bordado (o esa es la intenci\u00f3n&#8230;)<\/p>\n<p>haremos una tira con el fondant color madera de unos dos cm. de ancha por el di\u00e1metro de largo de la tarta, y aqu\u00ed comenz\u00f3 una odisea. Colocaba \u00abel bastidor\u00bb y cuando iba a pegarle el trozo que hace de cierre con el tornillo y la tuerca, se cuarteaba, se ca\u00eda y ten\u00eda que volver a comenzar de nuevo. Se acercaba la hora en que vendr\u00edan a por mi, y la tarta estaba sin terminar, yo sin duchar ni vestir, y el tiempo corr\u00eda. tuve que hacer tres \u00abbastidores\u00bb y nada, que no hab\u00eda forma. Al final me decid\u00ed a hacerlo en plan rulo, en lugar de plano, porque no ten\u00eda otra opci\u00f3n,podr\u00eda sujetarlo con palillos, pero no quise hacerlo as\u00ed, y el pegamento era insufucuente para mantemer el bastidor en su sitio&#8230;resbalaba hacia abajo y se romp\u00eda, estaba desesperada y la pieza que hab\u00eda pegado ya en tres ocasiones, comenzaba a deformarse, as\u00ed que finalmente, hice un rulo, (que m\u00e1s parece una rosquilleta mal hecha) lo pegu\u00e9 a la tarta, puse el cierre y, como qued\u00f3, qued\u00f3, no hab\u00eda tiempo de m\u00e1s.<\/p>\n<p><img decoding=\"async\" loading=\"lazy\" class=\"alignnone size-full wp-image-27937\" src=\"https:\/\/elcalaixetdelaiaia.es\/wp-content\/uploads\/2024\/08\/WhatsApp-Image-2024-07-30-at-17.06.2718.jpeg\" alt=\"\" width=\"1600\" height=\"1200\" srcset=\"https:\/\/elcalaixetdelaiaia.es\/wp-content\/uploads\/2024\/08\/WhatsApp-Image-2024-07-30-at-17.06.2718.jpeg 1600w, https:\/\/elcalaixetdelaiaia.es\/wp-content\/uploads\/2024\/08\/WhatsApp-Image-2024-07-30-at-17.06.2718-300x225.jpeg 300w, https:\/\/elcalaixetdelaiaia.es\/wp-content\/uploads\/2024\/08\/WhatsApp-Image-2024-07-30-at-17.06.2718-1024x768.jpeg 1024w, https:\/\/elcalaixetdelaiaia.es\/wp-content\/uploads\/2024\/08\/WhatsApp-Image-2024-07-30-at-17.06.2718-768x576.jpeg 768w, https:\/\/elcalaixetdelaiaia.es\/wp-content\/uploads\/2024\/08\/WhatsApp-Image-2024-07-30-at-17.06.2718-1536x1152.jpeg 1536w\" sizes=\"(max-width: 1600px) 100vw, 1600px\" \/><\/p>\n<p>Puse unas florecitas, hice el hilo y lo pas\u00e9 por la aguja y a\u00f1ad\u00ed las tijeras, el dedal y las madejitas de hilo. Cerr\u00e9 el portatartas y corriendo a la ducha, madre de Dios \u00a1que sudada!<\/p>\n<p><img decoding=\"async\" loading=\"lazy\" class=\"alignnone size-full wp-image-27938\" src=\"https:\/\/elcalaixetdelaiaia.es\/wp-content\/uploads\/2024\/08\/WhatsApp-Image-2024-07-30-at-17.06.2719.jpeg\" alt=\"\" width=\"1600\" height=\"1200\" srcset=\"https:\/\/elcalaixetdelaiaia.es\/wp-content\/uploads\/2024\/08\/WhatsApp-Image-2024-07-30-at-17.06.2719.jpeg 1600w, https:\/\/elcalaixetdelaiaia.es\/wp-content\/uploads\/2024\/08\/WhatsApp-Image-2024-07-30-at-17.06.2719-300x225.jpeg 300w, https:\/\/elcalaixetdelaiaia.es\/wp-content\/uploads\/2024\/08\/WhatsApp-Image-2024-07-30-at-17.06.2719-1024x768.jpeg 1024w, https:\/\/elcalaixetdelaiaia.es\/wp-content\/uploads\/2024\/08\/WhatsApp-Image-2024-07-30-at-17.06.2719-768x576.jpeg 768w, https:\/\/elcalaixetdelaiaia.es\/wp-content\/uploads\/2024\/08\/WhatsApp-Image-2024-07-30-at-17.06.2719-1536x1152.jpeg 1536w\" sizes=\"(max-width: 1600px) 100vw, 1600px\" \/><\/p>\n<p>Met\u00ed el portatartas en una bolsa\/nevera port\u00e1til y dentro de una caja de cart\u00f3n. En cuanto llegamos al chalet, corriendo al frigo y a rezar porque aguantase hasta la hora del postre.<\/p>\n<p><img decoding=\"async\" loading=\"lazy\" class=\"alignnone size-full wp-image-27939\" src=\"https:\/\/elcalaixetdelaiaia.es\/wp-content\/uploads\/2024\/08\/WhatsApp-Image-2024-07-30-at-17.06.2720.jpeg\" alt=\"\" width=\"1600\" height=\"1200\" srcset=\"https:\/\/elcalaixetdelaiaia.es\/wp-content\/uploads\/2024\/08\/WhatsApp-Image-2024-07-30-at-17.06.2720.jpeg 1600w, https:\/\/elcalaixetdelaiaia.es\/wp-content\/uploads\/2024\/08\/WhatsApp-Image-2024-07-30-at-17.06.2720-300x225.jpeg 300w, https:\/\/elcalaixetdelaiaia.es\/wp-content\/uploads\/2024\/08\/WhatsApp-Image-2024-07-30-at-17.06.2720-1024x768.jpeg 1024w, https:\/\/elcalaixetdelaiaia.es\/wp-content\/uploads\/2024\/08\/WhatsApp-Image-2024-07-30-at-17.06.2720-768x576.jpeg 768w, https:\/\/elcalaixetdelaiaia.es\/wp-content\/uploads\/2024\/08\/WhatsApp-Image-2024-07-30-at-17.06.2720-1536x1152.jpeg 1536w\" sizes=\"(max-width: 1600px) 100vw, 1600px\" \/><\/p>\n<p>Y llegado el momento de cantar el cumplea\u00f1os feliz, as\u00ed quedaba la tarta, no puedo quejarme, tras las peripecias, el viaje en coche, y las alt\u00edsimas temperaturas.<\/p>\n<p><img decoding=\"async\" loading=\"lazy\" class=\"alignnone size-full wp-image-27940\" src=\"https:\/\/elcalaixetdelaiaia.es\/wp-content\/uploads\/2024\/08\/WhatsApp-Image-2024-07-30-at-17.06.2721.jpeg\" alt=\"\" width=\"1534\" height=\"1130\" srcset=\"https:\/\/elcalaixetdelaiaia.es\/wp-content\/uploads\/2024\/08\/WhatsApp-Image-2024-07-30-at-17.06.2721.jpeg 1534w, https:\/\/elcalaixetdelaiaia.es\/wp-content\/uploads\/2024\/08\/WhatsApp-Image-2024-07-30-at-17.06.2721-300x221.jpeg 300w, https:\/\/elcalaixetdelaiaia.es\/wp-content\/uploads\/2024\/08\/WhatsApp-Image-2024-07-30-at-17.06.2721-1024x754.jpeg 1024w, https:\/\/elcalaixetdelaiaia.es\/wp-content\/uploads\/2024\/08\/WhatsApp-Image-2024-07-30-at-17.06.2721-768x566.jpeg 768w\" sizes=\"(max-width: 1534px) 100vw, 1534px\" \/><\/p>\n<p>Como siempre comparto todo con vosotros, quede como quede, os pongo im\u00e1genes de distintos \u00e1ngulos, aunque no tengo verg\u00fcenza, por lo mal que qued\u00f3 el bastidor, pero&#8230; es lo que hay&#8230;ya sab\u00e9is que comparto TODO con vosotros, aqu\u00ed no se maquilla nada, y lo publico todo tal cual, sin trampa ni cart\u00f3n.<\/p>\n<p><img decoding=\"async\" loading=\"lazy\" class=\"alignnone size-full wp-image-27941\" src=\"https:\/\/elcalaixetdelaiaia.es\/wp-content\/uploads\/2024\/08\/WhatsApp-Image-2024-07-30-at-17.06.2722.jpeg\" alt=\"\" width=\"1600\" height=\"1200\" srcset=\"https:\/\/elcalaixetdelaiaia.es\/wp-content\/uploads\/2024\/08\/WhatsApp-Image-2024-07-30-at-17.06.2722.jpeg 1600w, https:\/\/elcalaixetdelaiaia.es\/wp-content\/uploads\/2024\/08\/WhatsApp-Image-2024-07-30-at-17.06.2722-300x225.jpeg 300w, https:\/\/elcalaixetdelaiaia.es\/wp-content\/uploads\/2024\/08\/WhatsApp-Image-2024-07-30-at-17.06.2722-1024x768.jpeg 1024w, https:\/\/elcalaixetdelaiaia.es\/wp-content\/uploads\/2024\/08\/WhatsApp-Image-2024-07-30-at-17.06.2722-768x576.jpeg 768w, https:\/\/elcalaixetdelaiaia.es\/wp-content\/uploads\/2024\/08\/WhatsApp-Image-2024-07-30-at-17.06.2722-1536x1152.jpeg 1536w\" sizes=\"(max-width: 1600px) 100vw, 1600px\" \/><\/p>\n<p>Eso si, de sabor estaba divina y parece que gust\u00f3 a todos, sobretodo a la cumplea\u00f1era.<\/p>\n<p>Moltissssssimes felicitats preciosa, per mooolts anys que puga fer-te una tortada, quede, com siga. Muaksssss.<\/p>\n<p>\u00abA la taula i&#8230; BON PROFIT!!! \u00bb<\/p>\n<p>Si quer\u00e9is compartir, me ayud\u00e1is a llegar a mas gente. Recuerda que tambi\u00e9n estoy en Faceboock; https:\/\/www.facebook.com\/El-calaixet-de-la-iaia-533062140099386\/<\/p>\n<p>y que espero tus comentarios. Gracias.<\/p>\n","protected":false},"excerpt":{"rendered":"<p>\u00abRefrany; Qui estima, defectes no mira\u00bb Quien ama, defectos no mira. Mis dos nueras, son unas\u00a0 aut\u00e9nticas artistas, en distintos campos. Son completamente autodidactas y tienen unas maravillosas manos, de las que salen verdaderas preciosidades. El a\u00f1o pasado, para el cumple de mi nuera peque\u00f1a, le hice una tarta de &hellip; <\/p>\n","protected":false},"author":2,"featured_media":27938,"comment_status":"open","ping_status":"open","sticky":false,"template":"","format":"standard","meta":[],"categories":[6,1],"tags":[],"_links":{"self":[{"href":"https:\/\/elcalaixetdelaiaia.es\/index.php?rest_route=\/wp\/v2\/posts\/27923"}],"collection":[{"href":"https:\/\/elcalaixetdelaiaia.es\/index.php?rest_route=\/wp\/v2\/posts"}],"about":[{"href":"https:\/\/elcalaixetdelaiaia.es\/index.php?rest_route=\/wp\/v2\/types\/post"}],"author":[{"embeddable":true,"href":"https:\/\/elcalaixetdelaiaia.es\/index.php?rest_route=\/wp\/v2\/users\/2"}],"replies":[{"embeddable":true,"href":"https:\/\/elcalaixetdelaiaia.es\/index.php?rest_route=%2Fwp%2Fv2%2Fcomments&post=27923"}],"version-history":[{"count":21,"href":"https:\/\/elcalaixetdelaiaia.es\/index.php?rest_route=\/wp\/v2\/posts\/27923\/revisions"}],"predecessor-version":[{"id":27998,"href":"https:\/\/elcalaixetdelaiaia.es\/index.php?rest_route=\/wp\/v2\/posts\/27923\/revisions\/27998"}],"wp:featuredmedia":[{"embeddable":true,"href":"https:\/\/elcalaixetdelaiaia.es\/index.php?rest_route=\/wp\/v2\/media\/27938"}],"wp:attachment":[{"href":"https:\/\/elcalaixetdelaiaia.es\/index.php?rest_route=%2Fwp%2Fv2%2Fmedia&parent=27923"}],"wp:term":[{"taxonomy":"category","embeddable":true,"href":"https:\/\/elcalaixetdelaiaia.es\/index.php?rest_route=%2Fwp%2Fv2%2Fcategories&post=27923"},{"taxonomy":"post_tag","embeddable":true,"href":"https:\/\/elcalaixetdelaiaia.es\/index.php?rest_route=%2Fwp%2Fv2%2Ftags&post=27923"}],"curies":[{"name":"wp","href":"https:\/\/api.w.org\/{rel}","templated":true}]}}