{"id":27879,"date":"2024-08-04T00:00:45","date_gmt":"2024-08-04T00:00:45","guid":{"rendered":"https:\/\/elcalaixetdelaiaia.es\/?p=27879"},"modified":"2024-08-04T07:36:14","modified_gmt":"2024-08-04T07:36:14","slug":"flan-chocolate-y-vainilla-rapido-facil-y-rico-paso-a-paso-foto-a-foto","status":"publish","type":"post","link":"https:\/\/elcalaixetdelaiaia.es\/?p=27879","title":{"rendered":"Flan chocolate y vainilla r\u00e1pido f\u00e1cil y rico paso a paso foto a foto"},"content":{"rendered":"<p>\u00abEls records que mes valore, mai desapareixen\u00bb Los recuerdos que m\u00e1s valoro, nunca desaparecen.<\/p>\n<p>En mi blog, hay publicadas, distintas y variadas recetas de flan.<\/p>\n<p>Pero&#8230;faltaba esta, por sencilla y f\u00e1cil, no la hab\u00eda publicado&#8230;es tan s\u00f3lo leer y poner en pr\u00e1ctica las instrucciones del fabricante.<\/p>\n<p>Es el postre que nos recuerda a nuestros iaia y padres, el flan de casa, que se ha hecho toda la vida. Lo hac\u00eda nuestra iaia, luego la mam\u00e1 y m\u00e1s tarde el pap\u00e1. Sin la m\u00ednima complicaci\u00f3n, las comidas o cenas familiares, se remataban con este flan, pero <em><strong>n u n c a<\/strong><\/em> de otra marca, siempre siempre, Flan Chino Mandar\u00edn.<\/p>\n<p><img decoding=\"async\" loading=\"lazy\" class=\"alignnone size-full wp-image-27883\" src=\"https:\/\/elcalaixetdelaiaia.es\/wp-content\/uploads\/2024\/08\/IMG_8143-scaled.jpg\" alt=\"\" width=\"2019\" height=\"2560\" srcset=\"https:\/\/elcalaixetdelaiaia.es\/wp-content\/uploads\/2024\/08\/IMG_8143-scaled.jpg 2019w, https:\/\/elcalaixetdelaiaia.es\/wp-content\/uploads\/2024\/08\/IMG_8143-237x300.jpg 237w, https:\/\/elcalaixetdelaiaia.es\/wp-content\/uploads\/2024\/08\/IMG_8143-808x1024.jpg 808w, https:\/\/elcalaixetdelaiaia.es\/wp-content\/uploads\/2024\/08\/IMG_8143-768x974.jpg 768w, https:\/\/elcalaixetdelaiaia.es\/wp-content\/uploads\/2024\/08\/IMG_8143-1212x1536.jpg 1212w, https:\/\/elcalaixetdelaiaia.es\/wp-content\/uploads\/2024\/08\/IMG_8143-1615x2048.jpg 1615w\" sizes=\"(max-width: 2019px) 100vw, 2019px\" \/><\/p>\n<p>Un flan que no necesita horno ni ba\u00f1o Mar\u00eda. El flan de mi casa y el favorito sobretodo, de mi hermano Salva.<\/p>\n<p>El flan, ha sido siempre el postre reina en casa de mis padres. Tanto la iaia, como mi madre, y a\u00f1os despu\u00e9s mi padre, hac\u00edan el flan mas rico que se pueda imaginar.<\/p>\n<p>Mi padre, siempre contaba que los s\u00e1bados, de novios, esperaba a mi madre cerrar la peluquer\u00eda en la calle Ambaixador Vich, en la esquina del palacio del Marques de Dos aguas, y en cuanto aparec\u00eda en el portal, se cog\u00edan del brazo y se iban a la Plaza de la Merc\u00e8. En la esquina con la calle Calabazas, junto al n\u00ba 5, en el chafl\u00e1n, hab\u00eda por aquellos a\u00f1os (unos 69) una peque\u00f1a lecher\u00eda con unas mesitas en la misma plaza de la Merc\u00e8, y all\u00ed disfrutaban,\u00a0 cada s\u00e1bado, un flan de vainilla y chocolate.<\/p>\n<p>A\u00f1os despu\u00e9s siendo yo peque\u00f1a, recuerdo perfectamente, haber ido con ellos y mi iaia,\u00a0 (cuando aprovech\u00e1bamos para comprar en Mas Masi\u00e1), a comer ese mismo flan, en esa misma lecher\u00eda, (quiz\u00e1s alguien que me lea, la recuerde),<\/p>\n<p><img decoding=\"async\" loading=\"lazy\" class=\"alignnone size-full wp-image-27881\" src=\"https:\/\/elcalaixetdelaiaia.es\/wp-content\/uploads\/2024\/08\/lleteria-flan-papaitos.jpg\" alt=\"\" width=\"1600\" height=\"1200\" srcset=\"https:\/\/elcalaixetdelaiaia.es\/wp-content\/uploads\/2024\/08\/lleteria-flan-papaitos.jpg 1600w, https:\/\/elcalaixetdelaiaia.es\/wp-content\/uploads\/2024\/08\/lleteria-flan-papaitos-300x225.jpg 300w, https:\/\/elcalaixetdelaiaia.es\/wp-content\/uploads\/2024\/08\/lleteria-flan-papaitos-1024x768.jpg 1024w, https:\/\/elcalaixetdelaiaia.es\/wp-content\/uploads\/2024\/08\/lleteria-flan-papaitos-768x576.jpg 768w, https:\/\/elcalaixetdelaiaia.es\/wp-content\/uploads\/2024\/08\/lleteria-flan-papaitos-1536x1152.jpg 1536w\" sizes=\"(max-width: 1600px) 100vw, 1600px\" \/><\/p>\n<p>que a\u00f1os despu\u00e9s fue un estanco, y ahora hay otro comercio, como pod\u00e9is ver en la foto que pongo arriba. Bueno, pues la iaia comenz\u00f3 a prepararlo en casa y se convirti\u00f3 un cl\u00e1sico en nuestra mesa.<\/p>\n<p>Siempre con flan chino Mandar\u00edn. En mi cocina cuando se trata de flan no casero (del que hacemos nosotros con huevos etc.) no entra otro, es el flan que usaba mi iaia, mi madre y mi padre y no he encontrado hoy d\u00eda otro igual, en sabor suavidad y textura. Cuando muri\u00f3 mi madre, el pap\u00e1 iba al Mercado Central y compraba para \u00e9l y para mi. Ahora me cuesta mucho de conseguir ya que no lo venden ni en Mercadona ni en Cons\u00fam ni en Lidl, as\u00ed que aprovecho mis visitas al Mercat Central, Mercat de Russafa o al Mercat del Cabanyal para comprarlo ya que en las paradas y tiendecitas de ultramarinos de toda la vida es donde lo encuentro, por poco mas de un \u20ac tenemos para hacer 30 flanes deliciosos, en casa son esos (unas veces con chocolate y otras s\u00f3lo de vainilla), o los de huevo al ba\u00f1o Mar\u00eda, y no hay mas.<br \/>\nCuando nos juntamos para alguna celebraci\u00f3n, procuro que no nos falte en la mesa&#8230; es una manera de sentir (m\u00e1s a\u00fan si cabe) que ellos, siguen con nosotros.<\/p>\n<p>Hoy pongo el flan que hice anoche, para la cena familiar de verano, podeis hacer un molde grande, o individuales, hacer de dos sabores, o de chocolate o vainilla solos.<\/p>\n<p>Necesitaremos;<\/p>\n<p><img decoding=\"async\" loading=\"lazy\" class=\"alignnone size-full wp-image-27882\" src=\"https:\/\/elcalaixetdelaiaia.es\/wp-content\/uploads\/2024\/08\/SAM_2733-scaled.jpg\" alt=\"\" width=\"2417\" height=\"2560\" srcset=\"https:\/\/elcalaixetdelaiaia.es\/wp-content\/uploads\/2024\/08\/SAM_2733-scaled.jpg 2417w, https:\/\/elcalaixetdelaiaia.es\/wp-content\/uploads\/2024\/08\/SAM_2733-283x300.jpg 283w, https:\/\/elcalaixetdelaiaia.es\/wp-content\/uploads\/2024\/08\/SAM_2733-967x1024.jpg 967w, https:\/\/elcalaixetdelaiaia.es\/wp-content\/uploads\/2024\/08\/SAM_2733-768x814.jpg 768w, https:\/\/elcalaixetdelaiaia.es\/wp-content\/uploads\/2024\/08\/SAM_2733-1450x1536.jpg 1450w, https:\/\/elcalaixetdelaiaia.es\/wp-content\/uploads\/2024\/08\/SAM_2733-1933x2048.jpg 1933w\" sizes=\"(max-width: 2417px) 100vw, 2417px\" \/><\/p>\n<ol>\n<li>Dos cucharadas soperas de Cacao puro en polvo Valor sin az\u00facar<\/li>\n<li>120g de az\u00facar blanquilla<\/li>\n<li>Dos sobres de Flan Chino Mandar\u00edn<\/li>\n<li>Un litro de leche entera (yo sin lactosa)<\/li>\n<li>Caramelo al gusto<\/li>\n<\/ol>\n<p>Aqu\u00ed ten\u00e9is como hacer el caramelo paso a paso <a href=\"https:\/\/elcalaixetdelaiaia.es\/?p=1047\">https:\/\/elcalaixetdelaiaia.es\/?p=1047<\/a><\/p>\n<p><img decoding=\"async\" loading=\"lazy\" class=\"alignnone size-full wp-image-27885\" src=\"https:\/\/elcalaixetdelaiaia.es\/wp-content\/uploads\/2024\/08\/IMG_5382-scaled.jpg\" alt=\"\" width=\"2560\" height=\"1920\" srcset=\"https:\/\/elcalaixetdelaiaia.es\/wp-content\/uploads\/2024\/08\/IMG_5382-scaled.jpg 2560w, https:\/\/elcalaixetdelaiaia.es\/wp-content\/uploads\/2024\/08\/IMG_5382-300x225.jpg 300w, https:\/\/elcalaixetdelaiaia.es\/wp-content\/uploads\/2024\/08\/IMG_5382-1024x768.jpg 1024w, https:\/\/elcalaixetdelaiaia.es\/wp-content\/uploads\/2024\/08\/IMG_5382-768x576.jpg 768w, https:\/\/elcalaixetdelaiaia.es\/wp-content\/uploads\/2024\/08\/IMG_5382-1536x1152.jpg 1536w, https:\/\/elcalaixetdelaiaia.es\/wp-content\/uploads\/2024\/08\/IMG_5382-2048x1536.jpg 2048w\" sizes=\"(max-width: 2560px) 100vw, 2560px\" \/><\/p>\n<p><img decoding=\"async\" loading=\"lazy\" class=\"alignnone size-full wp-image-27886\" src=\"https:\/\/elcalaixetdelaiaia.es\/wp-content\/uploads\/2024\/08\/IMG_5390-scaled.jpg\" alt=\"\" width=\"2560\" height=\"1920\" srcset=\"https:\/\/elcalaixetdelaiaia.es\/wp-content\/uploads\/2024\/08\/IMG_5390-scaled.jpg 2560w, https:\/\/elcalaixetdelaiaia.es\/wp-content\/uploads\/2024\/08\/IMG_5390-300x225.jpg 300w, https:\/\/elcalaixetdelaiaia.es\/wp-content\/uploads\/2024\/08\/IMG_5390-1024x768.jpg 1024w, https:\/\/elcalaixetdelaiaia.es\/wp-content\/uploads\/2024\/08\/IMG_5390-768x576.jpg 768w, https:\/\/elcalaixetdelaiaia.es\/wp-content\/uploads\/2024\/08\/IMG_5390-1536x1152.jpg 1536w, https:\/\/elcalaixetdelaiaia.es\/wp-content\/uploads\/2024\/08\/IMG_5390-2048x1536.jpg 2048w\" sizes=\"(max-width: 2560px) 100vw, 2560px\" \/><\/p>\n<p>El molde o moldes que os apetezca. Cada vez, lo hago en uno distinto, por lo que os pondr\u00e9 un poupurri de fotos para que os hag\u00e1is una idea.<\/p>\n<p><img decoding=\"async\" loading=\"lazy\" class=\"alignnone size-full wp-image-27884\" src=\"https:\/\/elcalaixetdelaiaia.es\/wp-content\/uploads\/2024\/08\/SAM_2734-scaled.jpg\" alt=\"\" width=\"2560\" height=\"1920\" srcset=\"https:\/\/elcalaixetdelaiaia.es\/wp-content\/uploads\/2024\/08\/SAM_2734-scaled.jpg 2560w, https:\/\/elcalaixetdelaiaia.es\/wp-content\/uploads\/2024\/08\/SAM_2734-300x225.jpg 300w, https:\/\/elcalaixetdelaiaia.es\/wp-content\/uploads\/2024\/08\/SAM_2734-1024x768.jpg 1024w, https:\/\/elcalaixetdelaiaia.es\/wp-content\/uploads\/2024\/08\/SAM_2734-768x576.jpg 768w, https:\/\/elcalaixetdelaiaia.es\/wp-content\/uploads\/2024\/08\/SAM_2734-1536x1152.jpg 1536w, https:\/\/elcalaixetdelaiaia.es\/wp-content\/uploads\/2024\/08\/SAM_2734-2048x1536.jpg 2048w\" sizes=\"(max-width: 2560px) 100vw, 2560px\" \/><\/p>\n<p>en el fondo de los recipientes elegidos, pondremos el caramelo l\u00edquido, a nuestro gusto, ya en fr\u00edo si es recipiente de pl\u00e1stico, si es de cristal, acero, aluminio, barro etc. no es necesario que est\u00e9 fr\u00edo.<\/p>\n<p><img decoding=\"async\" loading=\"lazy\" class=\"alignnone size-full wp-image-27888\" src=\"https:\/\/elcalaixetdelaiaia.es\/wp-content\/uploads\/2024\/08\/SAM_2736-scaled.jpg\" alt=\"\" width=\"2560\" height=\"1920\" srcset=\"https:\/\/elcalaixetdelaiaia.es\/wp-content\/uploads\/2024\/08\/SAM_2736-scaled.jpg 2560w, https:\/\/elcalaixetdelaiaia.es\/wp-content\/uploads\/2024\/08\/SAM_2736-300x225.jpg 300w, https:\/\/elcalaixetdelaiaia.es\/wp-content\/uploads\/2024\/08\/SAM_2736-1024x768.jpg 1024w, https:\/\/elcalaixetdelaiaia.es\/wp-content\/uploads\/2024\/08\/SAM_2736-768x576.jpg 768w, https:\/\/elcalaixetdelaiaia.es\/wp-content\/uploads\/2024\/08\/SAM_2736-1536x1152.jpg 1536w, https:\/\/elcalaixetdelaiaia.es\/wp-content\/uploads\/2024\/08\/SAM_2736-2048x1536.jpg 2048w\" sizes=\"(max-width: 2560px) 100vw, 2560px\" \/><\/p>\n<p>En 100ml de leche a temperatura ambiente, y con el fuego apagado, a\u00f1adiremos un sobre de flan y lo mezclaremos con cuidado, hasta que no queden grumos. Este paso, se lo expliqu\u00e9 cientos de veces a mi papi, pero era muuuy cabez\u00f3n y no pon\u00eda cuidado nunca, hasta el extremo que mis hermanos e hijos, dec\u00edan que si no llevaba grumos, no era el flan de mi padre <em>\u2764\ufe0f<\/em><\/p>\n<p><img decoding=\"async\" loading=\"lazy\" class=\"alignnone size-full wp-image-27906\" src=\"https:\/\/elcalaixetdelaiaia.es\/wp-content\/uploads\/2024\/08\/SAM_2737-scaled.jpg\" alt=\"\" width=\"2560\" height=\"1884\" srcset=\"https:\/\/elcalaixetdelaiaia.es\/wp-content\/uploads\/2024\/08\/SAM_2737-scaled.jpg 2560w, https:\/\/elcalaixetdelaiaia.es\/wp-content\/uploads\/2024\/08\/SAM_2737-300x221.jpg 300w, https:\/\/elcalaixetdelaiaia.es\/wp-content\/uploads\/2024\/08\/SAM_2737-1024x753.jpg 1024w, https:\/\/elcalaixetdelaiaia.es\/wp-content\/uploads\/2024\/08\/SAM_2737-768x565.jpg 768w, https:\/\/elcalaixetdelaiaia.es\/wp-content\/uploads\/2024\/08\/SAM_2737-1536x1130.jpg 1536w, https:\/\/elcalaixetdelaiaia.es\/wp-content\/uploads\/2024\/08\/SAM_2737-2048x1507.jpg 2048w\" sizes=\"(max-width: 2560px) 100vw, 2560px\" \/><\/p>\n<p>a\u00f1adimos tambi\u00e9n el az\u00facar blanquilla, 60g por sobre, removemos. Recuerdo que hace a\u00f1os, los sobres de flan, ya llevaban el az\u00facar junto con los polvos e incluso en la cajita, se adjuntaba un sobre con el caramelo l\u00edquido hecho, y listo para poner en el molde.<\/p>\n<p><img decoding=\"async\" loading=\"lazy\" class=\"alignnone size-full wp-image-27896\" src=\"https:\/\/elcalaixetdelaiaia.es\/wp-content\/uploads\/2024\/08\/SAM_2738-scaled.jpg\" alt=\"\" width=\"2560\" height=\"1881\" srcset=\"https:\/\/elcalaixetdelaiaia.es\/wp-content\/uploads\/2024\/08\/SAM_2738-scaled.jpg 2560w, https:\/\/elcalaixetdelaiaia.es\/wp-content\/uploads\/2024\/08\/SAM_2738-300x220.jpg 300w, https:\/\/elcalaixetdelaiaia.es\/wp-content\/uploads\/2024\/08\/SAM_2738-1024x752.jpg 1024w, https:\/\/elcalaixetdelaiaia.es\/wp-content\/uploads\/2024\/08\/SAM_2738-768x564.jpg 768w, https:\/\/elcalaixetdelaiaia.es\/wp-content\/uploads\/2024\/08\/SAM_2738-1536x1128.jpg 1536w, https:\/\/elcalaixetdelaiaia.es\/wp-content\/uploads\/2024\/08\/SAM_2738-2048x1505.jpg 2048w\" sizes=\"(max-width: 2560px) 100vw, 2560px\" \/><\/p>\n<p>hasta mezclar muy\u00a0 bien<\/p>\n<p><img decoding=\"async\" loading=\"lazy\" class=\"alignnone size-full wp-image-27897\" src=\"https:\/\/elcalaixetdelaiaia.es\/wp-content\/uploads\/2024\/08\/SAM_2739-scaled.jpg\" alt=\"\" width=\"2560\" height=\"1914\" srcset=\"https:\/\/elcalaixetdelaiaia.es\/wp-content\/uploads\/2024\/08\/SAM_2739-scaled.jpg 2560w, https:\/\/elcalaixetdelaiaia.es\/wp-content\/uploads\/2024\/08\/SAM_2739-300x224.jpg 300w, https:\/\/elcalaixetdelaiaia.es\/wp-content\/uploads\/2024\/08\/SAM_2739-1024x765.jpg 1024w, https:\/\/elcalaixetdelaiaia.es\/wp-content\/uploads\/2024\/08\/SAM_2739-768x574.jpg 768w, https:\/\/elcalaixetdelaiaia.es\/wp-content\/uploads\/2024\/08\/SAM_2739-1536x1148.jpg 1536w, https:\/\/elcalaixetdelaiaia.es\/wp-content\/uploads\/2024\/08\/SAM_2739-2048x1531.jpg 2048w\" sizes=\"(max-width: 2560px) 100vw, 2560px\" \/><\/p>\n<p>A\u00f1adimos los 400ml de leche restante, encendemos el fuego<\/p>\n<p><img decoding=\"async\" loading=\"lazy\" class=\"alignnone size-full wp-image-27898\" src=\"https:\/\/elcalaixetdelaiaia.es\/wp-content\/uploads\/2024\/08\/SAM_2740-scaled.jpg\" alt=\"\" width=\"2560\" height=\"1873\" srcset=\"https:\/\/elcalaixetdelaiaia.es\/wp-content\/uploads\/2024\/08\/SAM_2740-scaled.jpg 2560w, https:\/\/elcalaixetdelaiaia.es\/wp-content\/uploads\/2024\/08\/SAM_2740-300x219.jpg 300w, https:\/\/elcalaixetdelaiaia.es\/wp-content\/uploads\/2024\/08\/SAM_2740-1024x749.jpg 1024w, https:\/\/elcalaixetdelaiaia.es\/wp-content\/uploads\/2024\/08\/SAM_2740-768x562.jpg 768w, https:\/\/elcalaixetdelaiaia.es\/wp-content\/uploads\/2024\/08\/SAM_2740-1536x1124.jpg 1536w, https:\/\/elcalaixetdelaiaia.es\/wp-content\/uploads\/2024\/08\/SAM_2740-2048x1498.jpg 2048w\" sizes=\"(max-width: 2560px) 100vw, 2560px\" \/><\/p>\n<p>y removemos continuamente, para evitar que se pegue, para llevar a ebullici\u00f3n. En cuanto de el primer hervor, sacar del fuego<\/p>\n<p><img decoding=\"async\" loading=\"lazy\" class=\"alignnone size-full wp-image-27900\" src=\"https:\/\/elcalaixetdelaiaia.es\/wp-content\/uploads\/2024\/08\/SAM_2742-scaled.jpg\" alt=\"\" width=\"2560\" height=\"1865\" srcset=\"https:\/\/elcalaixetdelaiaia.es\/wp-content\/uploads\/2024\/08\/SAM_2742-scaled.jpg 2560w, https:\/\/elcalaixetdelaiaia.es\/wp-content\/uploads\/2024\/08\/SAM_2742-300x219.jpg 300w, https:\/\/elcalaixetdelaiaia.es\/wp-content\/uploads\/2024\/08\/SAM_2742-1024x746.jpg 1024w, https:\/\/elcalaixetdelaiaia.es\/wp-content\/uploads\/2024\/08\/SAM_2742-768x560.jpg 768w, https:\/\/elcalaixetdelaiaia.es\/wp-content\/uploads\/2024\/08\/SAM_2742-1536x1119.jpg 1536w, https:\/\/elcalaixetdelaiaia.es\/wp-content\/uploads\/2024\/08\/SAM_2742-2048x1492.jpg 2048w\" sizes=\"(max-width: 2560px) 100vw, 2560px\" \/> <img decoding=\"async\" loading=\"lazy\" class=\"alignnone size-full wp-image-27899\" src=\"https:\/\/elcalaixetdelaiaia.es\/wp-content\/uploads\/2024\/08\/SAM_2741-scaled.jpg\" alt=\"\" width=\"2560\" height=\"1856\" srcset=\"https:\/\/elcalaixetdelaiaia.es\/wp-content\/uploads\/2024\/08\/SAM_2741-scaled.jpg 2560w, https:\/\/elcalaixetdelaiaia.es\/wp-content\/uploads\/2024\/08\/SAM_2741-300x218.jpg 300w, https:\/\/elcalaixetdelaiaia.es\/wp-content\/uploads\/2024\/08\/SAM_2741-1024x743.jpg 1024w, https:\/\/elcalaixetdelaiaia.es\/wp-content\/uploads\/2024\/08\/SAM_2741-768x557.jpg 768w, https:\/\/elcalaixetdelaiaia.es\/wp-content\/uploads\/2024\/08\/SAM_2741-1536x1114.jpg 1536w, https:\/\/elcalaixetdelaiaia.es\/wp-content\/uploads\/2024\/08\/SAM_2741-2048x1485.jpg 2048w\" sizes=\"(max-width: 2560px) 100vw, 2560px\" \/> <img decoding=\"async\" loading=\"lazy\" class=\"alignnone size-full wp-image-27895\" src=\"https:\/\/elcalaixetdelaiaia.es\/wp-content\/uploads\/2024\/08\/ROTZ6924.png\" alt=\"\" width=\"3264\" height=\"2448\" srcset=\"https:\/\/elcalaixetdelaiaia.es\/wp-content\/uploads\/2024\/08\/ROTZ6924.png 3264w, https:\/\/elcalaixetdelaiaia.es\/wp-content\/uploads\/2024\/08\/ROTZ6924-300x225.png 300w, https:\/\/elcalaixetdelaiaia.es\/wp-content\/uploads\/2024\/08\/ROTZ6924-1024x768.png 1024w, https:\/\/elcalaixetdelaiaia.es\/wp-content\/uploads\/2024\/08\/ROTZ6924-768x576.png 768w, https:\/\/elcalaixetdelaiaia.es\/wp-content\/uploads\/2024\/08\/ROTZ6924-1536x1152.png 1536w, https:\/\/elcalaixetdelaiaia.es\/wp-content\/uploads\/2024\/08\/ROTZ6924-2048x1536.png 2048w\" sizes=\"(max-width: 3264px) 100vw, 3264px\" \/><\/p>\n<p>y repartir en los moldes elegidos, donde ya tendremos el caramelo.<\/p>\n<p><img decoding=\"async\" loading=\"lazy\" class=\"alignnone size-full wp-image-27901\" src=\"https:\/\/elcalaixetdelaiaia.es\/wp-content\/uploads\/2024\/08\/SAM_2743-scaled.jpg\" alt=\"\" width=\"2560\" height=\"1920\" srcset=\"https:\/\/elcalaixetdelaiaia.es\/wp-content\/uploads\/2024\/08\/SAM_2743-scaled.jpg 2560w, https:\/\/elcalaixetdelaiaia.es\/wp-content\/uploads\/2024\/08\/SAM_2743-300x225.jpg 300w, https:\/\/elcalaixetdelaiaia.es\/wp-content\/uploads\/2024\/08\/SAM_2743-1024x768.jpg 1024w, https:\/\/elcalaixetdelaiaia.es\/wp-content\/uploads\/2024\/08\/SAM_2743-768x576.jpg 768w, https:\/\/elcalaixetdelaiaia.es\/wp-content\/uploads\/2024\/08\/SAM_2743-1536x1152.jpg 1536w, https:\/\/elcalaixetdelaiaia.es\/wp-content\/uploads\/2024\/08\/SAM_2743-2048x1536.jpg 2048w\" sizes=\"(max-width: 2560px) 100vw, 2560px\" \/><\/p>\n<p>De nuevo, en un recipiente con 100ml de leche temperatura ambiente, a\u00f1adiremos dos cucharadas (o la cantidad a vuestro gusto)\u00a0 soperas de chocolate puro en polvo Valor sin az\u00facar, un sobre de flan Chino Mandar\u00edn y 60g de az\u00facar y desharemos todo muy bien hasta que no hayan grumos.<\/p>\n<p><img decoding=\"async\" loading=\"lazy\" class=\"alignnone size-full wp-image-27902\" src=\"https:\/\/elcalaixetdelaiaia.es\/wp-content\/uploads\/2024\/08\/SAM_2744-scaled.jpg\" alt=\"\" width=\"2560\" height=\"1920\" srcset=\"https:\/\/elcalaixetdelaiaia.es\/wp-content\/uploads\/2024\/08\/SAM_2744-scaled.jpg 2560w, https:\/\/elcalaixetdelaiaia.es\/wp-content\/uploads\/2024\/08\/SAM_2744-300x225.jpg 300w, https:\/\/elcalaixetdelaiaia.es\/wp-content\/uploads\/2024\/08\/SAM_2744-1024x768.jpg 1024w, https:\/\/elcalaixetdelaiaia.es\/wp-content\/uploads\/2024\/08\/SAM_2744-768x576.jpg 768w, https:\/\/elcalaixetdelaiaia.es\/wp-content\/uploads\/2024\/08\/SAM_2744-1536x1152.jpg 1536w, https:\/\/elcalaixetdelaiaia.es\/wp-content\/uploads\/2024\/08\/SAM_2744-2048x1536.jpg 2048w\" sizes=\"(max-width: 2560px) 100vw, 2560px\" \/><\/p>\n<p>Lo pasaremos a un cazo, y a\u00f1adiremos los 400ml de leche restante, removeremos y mezclaremos bien<\/p>\n<p><img decoding=\"async\" loading=\"lazy\" class=\"alignnone size-full wp-image-27903\" src=\"https:\/\/elcalaixetdelaiaia.es\/wp-content\/uploads\/2024\/08\/SAM_2746-scaled.jpg\" alt=\"\" width=\"2560\" height=\"1920\" srcset=\"https:\/\/elcalaixetdelaiaia.es\/wp-content\/uploads\/2024\/08\/SAM_2746-scaled.jpg 2560w, https:\/\/elcalaixetdelaiaia.es\/wp-content\/uploads\/2024\/08\/SAM_2746-300x225.jpg 300w, https:\/\/elcalaixetdelaiaia.es\/wp-content\/uploads\/2024\/08\/SAM_2746-1024x768.jpg 1024w, https:\/\/elcalaixetdelaiaia.es\/wp-content\/uploads\/2024\/08\/SAM_2746-768x576.jpg 768w, https:\/\/elcalaixetdelaiaia.es\/wp-content\/uploads\/2024\/08\/SAM_2746-1536x1152.jpg 1536w, https:\/\/elcalaixetdelaiaia.es\/wp-content\/uploads\/2024\/08\/SAM_2746-2048x1536.jpg 2048w\" sizes=\"(max-width: 2560px) 100vw, 2560px\" \/><\/p>\n<p>y podremos al fuego hasta llevar a ebullici\u00f3n<\/p>\n<p><img decoding=\"async\" loading=\"lazy\" class=\"alignnone size-full wp-image-27904\" src=\"https:\/\/elcalaixetdelaiaia.es\/wp-content\/uploads\/2024\/08\/SAM_2748-scaled.jpg\" alt=\"\" width=\"2560\" height=\"1920\" srcset=\"https:\/\/elcalaixetdelaiaia.es\/wp-content\/uploads\/2024\/08\/SAM_2748-scaled.jpg 2560w, https:\/\/elcalaixetdelaiaia.es\/wp-content\/uploads\/2024\/08\/SAM_2748-300x225.jpg 300w, https:\/\/elcalaixetdelaiaia.es\/wp-content\/uploads\/2024\/08\/SAM_2748-1024x768.jpg 1024w, https:\/\/elcalaixetdelaiaia.es\/wp-content\/uploads\/2024\/08\/SAM_2748-768x576.jpg 768w, https:\/\/elcalaixetdelaiaia.es\/wp-content\/uploads\/2024\/08\/SAM_2748-1536x1152.jpg 1536w, https:\/\/elcalaixetdelaiaia.es\/wp-content\/uploads\/2024\/08\/SAM_2748-2048x1536.jpg 2048w\" sizes=\"(max-width: 2560px) 100vw, 2560px\" \/><\/p>\n<p>apagamos el fuego, y r\u00e1pidamente<\/p>\n<p><img decoding=\"async\" loading=\"lazy\" class=\"alignnone size-full wp-image-27905\" src=\"https:\/\/elcalaixetdelaiaia.es\/wp-content\/uploads\/2024\/08\/SAM_2749-scaled.jpg\" alt=\"\" width=\"2560\" height=\"1920\" srcset=\"https:\/\/elcalaixetdelaiaia.es\/wp-content\/uploads\/2024\/08\/SAM_2749-scaled.jpg 2560w, https:\/\/elcalaixetdelaiaia.es\/wp-content\/uploads\/2024\/08\/SAM_2749-300x225.jpg 300w, https:\/\/elcalaixetdelaiaia.es\/wp-content\/uploads\/2024\/08\/SAM_2749-1024x768.jpg 1024w, https:\/\/elcalaixetdelaiaia.es\/wp-content\/uploads\/2024\/08\/SAM_2749-768x576.jpg 768w, https:\/\/elcalaixetdelaiaia.es\/wp-content\/uploads\/2024\/08\/SAM_2749-1536x1152.jpg 1536w, https:\/\/elcalaixetdelaiaia.es\/wp-content\/uploads\/2024\/08\/SAM_2749-2048x1536.jpg 2048w\" sizes=\"(max-width: 2560px) 100vw, 2560px\" \/><\/p>\n<p>volcar en la flanera, o flaneras elegidas<\/p>\n<p><img decoding=\"async\" loading=\"lazy\" class=\"alignnone size-full wp-image-27890\" src=\"https:\/\/elcalaixetdelaiaia.es\/wp-content\/uploads\/2024\/08\/flanxocolate-1-scaled.jpg\" alt=\"\" width=\"2560\" height=\"1920\" srcset=\"https:\/\/elcalaixetdelaiaia.es\/wp-content\/uploads\/2024\/08\/flanxocolate-1-scaled.jpg 2560w, https:\/\/elcalaixetdelaiaia.es\/wp-content\/uploads\/2024\/08\/flanxocolate-1-300x225.jpg 300w, https:\/\/elcalaixetdelaiaia.es\/wp-content\/uploads\/2024\/08\/flanxocolate-1-1024x768.jpg 1024w, https:\/\/elcalaixetdelaiaia.es\/wp-content\/uploads\/2024\/08\/flanxocolate-1-768x576.jpg 768w, https:\/\/elcalaixetdelaiaia.es\/wp-content\/uploads\/2024\/08\/flanxocolate-1-1536x1152.jpg 1536w, https:\/\/elcalaixetdelaiaia.es\/wp-content\/uploads\/2024\/08\/flanxocolate-1-2048x1536.jpg 2048w\" sizes=\"(max-width: 2560px) 100vw, 2560px\" \/> <img decoding=\"async\" loading=\"lazy\" class=\"alignnone size-full wp-image-27892\" src=\"https:\/\/elcalaixetdelaiaia.es\/wp-content\/uploads\/2024\/08\/IMG_5395-scaled.jpg\" alt=\"\" width=\"2560\" height=\"1920\" srcset=\"https:\/\/elcalaixetdelaiaia.es\/wp-content\/uploads\/2024\/08\/IMG_5395-scaled.jpg 2560w, https:\/\/elcalaixetdelaiaia.es\/wp-content\/uploads\/2024\/08\/IMG_5395-300x225.jpg 300w, https:\/\/elcalaixetdelaiaia.es\/wp-content\/uploads\/2024\/08\/IMG_5395-1024x768.jpg 1024w, https:\/\/elcalaixetdelaiaia.es\/wp-content\/uploads\/2024\/08\/IMG_5395-768x576.jpg 768w, https:\/\/elcalaixetdelaiaia.es\/wp-content\/uploads\/2024\/08\/IMG_5395-1536x1152.jpg 1536w, https:\/\/elcalaixetdelaiaia.es\/wp-content\/uploads\/2024\/08\/IMG_5395-2048x1536.jpg 2048w\" sizes=\"(max-width: 2560px) 100vw, 2560px\" \/> <img decoding=\"async\" loading=\"lazy\" class=\"alignnone size-full wp-image-27891\" src=\"https:\/\/elcalaixetdelaiaia.es\/wp-content\/uploads\/2024\/08\/IMG_5393-scaled.jpg\" alt=\"\" width=\"2560\" height=\"1920\" srcset=\"https:\/\/elcalaixetdelaiaia.es\/wp-content\/uploads\/2024\/08\/IMG_5393-scaled.jpg 2560w, https:\/\/elcalaixetdelaiaia.es\/wp-content\/uploads\/2024\/08\/IMG_5393-300x225.jpg 300w, https:\/\/elcalaixetdelaiaia.es\/wp-content\/uploads\/2024\/08\/IMG_5393-1024x768.jpg 1024w, https:\/\/elcalaixetdelaiaia.es\/wp-content\/uploads\/2024\/08\/IMG_5393-768x576.jpg 768w, https:\/\/elcalaixetdelaiaia.es\/wp-content\/uploads\/2024\/08\/IMG_5393-1536x1152.jpg 1536w, https:\/\/elcalaixetdelaiaia.es\/wp-content\/uploads\/2024\/08\/IMG_5393-2048x1536.jpg 2048w\" sizes=\"(max-width: 2560px) 100vw, 2560px\" \/> <img decoding=\"async\" loading=\"lazy\" class=\"alignnone size-full wp-image-27893\" src=\"https:\/\/elcalaixetdelaiaia.es\/wp-content\/uploads\/2024\/08\/IMG_8141-scaled.jpg\" alt=\"\" width=\"2560\" height=\"1920\" srcset=\"https:\/\/elcalaixetdelaiaia.es\/wp-content\/uploads\/2024\/08\/IMG_8141-scaled.jpg 2560w, https:\/\/elcalaixetdelaiaia.es\/wp-content\/uploads\/2024\/08\/IMG_8141-300x225.jpg 300w, https:\/\/elcalaixetdelaiaia.es\/wp-content\/uploads\/2024\/08\/IMG_8141-1024x768.jpg 1024w, https:\/\/elcalaixetdelaiaia.es\/wp-content\/uploads\/2024\/08\/IMG_8141-768x576.jpg 768w, https:\/\/elcalaixetdelaiaia.es\/wp-content\/uploads\/2024\/08\/IMG_8141-1536x1152.jpg 1536w, https:\/\/elcalaixetdelaiaia.es\/wp-content\/uploads\/2024\/08\/IMG_8141-2048x1536.jpg 2048w\" sizes=\"(max-width: 2560px) 100vw, 2560px\" \/> <img decoding=\"async\" loading=\"lazy\" class=\"alignnone size-full wp-image-27894\" src=\"https:\/\/elcalaixetdelaiaia.es\/wp-content\/uploads\/2024\/08\/IMG_8142-scaled.jpg\" alt=\"\" width=\"2560\" height=\"1920\" srcset=\"https:\/\/elcalaixetdelaiaia.es\/wp-content\/uploads\/2024\/08\/IMG_8142-scaled.jpg 2560w, https:\/\/elcalaixetdelaiaia.es\/wp-content\/uploads\/2024\/08\/IMG_8142-300x225.jpg 300w, https:\/\/elcalaixetdelaiaia.es\/wp-content\/uploads\/2024\/08\/IMG_8142-1024x768.jpg 1024w, https:\/\/elcalaixetdelaiaia.es\/wp-content\/uploads\/2024\/08\/IMG_8142-768x576.jpg 768w, https:\/\/elcalaixetdelaiaia.es\/wp-content\/uploads\/2024\/08\/IMG_8142-1536x1152.jpg 1536w, https:\/\/elcalaixetdelaiaia.es\/wp-content\/uploads\/2024\/08\/IMG_8142-2048x1536.jpg 2048w\" sizes=\"(max-width: 2560px) 100vw, 2560px\" \/><\/p>\n<p>Da igual si ponemos primero la mezcla de chocolate, o la de vainilla. Dejaremos enfriar unos 1o minutos y pasaremos al frigo, como m\u00ednimo dos horas, pero de un d\u00eda para otro, est\u00e1 mucho mejor.<\/p>\n<p><img decoding=\"async\" loading=\"lazy\" class=\"alignnone size-full wp-image-27908\" src=\"https:\/\/elcalaixetdelaiaia.es\/wp-content\/uploads\/2024\/08\/SAM_2759-scaled.jpg\" alt=\"\" width=\"2560\" height=\"1920\" srcset=\"https:\/\/elcalaixetdelaiaia.es\/wp-content\/uploads\/2024\/08\/SAM_2759-scaled.jpg 2560w, https:\/\/elcalaixetdelaiaia.es\/wp-content\/uploads\/2024\/08\/SAM_2759-300x225.jpg 300w, https:\/\/elcalaixetdelaiaia.es\/wp-content\/uploads\/2024\/08\/SAM_2759-1024x768.jpg 1024w, https:\/\/elcalaixetdelaiaia.es\/wp-content\/uploads\/2024\/08\/SAM_2759-768x576.jpg 768w, https:\/\/elcalaixetdelaiaia.es\/wp-content\/uploads\/2024\/08\/SAM_2759-1536x1152.jpg 1536w, https:\/\/elcalaixetdelaiaia.es\/wp-content\/uploads\/2024\/08\/SAM_2759-2048x1536.jpg 2048w\" sizes=\"(max-width: 2560px) 100vw, 2560px\" \/><\/p>\n<p>En el momento de servir,<\/p>\n<p><img decoding=\"async\" loading=\"lazy\" class=\"alignnone size-full wp-image-27910\" src=\"https:\/\/elcalaixetdelaiaia.es\/wp-content\/uploads\/2024\/08\/flancorona-scaled.jpg\" alt=\"\" width=\"2560\" height=\"1920\" srcset=\"https:\/\/elcalaixetdelaiaia.es\/wp-content\/uploads\/2024\/08\/flancorona-scaled.jpg 2560w, https:\/\/elcalaixetdelaiaia.es\/wp-content\/uploads\/2024\/08\/flancorona-300x225.jpg 300w, https:\/\/elcalaixetdelaiaia.es\/wp-content\/uploads\/2024\/08\/flancorona-1024x768.jpg 1024w, https:\/\/elcalaixetdelaiaia.es\/wp-content\/uploads\/2024\/08\/flancorona-768x576.jpg 768w, https:\/\/elcalaixetdelaiaia.es\/wp-content\/uploads\/2024\/08\/flancorona-1536x1152.jpg 1536w, https:\/\/elcalaixetdelaiaia.es\/wp-content\/uploads\/2024\/08\/flancorona-2048x1536.jpg 2048w\" sizes=\"(max-width: 2560px) 100vw, 2560px\" \/><\/p>\n<p>volcamos sobre un plato, fuente o bandeja,<\/p>\n<p><img decoding=\"async\" loading=\"lazy\" class=\"alignnone size-full wp-image-27911\" src=\"https:\/\/elcalaixetdelaiaia.es\/wp-content\/uploads\/2024\/08\/flandetresllets.jpg\" alt=\"\" width=\"640\" height=\"426\" srcset=\"https:\/\/elcalaixetdelaiaia.es\/wp-content\/uploads\/2024\/08\/flandetresllets.jpg 640w, https:\/\/elcalaixetdelaiaia.es\/wp-content\/uploads\/2024\/08\/flandetresllets-300x200.jpg 300w, https:\/\/elcalaixetdelaiaia.es\/wp-content\/uploads\/2024\/08\/flandetresllets-600x400.jpg 600w\" sizes=\"(max-width: 640px) 100vw, 640px\" \/><\/p>\n<p><img decoding=\"async\" loading=\"lazy\" class=\"alignnone size-full wp-image-27909\" src=\"https:\/\/elcalaixetdelaiaia.es\/wp-content\/uploads\/2024\/08\/flanchocoynainilla-1-scaled.jpg\" alt=\"\" width=\"2560\" height=\"1920\" srcset=\"https:\/\/elcalaixetdelaiaia.es\/wp-content\/uploads\/2024\/08\/flanchocoynainilla-1-scaled.jpg 2560w, https:\/\/elcalaixetdelaiaia.es\/wp-content\/uploads\/2024\/08\/flanchocoynainilla-1-300x225.jpg 300w, https:\/\/elcalaixetdelaiaia.es\/wp-content\/uploads\/2024\/08\/flanchocoynainilla-1-1024x768.jpg 1024w, https:\/\/elcalaixetdelaiaia.es\/wp-content\/uploads\/2024\/08\/flanchocoynainilla-1-768x576.jpg 768w, https:\/\/elcalaixetdelaiaia.es\/wp-content\/uploads\/2024\/08\/flanchocoynainilla-1-1536x1152.jpg 1536w, https:\/\/elcalaixetdelaiaia.es\/wp-content\/uploads\/2024\/08\/flanchocoynainilla-1-2048x1536.jpg 2048w\" sizes=\"(max-width: 2560px) 100vw, 2560px\" \/><\/p>\n<p>y podemos a\u00f1adir nata montada<\/p>\n<p><img decoding=\"async\" loading=\"lazy\" class=\"alignnone size-full wp-image-27907\" src=\"https:\/\/elcalaixetdelaiaia.es\/wp-content\/uploads\/2024\/08\/SAM_2756-scaled.jpg\" alt=\"\" width=\"2560\" height=\"1935\" srcset=\"https:\/\/elcalaixetdelaiaia.es\/wp-content\/uploads\/2024\/08\/SAM_2756-scaled.jpg 2560w, https:\/\/elcalaixetdelaiaia.es\/wp-content\/uploads\/2024\/08\/SAM_2756-300x227.jpg 300w, https:\/\/elcalaixetdelaiaia.es\/wp-content\/uploads\/2024\/08\/SAM_2756-1024x774.jpg 1024w, https:\/\/elcalaixetdelaiaia.es\/wp-content\/uploads\/2024\/08\/SAM_2756-768x581.jpg 768w, https:\/\/elcalaixetdelaiaia.es\/wp-content\/uploads\/2024\/08\/SAM_2756-1536x1161.jpg 1536w, https:\/\/elcalaixetdelaiaia.es\/wp-content\/uploads\/2024\/08\/SAM_2756-2048x1548.jpg 2048w\" sizes=\"(max-width: 2560px) 100vw, 2560px\" \/><\/p>\n<p>az\u00facar de colores, cerezas en alm\u00edbar, lo que nos apetezca&#8230; o nada, porque en realidad, no necesita absolutamente nada m\u00e1s.<\/p>\n<p><img decoding=\"async\" loading=\"lazy\" class=\"alignnone size-full wp-image-27914\" src=\"https:\/\/elcalaixetdelaiaia.es\/wp-content\/uploads\/2024\/08\/flandossabors-BLOG.png\" alt=\"\" width=\"3698\" height=\"2772\" srcset=\"https:\/\/elcalaixetdelaiaia.es\/wp-content\/uploads\/2024\/08\/flandossabors-BLOG.png 3698w, https:\/\/elcalaixetdelaiaia.es\/wp-content\/uploads\/2024\/08\/flandossabors-BLOG-300x225.png 300w, https:\/\/elcalaixetdelaiaia.es\/wp-content\/uploads\/2024\/08\/flandossabors-BLOG-1024x768.png 1024w, https:\/\/elcalaixetdelaiaia.es\/wp-content\/uploads\/2024\/08\/flandossabors-BLOG-768x576.png 768w, https:\/\/elcalaixetdelaiaia.es\/wp-content\/uploads\/2024\/08\/flandossabors-BLOG-1536x1151.png 1536w, https:\/\/elcalaixetdelaiaia.es\/wp-content\/uploads\/2024\/08\/flandossabors-BLOG-2048x1535.png 2048w\" sizes=\"(max-width: 3698px) 100vw, 3698px\" \/><\/p>\n<p>\u00abA la taula i&#8230;BON PROFIT!<\/p>\n<p>Si quieres compartir mi receta, gracias, y recuerda que estoy en Faceboock <a href=\"https:\/\/www.facebook.com\/profile.php?id=100067387174392\">https:\/\/www.facebook.com\/profile.php?id=100067387174392<\/a><\/p>\n","protected":false},"excerpt":{"rendered":"<p>\u00abEls records que mes valore, mai desapareixen\u00bb Los recuerdos que m\u00e1s valoro, nunca desaparecen. En mi blog, hay publicadas, distintas y variadas recetas de flan. Pero&#8230;faltaba esta, por sencilla y f\u00e1cil, no la hab\u00eda publicado&#8230;es tan s\u00f3lo leer y poner en pr\u00e1ctica las instrucciones del fabricante. Es el postre que &hellip; <\/p>\n","protected":false},"author":2,"featured_media":27914,"comment_status":"open","ping_status":"open","sticky":false,"template":"","format":"standard","meta":[],"categories":[46,6,1],"tags":[],"_links":{"self":[{"href":"https:\/\/elcalaixetdelaiaia.es\/index.php?rest_route=\/wp\/v2\/posts\/27879"}],"collection":[{"href":"https:\/\/elcalaixetdelaiaia.es\/index.php?rest_route=\/wp\/v2\/posts"}],"about":[{"href":"https:\/\/elcalaixetdelaiaia.es\/index.php?rest_route=\/wp\/v2\/types\/post"}],"author":[{"embeddable":true,"href":"https:\/\/elcalaixetdelaiaia.es\/index.php?rest_route=\/wp\/v2\/users\/2"}],"replies":[{"embeddable":true,"href":"https:\/\/elcalaixetdelaiaia.es\/index.php?rest_route=%2Fwp%2Fv2%2Fcomments&post=27879"}],"version-history":[{"count":8,"href":"https:\/\/elcalaixetdelaiaia.es\/index.php?rest_route=\/wp\/v2\/posts\/27879\/revisions"}],"predecessor-version":[{"id":27920,"href":"https:\/\/elcalaixetdelaiaia.es\/index.php?rest_route=\/wp\/v2\/posts\/27879\/revisions\/27920"}],"wp:featuredmedia":[{"embeddable":true,"href":"https:\/\/elcalaixetdelaiaia.es\/index.php?rest_route=\/wp\/v2\/media\/27914"}],"wp:attachment":[{"href":"https:\/\/elcalaixetdelaiaia.es\/index.php?rest_route=%2Fwp%2Fv2%2Fmedia&parent=27879"}],"wp:term":[{"taxonomy":"category","embeddable":true,"href":"https:\/\/elcalaixetdelaiaia.es\/index.php?rest_route=%2Fwp%2Fv2%2Fcategories&post=27879"},{"taxonomy":"post_tag","embeddable":true,"href":"https:\/\/elcalaixetdelaiaia.es\/index.php?rest_route=%2Fwp%2Fv2%2Ftags&post=27879"}],"curies":[{"name":"wp","href":"https:\/\/api.w.org\/{rel}","templated":true}]}}