{"id":275,"date":"2016-06-28T22:18:00","date_gmt":"2016-06-28T22:18:00","guid":{"rendered":"http:\/\/elcalaixetdelaiaia.es\/ensalada-de-pasta-con-salmon-fresco"},"modified":"2017-12-04T23:14:53","modified_gmt":"2017-12-04T23:14:53","slug":"ensalada-de-pasta-con-salmon-fresco","status":"publish","type":"post","link":"https:\/\/elcalaixetdelaiaia.es\/?p=275","title":{"rendered":"Ensalada de pasta con salm\u00f3n fresco paso a paso, foto a foto"},"content":{"rendered":"<p>\u00abRefrany;<br \/>\nSalm\u00f3, mos red\u00f3\u00bb<br \/>\nSalm\u00f3n, bocado redondo.<\/p>\n<p>\nHoy voy a preparar un plato de pasta y salm\u00f3n fresco, con una salsa de nata que pod\u00e9is sustituir por leche evaporada para restar calor\u00edas \ud83d\ude09<\/p>\n<div class=\"separator\" style=\"clear: both; text-align: center;\">\n<a href=\"https:\/\/2.bp.blogspot.com\/-6RE_cSEGMi8\/V3LpcMJzRhI\/AAAAAAAAlW0\/MYMAz4sFbAA6IbYijn2W7NEKTb0LVCNcACKgB\/s1600\/IMG_1580.PNG\" imageanchor=\"1\" style=\"margin-left: 1em; margin-right: 1em;\"><img decoding=\"async\" loading=\"lazy\" border=\"0\" height=\"472\" src=\"https:\/\/elcalaixetdelaiaia.es\/wp-content\/uploads\/2016\/06\/IMG_1580-3.png\" width=\"640\" \/><\/a><\/div>\n<p>&nbsp; <br \/>\n\u00c9ste plato lo suelo dejar atemperar y lo comemos templado, mas bien fr\u00edo. Resulta un plato de 10 y con un sabor delicioso.<\/p>\n<p>Si sois de Valencia o alrededores o recomiendo encarecidamente una parada de pescado del mercado de Ruzafa, son los palcos 36\/42, Elena y Pepe os atender\u00e1n con total profesionalidad y simpat\u00eda, aparte de que sus productos son de lo m\u00e1s frescos y de grand\u00edsima calidad. <\/p>\n<p>Necesitaremos para 2 comensales;<\/p>\n<div class=\"separator\" style=\"clear: both; text-align: center;\">\n<a href=\"https:\/\/3.bp.blogspot.com\/-hcdBiYZdMGs\/V3LnZMIt4GI\/AAAAAAAAlWk\/YvKPmIYVMhE3OrWHmWyWW9KV3I-Kqa3TACKgB\/s1600\/IMG_1567.PNG\" imageanchor=\"1\" style=\"margin-left: 1em; margin-right: 1em;\"><img decoding=\"async\" loading=\"lazy\" border=\"0\" height=\"480\" src=\"https:\/\/elcalaixetdelaiaia.es\/wp-content\/uploads\/2016\/06\/IMG_1567-3.png\" width=\"640\" \/><\/a><\/div>\n<p><\/p>\n<ol>\n<li>200 gramos de pasta a elegir<\/li>\n<li>Queso rallado<\/li>\n<li>Queso en tacos de distintas clases <\/li>\n<li>&nbsp;300gr de salm\u00f3n ahumado<\/li>\n<li>Una cebolleta<\/li>\n<li>Nuez moscada<\/li>\n<li>Un brik peque\u00f1o de nata o crema de leche <\/li>\n<li>Una pastilla de Avecr\u00e9m de pescado<\/li>\n<li>Aceite de oliva<\/li>\n<li>Eneldo<\/li>\n<li>Pimienta<\/li>\n<\/ol>\n<p><\/p>\n<div class=\"separator\" style=\"clear: both; text-align: center;\">\n<\/div>\n<div class=\"separator\" style=\"clear: both; text-align: center;\">\n<\/div>\n<div class=\"separator\" style=\"clear: both; text-align: center;\">\n<\/div>\n<div class=\"separator\" style=\"clear: both; text-align: center;\">\n<\/div>\n<div class=\"separator\" style=\"clear: both; text-align: center;\">\n<\/div>\n<div class=\"separator\" style=\"clear: both; text-align: center;\">\n<a href=\"https:\/\/2.bp.blogspot.com\/-1LKKOC6FipQ\/V3LzRUGCzlI\/AAAAAAAAlXE\/AZtL-e08F08iBxHIN976QFMoKpeAzO90gCKgB\/s1600\/IMG_1615.JPG\" imageanchor=\"1\" style=\"margin-left: 1em; margin-right: 1em;\"><img decoding=\"async\" loading=\"lazy\" border=\"0\" height=\"480\" src=\"https:\/\/elcalaixetdelaiaia.es\/wp-content\/uploads\/2016\/06\/IMG_1615-2.jpg\" width=\"640\" \/><\/a>&nbsp;<\/div>\n<div class=\"separator\" style=\"clear: both; text-align: center;\">\n<\/div>\n<div class=\"separator\" style=\"clear: both; text-align: center;\">\n&nbsp;En \u00e9sta ocasi\u00f3n he elegido para hacer \u00e9ste plato, unas \u00abcreste di<br \/>\ngalli\u00bb&nbsp; crestas de gallo que me encantan, porque al estar huecas, tipo<br \/>\nmacarrones, se queda la salsita por dento y dejan un rico sabor. Es pasta<br \/>\n hecha de tomate, albahaca, espinacas, tomate y remolacha, que compro en<br \/>\n Lidl cada vez que hay de oferta <\/div>\n<div class=\"separator\" style=\"clear: both; text-align: center;\">\n<\/div>\n<ol>\n<\/ol>\n<div class=\"separator\" style=\"clear: both; text-align: center;\">\n<a href=\"https:\/\/1.bp.blogspot.com\/-KL57p95KdF4\/V3LnWmC1kxI\/AAAAAAAAlWk\/NY6CQz3AJhcl1j3_lJ5DOij_izIy3F2lACKgB\/s1600\/IMG_1568.PNG\" imageanchor=\"1\" style=\"margin-left: 1em; margin-right: 1em;\"><img decoding=\"async\" loading=\"lazy\" border=\"0\" height=\"480\" src=\"https:\/\/elcalaixetdelaiaia.es\/wp-content\/uploads\/2016\/06\/IMG_1568-2.png\" width=\"640\" \/><\/a><\/div>\n<div style=\"text-align: center;\">\n<\/div>\n<div style=\"text-align: center;\">\n&nbsp;Comenzaremos poniendo la pasta a hervir seg\u00fan las indicaciones de tiempo del fabricante, en agua hierviendo, con una pastilla de Avecr\u00e9m o sal y un chorrito de aceite.&nbsp; <\/div>\n<div style=\"text-align: center;\">\n<\/div>\n<div class=\"separator\" style=\"clear: both; text-align: center;\">\n<a href=\"https:\/\/4.bp.blogspot.com\/-5oHzvB0FBGw\/V3LnbuzMsPI\/AAAAAAAAlWk\/X4X64EGUIZEzTDZPnxqwFGP1LsQrnJs5QCKgB\/s1600\/IMG_1569.PNG\" imageanchor=\"1\" style=\"margin-left: 1em; margin-right: 1em;\"><img decoding=\"async\" loading=\"lazy\" border=\"0\" height=\"480\" src=\"https:\/\/elcalaixetdelaiaia.es\/wp-content\/uploads\/2016\/06\/IMG_1569-2.png\" width=\"640\" \/><\/a><\/div>\n<div style=\"text-align: center;\">\n<\/div>\n<div style=\"text-align: center;\">\nEliminamos las espinas y la piel del salm\u00f3n. Cortaremos en dados<\/div>\n<div style=\"text-align: center;\">\n<\/div>\n<div class=\"separator\" style=\"clear: both; text-align: center;\">\n<a href=\"https:\/\/2.bp.blogspot.com\/-WA0F9E5WD-M\/V3LniiBDjtI\/AAAAAAAAlWk\/2kJyLkfO_k0-ijVI3KKK-JL26WpuREMDwCKgB\/s1600\/IMG_1570.PNG\" imageanchor=\"1\" style=\"margin-left: 1em; margin-right: 1em;\"><img decoding=\"async\" loading=\"lazy\" border=\"0\" height=\"480\" src=\"https:\/\/elcalaixetdelaiaia.es\/wp-content\/uploads\/2016\/06\/IMG_1570-2.png\" width=\"640\" \/><\/a><\/div>\n<div style=\"text-align: center;\">\n<\/div>\n<div style=\"text-align: center;\">\nUna vez cocida la pasta el tiempo que nos indique el fabricante, la dejaremos escurriendo.<\/div>\n<div style=\"text-align: center;\">\n<\/div>\n<div class=\"separator\" style=\"clear: both; text-align: center;\">\n<a href=\"https:\/\/3.bp.blogspot.com\/-rhjOZvclYiM\/V3LnpWxsphI\/AAAAAAAAlWk\/mY7SD_SVK9khN4ZQ7RnzmpqXIqwNlzS4gCKgB\/s1600\/IMG_1571.PNG\" imageanchor=\"1\" style=\"margin-left: 1em; margin-right: 1em;\"><img decoding=\"async\" loading=\"lazy\" border=\"0\" height=\"480\" src=\"https:\/\/elcalaixetdelaiaia.es\/wp-content\/uploads\/2016\/06\/IMG_1571-2.png\" width=\"640\" \/><\/a><\/div>\n<div style=\"text-align: center;\">\n<\/div>\n<div style=\"text-align: center;\">\nponemos a calentar aceite de oliva y fre\u00edmos los dados de salm\u00f3n. Cuando est\u00e9n dorados, reservamos<\/div>\n<div style=\"text-align: center;\">\n<\/div>\n<div class=\"separator\" style=\"clear: both; text-align: center;\">\n<a href=\"https:\/\/1.bp.blogspot.com\/-mFSIespfvRo\/V3LnuimxkGI\/AAAAAAAAlWk\/Ssxvx4fJJW0lyYUblZLmTsDAR5XDUPVKACKgB\/s1600\/IMG_1572.PNG\" imageanchor=\"1\" style=\"margin-left: 1em; margin-right: 1em;\"><img decoding=\"async\" loading=\"lazy\" border=\"0\" height=\"480\" src=\"https:\/\/elcalaixetdelaiaia.es\/wp-content\/uploads\/2016\/06\/IMG_1572-2.png\" width=\"640\" \/><\/a><\/div>\n<div style=\"text-align: center;\">\n<\/div>\n<div style=\"text-align: center;\">\nPicamos la cebolleta y la ponemos a pochar en el aceite de haber dorado el salm\u00f3n<\/div>\n<div style=\"text-align: center;\">\n<\/div>\n<div class=\"separator\" style=\"clear: both; text-align: center;\">\n<a href=\"https:\/\/1.bp.blogspot.com\/-sutejxq3Ft8\/V3Ln2dxTqyI\/AAAAAAAAlWk\/StYWHVdxO8gDkc2UrHvUKW1vXxHlFvBwACKgB\/s1600\/IMG_1573.PNG\" imageanchor=\"1\" style=\"margin-left: 1em; margin-right: 1em;\"><img decoding=\"async\" loading=\"lazy\" border=\"0\" height=\"480\" src=\"https:\/\/elcalaixetdelaiaia.es\/wp-content\/uploads\/2016\/06\/IMG_1573-2.png\" width=\"640\" \/><\/a><\/div>\n<div style=\"text-align: center;\">\n<\/div>\n<div style=\"text-align: center;\">\ncuando est\u00e9 la cebolla pochada, a\u00f1adimos la nata o crema de leche<\/div>\n<div style=\"text-align: center;\">\n<\/div>\n<div class=\"separator\" style=\"clear: both; text-align: center;\">\n<a href=\"https:\/\/1.bp.blogspot.com\/-JsYeDziNTzQ\/V3Ln6NyUNII\/AAAAAAAAlWk\/iaqo5NXgoaUGCE_NjMuDn4UePlNOnt72wCKgB\/s1600\/IMG_1574.PNG\" imageanchor=\"1\" style=\"margin-left: 1em; margin-right: 1em;\"><img decoding=\"async\" loading=\"lazy\" border=\"0\" height=\"480\" src=\"https:\/\/elcalaixetdelaiaia.es\/wp-content\/uploads\/2016\/06\/IMG_1574-2.png\" width=\"640\" \/><\/a><\/div>\n<div style=\"text-align: center;\">\n<\/div>\n<div style=\"text-align: center;\">\na continuaci\u00f3n el queso que habremos rallado<\/div>\n<div style=\"text-align: center;\">\n&nbsp; <\/div>\n<div class=\"separator\" style=\"clear: both; text-align: center;\">\n<a href=\"https:\/\/1.bp.blogspot.com\/-n0YBjyrYLLg\/V3Ln_XEqkhI\/AAAAAAAAlWk\/oWNvztB0soAo6SL5SddXKwz0i7n4Z9rtwCKgB\/s1600\/IMG_1575.PNG\" imageanchor=\"1\" style=\"margin-left: 1em; margin-right: 1em;\"><img decoding=\"async\" loading=\"lazy\" border=\"0\" height=\"480\" src=\"https:\/\/elcalaixetdelaiaia.es\/wp-content\/uploads\/2016\/06\/IMG_1575-2.png\" width=\"640\" \/><\/a><\/div>\n<div style=\"text-align: center;\">\n<\/div>\n<div style=\"text-align: center;\">\nla nuez moscada en polvo o rallada<\/div>\n<div style=\"text-align: center;\">\n<\/div>\n<div class=\"separator\" style=\"clear: both; text-align: center;\">\n<a href=\"https:\/\/4.bp.blogspot.com\/-89imRcCtkcE\/V3LoFxLNJtI\/AAAAAAAAlWM\/bSJ-o0NlHpw0bl2pvFrMvBtoL0UrobCVQCKgB\/s1600\/IMG_1576.PNG\" imageanchor=\"1\" style=\"margin-left: 1em; margin-right: 1em;\"><img decoding=\"async\" loading=\"lazy\" border=\"0\" height=\"480\" src=\"https:\/\/elcalaixetdelaiaia.es\/wp-content\/uploads\/2016\/06\/IMG_1576-2.png\" width=\"640\" \/><\/a><\/div>\n<div style=\"text-align: center;\">\n<\/div>\n<div style=\"text-align: center;\">\nSalpimentamos y retiramos del fuego<\/div>\n<div style=\"text-align: center;\">\n<\/div>\n<div class=\"separator\" style=\"clear: both; text-align: center;\">\n<a href=\"https:\/\/3.bp.blogspot.com\/-sZHcEJDdhX0\/V3LoMW5hYoI\/AAAAAAAAlWU\/hOKQ0rLMEOgg94x8qiLihumNtgcgF-_xwCKgB\/s1600\/IMG_1577.PNG\" imageanchor=\"1\" style=\"margin-left: 1em; margin-right: 1em;\"><img decoding=\"async\" loading=\"lazy\" border=\"0\" height=\"480\" src=\"https:\/\/elcalaixetdelaiaia.es\/wp-content\/uploads\/2016\/06\/IMG_1577-2.png\" width=\"640\" \/><\/a><\/div>\n<div style=\"text-align: center;\">\n<\/div>\n<div style=\"text-align: center;\">\nMezclamos la salsa con la pasta, a\u00f1adimos los dados de queso de sabores y espolvoreamos con&nbsp; eneldo<\/div>\n<div style=\"text-align: center;\">\n<\/div>\n<div class=\"separator\" style=\"clear: both; text-align: center;\">\n<a href=\"https:\/\/4.bp.blogspot.com\/-4a4LmRIzpnM\/V3LohnTeiVI\/AAAAAAAAlWc\/w-TmpCz4EQ0SthrQtPG5mEf12S7wcOSNwCKgB\/s1600\/IMG_1578.PNG\" imageanchor=\"1\" style=\"margin-left: 1em; margin-right: 1em;\"><img decoding=\"async\" loading=\"lazy\" border=\"0\" height=\"480\" src=\"https:\/\/elcalaixetdelaiaia.es\/wp-content\/uploads\/2016\/06\/IMG_1578-2.png\" width=\"640\" \/><\/a><\/div>\n<div style=\"text-align: center;\">\n<\/div>\n<div style=\"text-align: center;\">\nes un plato delicioso&nbsp;<\/div>\n<div style=\"text-align: center;\">\n<\/div>\n<div class=\"separator\" style=\"clear: both; text-align: center;\">\n<a href=\"https:\/\/4.bp.blogspot.com\/-7fEJJm_rg_s\/V3LolCHO6XI\/AAAAAAAAlWo\/5W_drQ-pw3YeClKlMbxng3IF3pO55qh9gCKgB\/s1600\/IMG_1579.PNG\" imageanchor=\"1\" style=\"margin-left: 1em; margin-right: 1em;\"><img decoding=\"async\" loading=\"lazy\" border=\"0\" height=\"480\" src=\"https:\/\/elcalaixetdelaiaia.es\/wp-content\/uploads\/2016\/06\/IMG_1579-2.png\" width=\"640\" \/><\/a><\/div>\n<div style=\"text-align: center;\">\n<\/div>\n<div style=\"text-align: center;\">\n\u00abA la taula i&#8230;.BON PROFIT!!!<\/div>\n<div style=\"text-align: center;\">\nSi te gusta mi receta, puedes compartirla y clicar en g+1 para que llegue a m\u00e1s gente.<br \/>\nEspero tus comentarios y recuerda que tambi\u00e9n estoy en Facebook&nbsp;<a href=\"https:\/\/www.facebook.com\/El-calaixet-de-la-iaia-533062140099386\/\">https:\/\/www.facebook.com\/El-calaixet-de-la-iaia-533062140099386\/<\/a><\/div>\n","protected":false},"excerpt":{"rendered":"<p>\u00abRefrany; Salm\u00f3, mos red\u00f3\u00bb Salm\u00f3n, bocado redondo. Hoy voy a preparar un plato de pasta y salm\u00f3n fresco, con una salsa de nata que pod\u00e9is sustituir por leche evaporada para restar calor\u00edas \ud83d\ude09 &nbsp; \u00c9ste plato lo suelo dejar atemperar y lo comemos templado, mas bien fr\u00edo. Resulta un plato &hellip; <\/p>\n","protected":false},"author":2,"featured_media":4208,"comment_status":"open","ping_status":"open","sticky":false,"template":"","format":"standard","meta":[],"categories":[14,37,1],"tags":[],"_links":{"self":[{"href":"https:\/\/elcalaixetdelaiaia.es\/index.php?rest_route=\/wp\/v2\/posts\/275"}],"collection":[{"href":"https:\/\/elcalaixetdelaiaia.es\/index.php?rest_route=\/wp\/v2\/posts"}],"about":[{"href":"https:\/\/elcalaixetdelaiaia.es\/index.php?rest_route=\/wp\/v2\/types\/post"}],"author":[{"embeddable":true,"href":"https:\/\/elcalaixetdelaiaia.es\/index.php?rest_route=\/wp\/v2\/users\/2"}],"replies":[{"embeddable":true,"href":"https:\/\/elcalaixetdelaiaia.es\/index.php?rest_route=%2Fwp%2Fv2%2Fcomments&post=275"}],"version-history":[{"count":1,"href":"https:\/\/elcalaixetdelaiaia.es\/index.php?rest_route=\/wp\/v2\/posts\/275\/revisions"}],"predecessor-version":[{"id":4223,"href":"https:\/\/elcalaixetdelaiaia.es\/index.php?rest_route=\/wp\/v2\/posts\/275\/revisions\/4223"}],"wp:featuredmedia":[{"embeddable":true,"href":"https:\/\/elcalaixetdelaiaia.es\/index.php?rest_route=\/wp\/v2\/media\/4208"}],"wp:attachment":[{"href":"https:\/\/elcalaixetdelaiaia.es\/index.php?rest_route=%2Fwp%2Fv2%2Fmedia&parent=275"}],"wp:term":[{"taxonomy":"category","embeddable":true,"href":"https:\/\/elcalaixetdelaiaia.es\/index.php?rest_route=%2Fwp%2Fv2%2Fcategories&post=275"},{"taxonomy":"post_tag","embeddable":true,"href":"https:\/\/elcalaixetdelaiaia.es\/index.php?rest_route=%2Fwp%2Fv2%2Ftags&post=275"}],"curies":[{"name":"wp","href":"https:\/\/api.w.org\/{rel}","templated":true}]}}