{"id":27408,"date":"2024-03-30T09:57:03","date_gmt":"2024-03-30T09:57:03","guid":{"rendered":"https:\/\/elcalaixetdelaiaia.es\/?p=27408"},"modified":"2024-03-30T09:57:03","modified_gmt":"2024-03-30T09:57:03","slug":"horaris-setmana-santa-marinera-de-valencia-dissabte-de-gloria","status":"publish","type":"post","link":"https:\/\/elcalaixetdelaiaia.es\/?p=27408","title":{"rendered":"Horaris Setmana Santa Marinera de Val\u00e8ncia Dissabte de Gl\u00f2ria"},"content":{"rendered":"<p><img decoding=\"async\" loading=\"lazy\" class=\"alignnone size-full wp-image-27409\" src=\"https:\/\/elcalaixetdelaiaia.es\/wp-content\/uploads\/2024\/03\/dolorosagraomanolo-guallart.jpg\" alt=\"\" width=\"1024\" height=\"683\" srcset=\"https:\/\/elcalaixetdelaiaia.es\/wp-content\/uploads\/2024\/03\/dolorosagraomanolo-guallart.jpg 1024w, https:\/\/elcalaixetdelaiaia.es\/wp-content\/uploads\/2024\/03\/dolorosagraomanolo-guallart-300x200.jpg 300w, https:\/\/elcalaixetdelaiaia.es\/wp-content\/uploads\/2024\/03\/dolorosagraomanolo-guallart-768x512.jpg 768w, https:\/\/elcalaixetdelaiaia.es\/wp-content\/uploads\/2024\/03\/dolorosagraomanolo-guallart-600x400.jpg 600w\" sizes=\"(max-width: 1024px) 100vw, 1024px\" \/><\/p>\n<p style=\"text-align: center;\"><em>Foto de Manolo Guallart<\/em><\/p>\n<p>La Setmana Santa Marinera de Val\u00e8ncia es \u00fanica, con tradiciones igualmente , que la hacen inigualable. Uno de los hechos m\u00e1s caracter\u00edsticos del s\u00e1bado de gloria en el Cabanyal se produce a las 23:59h de este s\u00e1bado noche, camino al domingo. Si vais por el mar\u00edtimo a esas horas, procurad ir pegaditos a la pared o con paraguas, o pod\u00e9is ser sorprendidos por la loza rota y el agua, que cae de los balcones y ventanas de sus moradores.<\/p>\n<p>Como valencianos que somos,, seguimos con la tradici\u00f3n de las tras \u00aby el soroll\u00bb Para festejar la resurrecci\u00f3n de Jes\u00fas, y en el Cabanyal a las 00h del domingo (noche del s\u00e1bado al domingo) celebramos la resurecci\u00f3n de Jes\u00fas Cristo al modo m\u00e1s valenciano posible. Tracas, cohetes, masclets y petardos,\u00a0 llenar\u00e1n de alegr\u00eda la noche justo a las doce, peroooo no s\u00f3lo eso, ya que a las\u00a0 porque los vecinos del Cabanyal festejamos la resurecci\u00f3n, lanzando por los balcones cubos de agua. El agua purificadora la arrojamos a las calles, para purificar y anunciar que Jes\u00fas ha resucitado. Durante todo el a\u00f1o, en los hogares, se guarda esa tacita que queda sin asa, o esa cazuela de arroz al horno que se agrieta, para esta noche, y en lugar de echarlo a la basura, lo arrojamos, con agua dentro,por la ventana o balc\u00f3n, por eso os digo que vay\u00e1is con mucho ojito, aunque se procura que no pase nadie en ese momento, claro.\u00a0 es nuestra forma de simboliza el cambio de la antiguo por lo nuevo, un nuevo tiempo que ha de venir, que arroja luz sobre las sombras, que sustituye la muerte por la resurreci\u00f3n, que anuncia que Jes\u00fas ha vuelto y ha resucitado.<\/p>\n<p>En la Cofrad\u00eda de Jes\u00fas con la Cruz,la imagen del Cristo Resucitado, ser\u00e1 rodeada de linos blancos y flores de colores y dejar\u00e1n las puertas abiertas, para quien lo quiera visitar.<\/p>\n<p>Este a\u00f1o, habr\u00e1n mas castillos y fuegos artificiales, ya que en la medianoche del s\u00e1bado al domingo, momento en que celebramos la resurecci\u00f3n del Sant\u00edsimo Cristo, habr\u00e1 un espect\u00e1culo pirot\u00e9cnico en la Plaza de las horas, junto al edificio del reloj, del puerto.<\/p>\n<p>Al mismo tiempo, destellos de luz blanca, iluminar\u00e1n los campanarios de las iglesias del Mar\u00edtimo.<\/p>\n<p>Y junto al Mercat del Cabanyal, a la 01 horas del domingo, se disparar\u00e1 un castillo de fuegos artificiales a cargo de la Pirotecnia del Mediterr\u00e1neo en la calle Mart\u00ed Grajales.<\/p>\n<p>Estos son los horarios e itinerarios por Parroquias del S\u00e1bado de Gloria;<\/p>\n<p><strong>PARROQUIA SANTA MAR\u00cdA DEL MAR<\/strong><\/p>\n<p>18:30 Procesi\u00f3n de la Cruz y el Sudario de la Real Hermandad de Nuestro Padre Jes\u00fas Nazareno. Cruz con Sudario portada sobre el pecho de un cofrade de la hermandad.<\/p>\n<p>Itinerario: salida del Templo, plaza Tribunal de las Aguas, avenida del Puerto, calle Cristo del Grao, calle Jos\u00e9 Aguirre, calle San Jos\u00e9 de la Vega, calle Francisco Cubells, calle Francisco Baldom\u00e1, calle Jos\u00e9 Aguirre, plaza Juan Antonio Benlliure -Reales Atarazanas-, entrada al Templo por plaza Tribunal de las Aguas.<\/p>\n<p>20:00 Vigilia Pascual. Bendici\u00f3n del fuego y Cirio Pascual a la puerta del Templo. A continuaci\u00f3n, Eucarist\u00eda de Resurrecci\u00f3n.<\/p>\n<p>00:00 Tambor\u00e1 de celebraci\u00f3n de la Resurrecci\u00f3n de todas las Hermandades y Cofrad\u00edas de la Parroquia con la rotura de la hora en la puerta de la Parroquia, plaza Tribunal de las Aguas. A continuaci\u00f3n, castillo de fuegos artificiales para celebrar la Resurrecci\u00f3n.<\/p>\n<p>PARROQUIA SAN MAURO M\u00c1RTIR<\/p>\n<p>23:00 Vigilia Pascual y Eucarist\u00eda de Gloria.<\/p>\n<p><strong>PARROQUIA NUESTRA SE\u00d1ORA DEL ROSARIO<\/strong><\/p>\n<p>13:00 Devoluci\u00f3n de la Imagen Titular del Sant\u00edsimo Cristo de los Afligidos a su Camar\u00edn.<\/p>\n<p>19:00 Procesi\u00f3n Traslado del Sant\u00edsimo Cristo Yacente al Templo por la Hermandad del Santo Sepulcro. Itinerario: calle Escalante n\u00famero 49, calle Mariano Cuber, calle Barraca, calle Mediterr\u00e1neo, calle Jos\u00e9 Benlliure, calle Arcipreste Vicente Gallart, calle del Rosario, plaza Iglesia del Rosario, Parroquia d\u00f3nde finalizar\u00e1 la Procesi\u00f3n.<\/p>\n<p>21:00 Celebraci\u00f3n de la Vigilia Pascual, con la Bendici\u00f3n del Fuego, Procesi\u00f3n del Cirio Pascual, Oficio de Lecturas, Canto del Gloria, Bendici\u00f3n del Agua y Bautismo de Ne\u00f3fitos, siendo presidida por la imagen de Cristo Resucitado de la Hermandad de Vestas del Sant\u00edsimo Cristo del Buen Acierto.<\/p>\n<p>00:00 Celebraci\u00f3n de la Resurrecci\u00f3n del Se\u00f1or, frente al n\u00famero 92 de la calle Jos\u00e9 Benlliure, donde participar\u00e1 la Hermandad del Sant\u00edsimo Cristo de los Afligidos junto a la Hermandad del Sant\u00edsimo Ecce Homo.<\/p>\n<p><strong>PARROQUIA NUESTRA SE\u00d1ORA DE LOS \u00c1NGELES<\/strong><\/p>\n<p>20:30 Vigilia Pascual en la Parroquia. Bendici\u00f3n del fuego y Cirio Pascual a la puerta de la Iglesia, a continuaci\u00f3n, Eucarist\u00eda de Resurrecci\u00f3n<\/p>\n<p>00:00 Celebraci\u00f3n de la Resurrecci\u00f3n del Se\u00f1or por parte de todas las hermandades, cofrad\u00edas y corporaciones de la Parroquia, resaltando la \u00abRepresentaci\u00f3n de la Resurrecci\u00f3n de Nuestro Se\u00f1or Jesucristo\u00bb, que efectuar\u00e1 la Real Hermandad de Jes\u00fas con la Cruz y Cristo Resucitado en el local agraciado \u2013calle Nicolau de Monsoriu n\u00famero 51, bajo-, permaneciendo abierto para su veneraci\u00f3n hasta las 02:00 horas.<\/p>\n<p><strong>PARROQUIA CRISTO REDENTOR-SAN RAFAEL ARC\u00c1NGEL<\/strong><\/p>\n<p>19:00 Vigilia Pascual con bendici\u00f3n del fuego, liturgia de la Palabra, bendici\u00f3n del agua, bautismos y Eucarist\u00eda.<\/p>\n<p>00:00 Procesi\u00f3n. Al toque de Gloria, la Santa Hermandad de la Muerte y Resurrecci\u00f3n del Se\u00f1or procesionar\u00e1 con su Imagen Titular \u00abJes\u00fas Resucitado\u00bb visitando a su Madre, Mar\u00eda Sant\u00edsima.<\/p>\n<p>Itinerario: calle Jos\u00e9 Benlliure 347, calle Remonta, calle Tramoyeres hasta el n\u00famero 27 \u2013ofrenda floral a la Virgen de los Dolores-, calle Pintor Ferrandis, calle Jos\u00e9 Benlliure, calle Mariano Cuber, calle Arquitecto Alfaro, calle Jos\u00e9 Aguirre hasta el n\u00famero 25 \u2013ofrenda floral a la Virgen de los Dolores Coronada-, calle Ernesto Anastasio, calle Francisco Cubells, calle del Rosario, calle Mariano Cuber, calle Amparo, Casa-Museo Semana Santa Marinera de Val\u00e8ncia \u00abSalvador Caur\u00edn\u00bb.<\/p>\n<p>Y ma\u00f1ana Diumenge de Resurecci\u00f2 el desfile mas bonito, colorido alegre y precioso de Semana Santa, \u00fanico en toda Espa\u00f1a \u00a1No os lo perd\u00e1is!<\/p>\n<p>La iaia del calaixet.<\/p>\n","protected":false},"excerpt":{"rendered":"<p>Foto de Manolo Guallart La Setmana Santa Marinera de Val\u00e8ncia es \u00fanica, con tradiciones igualmente , que la hacen inigualable. Uno de los hechos m\u00e1s caracter\u00edsticos del s\u00e1bado de gloria en el Cabanyal se produce a las 23:59h de este s\u00e1bado noche, camino al domingo. Si vais por el mar\u00edtimo &hellip; <\/p>\n","protected":false},"author":2,"featured_media":27409,"comment_status":"open","ping_status":"open","sticky":false,"template":"","format":"standard","meta":[],"categories":[1,47],"tags":[],"_links":{"self":[{"href":"https:\/\/elcalaixetdelaiaia.es\/index.php?rest_route=\/wp\/v2\/posts\/27408"}],"collection":[{"href":"https:\/\/elcalaixetdelaiaia.es\/index.php?rest_route=\/wp\/v2\/posts"}],"about":[{"href":"https:\/\/elcalaixetdelaiaia.es\/index.php?rest_route=\/wp\/v2\/types\/post"}],"author":[{"embeddable":true,"href":"https:\/\/elcalaixetdelaiaia.es\/index.php?rest_route=\/wp\/v2\/users\/2"}],"replies":[{"embeddable":true,"href":"https:\/\/elcalaixetdelaiaia.es\/index.php?rest_route=%2Fwp%2Fv2%2Fcomments&post=27408"}],"version-history":[{"count":1,"href":"https:\/\/elcalaixetdelaiaia.es\/index.php?rest_route=\/wp\/v2\/posts\/27408\/revisions"}],"predecessor-version":[{"id":27410,"href":"https:\/\/elcalaixetdelaiaia.es\/index.php?rest_route=\/wp\/v2\/posts\/27408\/revisions\/27410"}],"wp:featuredmedia":[{"embeddable":true,"href":"https:\/\/elcalaixetdelaiaia.es\/index.php?rest_route=\/wp\/v2\/media\/27409"}],"wp:attachment":[{"href":"https:\/\/elcalaixetdelaiaia.es\/index.php?rest_route=%2Fwp%2Fv2%2Fmedia&parent=27408"}],"wp:term":[{"taxonomy":"category","embeddable":true,"href":"https:\/\/elcalaixetdelaiaia.es\/index.php?rest_route=%2Fwp%2Fv2%2Fcategories&post=27408"},{"taxonomy":"post_tag","embeddable":true,"href":"https:\/\/elcalaixetdelaiaia.es\/index.php?rest_route=%2Fwp%2Fv2%2Ftags&post=27408"}],"curies":[{"name":"wp","href":"https:\/\/api.w.org\/{rel}","templated":true}]}}