{"id":274,"date":"2016-06-28T22:18:00","date_gmt":"2016-06-28T22:18:00","guid":{"rendered":"http:\/\/elcalaixetdelaiaia.es\/ensalada-de-pasta-con-salmon-fresco_29"},"modified":"2023-08-02T14:24:16","modified_gmt":"2023-08-02T14:24:16","slug":"ensalada-de-pasta-con-salmon-fresco_29","status":"publish","type":"post","link":"https:\/\/elcalaixetdelaiaia.es\/?p=274","title":{"rendered":"Ensalada de pasta con salm\u00f3n fresco paso a paso, foto a foto"},"content":{"rendered":"<p>\u00abRefrany; Salm\u00f3, mos red\u00f3\u00bb\u00a0 Salm\u00f3n, bocado redondo.<\/p>\n<p>Hoy voy a preparar un plato de pasta y salm\u00f3n fresco, con una salsa de nata que pod\u00e9is sustituir por leche evaporada para restar calor\u00edas \ud83d\ude09 a mi chico le encanta el salm\u00f3n ahumado, pero como no es de los alimentos que mas me gustan a mi, alguna vez, cambio el salm\u00f3n ahumado por fresco, a mi gusto, infinitamente mejor pero unas veces va al gusto de chico y potras al m\u00edo, as\u00ed que pod\u00e9is elegir, con salm\u00f3n fresco pasado por el fuego o con salm\u00f3n ahumado \ud83d\ude09<\/p>\n<div class=\"separator\" style=\"clear: both; text-align: center;\"><a style=\"margin-left: 1em; margin-right: 1em;\" href=\"https:\/\/2.bp.blogspot.com\/-6RE_cSEGMi8\/V3LpcMJzRhI\/AAAAAAAAlW0\/MYMAz4sFbAA6IbYijn2W7NEKTb0LVCNcACKgB\/s1600\/IMG_1580.PNG\"><img decoding=\"async\" loading=\"lazy\" src=\"https:\/\/elcalaixetdelaiaia.es\/wp-content\/uploads\/2016\/06\/IMG_1580-1.png\" width=\"640\" height=\"472\" border=\"0\" \/><\/a><\/div>\n<p>\u00c9ste plato lo suelo dejar atemperar y lo comemos templado, mas bien fr\u00edo. Resulta un plato de 10 y con un sabor delicioso.<\/p>\n<p>Si sois de Valencia o alrededores o recomiendo encarecidamente una parada de pescado del mercado de Ruzafa, son los palcos 36\/42, Elena y Pepe os atender\u00e1n con total profesionalidad y simpat\u00eda, aparte de que sus productos son de lo m\u00e1s frescos y de grand\u00edsima calidad.<\/p>\n<p>Necesitaremos para 2 comensales;<\/p>\n<div class=\"separator\" style=\"clear: both; text-align: center;\"><a style=\"margin-left: 1em; margin-right: 1em;\" href=\"https:\/\/3.bp.blogspot.com\/-hcdBiYZdMGs\/V3LnZMIt4GI\/AAAAAAAAlWk\/YvKPmIYVMhE3OrWHmWyWW9KV3I-Kqa3TACKgB\/s1600\/IMG_1567.PNG\"><img decoding=\"async\" loading=\"lazy\" src=\"https:\/\/elcalaixetdelaiaia.es\/wp-content\/uploads\/2016\/06\/IMG_1567-1.png\" width=\"640\" height=\"480\" border=\"0\" \/><\/a><\/div>\n<ol>\n<li>200 gramos de pasta a elegir<\/li>\n<li>Queso rallado<\/li>\n<li>Queso en tacos de distintas clases<\/li>\n<li>\u00a0300gr de salm\u00f3n ahumado<\/li>\n<li>Una cebolleta<\/li>\n<li>Nuez moscada<\/li>\n<li>Un brik peque\u00f1o de nata o crema de leche<\/li>\n<li>Una pastilla de Avecr\u00e9m de pescado<\/li>\n<li>Aceite de oliva<\/li>\n<li>Eneldo<\/li>\n<li>Pimienta<\/li>\n<\/ol>\n<div class=\"separator\" style=\"clear: both; text-align: center;\"><a style=\"margin-left: 1em; margin-right: 1em;\" href=\"https:\/\/2.bp.blogspot.com\/-1LKKOC6FipQ\/V3LzRUGCzlI\/AAAAAAAAlXE\/AZtL-e08F08iBxHIN976QFMoKpeAzO90gCKgB\/s1600\/IMG_1615.JPG\"><img decoding=\"async\" loading=\"lazy\" src=\"https:\/\/elcalaixetdelaiaia.es\/wp-content\/uploads\/2016\/06\/IMG_1615-1.jpg\" width=\"640\" height=\"480\" border=\"0\" \/><\/a><\/div>\n<div class=\"separator\" style=\"clear: both; text-align: center;\"><\/div>\n<div class=\"separator\" style=\"clear: both; text-align: center;\">\u00a0En \u00e9sta ocasi\u00f3n he elegido para hacer \u00e9ste plato, unas \u00abcreste di galli\u00bb\u00a0 crestas de gallo, que me encantan, porque al estar huecas, tipo macarrones, se queda la salsita por dentro y dejan un rico sabor. Es pasta hecha de tomate, albahaca, espinacas, tomate y remolacha, que compro en Lidl cada vez que hay de oferta<\/div>\n<div class=\"separator\" style=\"clear: both; text-align: center;\"><\/div>\n<div class=\"separator\" style=\"clear: both; text-align: center;\"><a style=\"margin-left: 1em; margin-right: 1em;\" href=\"https:\/\/1.bp.blogspot.com\/-KL57p95KdF4\/V3LnWmC1kxI\/AAAAAAAAlWk\/NY6CQz3AJhcl1j3_lJ5DOij_izIy3F2lACKgB\/s1600\/IMG_1568.PNG\"><img decoding=\"async\" loading=\"lazy\" src=\"https:\/\/elcalaixetdelaiaia.es\/wp-content\/uploads\/2016\/06\/IMG_1568-1.png\" width=\"640\" height=\"480\" border=\"0\" \/><\/a><\/div>\n<div style=\"text-align: center;\"><\/div>\n<div style=\"text-align: center;\">\u00a0Comenzaremos poniendo la pasta a hervir seg\u00fan las indicaciones de tiempo del fabricante, en agua hierviendo, con una pastilla de Avecr\u00e9m o sal y un chorrito de aceite.<\/div>\n<div style=\"text-align: center;\"><\/div>\n<div class=\"separator\" style=\"clear: both; text-align: center;\"><a style=\"margin-left: 1em; margin-right: 1em;\" href=\"https:\/\/4.bp.blogspot.com\/-5oHzvB0FBGw\/V3LnbuzMsPI\/AAAAAAAAlWk\/X4X64EGUIZEzTDZPnxqwFGP1LsQrnJs5QCKgB\/s1600\/IMG_1569.PNG\"><img decoding=\"async\" loading=\"lazy\" src=\"https:\/\/elcalaixetdelaiaia.es\/wp-content\/uploads\/2016\/06\/IMG_1569-1.png\" width=\"640\" height=\"480\" border=\"0\" \/><\/a><\/div>\n<div style=\"text-align: center;\"><\/div>\n<div style=\"text-align: center;\">Eliminamos las espinas y la piel del salm\u00f3n. Cortaremos en dados<\/div>\n<div style=\"text-align: center;\"><\/div>\n<div class=\"separator\" style=\"clear: both; text-align: center;\"><a style=\"margin-left: 1em; margin-right: 1em;\" href=\"https:\/\/2.bp.blogspot.com\/-WA0F9E5WD-M\/V3LniiBDjtI\/AAAAAAAAlWk\/2kJyLkfO_k0-ijVI3KKK-JL26WpuREMDwCKgB\/s1600\/IMG_1570.PNG\"><img decoding=\"async\" loading=\"lazy\" src=\"https:\/\/elcalaixetdelaiaia.es\/wp-content\/uploads\/2016\/06\/IMG_1570-1.png\" width=\"640\" height=\"480\" border=\"0\" \/><\/a><\/div>\n<div style=\"text-align: center;\"><\/div>\n<div style=\"text-align: center;\">Una vez cocida la pasta el tiempo que nos indique el fabricante, la dejaremos escurriendo.<\/div>\n<div style=\"text-align: center;\"><\/div>\n<div class=\"separator\" style=\"clear: both; text-align: center;\"><a style=\"margin-left: 1em; margin-right: 1em;\" href=\"https:\/\/3.bp.blogspot.com\/-rhjOZvclYiM\/V3LnpWxsphI\/AAAAAAAAlWk\/mY7SD_SVK9khN4ZQ7RnzmpqXIqwNlzS4gCKgB\/s1600\/IMG_1571.PNG\"><img decoding=\"async\" loading=\"lazy\" src=\"https:\/\/elcalaixetdelaiaia.es\/wp-content\/uploads\/2016\/06\/IMG_1571-1.png\" width=\"640\" height=\"480\" border=\"0\" \/><\/a><\/div>\n<div style=\"text-align: center;\"><\/div>\n<div style=\"text-align: center;\">ponemos a calentar aceite de oliva y fre\u00edmos los dados de salm\u00f3n. Cuando est\u00e9n dorados, reservamos<\/div>\n<div style=\"text-align: center;\"><\/div>\n<div class=\"separator\" style=\"clear: both; text-align: center;\"><a style=\"margin-left: 1em; margin-right: 1em;\" href=\"https:\/\/1.bp.blogspot.com\/-mFSIespfvRo\/V3LnuimxkGI\/AAAAAAAAlWk\/Ssxvx4fJJW0lyYUblZLmTsDAR5XDUPVKACKgB\/s1600\/IMG_1572.PNG\"><img decoding=\"async\" loading=\"lazy\" src=\"https:\/\/elcalaixetdelaiaia.es\/wp-content\/uploads\/2016\/06\/IMG_1572-1.png\" width=\"640\" height=\"480\" border=\"0\" \/><\/a><\/div>\n<div style=\"text-align: center;\"><\/div>\n<div style=\"text-align: center;\">Picamos la cebolleta y la ponemos a pochar en el aceite de haber dorado el salm\u00f3n<\/div>\n<div style=\"text-align: center;\"><\/div>\n<div class=\"separator\" style=\"clear: both; text-align: center;\"><a style=\"margin-left: 1em; margin-right: 1em;\" href=\"https:\/\/1.bp.blogspot.com\/-sutejxq3Ft8\/V3Ln2dxTqyI\/AAAAAAAAlWk\/StYWHVdxO8gDkc2UrHvUKW1vXxHlFvBwACKgB\/s1600\/IMG_1573.PNG\"><img decoding=\"async\" loading=\"lazy\" src=\"https:\/\/elcalaixetdelaiaia.es\/wp-content\/uploads\/2016\/06\/IMG_1573-1.png\" width=\"640\" height=\"480\" border=\"0\" \/><\/a><\/div>\n<div style=\"text-align: center;\"><\/div>\n<div style=\"text-align: center;\">cuando est\u00e9 la cebolla pochada, a\u00f1adimos la nata o crema de leche<\/div>\n<div style=\"text-align: center;\"><\/div>\n<div class=\"separator\" style=\"clear: both; text-align: center;\"><a style=\"margin-left: 1em; margin-right: 1em;\" href=\"https:\/\/1.bp.blogspot.com\/-JsYeDziNTzQ\/V3Ln6NyUNII\/AAAAAAAAlWk\/iaqo5NXgoaUGCE_NjMuDn4UePlNOnt72wCKgB\/s1600\/IMG_1574.PNG\"><img decoding=\"async\" loading=\"lazy\" src=\"https:\/\/elcalaixetdelaiaia.es\/wp-content\/uploads\/2016\/06\/IMG_1574-1.png\" width=\"640\" height=\"480\" border=\"0\" \/><\/a><\/div>\n<div style=\"text-align: center;\"><\/div>\n<div style=\"text-align: center;\">a continuaci\u00f3n el queso que habremos rallado<\/div>\n<div style=\"text-align: center;\"><\/div>\n<div class=\"separator\" style=\"clear: both; text-align: center;\"><a style=\"margin-left: 1em; margin-right: 1em;\" href=\"https:\/\/1.bp.blogspot.com\/-n0YBjyrYLLg\/V3Ln_XEqkhI\/AAAAAAAAlWk\/oWNvztB0soAo6SL5SddXKwz0i7n4Z9rtwCKgB\/s1600\/IMG_1575.PNG\"><img decoding=\"async\" loading=\"lazy\" src=\"https:\/\/elcalaixetdelaiaia.es\/wp-content\/uploads\/2016\/06\/IMG_1575-1.png\" width=\"640\" height=\"480\" border=\"0\" \/><\/a><\/div>\n<div style=\"text-align: center;\"><\/div>\n<div style=\"text-align: center;\">la nuez moscada en polvo o rallada<\/div>\n<div style=\"text-align: center;\"><\/div>\n<div class=\"separator\" style=\"clear: both; text-align: center;\"><a style=\"margin-left: 1em; margin-right: 1em;\" href=\"https:\/\/4.bp.blogspot.com\/-89imRcCtkcE\/V3LoFxLNJtI\/AAAAAAAAlWM\/bSJ-o0NlHpw0bl2pvFrMvBtoL0UrobCVQCKgB\/s1600\/IMG_1576.PNG\"><img decoding=\"async\" loading=\"lazy\" src=\"https:\/\/elcalaixetdelaiaia.es\/wp-content\/uploads\/2016\/06\/IMG_1576-1.png\" width=\"640\" height=\"480\" border=\"0\" \/><\/a><\/div>\n<div style=\"text-align: center;\"><\/div>\n<div style=\"text-align: center;\">Salpimentamos y retiramos del fuego<\/div>\n<div style=\"text-align: center;\"><\/div>\n<div class=\"separator\" style=\"clear: both; text-align: center;\"><a style=\"margin-left: 1em; margin-right: 1em;\" href=\"https:\/\/3.bp.blogspot.com\/-sZHcEJDdhX0\/V3LoMW5hYoI\/AAAAAAAAlWU\/hOKQ0rLMEOgg94x8qiLihumNtgcgF-_xwCKgB\/s1600\/IMG_1577.PNG\"><img decoding=\"async\" loading=\"lazy\" src=\"https:\/\/elcalaixetdelaiaia.es\/wp-content\/uploads\/2016\/06\/IMG_1577-1.png\" width=\"640\" height=\"480\" border=\"0\" \/><\/a><\/div>\n<div style=\"text-align: center;\"><\/div>\n<div style=\"text-align: center;\">Mezclamos la salsa con la pasta, a\u00f1adimos los dados de queso de sabores y espolvoreamos con\u00a0 eneldo<\/div>\n<div style=\"text-align: center;\"><\/div>\n<div class=\"separator\" style=\"clear: both; text-align: center;\"><a style=\"margin-left: 1em; margin-right: 1em;\" href=\"https:\/\/4.bp.blogspot.com\/-4a4LmRIzpnM\/V3LohnTeiVI\/AAAAAAAAlWc\/w-TmpCz4EQ0SthrQtPG5mEf12S7wcOSNwCKgB\/s1600\/IMG_1578.PNG\"><img decoding=\"async\" loading=\"lazy\" src=\"https:\/\/elcalaixetdelaiaia.es\/wp-content\/uploads\/2016\/06\/IMG_1578-1.png\" width=\"640\" height=\"480\" border=\"0\" \/><\/a><\/div>\n<div style=\"text-align: center;\"><\/div>\n<div style=\"text-align: center;\">es un plato delicioso<\/div>\n<div style=\"text-align: center;\"><\/div>\n<div class=\"separator\" style=\"clear: both; text-align: center;\"><a style=\"margin-left: 1em; margin-right: 1em;\" href=\"https:\/\/4.bp.blogspot.com\/-7fEJJm_rg_s\/V3LolCHO6XI\/AAAAAAAAlWo\/5W_drQ-pw3YeClKlMbxng3IF3pO55qh9gCKgB\/s1600\/IMG_1579.PNG\"><img decoding=\"async\" loading=\"lazy\" src=\"https:\/\/elcalaixetdelaiaia.es\/wp-content\/uploads\/2016\/06\/IMG_1579-1.png\" width=\"640\" height=\"480\" border=\"0\" \/><\/a><\/div>\n<div style=\"text-align: center;\"><\/div>\n<div style=\"text-align: center;\">\u00abA la taula i&#8230; BON PROFIT!!!<\/div>\n<div style=\"text-align: center;\">Si os gusta mi receta, pod\u00e9is compartir.<\/div>\n<div style=\"text-align: center;\">Recordad que tambien estoy en Facebook <a href=\"https:\/\/www.facebook.com\/El-calaixet-de-la-iaia-533062140099386\/\">https:\/\/www.facebook.com\/El-calaixet-de-la-iaia-533062140099386\/<\/a><\/div>\n<div style=\"text-align: center;\">y que espero vuestro comentarios. \u00a0 Gracias \ud83d\ude09<\/div>\n","protected":false},"excerpt":{"rendered":"<p>\u00abRefrany; Salm\u00f3, mos red\u00f3\u00bb\u00a0 Salm\u00f3n, bocado redondo. Hoy voy a preparar un plato de pasta y salm\u00f3n fresco, con una salsa de nata que pod\u00e9is sustituir por leche evaporada para restar calor\u00edas \ud83d\ude09 a mi chico le encanta el salm\u00f3n ahumado, pero como no es de los alimentos que mas &hellip; <\/p>\n","protected":false},"author":2,"featured_media":4225,"comment_status":"open","ping_status":"open","sticky":false,"template":"","format":"standard","meta":[],"categories":[129,14,37,1],"tags":[],"_links":{"self":[{"href":"https:\/\/elcalaixetdelaiaia.es\/index.php?rest_route=\/wp\/v2\/posts\/274"}],"collection":[{"href":"https:\/\/elcalaixetdelaiaia.es\/index.php?rest_route=\/wp\/v2\/posts"}],"about":[{"href":"https:\/\/elcalaixetdelaiaia.es\/index.php?rest_route=\/wp\/v2\/types\/post"}],"author":[{"embeddable":true,"href":"https:\/\/elcalaixetdelaiaia.es\/index.php?rest_route=\/wp\/v2\/users\/2"}],"replies":[{"embeddable":true,"href":"https:\/\/elcalaixetdelaiaia.es\/index.php?rest_route=%2Fwp%2Fv2%2Fcomments&post=274"}],"version-history":[{"count":6,"href":"https:\/\/elcalaixetdelaiaia.es\/index.php?rest_route=\/wp\/v2\/posts\/274\/revisions"}],"predecessor-version":[{"id":25651,"href":"https:\/\/elcalaixetdelaiaia.es\/index.php?rest_route=\/wp\/v2\/posts\/274\/revisions\/25651"}],"wp:featuredmedia":[{"embeddable":true,"href":"https:\/\/elcalaixetdelaiaia.es\/index.php?rest_route=\/wp\/v2\/media\/4225"}],"wp:attachment":[{"href":"https:\/\/elcalaixetdelaiaia.es\/index.php?rest_route=%2Fwp%2Fv2%2Fmedia&parent=274"}],"wp:term":[{"taxonomy":"category","embeddable":true,"href":"https:\/\/elcalaixetdelaiaia.es\/index.php?rest_route=%2Fwp%2Fv2%2Fcategories&post=274"},{"taxonomy":"post_tag","embeddable":true,"href":"https:\/\/elcalaixetdelaiaia.es\/index.php?rest_route=%2Fwp%2Fv2%2Ftags&post=274"}],"curies":[{"name":"wp","href":"https:\/\/api.w.org\/{rel}","templated":true}]}}