{"id":27286,"date":"2024-03-15T09:56:10","date_gmt":"2024-03-15T09:56:10","guid":{"rendered":"https:\/\/elcalaixetdelaiaia.es\/?p=27286"},"modified":"2026-03-15T09:40:56","modified_gmt":"2026-03-15T09:40:56","slug":"27286","status":"publish","type":"post","link":"https:\/\/elcalaixetdelaiaia.es\/?p=27286","title":{"rendered":"Falles de Val\u00e8ncia 2026 horaris d&#8217;actes"},"content":{"rendered":"<p>\u00abDite; Val\u00e8ncia ser\u00e0 Val\u00e8ncia, mentres hi haja una barraca, el Micalet, la paella, una falla i una traca\u00bb<\/p>\n<p>Val\u00e9ncia ser\u00e1 Valencia, mientras haya una barraca, el Miguelete, la paella, una falla y una traca.<\/p>\n<p><img decoding=\"async\" loading=\"lazy\" class=\"alignnone size-full wp-image-29280\" src=\"https:\/\/elcalaixetdelaiaia.es\/wp-content\/uploads\/2024\/03\/orla-negre-3a-prob-escrita.jpg\" alt=\"\" width=\"640\" height=\"848\" srcset=\"https:\/\/elcalaixetdelaiaia.es\/wp-content\/uploads\/2024\/03\/orla-negre-3a-prob-escrita.jpg 640w, https:\/\/elcalaixetdelaiaia.es\/wp-content\/uploads\/2024\/03\/orla-negre-3a-prob-escrita-226x300.jpg 226w\" sizes=\"(max-width: 640px) 100vw, 640px\" \/><\/p>\n<p><strong>Domingo 15<\/strong><\/p>\n<p>09:00 h. &#8211; \u201cPlant\u00e0\u201d de todas las fallas infantiles.<br \/>\n14:00 h. &#8211; \u201cMasclet\u00e0\u201d en la Plaza del Ayuntamiento.<br \/>\n17:00h. &#8211; Clausura de la Exposici\u00f3n del Ninot.<br \/>\n17:30h. &#8211; Lectura del veredicto popular y proclamaci\u00f3n del \u201cNinot Indultat\u201d 2026<br \/>\n17:45 h.\u2013 Recogida de los ninots por las comisiones hasta las 20:00h.<br \/>\n23:59 h.\u2013 L\u2019Alba de las Fallas en toda la ciudad.<br \/>\nTradici\u00f3n recuperada en 2016 gracias a la falla Na Jornada y a Junta Central Fallera,<\/p>\n<p><strong>Lunes 16<\/strong><\/p>\n<p>08:00 h. -\u201cPlant\u00e0\u201d de todas las fallas.<br \/>\n14:00h.- \u201cMasclet\u00e0\u201d en Plaza del Ayuntamiento<br \/>\n16:30 h. \u2013 Entrega Premios Infantiles.<br \/>\nEn la tribuna instalada en el Ayuntamiento para el reparto de premios obtenidos<br \/>\npor las fallas infantiles en las diferentes secciones, as\u00ed como de presentaciones<br \/>\ninfantiles, Cabalgata del Ninot y llibrets de falla infantiles.<br \/>\n23:59 h. \u2013 Castillo de Fuegos Artificiales en el Puente de Monteolivete.<\/p>\n<p><strong>Martes 17<\/strong><\/p>\n<p>09:00h. &#8211; Entrega de Premios.<br \/>\nEn la tribuna instalada en el Ayuntamiento para el reparto de premios obtenidos<br \/>\npor las fallas en las diferentes secciones, as\u00ed como de los concursos de calles<br \/>\niluminadas, presentaciones y llibrets de falla.<br \/>\n14:00 h. -\u201cMasclet\u00e0\u201d en Plaza del Ayuntamiento.<br \/>\n15:30 h. \u2013 Comienza la Ofrenda de flores a la Mare de D\u00e9u.<\/p>\n<p><strong>OFRENDA \u2013 CALLE LA PAZ<\/strong><\/p>\n<p>15:30 h.: Rascanya<br \/>\n17:10 h: Camins al Grau<br \/>\n18:55 h.: Ruzafa A<br \/>\n19:55 h.: Ruzafa B<br \/>\n20:40 h.: Pla del Reial-Benimaclet<br \/>\n22:40h.: Canyamelar-Grau-Nazaret<br \/>\n00:10 h.- La Xerea<\/p>\n<p><strong>OFRENDA \u2013 CALLE SAN VICENTE<\/strong><\/p>\n<p>15:30 h.: Patraix<br \/>\n16:45 h.: Bot\u00e0nic-La Petxina<br \/>\n17:45 h: El Carmen<br \/>\n18:30 h.- Jes\u00fas<br \/>\n19:45 h.: Quart de Poblet-Xirivella<br \/>\n21:25 h.: La Cruz Cubierta<br \/>\n22:40 h.: El Pilar-Sant Francesc<br \/>\n23:55h.- La Seu-El Mercat<br \/>\n00:25h.: Casas Regionales.<br \/>\n00:35 h.: Juntas Locales.<br \/>\n00:45 h.: Falla de la Fallera Mayor Infantil de Valencia, Marta Mercader Roig, la<br \/>\nfalla Alberique-H\u00e9roe Romeu<br \/>\n00:50 h.: Comitiva Oficial delegaciones de Burgos, Murcia, Castell\u00f3n y Alicante.<br \/>\n00:55 h.: \u00daltimas cinco Falleras Mayores Infantiles de Valencia.<br \/>\n01:00 h.: Fallera Mayor Infantil de Valencia, Marta Mercader Roig y su Corte de<br \/>\nHonor. Acompa\u00f1adas de los componentes de JCF y la Banda Municipal de Valencia.23:59 h.: Castillo de fuegos artificiales en el Puente de Monteolivete.<\/p>\n<p><strong>Mi\u00e9rcoles 18<\/strong><\/p>\n<p>10:00 h. &#8211; Homenaje al poeta Maximiliano Thous, en su monumento, situado en el<br \/>\ncruce de las calles Sagunto y Maximiliano Thous.<br \/>\nCon la colaboraci\u00f3n de la falla Fray Pere Vives- Bilbao \u2013 Maximiliano Thous.<br \/>\n12:00 h. &#8211; Homenaje al Maestro Serrano,que tendr\u00e1 lugar en su monumento en la<br \/>\nAvenida del Reino de Valencia.<br \/>\n14:00 h. &#8211; \u201cMasclet\u00e0\u201d en la Plaza del Ayuntamiento.<\/p>\n<p>15:30 h. \u20132\u00aa parte de la Ofrenda de flores a la Mare de D\u00e9u.<\/p>\n<p><strong>OFRENDA \u2013 CALLE LA PAZ<\/strong><\/p>\n<p>15:30 h.: Quatre Carreres<br \/>\n17:10 h: Benim\u00e1met-Burjassot-Beniferri<br \/>\n19:10 h.: Pla del Remei-Gran V\u00eda<br \/>\n20:40 h.: Malvarrosa-Caba\u00f1al-Beter\u00f3<br \/>\n21:55 h.: Algir\u00f3s<br \/>\n22:55 h.: Poblats al Sud<\/p>\n<p><strong>OFRENDA \u2013 CALLE SAN VICENTE<\/strong><\/p>\n<p>15:30 h.: Benicalap<br \/>\n16:45 h.: Campanar<br \/>\n18:00 h.: La Roqueta-Arrancapins<br \/>\n19:30 h.: Olivereta<br \/>\n21:15 h: Zaidia<br \/>\n22:50 h.: Mislata<br \/>\n00.05 h.: Casas Regionales.<br \/>\n00:15 h.: Entidades invitadas<br \/>\n00:25 h.: Falla de la Fallera Mayor de Valencia, Carmen Prades Gil, la falla<br \/>\nConvento Jerusal\u00e9n-Matem\u00e1tico Marzal.<br \/>\n00.30 h.: Comitiva Oficial delegaciones de Burgos, Murcia, Castell\u00f3n y Alicante.<br \/>\n00:35 h.: \u00daltimas cinco Falleras Mayores de Valencia.<br \/>\n00:40 h.: Fallera Mayor de Valencia, Carmen Prades Gil, y su Corte de Honor.<br \/>\nAcompa\u00f1adas por los componentes de JCF y la Banda Municipal de Valencia.<br \/>\n23:59 h.: \u201cNIT DEL FOC\u201d Castillo de Fuegos Artificiales en el Puente de Monteolivete.<\/p>\n<p><strong>Jueves 19<\/strong><\/p>\n<p>11.00 h. &#8211; Ofrenda de flores de les Falleras Mayores de Valencia y sus Cortes de<br \/>\nHonor frente a la imagen del Patriarca en el Puente de San Jos\u00e9.<br \/>\nCon la Colaboraci\u00f3n de la falla Doctor Ol\u00f3riz-Arzobispo Fabi\u00e1n y Fuero.<br \/>\n12:00 h. &#8211; Misa solemne en honor a San Jos\u00e9 en la Catedral de Valencia, oficiada<br \/>\npor el Arzobispo de Valencia, Don Enrique Benavent y ofrecida por Junta Central<br \/>\nFallera y el Gremio de Carpinteros.<br \/>\n14:00 h. &#8211; \u201cMasclet\u00e0\u201d en la Plaza del Ayuntamiento.<br \/>\n19:00 h.-Cabalgata del Fuego que empezar\u00e1 en la Calle de la Paz hasta la Porta de<br \/>\nla Mar.<br \/>\n20:00 h. -\u201cCrem\u00e0\u201d de las fallas infantiles.<br \/>\n20:30 h. \u2013 \u201cCrem\u00e0\u201d de la falla infantil que haya obtenido el primer premio de la<br \/>\nSecci\u00f3n Especial.<br \/>\n21:00 h. \u2013 \u201cCrem\u00e0\u201d de la falla infantil de la Plaza del Ayuntamiento.<br \/>\n22:00 h. \u2013 \u201cCrem\u00e0\u201d de todas las fallas de Valencia.<br \/>\n22:30 h. \u2013 \u201cCrem\u00e0\u201d de la falla que haya obtenido el primer premio de la Secci\u00f3n<br \/>\nEspecial.<br \/>\n23:00h. \u2013 \u201cCrem\u00e0\u201d de la falla de la Plaza del Ayuntamiento.<\/p>\n<p>i&#8230;&#8230;comencen les falles 2027 !!!<\/p>\n<p>Que el tiempo y la salud, nos acompa\u00f1en.<\/p>\n<p>Que pas\u00e9is unas maravillosas fallas, os desea Maimen, la iaia del calaixet.<\/p>\n","protected":false},"excerpt":{"rendered":"<p>\u00abDite; Val\u00e8ncia ser\u00e0 Val\u00e8ncia, mentres hi haja una barraca, el Micalet, la paella, una falla i una traca\u00bb Val\u00e9ncia ser\u00e1 Valencia, mientras haya una barraca, el Miguelete, la paella, una falla y una traca. Domingo 15 09:00 h. &#8211; \u201cPlant\u00e0\u201d de todas las fallas infantiles. 14:00 h. &#8211; \u201cMasclet\u00e0\u201d en &hellip; <\/p>\n","protected":false},"author":2,"featured_media":29280,"comment_status":"open","ping_status":"open","sticky":false,"template":"","format":"standard","meta":[],"categories":[1,47],"tags":[],"_links":{"self":[{"href":"https:\/\/elcalaixetdelaiaia.es\/index.php?rest_route=\/wp\/v2\/posts\/27286"}],"collection":[{"href":"https:\/\/elcalaixetdelaiaia.es\/index.php?rest_route=\/wp\/v2\/posts"}],"about":[{"href":"https:\/\/elcalaixetdelaiaia.es\/index.php?rest_route=\/wp\/v2\/types\/post"}],"author":[{"embeddable":true,"href":"https:\/\/elcalaixetdelaiaia.es\/index.php?rest_route=\/wp\/v2\/users\/2"}],"replies":[{"embeddable":true,"href":"https:\/\/elcalaixetdelaiaia.es\/index.php?rest_route=%2Fwp%2Fv2%2Fcomments&post=27286"}],"version-history":[{"count":9,"href":"https:\/\/elcalaixetdelaiaia.es\/index.php?rest_route=\/wp\/v2\/posts\/27286\/revisions"}],"predecessor-version":[{"id":29332,"href":"https:\/\/elcalaixetdelaiaia.es\/index.php?rest_route=\/wp\/v2\/posts\/27286\/revisions\/29332"}],"wp:featuredmedia":[{"embeddable":true,"href":"https:\/\/elcalaixetdelaiaia.es\/index.php?rest_route=\/wp\/v2\/media\/29280"}],"wp:attachment":[{"href":"https:\/\/elcalaixetdelaiaia.es\/index.php?rest_route=%2Fwp%2Fv2%2Fmedia&parent=27286"}],"wp:term":[{"taxonomy":"category","embeddable":true,"href":"https:\/\/elcalaixetdelaiaia.es\/index.php?rest_route=%2Fwp%2Fv2%2Fcategories&post=27286"},{"taxonomy":"post_tag","embeddable":true,"href":"https:\/\/elcalaixetdelaiaia.es\/index.php?rest_route=%2Fwp%2Fv2%2Ftags&post=27286"}],"curies":[{"name":"wp","href":"https:\/\/api.w.org\/{rel}","templated":true}]}}