{"id":27,"date":"2024-04-19T08:56:16","date_gmt":"2024-04-19T08:56:16","guid":{"rendered":"http:\/\/elcalaixetdelaiaia.es\/?p=27"},"modified":"2024-04-20T08:26:55","modified_gmt":"2024-04-20T08:26:55","slug":"abril-fusilli-al-torchio-con-foie-y","status":"publish","type":"post","link":"https:\/\/elcalaixetdelaiaia.es\/?p=27","title":{"rendered":"Fusilli Valle con foie y colmenillas a la nata paso a paso"},"content":{"rendered":"<p>\u00abRefrany;Per Sant Josep, la m\u00fargola asoma el bec\u00bb. Por San Jos\u00e9, la colmenilla asoma el pico<\/p>\n<p>Pues como dice el refr\u00e1n,\u00a0 al llegar la primavera, la colmenilla asoma el pico, pero \u00e9ste a\u00f1o ha sido un poco mas retrasada, porque no hemos empezado a verlas hasta bien entrado Abril.<br \/>\nSois muchos, quienes me pregunt\u00e1is por \u00e9sta seta, al parecer gran desconocida tanto como preciada, por los grandes chefs y gourmets y que hasta no hace mucho solo apreciaban los pastores y gentes de la serran\u00eda.<br \/>\nMorchella, colmenilla, cagarria, m\u00fargol, celdilla, pi\u00f1uela, morilla, rabassola, karraspina, tiene un aspecto muy distinto a lo que popularmente conocemos como seta.<\/p>\n<p><img decoding=\"async\" loading=\"lazy\" class=\"alignnone size-full wp-image-27571\" src=\"https:\/\/elcalaixetdelaiaia.es\/wp-content\/uploads\/2024\/04\/cagarriadePaufirmada.jpg\" alt=\"\" width=\"1203\" height=\"1600\" srcset=\"https:\/\/elcalaixetdelaiaia.es\/wp-content\/uploads\/2024\/04\/cagarriadePaufirmada.jpg 1203w, https:\/\/elcalaixetdelaiaia.es\/wp-content\/uploads\/2024\/04\/cagarriadePaufirmada-226x300.jpg 226w, https:\/\/elcalaixetdelaiaia.es\/wp-content\/uploads\/2024\/04\/cagarriadePaufirmada-770x1024.jpg 770w, https:\/\/elcalaixetdelaiaia.es\/wp-content\/uploads\/2024\/04\/cagarriadePaufirmada-768x1021.jpg 768w, https:\/\/elcalaixetdelaiaia.es\/wp-content\/uploads\/2024\/04\/cagarriadePaufirmada-1155x1536.jpg 1155w\" sizes=\"(max-width: 1203px) 100vw, 1203px\" \/><\/p>\n<p>En lugar de sombrero, presenta una estructura en forma de colmena de abejas, de coloraci\u00f3n variable,aunque generalmente suele ser de tonos marrones. Se sostiene por un blanquecino pie poco robusto. Su interior es totalmente hueco, lo que la hace muy fr\u00e1gil en su manipulaci\u00f3n y almacenamiento.<br \/>\nEs seta de primavera, le gusta vivir en espacios quemados, o que hayan sido reforestados recientemente, aunque presenta una mayor diversidad de h\u00e1bitats, entre los que destacan: bosques claros, de ribera, y parques y espacios abandonados.<br \/>\nA pesar de ser una especie comestible, puede ser algo t\u00f3xica si se come cruda, as\u00ed que siempre ha de cocinarse en su totalidad, y si es posible, con escaldado previo, para evitar una posible intoxicaci\u00f3n.<br \/>\nEn el panorama micogastron\u00f3mico, la colmenilla es una de las setas que disputa el liderazgo mundial, y Francia es el pa\u00eds que mas ha valorado sus cualidades. De hecho, la alta cocina francesa fu\u00e9 la coprotagonista de innumerables platos, sobretodo de caza y se ha incrementado en la nouvella cousine, la cocina de autor y la de vanguardia, madre m\u00eda si vieran los antiguos pastores, la valoraci\u00f3n actual de \u00e9sta seta que sol\u00edan consumir todas las primaveras&#8230;<br \/>\nHoy se puede degustar en los mejores restaurantes europeos, americanos e incluso asi\u00e1ticos.<\/p>\n<p><img decoding=\"async\" loading=\"lazy\" class=\"size-large wp-image-16972 aligncenter\" src=\"https:\/\/elcalaixetdelaiaia.es\/wp-content\/uploads\/2018\/05\/Jeroicagarria-2-1024x751.jpg\" alt=\"\" width=\"750\" height=\"550\" srcset=\"https:\/\/elcalaixetdelaiaia.es\/wp-content\/uploads\/2018\/05\/Jeroicagarria-2-1024x751.jpg 1024w, https:\/\/elcalaixetdelaiaia.es\/wp-content\/uploads\/2018\/05\/Jeroicagarria-2-300x220.jpg 300w, https:\/\/elcalaixetdelaiaia.es\/wp-content\/uploads\/2018\/05\/Jeroicagarria-2-768x563.jpg 768w\" sizes=\"(max-width: 750px) 100vw, 750px\" \/><\/p>\n<p>Mi amor, era un experto mic\u00f3logo y ten\u00eda un radar especial para encontrar toda clase de setas, que recolectaba con cuidado, y estudiaba en profundidad. Se cri\u00f3 en los Montes Universales y la naturaleza era su pasi\u00f3n. Esta era una de sus setas preferidas, junto las Senderuelas, los Perretxicos, las Trompetas de la muerte, Las Sanjuaneras, Marzuelos, Porros etc&#8230; su lista de favoritas, era extensa.<br \/>\nActualmente la comercializaci\u00f3n de la colmenilla, en estado fresco est\u00e1 prohibida. A partir de aqu\u00ed, para su consumo, se puede rehidratar con agua, reutilizando el l\u00edquido resultante para su posterior cocci\u00f3n, nosotros tenemos la suerte de recolectarlas directamente del bosque y consumirlas reci\u00e9n cogidas, \u00e9so si, debidamente cocinadas, aunque tambi\u00e9n las solemos secar, para disponer de ellas todo el a\u00f1o.<\/p>\n<p>Necesitaremos para dos comensales;<\/p>\n<section id=\"ingredients\" class=\"ingredients-container recipe-show__list-data document__section\">\n<div class=\"document__title-container split-header\">\n<div class=\"split-header__secondary shrink-xs subtle\"><img decoding=\"async\" loading=\"lazy\" class=\"alignnone size-full wp-image-27557\" src=\"https:\/\/elcalaixetdelaiaia.es\/wp-content\/uploads\/2024\/04\/1.png\" alt=\"\" width=\"3264\" height=\"2448\" srcset=\"https:\/\/elcalaixetdelaiaia.es\/wp-content\/uploads\/2024\/04\/1.png 3264w, https:\/\/elcalaixetdelaiaia.es\/wp-content\/uploads\/2024\/04\/1-300x225.png 300w, https:\/\/elcalaixetdelaiaia.es\/wp-content\/uploads\/2024\/04\/1-1024x768.png 1024w, https:\/\/elcalaixetdelaiaia.es\/wp-content\/uploads\/2024\/04\/1-768x576.png 768w, https:\/\/elcalaixetdelaiaia.es\/wp-content\/uploads\/2024\/04\/1-1536x1152.png 1536w, https:\/\/elcalaixetdelaiaia.es\/wp-content\/uploads\/2024\/04\/1-2048x1536.png 2048w\" sizes=\"(max-width: 3264px) 100vw, 3264px\" \/><\/div>\n<\/div>\n<\/section>\n<div class=\"field-group--ingredient\" data-field-group=\"\">\n<ol>\n<li><bdi class=\"ingredient__quantity\">200 gramos<\/bdi> pasta a vuestra elecci\u00f3n, hoy fusilli torchio<\/li>\n<li>Unos 200 gramos de setas al gusto, hoy colmenillas<\/li>\n<li><bdi class=\"ingredient__quantity\">200 gramos<\/bdi> foie (no pat\u00e9)<\/li>\n<li>Un chupito de brandy<\/li>\n<li>\n<div class=\"ingredient__details\" data-field=\"\" data-field-name=\"quantity_and_name\" data-field-hint=\"Hacer clic en Intro para a\u00f1adir otro ingrediente\" data-placeholder=\"Cantidad y nombre de ingrediente\" data-maxlength=\"200\"><bdi class=\"ingredient__quantity\">1<\/bdi> cebolla grande o 2 peque\u00f1as<\/div>\n<\/li>\n<li>\n<div class=\"ingredient__details\" data-field=\"\" data-field-name=\"quantity_and_name\" data-field-hint=\"Hacer clic en Intro para a\u00f1adir otro ingrediente\" data-placeholder=\"Cantidad y nombre de ingrediente\" data-maxlength=\"200\"><bdi class=\"ingredient__quantity\">2 pastillas de caldo de pollo o sal<\/bdi><\/div>\n<\/li>\n<li><bdi class=\"ingredient__quantity\">200 ml.<\/bdi> nata<\/li>\n<li>Aceite de oliva virgen extra<\/li>\n<li>Pimienta negra reci\u00e9n molida<\/li>\n<li>\n<div class=\"ingredient__details\" data-field=\"\" data-field-name=\"quantity_and_name\" data-field-hint=\"Hacer clic en Intro para a\u00f1adir otro ingrediente\" data-placeholder=\"Cantidad y nombre de ingrediente\" data-maxlength=\"200\">Sal<\/div>\n<\/li>\n<\/ol>\n<\/div>\n<section id=\"ingredients\" class=\"ingredients-container recipe-show__list-data document__section\">\n<div class=\"ingredient-list card-sm\">\n<div class=\"field-group--ingredient\" data-field-group=\"\">\n<div data-field=\"\" data-field-name=\"quantity_and_name\" data-field-hint=\"Hacer clic en Intro para a\u00f1adir otro ingrediente\" data-placeholder=\"Cantidad y nombre de ingrediente\" data-maxlength=\"200\">Pondremos la lata de foie en el congelador, unas horas antes de comenzar a cocinar la receta, esto nos facilitar\u00e1, poder cortarlo, sin la m\u00ednima pega<\/div>\n<\/div>\n<\/div>\n<\/section>\n<section id=\"steps\" class=\"steps-container recipe-show__list-data document__section\">\n<div class=\"document__title-container split-header\">\n<div><img decoding=\"async\" loading=\"lazy\" class=\"alignnone size-full wp-image-27559\" src=\"https:\/\/elcalaixetdelaiaia.es\/wp-content\/uploads\/2024\/04\/3.png\" alt=\"\" width=\"3264\" height=\"2448\" srcset=\"https:\/\/elcalaixetdelaiaia.es\/wp-content\/uploads\/2024\/04\/3.png 3264w, https:\/\/elcalaixetdelaiaia.es\/wp-content\/uploads\/2024\/04\/3-300x225.png 300w, https:\/\/elcalaixetdelaiaia.es\/wp-content\/uploads\/2024\/04\/3-1024x768.png 1024w, https:\/\/elcalaixetdelaiaia.es\/wp-content\/uploads\/2024\/04\/3-768x576.png 768w, https:\/\/elcalaixetdelaiaia.es\/wp-content\/uploads\/2024\/04\/3-1536x1152.png 1536w, https:\/\/elcalaixetdelaiaia.es\/wp-content\/uploads\/2024\/04\/3-2048x1536.png 2048w\" sizes=\"(max-width: 3264px) 100vw, 3264px\" \/><\/div>\n<div>sacamos la lata de foie del congelador, y cortamos cuatro rodajas<\/div>\n<div><img decoding=\"async\" loading=\"lazy\" class=\"alignnone size-full wp-image-27560\" src=\"https:\/\/elcalaixetdelaiaia.es\/wp-content\/uploads\/2024\/04\/4.png\" alt=\"\" width=\"3264\" height=\"2448\" srcset=\"https:\/\/elcalaixetdelaiaia.es\/wp-content\/uploads\/2024\/04\/4.png 3264w, https:\/\/elcalaixetdelaiaia.es\/wp-content\/uploads\/2024\/04\/4-300x225.png 300w, https:\/\/elcalaixetdelaiaia.es\/wp-content\/uploads\/2024\/04\/4-1024x768.png 1024w, https:\/\/elcalaixetdelaiaia.es\/wp-content\/uploads\/2024\/04\/4-768x576.png 768w, https:\/\/elcalaixetdelaiaia.es\/wp-content\/uploads\/2024\/04\/4-1536x1152.png 1536w, https:\/\/elcalaixetdelaiaia.es\/wp-content\/uploads\/2024\/04\/4-2048x1536.png 2048w\" sizes=\"(max-width: 3264px) 100vw, 3264px\" \/><\/div>\n<div>En el aceite de oliva caliente, doraremos ligeramente cada rodaja y reservaremos<\/div>\n<div><img decoding=\"async\" loading=\"lazy\" class=\"alignnone size-full wp-image-27562\" src=\"https:\/\/elcalaixetdelaiaia.es\/wp-content\/uploads\/2024\/04\/6.png\" alt=\"\" width=\"3264\" height=\"2448\" srcset=\"https:\/\/elcalaixetdelaiaia.es\/wp-content\/uploads\/2024\/04\/6.png 3264w, https:\/\/elcalaixetdelaiaia.es\/wp-content\/uploads\/2024\/04\/6-300x225.png 300w, https:\/\/elcalaixetdelaiaia.es\/wp-content\/uploads\/2024\/04\/6-1024x768.png 1024w, https:\/\/elcalaixetdelaiaia.es\/wp-content\/uploads\/2024\/04\/6-768x576.png 768w, https:\/\/elcalaixetdelaiaia.es\/wp-content\/uploads\/2024\/04\/6-1536x1152.png 1536w, https:\/\/elcalaixetdelaiaia.es\/wp-content\/uploads\/2024\/04\/6-2048x1536.png 2048w\" sizes=\"(max-width: 3264px) 100vw, 3264px\" \/><\/div>\n<div>y la ponemos a rehogar en el mismo aceite donde doramos el foie\u00a0 hasta que veamos que est\u00e1 pochada y empieza a coger color.<\/div>\n<div><img decoding=\"async\" loading=\"lazy\" class=\"alignnone size-full wp-image-27563\" src=\"https:\/\/elcalaixetdelaiaia.es\/wp-content\/uploads\/2024\/04\/7.png\" alt=\"\" width=\"3264\" height=\"2448\" srcset=\"https:\/\/elcalaixetdelaiaia.es\/wp-content\/uploads\/2024\/04\/7.png 3264w, https:\/\/elcalaixetdelaiaia.es\/wp-content\/uploads\/2024\/04\/7-300x225.png 300w, https:\/\/elcalaixetdelaiaia.es\/wp-content\/uploads\/2024\/04\/7-1024x768.png 1024w, https:\/\/elcalaixetdelaiaia.es\/wp-content\/uploads\/2024\/04\/7-768x576.png 768w, https:\/\/elcalaixetdelaiaia.es\/wp-content\/uploads\/2024\/04\/7-1536x1152.png 1536w, https:\/\/elcalaixetdelaiaia.es\/wp-content\/uploads\/2024\/04\/7-2048x1536.png 2048w\" sizes=\"(max-width: 3264px) 100vw, 3264px\" \/>Es el momento de incorporar nuestras setas, que hoy son colmenillas que ha tra\u00eddo mi hijo del pueblo, dignos sucesores de su padre, mis hijos nueras y nietas, cuidan y disfrutan del monte, y conocen sus secretos&#8230;<\/div>\n<div>Os recuerdo que estas setas, se han de escaldar primero, o cocerlas en su totalidad, es important\u00edsimo que queden muy bien hechas. (Si las hab\u00e9is comprado, estar\u00e1n deshidratadas, las deshidrato, sumergiendo en un cuenco con mitad de agua y mitad de leche, una vez hidratadas, las escurro y seco con papel de cocina y ya podemos cocinarlas, de todas formas, pedid recomendaci\u00f3n a quien os las venda, en los Mercados Municipales, conozco quien aprovecha el agua de la rehidrataci\u00f3n). Las dejamos unos 10 minutos a fuego bajo, para que las setas pierdan su agua se cocinen completamente, y nos den sabor a la salsa, removeremos de vez en cuando. A\u00f1adimos dos de las rodajas de foie, procurando que se derritan en la salsa y queden integradas, las otras dos, las seguimos dejando reservadas.<\/div>\n<\/div>\n<div class=\"numbered-list__contents\">\n<div class=\"step__description\">\n<div class=\"prose\">\n<div data-field=\"textarea\" data-field-name=\"description\" data-field-hint=\"Hacer clic en Intro para a\u00f1adir otro paso\" data-placeholder=\"Describe c\u00f3mo lo hiciste...\" data-maxlength=\"500\" data-dir-attribute=\"auto\">\n<p><img decoding=\"async\" loading=\"lazy\" class=\"alignnone size-full wp-image-27564\" src=\"https:\/\/elcalaixetdelaiaia.es\/wp-content\/uploads\/2024\/04\/8.png\" alt=\"\" width=\"3264\" height=\"2448\" srcset=\"https:\/\/elcalaixetdelaiaia.es\/wp-content\/uploads\/2024\/04\/8.png 3264w, https:\/\/elcalaixetdelaiaia.es\/wp-content\/uploads\/2024\/04\/8-300x225.png 300w, https:\/\/elcalaixetdelaiaia.es\/wp-content\/uploads\/2024\/04\/8-1024x768.png 1024w, https:\/\/elcalaixetdelaiaia.es\/wp-content\/uploads\/2024\/04\/8-768x576.png 768w, https:\/\/elcalaixetdelaiaia.es\/wp-content\/uploads\/2024\/04\/8-1536x1152.png 1536w, https:\/\/elcalaixetdelaiaia.es\/wp-content\/uploads\/2024\/04\/8-2048x1536.png 2048w\" sizes=\"(max-width: 3264px) 100vw, 3264px\" \/><\/p>\n<\/div>\n<\/div>\n<\/div>\n<\/div>\n<\/section>\n<p>A\u00f1adimos un chupito de brandy&#8230; o bebida espirituosa, como le llaman ahora<img decoding=\"async\" loading=\"lazy\" class=\"alignnone size-full wp-image-27565\" src=\"https:\/\/elcalaixetdelaiaia.es\/wp-content\/uploads\/2024\/04\/9.png\" alt=\"\" width=\"3264\" height=\"2448\" srcset=\"https:\/\/elcalaixetdelaiaia.es\/wp-content\/uploads\/2024\/04\/9.png 3264w, https:\/\/elcalaixetdelaiaia.es\/wp-content\/uploads\/2024\/04\/9-300x225.png 300w, https:\/\/elcalaixetdelaiaia.es\/wp-content\/uploads\/2024\/04\/9-1024x768.png 1024w, https:\/\/elcalaixetdelaiaia.es\/wp-content\/uploads\/2024\/04\/9-768x576.png 768w, https:\/\/elcalaixetdelaiaia.es\/wp-content\/uploads\/2024\/04\/9-1536x1152.png 1536w, https:\/\/elcalaixetdelaiaia.es\/wp-content\/uploads\/2024\/04\/9-2048x1536.png 2048w\" sizes=\"(max-width: 3264px) 100vw, 3264px\" \/><\/p>\n<p>A continuaci\u00f3n, a\u00f1adimos la nata, removemos y dejamos a fuego lento, unos 2 o 3 minutos, removiendo de vez en cuando, cuidando que no se nos pegue, hasta conseguir una textura cremosa. Salpimentamos a nuestro gusto y ya tenemos la salsa, tapamos y reservamos.<img decoding=\"async\" loading=\"lazy\" class=\"alignnone size-full wp-image-27558\" src=\"https:\/\/elcalaixetdelaiaia.es\/wp-content\/uploads\/2024\/04\/2.png\" alt=\"\" width=\"3264\" height=\"2448\" srcset=\"https:\/\/elcalaixetdelaiaia.es\/wp-content\/uploads\/2024\/04\/2.png 3264w, https:\/\/elcalaixetdelaiaia.es\/wp-content\/uploads\/2024\/04\/2-300x225.png 300w, https:\/\/elcalaixetdelaiaia.es\/wp-content\/uploads\/2024\/04\/2-1024x768.png 1024w, https:\/\/elcalaixetdelaiaia.es\/wp-content\/uploads\/2024\/04\/2-768x576.png 768w, https:\/\/elcalaixetdelaiaia.es\/wp-content\/uploads\/2024\/04\/2-1536x1152.png 1536w, https:\/\/elcalaixetdelaiaia.es\/wp-content\/uploads\/2024\/04\/2-2048x1536.png 2048w\" sizes=\"(max-width: 3264px) 100vw, 3264px\" \/><\/p>\n<div>Ponemos el agua a hervir, y a\u00f1adimos dos pastillas de caldo de pollo, o sal, para cocer los fusilli, siguiendo las indicaciones del fabricante<\/div>\n<div>\n<div><img decoding=\"async\" loading=\"lazy\" class=\"alignnone size-full wp-image-27561\" src=\"https:\/\/elcalaixetdelaiaia.es\/wp-content\/uploads\/2024\/04\/5.png\" alt=\"\" width=\"3264\" height=\"2448\" srcset=\"https:\/\/elcalaixetdelaiaia.es\/wp-content\/uploads\/2024\/04\/5.png 3264w, https:\/\/elcalaixetdelaiaia.es\/wp-content\/uploads\/2024\/04\/5-300x225.png 300w, https:\/\/elcalaixetdelaiaia.es\/wp-content\/uploads\/2024\/04\/5-1024x768.png 1024w, https:\/\/elcalaixetdelaiaia.es\/wp-content\/uploads\/2024\/04\/5-768x576.png 768w, https:\/\/elcalaixetdelaiaia.es\/wp-content\/uploads\/2024\/04\/5-1536x1152.png 1536w, https:\/\/elcalaixetdelaiaia.es\/wp-content\/uploads\/2024\/04\/5-2048x1536.png 2048w\" sizes=\"(max-width: 3264px) 100vw, 3264px\" \/><\/div>\n<div>escurrimos la pasta cuando est\u00e9 lista, y la a\u00f1adimos a la sart\u00e9n, donde tenemos la salsa, mezclamos bien<\/div>\n<div><img decoding=\"async\" loading=\"lazy\" class=\"alignnone size-full wp-image-27567\" src=\"https:\/\/elcalaixetdelaiaia.es\/wp-content\/uploads\/2024\/04\/11.png\" alt=\"\" width=\"2336\" height=\"1668\" srcset=\"https:\/\/elcalaixetdelaiaia.es\/wp-content\/uploads\/2024\/04\/11.png 2336w, https:\/\/elcalaixetdelaiaia.es\/wp-content\/uploads\/2024\/04\/11-300x214.png 300w, https:\/\/elcalaixetdelaiaia.es\/wp-content\/uploads\/2024\/04\/11-1024x731.png 1024w, https:\/\/elcalaixetdelaiaia.es\/wp-content\/uploads\/2024\/04\/11-768x548.png 768w, https:\/\/elcalaixetdelaiaia.es\/wp-content\/uploads\/2024\/04\/11-1536x1097.png 1536w, https:\/\/elcalaixetdelaiaia.es\/wp-content\/uploads\/2024\/04\/11-2048x1462.png 2048w\" sizes=\"(max-width: 2336px) 100vw, 2336px\" \/><\/div>\n<div>y coronamos con las rodajas de foie que hab\u00edamos reservado, que se fundir\u00e1n con el calor que desprenden la pasta y la salsa. Podemos espolvorear con un poquito de peregil fresco, y listo para disfrutar con este especial plato de pasta.<\/div>\n<div><img decoding=\"async\" loading=\"lazy\" class=\"alignnone size-full wp-image-27566\" src=\"https:\/\/elcalaixetdelaiaia.es\/wp-content\/uploads\/2024\/04\/10.png\" alt=\"\" width=\"3264\" height=\"2448\" srcset=\"https:\/\/elcalaixetdelaiaia.es\/wp-content\/uploads\/2024\/04\/10.png 3264w, https:\/\/elcalaixetdelaiaia.es\/wp-content\/uploads\/2024\/04\/10-300x225.png 300w, https:\/\/elcalaixetdelaiaia.es\/wp-content\/uploads\/2024\/04\/10-1024x768.png 1024w, https:\/\/elcalaixetdelaiaia.es\/wp-content\/uploads\/2024\/04\/10-768x576.png 768w, https:\/\/elcalaixetdelaiaia.es\/wp-content\/uploads\/2024\/04\/10-1536x1152.png 1536w, https:\/\/elcalaixetdelaiaia.es\/wp-content\/uploads\/2024\/04\/10-2048x1536.png 2048w\" sizes=\"(max-width: 3264px) 100vw, 3264px\" \/><\/div>\n<div>\u00abA la taula i&#8230; BON PROFIT!!!\u00bb<\/div>\n<div>\n<div class=\"step__description\">\n<div class=\"prose\">\n<div data-field=\"textarea\" data-field-name=\"description\" data-field-hint=\"Hacer clic en Intro para a\u00f1adir otro paso\" data-placeholder=\"Describe c\u00f3mo lo hiciste...\" data-maxlength=\"500\" data-dir-attribute=\"auto\">\n<p><span data-blogger-escaped-style=\"font-family: &quot;helvetica neue&quot; , &quot;arial&quot; , &quot;helvetica&quot; , sans-serif;\">Si os gusta mi receta, pod\u00e9is compartirla para que llegue a m\u00e1s gente.Espero vuestro comentarios que para mi son MUY importantes y recordad que tambi\u00e9n estoy en Facebook <a href=\"https:\/\/www.facebook.com\/El-calaixet-de-la-iaia-533062140099386\/\">https:\/\/www.facebook.com\/El-calaixet-de-la-iaia-533062140099386\/<\/a><\/span><\/p>\n<\/div>\n<\/div>\n<\/div>\n<\/div>\n<\/div>\n","protected":false},"excerpt":{"rendered":"<p>\u00abRefrany;Per Sant Josep, la m\u00fargola asoma el bec\u00bb. Por San Jos\u00e9, la colmenilla asoma el pico Pues como dice el refr\u00e1n,\u00a0 al llegar la primavera, la colmenilla asoma el pico, pero \u00e9ste a\u00f1o ha sido un poco mas retrasada, porque no hemos empezado a verlas hasta bien entrado Abril. Sois &hellip; <\/p>\n","protected":false},"author":2,"featured_media":27566,"comment_status":"open","ping_status":"open","sticky":false,"template":"","format":"standard","meta":[],"categories":[14,134,1],"tags":[],"_links":{"self":[{"href":"https:\/\/elcalaixetdelaiaia.es\/index.php?rest_route=\/wp\/v2\/posts\/27"}],"collection":[{"href":"https:\/\/elcalaixetdelaiaia.es\/index.php?rest_route=\/wp\/v2\/posts"}],"about":[{"href":"https:\/\/elcalaixetdelaiaia.es\/index.php?rest_route=\/wp\/v2\/types\/post"}],"author":[{"embeddable":true,"href":"https:\/\/elcalaixetdelaiaia.es\/index.php?rest_route=\/wp\/v2\/users\/2"}],"replies":[{"embeddable":true,"href":"https:\/\/elcalaixetdelaiaia.es\/index.php?rest_route=%2Fwp%2Fv2%2Fcomments&post=27"}],"version-history":[{"count":9,"href":"https:\/\/elcalaixetdelaiaia.es\/index.php?rest_route=\/wp\/v2\/posts\/27\/revisions"}],"predecessor-version":[{"id":27608,"href":"https:\/\/elcalaixetdelaiaia.es\/index.php?rest_route=\/wp\/v2\/posts\/27\/revisions\/27608"}],"wp:featuredmedia":[{"embeddable":true,"href":"https:\/\/elcalaixetdelaiaia.es\/index.php?rest_route=\/wp\/v2\/media\/27566"}],"wp:attachment":[{"href":"https:\/\/elcalaixetdelaiaia.es\/index.php?rest_route=%2Fwp%2Fv2%2Fmedia&parent=27"}],"wp:term":[{"taxonomy":"category","embeddable":true,"href":"https:\/\/elcalaixetdelaiaia.es\/index.php?rest_route=%2Fwp%2Fv2%2Fcategories&post=27"},{"taxonomy":"post_tag","embeddable":true,"href":"https:\/\/elcalaixetdelaiaia.es\/index.php?rest_route=%2Fwp%2Fv2%2Ftags&post=27"}],"curies":[{"name":"wp","href":"https:\/\/api.w.org\/{rel}","templated":true}]}}