{"id":26986,"date":"2024-02-10T19:09:37","date_gmt":"2024-02-10T19:09:37","guid":{"rendered":"https:\/\/elcalaixetdelaiaia.es\/?p=26986"},"modified":"2024-02-13T17:26:18","modified_gmt":"2024-02-13T17:26:18","slug":"pudin-o-budin-de-manzana-y-magdalenas-paso-a-paso-foto-a-foto","status":"publish","type":"post","link":"https:\/\/elcalaixetdelaiaia.es\/?p=26986","title":{"rendered":"Pudin o bud\u00edn de manzana y magdalenas paso a paso foto a foto"},"content":{"rendered":"<p>\u00abRefrany;Les pomes, totes cauen al seu temps\u00bb Las manzanas, todas caen a su tiempo.<\/p>\n<p>Pues \u00e9stas antes de que caigan al cubo de la basura, igual que \u00e9stas magdalenas, duras como piedras, las aprovecharemos.<\/p>\n<p>No puedo tirar nada. Soy de la vieja escuela y o\u00ed taantas veces contar a mi iaia el hambre que paso durante la guerra y la post-guerra, y veo que sigue habiendo tanta hambre hoy d\u00eda en el mundo, que no puedo, me es imposible, aprovecho todo, aunque por descontado no soy yo sola, quien se lo come todo \ud83d\ude43<\/p>\n<p>Hice unas magdalenas caseras, que al final quedaron duras<\/p>\n<p>Necesitaremos;<\/p>\n<p><img decoding=\"async\" loading=\"lazy\" class=\"alignnone size-large wp-image-17137\" src=\"https:\/\/elcalaixetdelaiaia.es\/wp-content\/uploads\/2018\/05\/pudindemagdalenesipoma-768x1024.png\" alt=\"\" width=\"750\" height=\"1000\" srcset=\"https:\/\/elcalaixetdelaiaia.es\/wp-content\/uploads\/2018\/05\/pudindemagdalenesipoma-768x1024.png 768w, https:\/\/elcalaixetdelaiaia.es\/wp-content\/uploads\/2018\/05\/pudindemagdalenesipoma-225x300.png 225w\" sizes=\"(max-width: 750px) 100vw, 750px\" \/><\/p>\n<ol>\n<li>4 huevos camperos<\/li>\n<li>500ml de leche entera<\/li>\n<li>600 gr manzanas<\/li>\n<li>Tres magdalenas caseras grandes o 5 normales<\/li>\n<li>Una cucharada de mantequilla<\/li>\n<li>Ocho cucharadas de az\u00facar blanquilla<\/li>\n<li>Un trozo de piel lavada, de lim\u00f3n y de naranja o mandarina<\/li>\n<li>Un palito de canela<\/li>\n<li>Una cucharada de agua<\/li>\n<\/ol>\n<p>Esta vez he utilizado unas manzanas que ten\u00eda en casa, pero pod\u00e9is poner otra fruta, incluso cambiar las magdalenas por bizcocho, sobaos, panquemao, incluso por pan duro. Se trata de una receta de aprovechamiento, as\u00ed que&#8230; aprovechad.<\/p>\n<p>Hoy voy a hacer el caramelo, porque no me queda del que suelo tener siempre preparado, ya que no me gusta el sabor del que venden, me sabe a quemado, muy quemado y no puedo con \u00e9l, el \u00fanico que me gustaba, era el que antes, acompa\u00f1aba al flan \u00abEl chino Mandar\u00edn\u00bb, que es el flan que se ha usado en mi casa desde que era chiquitita, y sigo usando de toda la vida, que s\u00f3lo encuentro en los mercados, pero ya no trae caramelo hecho.\u00a0 Si quer\u00e9is tener caramelo a mano, aqu\u00ed ten\u00e9is el paso a paso,\u00a0 de c\u00f3mo hacerlo;<\/p>\n<p><a href=\"https:\/\/elcalaixetdelaiaia.es\/2014\/01\/caramelo-casero-para-envasar\/\">https:\/\/elcalaixetdelaiaia.es\/2014\/01\/caramelo-casero-para-envasar\/<\/a><\/p>\n<p><img decoding=\"async\" loading=\"lazy\" class=\"alignnone size-full wp-image-26942\" src=\"https:\/\/elcalaixetdelaiaia.es\/wp-content\/uploads\/2020\/03\/WhatsApp-Image-2024-02-10-at-13.35.3919.jpeg\" alt=\"\" width=\"1200\" height=\"1600\" srcset=\"https:\/\/elcalaixetdelaiaia.es\/wp-content\/uploads\/2020\/03\/WhatsApp-Image-2024-02-10-at-13.35.3919.jpeg 1200w, https:\/\/elcalaixetdelaiaia.es\/wp-content\/uploads\/2020\/03\/WhatsApp-Image-2024-02-10-at-13.35.3919-225x300.jpeg 225w, https:\/\/elcalaixetdelaiaia.es\/wp-content\/uploads\/2020\/03\/WhatsApp-Image-2024-02-10-at-13.35.3919-768x1024.jpeg 768w, https:\/\/elcalaixetdelaiaia.es\/wp-content\/uploads\/2020\/03\/WhatsApp-Image-2024-02-10-at-13.35.3919-1152x1536.jpeg 1152w\" sizes=\"(max-width: 1200px) 100vw, 1200px\" \/><\/p>\n<p>Comenzaremos poniendo calentar el horno a 180\u00ba calor arriba y abajo, para ahorrar tiempo y energ\u00eda, lo haremos con la bandeja que vayamos a usar para el ba\u00f1o Mar\u00eda, ya con agua y as\u00ed lo tendremos listo<\/p>\n<p><img decoding=\"async\" loading=\"lazy\" class=\"alignnone size-full wp-image-26947\" src=\"https:\/\/elcalaixetdelaiaia.es\/wp-content\/uploads\/2020\/03\/WhatsApp-Image-2024-02-10-at-13.35.391-1.jpeg\" alt=\"\" width=\"1600\" height=\"1200\" srcset=\"https:\/\/elcalaixetdelaiaia.es\/wp-content\/uploads\/2020\/03\/WhatsApp-Image-2024-02-10-at-13.35.391-1.jpeg 1600w, https:\/\/elcalaixetdelaiaia.es\/wp-content\/uploads\/2020\/03\/WhatsApp-Image-2024-02-10-at-13.35.391-1-300x225.jpeg 300w, https:\/\/elcalaixetdelaiaia.es\/wp-content\/uploads\/2020\/03\/WhatsApp-Image-2024-02-10-at-13.35.391-1-1024x768.jpeg 1024w, https:\/\/elcalaixetdelaiaia.es\/wp-content\/uploads\/2020\/03\/WhatsApp-Image-2024-02-10-at-13.35.391-1-768x576.jpeg 768w, https:\/\/elcalaixetdelaiaia.es\/wp-content\/uploads\/2020\/03\/WhatsApp-Image-2024-02-10-at-13.35.391-1-1536x1152.jpeg 1536w\" sizes=\"(max-width: 1600px) 100vw, 1600px\" \/><\/p>\n<p>Ponemos a hervir la leche con dos cucharadas de az\u00facar, la piel de la naranja, o mandarina, la del lim\u00f3n\u00a0 y un palo de canela, si no quer\u00e9is hacerlo al fuego, se puede hervir en el microondas<\/p>\n<p><img decoding=\"async\" loading=\"lazy\" class=\"alignnone size-full wp-image-26948\" src=\"https:\/\/elcalaixetdelaiaia.es\/wp-content\/uploads\/2020\/03\/WhatsApp-Image-2024-02-10-at-13.35.392-1.jpeg\" alt=\"\" width=\"1600\" height=\"1200\" srcset=\"https:\/\/elcalaixetdelaiaia.es\/wp-content\/uploads\/2020\/03\/WhatsApp-Image-2024-02-10-at-13.35.392-1.jpeg 1600w, https:\/\/elcalaixetdelaiaia.es\/wp-content\/uploads\/2020\/03\/WhatsApp-Image-2024-02-10-at-13.35.392-1-300x225.jpeg 300w, https:\/\/elcalaixetdelaiaia.es\/wp-content\/uploads\/2020\/03\/WhatsApp-Image-2024-02-10-at-13.35.392-1-1024x768.jpeg 1024w, https:\/\/elcalaixetdelaiaia.es\/wp-content\/uploads\/2020\/03\/WhatsApp-Image-2024-02-10-at-13.35.392-1-768x576.jpeg 768w, https:\/\/elcalaixetdelaiaia.es\/wp-content\/uploads\/2020\/03\/WhatsApp-Image-2024-02-10-at-13.35.392-1-1536x1152.jpeg 1536w\" sizes=\"(max-width: 1600px) 100vw, 1600px\" \/>Una vez hierva, la retiramos del fuego y dejamos infusionar las pieles y la canela, hasta que quede tibia.<\/p>\n<div><img decoding=\"async\" loading=\"lazy\" class=\"alignnone size-full wp-image-26946\" src=\"https:\/\/elcalaixetdelaiaia.es\/wp-content\/uploads\/2020\/03\/WhatsApp-Image-2024-02-10-at-13.35.393-1.jpeg\" alt=\"\" width=\"1600\" height=\"1200\" srcset=\"https:\/\/elcalaixetdelaiaia.es\/wp-content\/uploads\/2020\/03\/WhatsApp-Image-2024-02-10-at-13.35.393-1.jpeg 1600w, https:\/\/elcalaixetdelaiaia.es\/wp-content\/uploads\/2020\/03\/WhatsApp-Image-2024-02-10-at-13.35.393-1-300x225.jpeg 300w, https:\/\/elcalaixetdelaiaia.es\/wp-content\/uploads\/2020\/03\/WhatsApp-Image-2024-02-10-at-13.35.393-1-1024x768.jpeg 1024w, https:\/\/elcalaixetdelaiaia.es\/wp-content\/uploads\/2020\/03\/WhatsApp-Image-2024-02-10-at-13.35.393-1-768x576.jpeg 768w, https:\/\/elcalaixetdelaiaia.es\/wp-content\/uploads\/2020\/03\/WhatsApp-Image-2024-02-10-at-13.35.393-1-1536x1152.jpeg 1536w\" sizes=\"(max-width: 1600px) 100vw, 1600px\" \/><\/div>\n<div>Pelaremos las manzanas, las descorazonamos y troceamos, laminamos o hacemos en dados, a vuestro gusto. En casa nos gusta notar los trozos de manzana y los corto grandes y gorditos, pero si no es el caso, pod\u00e9is cortar finas l\u00e1minas<\/div>\n<div><img decoding=\"async\" loading=\"lazy\" class=\"alignnone size-full wp-image-26967\" src=\"https:\/\/elcalaixetdelaiaia.es\/wp-content\/uploads\/2020\/03\/WhatsApp-Image-2024-02-10-at-13.35.395-2.jpeg\" alt=\"\" width=\"1600\" height=\"1200\" srcset=\"https:\/\/elcalaixetdelaiaia.es\/wp-content\/uploads\/2020\/03\/WhatsApp-Image-2024-02-10-at-13.35.395-2.jpeg 1600w, https:\/\/elcalaixetdelaiaia.es\/wp-content\/uploads\/2020\/03\/WhatsApp-Image-2024-02-10-at-13.35.395-2-300x225.jpeg 300w, https:\/\/elcalaixetdelaiaia.es\/wp-content\/uploads\/2020\/03\/WhatsApp-Image-2024-02-10-at-13.35.395-2-1024x768.jpeg 1024w, https:\/\/elcalaixetdelaiaia.es\/wp-content\/uploads\/2020\/03\/WhatsApp-Image-2024-02-10-at-13.35.395-2-768x576.jpeg 768w, https:\/\/elcalaixetdelaiaia.es\/wp-content\/uploads\/2020\/03\/WhatsApp-Image-2024-02-10-at-13.35.395-2-1536x1152.jpeg 1536w\" sizes=\"(max-width: 1600px) 100vw, 1600px\" \/><\/div>\n<div>Pondremos a calentar la mantequilla en una sart\u00e9n, y a\u00f1adiremos las manzanas cortadas y dos cucharadas de az\u00facar blanquilla, removeremos y taparemos a fuego medio.<\/div>\n<div><img decoding=\"async\" loading=\"lazy\" class=\"alignnone size-full wp-image-26965\" src=\"https:\/\/elcalaixetdelaiaia.es\/wp-content\/uploads\/2020\/03\/WhatsApp-Image-2024-02-10-at-13.35.397-1.jpeg\" alt=\"\" width=\"1600\" height=\"1200\" srcset=\"https:\/\/elcalaixetdelaiaia.es\/wp-content\/uploads\/2020\/03\/WhatsApp-Image-2024-02-10-at-13.35.397-1.jpeg 1600w, https:\/\/elcalaixetdelaiaia.es\/wp-content\/uploads\/2020\/03\/WhatsApp-Image-2024-02-10-at-13.35.397-1-300x225.jpeg 300w, https:\/\/elcalaixetdelaiaia.es\/wp-content\/uploads\/2020\/03\/WhatsApp-Image-2024-02-10-at-13.35.397-1-1024x768.jpeg 1024w, https:\/\/elcalaixetdelaiaia.es\/wp-content\/uploads\/2020\/03\/WhatsApp-Image-2024-02-10-at-13.35.397-1-768x576.jpeg 768w, https:\/\/elcalaixetdelaiaia.es\/wp-content\/uploads\/2020\/03\/WhatsApp-Image-2024-02-10-at-13.35.397-1-1536x1152.jpeg 1536w\" sizes=\"(max-width: 1600px) 100vw, 1600px\" \/><\/div>\n<div>Iremos dorando las manzanas, mientras removemos para que no se peguen al caramelizarse, y las dejaremos a fuego bajo, unos siete minutos, pensad que luego en el horno, se terminar\u00e1n de ablandar. Ir removiendo y cuidando que no se quemen. Retiramos del fuego.<\/div>\n<div><img decoding=\"async\" loading=\"lazy\" class=\"alignnone size-full wp-image-26966\" src=\"https:\/\/elcalaixetdelaiaia.es\/wp-content\/uploads\/2020\/03\/WhatsApp-Image-2024-02-10-at-13.35.398-1.jpeg\" alt=\"\" width=\"1600\" height=\"1200\" srcset=\"https:\/\/elcalaixetdelaiaia.es\/wp-content\/uploads\/2020\/03\/WhatsApp-Image-2024-02-10-at-13.35.398-1.jpeg 1600w, https:\/\/elcalaixetdelaiaia.es\/wp-content\/uploads\/2020\/03\/WhatsApp-Image-2024-02-10-at-13.35.398-1-300x225.jpeg 300w, https:\/\/elcalaixetdelaiaia.es\/wp-content\/uploads\/2020\/03\/WhatsApp-Image-2024-02-10-at-13.35.398-1-1024x768.jpeg 1024w, https:\/\/elcalaixetdelaiaia.es\/wp-content\/uploads\/2020\/03\/WhatsApp-Image-2024-02-10-at-13.35.398-1-768x576.jpeg 768w, https:\/\/elcalaixetdelaiaia.es\/wp-content\/uploads\/2020\/03\/WhatsApp-Image-2024-02-10-at-13.35.398-1-1536x1152.jpeg 1536w\" sizes=\"(max-width: 1600px) 100vw, 1600px\" \/><\/div>\n<div>Mientras tanto, batimos los huevos.<\/div>\n<div><img decoding=\"async\" loading=\"lazy\" class=\"alignnone size-full wp-image-26953\" src=\"https:\/\/elcalaixetdelaiaia.es\/wp-content\/uploads\/2020\/03\/WhatsApp-Image-2024-02-10-at-13.35.399.jpeg\" alt=\"\" width=\"1600\" height=\"1200\" srcset=\"https:\/\/elcalaixetdelaiaia.es\/wp-content\/uploads\/2020\/03\/WhatsApp-Image-2024-02-10-at-13.35.399.jpeg 1600w, https:\/\/elcalaixetdelaiaia.es\/wp-content\/uploads\/2020\/03\/WhatsApp-Image-2024-02-10-at-13.35.399-300x225.jpeg 300w, https:\/\/elcalaixetdelaiaia.es\/wp-content\/uploads\/2020\/03\/WhatsApp-Image-2024-02-10-at-13.35.399-1024x768.jpeg 1024w, https:\/\/elcalaixetdelaiaia.es\/wp-content\/uploads\/2020\/03\/WhatsApp-Image-2024-02-10-at-13.35.399-768x576.jpeg 768w, https:\/\/elcalaixetdelaiaia.es\/wp-content\/uploads\/2020\/03\/WhatsApp-Image-2024-02-10-at-13.35.399-1536x1152.jpeg 1536w\" sizes=\"(max-width: 1600px) 100vw, 1600px\" \/><\/div>\n<div>Una vez la leche est\u00e9 tibia retiramos las pieles y la canela, a\u00f1adimos a los huevos, y lo batimos,<\/div>\n<div><img decoding=\"async\" loading=\"lazy\" class=\"alignnone size-full wp-image-26954\" src=\"https:\/\/elcalaixetdelaiaia.es\/wp-content\/uploads\/2020\/03\/WhatsApp-Image-2024-02-10-at-13.35.3910.jpeg\" alt=\"\" width=\"1600\" height=\"1200\" srcset=\"https:\/\/elcalaixetdelaiaia.es\/wp-content\/uploads\/2020\/03\/WhatsApp-Image-2024-02-10-at-13.35.3910.jpeg 1600w, https:\/\/elcalaixetdelaiaia.es\/wp-content\/uploads\/2020\/03\/WhatsApp-Image-2024-02-10-at-13.35.3910-300x225.jpeg 300w, https:\/\/elcalaixetdelaiaia.es\/wp-content\/uploads\/2020\/03\/WhatsApp-Image-2024-02-10-at-13.35.3910-1024x768.jpeg 1024w, https:\/\/elcalaixetdelaiaia.es\/wp-content\/uploads\/2020\/03\/WhatsApp-Image-2024-02-10-at-13.35.3910-768x576.jpeg 768w, https:\/\/elcalaixetdelaiaia.es\/wp-content\/uploads\/2020\/03\/WhatsApp-Image-2024-02-10-at-13.35.3910-1536x1152.jpeg 1536w\" sizes=\"(max-width: 1600px) 100vw, 1600px\" \/><\/div>\n<div>A\u00f1adimos a la mezcla, las magdalenas cortadas en rodajas, trozos o en migas (o pan, o panquemao, o bizcocho) y las manzanas y mezclamos bien, para que se integre todo, recordad que si no os gustan los tropezones, pod\u00e9is triturarlo todo con la batidora.<\/div>\n<div><img decoding=\"async\" loading=\"lazy\" class=\"alignnone size-full wp-image-26956\" src=\"https:\/\/elcalaixetdelaiaia.es\/wp-content\/uploads\/2020\/03\/WhatsApp-Image-2024-02-10-at-13.35.3912.jpeg\" alt=\"\" width=\"1600\" height=\"1600\" srcset=\"https:\/\/elcalaixetdelaiaia.es\/wp-content\/uploads\/2020\/03\/WhatsApp-Image-2024-02-10-at-13.35.3912.jpeg 1600w, https:\/\/elcalaixetdelaiaia.es\/wp-content\/uploads\/2020\/03\/WhatsApp-Image-2024-02-10-at-13.35.3912-300x300.jpeg 300w, https:\/\/elcalaixetdelaiaia.es\/wp-content\/uploads\/2020\/03\/WhatsApp-Image-2024-02-10-at-13.35.3912-1024x1024.jpeg 1024w, https:\/\/elcalaixetdelaiaia.es\/wp-content\/uploads\/2020\/03\/WhatsApp-Image-2024-02-10-at-13.35.3912-150x150.jpeg 150w, https:\/\/elcalaixetdelaiaia.es\/wp-content\/uploads\/2020\/03\/WhatsApp-Image-2024-02-10-at-13.35.3912-768x768.jpeg 768w, https:\/\/elcalaixetdelaiaia.es\/wp-content\/uploads\/2020\/03\/WhatsApp-Image-2024-02-10-at-13.35.3912-1536x1536.jpeg 1536w, https:\/\/elcalaixetdelaiaia.es\/wp-content\/uploads\/2020\/03\/WhatsApp-Image-2024-02-10-at-13.35.3912-60x60.jpeg 60w, https:\/\/elcalaixetdelaiaia.es\/wp-content\/uploads\/2020\/03\/WhatsApp-Image-2024-02-10-at-13.35.3912-235x235.jpeg 235w, https:\/\/elcalaixetdelaiaia.es\/wp-content\/uploads\/2020\/03\/WhatsApp-Image-2024-02-10-at-13.35.3912-255x255.jpeg 255w\" sizes=\"(max-width: 1600px) 100vw, 1600px\" \/><\/div>\n<div>A\u00f1adimos la manzana caramelizada a la mezcla. Tambi\u00e9n pod\u00e9is ponerla en crudo, sin caramelizar y a\u00f1adir las dos cucharadas soperas de az\u00facar a la mezcla. Recogemos todo el caramelo con la lengua&#8230;la de silicona claro jajaja, que aqu\u00ed, no desperdiciamos nada de nada y menos con las cosas como est\u00e1n.<\/div>\n<div><img decoding=\"async\" loading=\"lazy\" class=\"alignnone size-full wp-image-26957\" src=\"https:\/\/elcalaixetdelaiaia.es\/wp-content\/uploads\/2020\/03\/WhatsApp-Image-2024-02-10-at-13.35.3913.jpeg\" alt=\"\" width=\"1600\" height=\"1600\" srcset=\"https:\/\/elcalaixetdelaiaia.es\/wp-content\/uploads\/2020\/03\/WhatsApp-Image-2024-02-10-at-13.35.3913.jpeg 1600w, https:\/\/elcalaixetdelaiaia.es\/wp-content\/uploads\/2020\/03\/WhatsApp-Image-2024-02-10-at-13.35.3913-300x300.jpeg 300w, https:\/\/elcalaixetdelaiaia.es\/wp-content\/uploads\/2020\/03\/WhatsApp-Image-2024-02-10-at-13.35.3913-1024x1024.jpeg 1024w, https:\/\/elcalaixetdelaiaia.es\/wp-content\/uploads\/2020\/03\/WhatsApp-Image-2024-02-10-at-13.35.3913-150x150.jpeg 150w, https:\/\/elcalaixetdelaiaia.es\/wp-content\/uploads\/2020\/03\/WhatsApp-Image-2024-02-10-at-13.35.3913-768x768.jpeg 768w, https:\/\/elcalaixetdelaiaia.es\/wp-content\/uploads\/2020\/03\/WhatsApp-Image-2024-02-10-at-13.35.3913-1536x1536.jpeg 1536w, https:\/\/elcalaixetdelaiaia.es\/wp-content\/uploads\/2020\/03\/WhatsApp-Image-2024-02-10-at-13.35.3913-60x60.jpeg 60w, https:\/\/elcalaixetdelaiaia.es\/wp-content\/uploads\/2020\/03\/WhatsApp-Image-2024-02-10-at-13.35.3913-235x235.jpeg 235w, https:\/\/elcalaixetdelaiaia.es\/wp-content\/uploads\/2020\/03\/WhatsApp-Image-2024-02-10-at-13.35.3913-255x255.jpeg 255w\" sizes=\"(max-width: 1600px) 100vw, 1600px\" \/><\/div>\n<div>Haremos el caramelo, (tengo una sart\u00e9n viejita, que reservo para este tipo de cosas) con las\u00a0 cuatro cucharadas soperas de az\u00facar que nos quedan, una de agua, y unas gotitas de lim\u00f3n. No hemos de remover en ning\u00fan momento,<\/div>\n<div><img decoding=\"async\" loading=\"lazy\" class=\"alignnone size-full wp-image-26958\" src=\"https:\/\/elcalaixetdelaiaia.es\/wp-content\/uploads\/2020\/03\/WhatsApp-Image-2024-02-10-at-13.35.3914.jpeg\" alt=\"\" width=\"1600\" height=\"1200\" srcset=\"https:\/\/elcalaixetdelaiaia.es\/wp-content\/uploads\/2020\/03\/WhatsApp-Image-2024-02-10-at-13.35.3914.jpeg 1600w, https:\/\/elcalaixetdelaiaia.es\/wp-content\/uploads\/2020\/03\/WhatsApp-Image-2024-02-10-at-13.35.3914-300x225.jpeg 300w, https:\/\/elcalaixetdelaiaia.es\/wp-content\/uploads\/2020\/03\/WhatsApp-Image-2024-02-10-at-13.35.3914-1024x768.jpeg 1024w, https:\/\/elcalaixetdelaiaia.es\/wp-content\/uploads\/2020\/03\/WhatsApp-Image-2024-02-10-at-13.35.3914-768x576.jpeg 768w, https:\/\/elcalaixetdelaiaia.es\/wp-content\/uploads\/2020\/03\/WhatsApp-Image-2024-02-10-at-13.35.3914-1536x1152.jpeg 1536w\" sizes=\"(max-width: 1600px) 100vw, 1600px\" \/><\/div>\n<div>con mucho cuidado, que no se queme, para ello, podemos jugar con la potencia del fuego y apartando y acercando la sart\u00e9n<\/div>\n<div><img decoding=\"async\" loading=\"lazy\" class=\"alignnone size-full wp-image-26959\" src=\"https:\/\/elcalaixetdelaiaia.es\/wp-content\/uploads\/2020\/03\/WhatsApp-Image-2024-02-10-at-13.35.3915.jpeg\" alt=\"\" width=\"1600\" height=\"1200\" srcset=\"https:\/\/elcalaixetdelaiaia.es\/wp-content\/uploads\/2020\/03\/WhatsApp-Image-2024-02-10-at-13.35.3915.jpeg 1600w, https:\/\/elcalaixetdelaiaia.es\/wp-content\/uploads\/2020\/03\/WhatsApp-Image-2024-02-10-at-13.35.3915-300x225.jpeg 300w, https:\/\/elcalaixetdelaiaia.es\/wp-content\/uploads\/2020\/03\/WhatsApp-Image-2024-02-10-at-13.35.3915-1024x768.jpeg 1024w, https:\/\/elcalaixetdelaiaia.es\/wp-content\/uploads\/2020\/03\/WhatsApp-Image-2024-02-10-at-13.35.3915-768x576.jpeg 768w, https:\/\/elcalaixetdelaiaia.es\/wp-content\/uploads\/2020\/03\/WhatsApp-Image-2024-02-10-at-13.35.3915-1536x1152.jpeg 1536w\" sizes=\"(max-width: 1600px) 100vw, 1600px\" \/><\/div>\n<div>No me gusta muy moreno, y en cuanto adquiere un color miel, apago el fuego y dejo hacerse con el calor residual, lo prefiero clarito, a muy hecho, y con sabor fuerte a quemado.<\/div>\n<div><img decoding=\"async\" loading=\"lazy\" class=\"alignnone size-full wp-image-26976\" src=\"https:\/\/elcalaixetdelaiaia.es\/wp-content\/uploads\/2020\/03\/WhatsApp-Image-2024-02-10-at-19.28.57.jpeg\" alt=\"\" width=\"1600\" height=\"1200\" srcset=\"https:\/\/elcalaixetdelaiaia.es\/wp-content\/uploads\/2020\/03\/WhatsApp-Image-2024-02-10-at-19.28.57.jpeg 1600w, https:\/\/elcalaixetdelaiaia.es\/wp-content\/uploads\/2020\/03\/WhatsApp-Image-2024-02-10-at-19.28.57-300x225.jpeg 300w, https:\/\/elcalaixetdelaiaia.es\/wp-content\/uploads\/2020\/03\/WhatsApp-Image-2024-02-10-at-19.28.57-1024x768.jpeg 1024w, https:\/\/elcalaixetdelaiaia.es\/wp-content\/uploads\/2020\/03\/WhatsApp-Image-2024-02-10-at-19.28.57-768x576.jpeg 768w, https:\/\/elcalaixetdelaiaia.es\/wp-content\/uploads\/2020\/03\/WhatsApp-Image-2024-02-10-at-19.28.57-1536x1152.jpeg 1536w\" sizes=\"(max-width: 1600px) 100vw, 1600px\" \/><\/div>\n<div>Tendremos listo ya, un molde apto para horno, (hoy lo voy a preparar en dos moldes, ya que me quedo uno y el otro&#8230; se lo llevan). Volcamos el az\u00facar r\u00e1pidamente en el molde y extenderemos bien por la base y los lados, cuidado que los moldes queman, no dej\u00e9is de usar guantes. Las quemaduras de az\u00facar son graves, y por experiencia os digo, que dejan marcas para toda la vida, as\u00ed que <strong>\u00a1much\u00edsima prudencia!<\/strong><\/div>\n<div><img decoding=\"async\" loading=\"lazy\" class=\"alignnone size-full wp-image-26974\" src=\"https:\/\/elcalaixetdelaiaia.es\/wp-content\/uploads\/2020\/03\/WhatsApp-Image-2024-02-10-at-13.35.3916-1.jpeg\" alt=\"\" width=\"1600\" height=\"1200\" srcset=\"https:\/\/elcalaixetdelaiaia.es\/wp-content\/uploads\/2020\/03\/WhatsApp-Image-2024-02-10-at-13.35.3916-1.jpeg 1600w, https:\/\/elcalaixetdelaiaia.es\/wp-content\/uploads\/2020\/03\/WhatsApp-Image-2024-02-10-at-13.35.3916-1-300x225.jpeg 300w, https:\/\/elcalaixetdelaiaia.es\/wp-content\/uploads\/2020\/03\/WhatsApp-Image-2024-02-10-at-13.35.3916-1-1024x768.jpeg 1024w, https:\/\/elcalaixetdelaiaia.es\/wp-content\/uploads\/2020\/03\/WhatsApp-Image-2024-02-10-at-13.35.3916-1-768x576.jpeg 768w, https:\/\/elcalaixetdelaiaia.es\/wp-content\/uploads\/2020\/03\/WhatsApp-Image-2024-02-10-at-13.35.3916-1-1536x1152.jpeg 1536w\" sizes=\"(max-width: 1600px) 100vw, 1600px\" \/><\/div>\n<div>Volcamos con cuidado la mezcla que tenemos reservada y colocamos los moldes con la mezcla, en la bandeja para para horno, con agua que\u00a0 ya tenemos hirviendo en el horno calentito, que estar\u00e1 ya a 180\u00ba, a media altura y dejamos al ba\u00f1o Mar\u00eda, durante aproximadamente unos 40 minutos.<\/div>\n<div><img decoding=\"async\" loading=\"lazy\" class=\"alignnone size-full wp-image-26975\" src=\"https:\/\/elcalaixetdelaiaia.es\/wp-content\/uploads\/2020\/03\/WhatsApp-Image-2024-02-10-at-13.35.3917-1.jpeg\" alt=\"\" width=\"1600\" height=\"1200\" srcset=\"https:\/\/elcalaixetdelaiaia.es\/wp-content\/uploads\/2020\/03\/WhatsApp-Image-2024-02-10-at-13.35.3917-1.jpeg 1600w, https:\/\/elcalaixetdelaiaia.es\/wp-content\/uploads\/2020\/03\/WhatsApp-Image-2024-02-10-at-13.35.3917-1-300x225.jpeg 300w, https:\/\/elcalaixetdelaiaia.es\/wp-content\/uploads\/2020\/03\/WhatsApp-Image-2024-02-10-at-13.35.3917-1-1024x768.jpeg 1024w, https:\/\/elcalaixetdelaiaia.es\/wp-content\/uploads\/2020\/03\/WhatsApp-Image-2024-02-10-at-13.35.3917-1-768x576.jpeg 768w, https:\/\/elcalaixetdelaiaia.es\/wp-content\/uploads\/2020\/03\/WhatsApp-Image-2024-02-10-at-13.35.3917-1-1536x1152.jpeg 1536w\" sizes=\"(max-width: 1600px) 100vw, 1600px\" \/><\/div>\n<div>Necesitamos que la mezcla quede cuajada, para comprobarlo iremos pinchando con un palo de brocheta en el centro, hasta que salga limpio, en el m\u00edo, han sido exactamente 40 minutos. Si veis que se os tuesta demasiado por arriba, podemos tapar con papel de aluminio.<\/div>\n<div><img decoding=\"async\" loading=\"lazy\" class=\"alignnone size-full wp-image-26968\" src=\"https:\/\/elcalaixetdelaiaia.es\/wp-content\/uploads\/2020\/03\/WhatsApp-Image-2024-02-10-at-15.37.286-1.jpeg\" alt=\"\" width=\"1600\" height=\"1200\" \/><\/div>\n<div>Una vez est\u00e9 cuajado y en su punto, dejaremos que se enfr\u00ede, tal cual estaba, en la bandeja con agua. Cuando est\u00e9 fr\u00edo, lo pondremos en el frigo sin desmoldar. Si lo pod\u00e9is tener toda la noche en el frigo, estar\u00e1 mucho mejor, si cabe.<\/div>\n<div>En el momento de ir a comer, pasamos una pala de silicona, para que se despegue de las paredes. Si os estim\u00e1is los moldes, no se os ocurra usar para hacer esto un cuchillo, porque si ray\u00e1is el antiadherente, os lo carg\u00e1is.<\/div>\n<div><img decoding=\"async\" loading=\"lazy\" class=\"alignnone size-full wp-image-26969\" src=\"https:\/\/elcalaixetdelaiaia.es\/wp-content\/uploads\/2020\/03\/WhatsApp-Image-2024-02-10-at-15.37.287-1.jpeg\" alt=\"\" width=\"1600\" height=\"1200\" srcset=\"https:\/\/elcalaixetdelaiaia.es\/wp-content\/uploads\/2020\/03\/WhatsApp-Image-2024-02-10-at-15.37.287-1.jpeg 1600w, https:\/\/elcalaixetdelaiaia.es\/wp-content\/uploads\/2020\/03\/WhatsApp-Image-2024-02-10-at-15.37.287-1-300x225.jpeg 300w, https:\/\/elcalaixetdelaiaia.es\/wp-content\/uploads\/2020\/03\/WhatsApp-Image-2024-02-10-at-15.37.287-1-1024x768.jpeg 1024w, https:\/\/elcalaixetdelaiaia.es\/wp-content\/uploads\/2020\/03\/WhatsApp-Image-2024-02-10-at-15.37.287-1-768x576.jpeg 768w, https:\/\/elcalaixetdelaiaia.es\/wp-content\/uploads\/2020\/03\/WhatsApp-Image-2024-02-10-at-15.37.287-1-1536x1152.jpeg 1536w\" sizes=\"(max-width: 1600px) 100vw, 1600px\" \/><\/div>\n<div>Volteamos en la bandeja o plato y retiramos los moldes con cuidado.<\/div>\n<div><img decoding=\"async\" loading=\"lazy\" class=\"alignnone size-full wp-image-26979\" src=\"https:\/\/elcalaixetdelaiaia.es\/wp-content\/uploads\/2020\/03\/WhatsApp-Image-2024-02-10-at-15.37.282.jpeg\" alt=\"\" width=\"1600\" height=\"1167\" srcset=\"https:\/\/elcalaixetdelaiaia.es\/wp-content\/uploads\/2020\/03\/WhatsApp-Image-2024-02-10-at-15.37.282.jpeg 1600w, https:\/\/elcalaixetdelaiaia.es\/wp-content\/uploads\/2020\/03\/WhatsApp-Image-2024-02-10-at-15.37.282-300x219.jpeg 300w, https:\/\/elcalaixetdelaiaia.es\/wp-content\/uploads\/2020\/03\/WhatsApp-Image-2024-02-10-at-15.37.282-1024x747.jpeg 1024w, https:\/\/elcalaixetdelaiaia.es\/wp-content\/uploads\/2020\/03\/WhatsApp-Image-2024-02-10-at-15.37.282-768x560.jpeg 768w, https:\/\/elcalaixetdelaiaia.es\/wp-content\/uploads\/2020\/03\/WhatsApp-Image-2024-02-10-at-15.37.282-1536x1120.jpeg 1536w\" sizes=\"(max-width: 1600px) 100vw, 1600px\" \/><\/div>\n<div>Como est\u00e1 fresquito, listo para servir.<\/div>\n<div><img decoding=\"async\" loading=\"lazy\" class=\"alignnone size-full wp-image-26980\" src=\"https:\/\/elcalaixetdelaiaia.es\/wp-content\/uploads\/2020\/03\/WhatsApp-Image-2024-02-10-at-16.39.531.jpeg\" alt=\"\" width=\"1600\" height=\"1200\" srcset=\"https:\/\/elcalaixetdelaiaia.es\/wp-content\/uploads\/2020\/03\/WhatsApp-Image-2024-02-10-at-16.39.531.jpeg 1600w, https:\/\/elcalaixetdelaiaia.es\/wp-content\/uploads\/2020\/03\/WhatsApp-Image-2024-02-10-at-16.39.531-300x225.jpeg 300w, https:\/\/elcalaixetdelaiaia.es\/wp-content\/uploads\/2020\/03\/WhatsApp-Image-2024-02-10-at-16.39.531-1024x768.jpeg 1024w, https:\/\/elcalaixetdelaiaia.es\/wp-content\/uploads\/2020\/03\/WhatsApp-Image-2024-02-10-at-16.39.531-768x576.jpeg 768w, https:\/\/elcalaixetdelaiaia.es\/wp-content\/uploads\/2020\/03\/WhatsApp-Image-2024-02-10-at-16.39.531-1536x1152.jpeg 1536w\" sizes=\"(max-width: 1600px) 100vw, 1600px\" \/><\/div>\n<div>Resulta un postre delicioso<\/div>\n<div><img decoding=\"async\" loading=\"lazy\" class=\"alignnone size-full wp-image-26981\" src=\"https:\/\/elcalaixetdelaiaia.es\/wp-content\/uploads\/2020\/03\/WhatsApp-Image-2024-02-10-at-16.39.53.jpeg\" alt=\"\" width=\"1600\" height=\"1200\" \/> <img decoding=\"async\" loading=\"lazy\" class=\"alignnone size-full wp-image-26982\" src=\"https:\/\/elcalaixetdelaiaia.es\/wp-content\/uploads\/2020\/03\/WhatsApp-Image-2024-02-10-at-16.41.471.jpeg\" alt=\"\" width=\"1600\" height=\"1200\" srcset=\"https:\/\/elcalaixetdelaiaia.es\/wp-content\/uploads\/2020\/03\/WhatsApp-Image-2024-02-10-at-16.41.471.jpeg 1600w, https:\/\/elcalaixetdelaiaia.es\/wp-content\/uploads\/2020\/03\/WhatsApp-Image-2024-02-10-at-16.41.471-300x225.jpeg 300w, https:\/\/elcalaixetdelaiaia.es\/wp-content\/uploads\/2020\/03\/WhatsApp-Image-2024-02-10-at-16.41.471-1024x768.jpeg 1024w, https:\/\/elcalaixetdelaiaia.es\/wp-content\/uploads\/2020\/03\/WhatsApp-Image-2024-02-10-at-16.41.471-768x576.jpeg 768w, https:\/\/elcalaixetdelaiaia.es\/wp-content\/uploads\/2020\/03\/WhatsApp-Image-2024-02-10-at-16.41.471-1536x1152.jpeg 1536w\" sizes=\"(max-width: 1600px) 100vw, 1600px\" \/> <img decoding=\"async\" loading=\"lazy\" class=\"alignnone size-full wp-image-26978\" src=\"https:\/\/elcalaixetdelaiaia.es\/wp-content\/uploads\/2020\/03\/WhatsApp-Image-2024-02-10-at-16.41.47.jpeg\" alt=\"\" width=\"1600\" height=\"1200\" srcset=\"https:\/\/elcalaixetdelaiaia.es\/wp-content\/uploads\/2020\/03\/WhatsApp-Image-2024-02-10-at-16.41.47.jpeg 1600w, https:\/\/elcalaixetdelaiaia.es\/wp-content\/uploads\/2020\/03\/WhatsApp-Image-2024-02-10-at-16.41.47-300x225.jpeg 300w, https:\/\/elcalaixetdelaiaia.es\/wp-content\/uploads\/2020\/03\/WhatsApp-Image-2024-02-10-at-16.41.47-1024x768.jpeg 1024w, https:\/\/elcalaixetdelaiaia.es\/wp-content\/uploads\/2020\/03\/WhatsApp-Image-2024-02-10-at-16.41.47-768x576.jpeg 768w, https:\/\/elcalaixetdelaiaia.es\/wp-content\/uploads\/2020\/03\/WhatsApp-Image-2024-02-10-at-16.41.47-1536x1152.jpeg 1536w\" sizes=\"(max-width: 1600px) 100vw, 1600px\" \/><\/div>\n<div>\n<p>\u00abA la taula i&#8230; Bon profit\u00bb!<\/p>\n<p>Si te gusta mi receta, puedes compartirla, para que llegue a m\u00e1s gente. Espero tus comentarios y recuerda que tambi\u00e9n estoy en Facebook <a href=\"https:\/\/www.facebook.com\/El-calaixet-de-la-iaia-533062140099386\/\">https:\/\/www.facebook.com\/El-calaixet-de-la-iaia-533062140099386\/<\/a><\/p>\n<\/div>\n","protected":false},"excerpt":{"rendered":"<p>\u00abRefrany;Les pomes, totes cauen al seu temps\u00bb Las manzanas, todas caen a su tiempo. Pues \u00e9stas antes de que caigan al cubo de la basura, igual que \u00e9stas magdalenas, duras como piedras, las aprovecharemos. No puedo tirar nada. Soy de la vieja escuela y o\u00ed taantas veces contar a mi &hellip; <\/p>\n","protected":false},"author":2,"featured_media":26978,"comment_status":"open","ping_status":"open","sticky":false,"template":"","format":"standard","meta":[],"categories":[6,1],"tags":[],"_links":{"self":[{"href":"https:\/\/elcalaixetdelaiaia.es\/index.php?rest_route=\/wp\/v2\/posts\/26986"}],"collection":[{"href":"https:\/\/elcalaixetdelaiaia.es\/index.php?rest_route=\/wp\/v2\/posts"}],"about":[{"href":"https:\/\/elcalaixetdelaiaia.es\/index.php?rest_route=\/wp\/v2\/types\/post"}],"author":[{"embeddable":true,"href":"https:\/\/elcalaixetdelaiaia.es\/index.php?rest_route=\/wp\/v2\/users\/2"}],"replies":[{"embeddable":true,"href":"https:\/\/elcalaixetdelaiaia.es\/index.php?rest_route=%2Fwp%2Fv2%2Fcomments&post=26986"}],"version-history":[{"count":4,"href":"https:\/\/elcalaixetdelaiaia.es\/index.php?rest_route=\/wp\/v2\/posts\/26986\/revisions"}],"predecessor-version":[{"id":27005,"href":"https:\/\/elcalaixetdelaiaia.es\/index.php?rest_route=\/wp\/v2\/posts\/26986\/revisions\/27005"}],"wp:featuredmedia":[{"embeddable":true,"href":"https:\/\/elcalaixetdelaiaia.es\/index.php?rest_route=\/wp\/v2\/media\/26978"}],"wp:attachment":[{"href":"https:\/\/elcalaixetdelaiaia.es\/index.php?rest_route=%2Fwp%2Fv2%2Fmedia&parent=26986"}],"wp:term":[{"taxonomy":"category","embeddable":true,"href":"https:\/\/elcalaixetdelaiaia.es\/index.php?rest_route=%2Fwp%2Fv2%2Fcategories&post=26986"},{"taxonomy":"post_tag","embeddable":true,"href":"https:\/\/elcalaixetdelaiaia.es\/index.php?rest_route=%2Fwp%2Fv2%2Ftags&post=26986"}],"curies":[{"name":"wp","href":"https:\/\/api.w.org\/{rel}","templated":true}]}}