{"id":268,"date":"2016-07-02T08:05:00","date_gmt":"2016-07-02T08:05:00","guid":{"rendered":"http:\/\/elcalaixetdelaiaia.es\/magdalenas-de-horchata-magdalenes"},"modified":"2023-07-07T14:57:06","modified_gmt":"2023-07-07T14:57:06","slug":"magdalenas-de-horchata-magdalenes","status":"publish","type":"post","link":"https:\/\/elcalaixetdelaiaia.es\/?p=268","title":{"rendered":"Magdalenas de horchata magdalenes d&#8217;orxata paso a paso foto a foto"},"content":{"rendered":"<p>\u00abEndevinalla;<br \/>\nS\u00f3c d\u2019origen valenciana, i ben blanca de color, encara que tinc el cor d&#8217;or, no tinc nas, i em diuen xata \u00bfqui s\u00f3c?\u00bb<br \/>\nSoy de origen valenciana, y bien blanca de color, aunque tengo el coraz\u00f3n de oro, no tengo nariz y me dicen chata \u00bfquien soy?<\/p>\n<div class=\"separator\" style=\"clear: both; text-align: center;\"><a style=\"margin-left: 1em; margin-right: 1em;\" href=\"https:\/\/2.bp.blogspot.com\/-WVXl58_novU\/V3asFpPW3lI\/AAAAAAAAlb0\/SJ5DZORHeDwfUvkPRNjU6sD9QYMK2ucVACLcB\/s1600\/IMG_1804%2B%25282%2529.JPG\"><img decoding=\"async\" loading=\"lazy\" src=\"https:\/\/elcalaixetdelaiaia.es\/wp-content\/uploads\/2016\/07\/IMG_180428229.jpg\" width=\"640\" height=\"480\" border=\"0\" \/><\/a><\/div>\n<p>Me encanta la horchata, es una debilidad incrementada por los a\u00f1os en que mi marido trabajaba en Alboraia, muchas tardes de verano iba a buscarlo y merend\u00e1bamos en la \u00abOrxater\u00eda Panach\u00bb, en mi opini\u00f3n la mejor horchata del mundo mundial, la hacen de \u00abcategor\u00eda interna\u00e7ional\u00bb, sin menospreciar a las dem\u00e1s horchater\u00edas, que en cualquiera de ellas se toma una horchata super riqu\u00edsima\u00bfeh? que quede claro.<br \/>\nOtras veces, era mi marido qui\u00e9n la tra\u00eda a la caseta de La Patacona para merendar y siempre que vamos a Alboraia a tomar horchata vamos a Panach, donde adem\u00e1s tienen fartons caseros muy parecidos a los que hago yo, ya sabeis que como lo casero, no hay nada.<br \/>\nEn Daniel y otras horchater\u00edas de Alboraia, la horchata es muy buena, pero la de Panach, es superior. En Valencia, la mejor la del Siglo (desgraciadamente desaparecida) y la de Santa Catalina, como siempre, hablo desde mi humilde opini\u00f3n, que no se enfade nadie \u00bfeh?<\/p>\n<div class=\"separator\" style=\"clear: both; text-align: center;\"><a style=\"margin-left: 1em; margin-right: 1em;\" href=\"https:\/\/1.bp.blogspot.com\/-uTQNlUV8LuA\/V3amcrUu7VI\/AAAAAAAAlbI\/fIAH54LX4rUQg3S5ECuiyCs1vrQNzdkXgCLcB\/s1600\/IMG_1780%2B%25282%2529.JPG\"><img decoding=\"async\" loading=\"lazy\" src=\"https:\/\/elcalaixetdelaiaia.es\/wp-content\/uploads\/2016\/07\/IMG_178028229.jpg\" width=\"640\" height=\"480\" border=\"0\" \/><\/a><\/div>\n<p>Mi prima Conx\u00edn ten\u00eda una peque\u00f1a lecher\u00eda frente al Mercat del Grau, junto con Paco, Mari y Jorge.<br \/>\nLos s\u00e1bados por la ma\u00f1ana, (que era cuando mas trabajo hab\u00eda, ya que l@s comprador@s, y muchos vendedores de las paradas sol\u00edan venir a desayunar a la lecher\u00eda), y cuando en mi trabajo me daban jornada intensiva, iba todas las tardes a ayudarla junto a Amparo,(mi querida Amparo, m\u00e1s buena que el pan y la mujer de mi querido Vicente Visiedo, un ser humano maravilloso, un amigo increible, un poeta, un orfebre con unas manos de \u00e1ngel y mi maestro en teatro, a quien echo much\u00edsimo de menos, a quien llevar\u00e9 siempre en mi coraz\u00f3n y no olvidar\u00e9 nunca) a despachar \u00aborxata, mereng\u00e1, llim\u00f3 granissat, \u00e7ib\u00e1, caf\u00e9 granissat\u00bb y otros helados, de aquellas horchateras de galvanizado, y acero, forradas de corcho con su tapa de acero inoxidable con una asa que ayudaba a rodar la horchatera entre la capa de hielo, el galvanizado y el corcho.<br \/>\nQue buenos recuerdos de aquellas \u00e9pocas de juventud, en la que pienso, que de entre otras cosas, algo de horchatas y granizados aprend\u00ed&#8230;<\/p>\n<div class=\"separator\" style=\"clear: both; text-align: center;\"><a style=\"margin-left: 1em; margin-right: 1em;\" href=\"https:\/\/2.bp.blogspot.com\/-nH1iTIzQMyU\/V3aoX9armvI\/AAAAAAAAlbw\/GHaqJKf1edgOO_wc46rzsdchzSDKp6hwwCKgB\/s1600\/IMG_1741.JPG\"><img decoding=\"async\" loading=\"lazy\" src=\"https:\/\/elcalaixetdelaiaia.es\/wp-content\/uploads\/2016\/07\/IMG_1741.jpg\" width=\"480\" height=\"640\" border=\"0\" \/><\/a><\/div>\n<p>Hoy d\u00eda hay ya muchas marcas de horchatas envasadas, pod\u00e9is elegir a vuestro gusto, aunque nada como la horchata natural&#8230; eso es indiscutible, unas de mis favoritas, son la de Polo y la de Panach, pero con muuucha diferencia.<\/p>\n<p>Suelo hacer en casa, varias veces al a\u00f1o, la horchata natural, que es mucho mas sencillo de lo que pod\u00e9is pensar, de hecho tengo la entrada publicada.<\/p>\n<p>Aunque hay otra soluci\u00f3n, que es la que mas tomamos en casa, para degustar una horchata con verdadero sabor a horchata valenciana y es la hecha con concentrado de chufas de HISC, que descubr\u00ed hace much\u00edsimos a\u00f1os, gracias a mi amigo y vecino Ram\u00f3n Costa, desgraciadamente ya fallecido y unos de los sucesores de Hijos de Salvador Costa, S.L. que fund\u00f3 la f\u00e1brica el a\u00f1o 1.897.<br \/>\nOs aseguro que \u00e9ste concentrado, preparado con agua muy muy fr\u00eda sabe a aut\u00e9ntica horchata valenciana de nuestras huertas.<br \/>\nEn mi casa no falta nunca, y en el pueblo, tampoco, all\u00ed no hay ni horchater\u00edas ni nada parecido, (y ni me pagan ni me la regalan, como ninguno de los productos que os recomiendo), y es por \u00e9so que un d\u00eda se me ocurri\u00f3 preparar unas \u00abvalencianes d&#8217;orxata\u00bb o magdalenas de horchata, sustituyendo la leche y parte del az\u00facar por el concentrado de chufa, hoy comparto \u00e9sta receta por si os apetecen \ud83d\ude09<\/p>\n<p>Necesitaremos;<\/p>\n<div class=\"separator\" style=\"clear: both; text-align: center;\"><a style=\"margin-left: 1em; margin-right: 1em;\" href=\"https:\/\/2.bp.blogspot.com\/-bFewsQ8OGbM\/V3aoO9TW50I\/AAAAAAAAlbw\/D6biqIMkRVYguM3jOLD9CkPhdBeg56BAwCKgB\/s1600\/IMG_1679%2B%25282%2529.JPG\"><img decoding=\"async\" loading=\"lazy\" src=\"https:\/\/elcalaixetdelaiaia.es\/wp-content\/uploads\/2016\/07\/IMG_167928229.jpg\" width=\"640\" height=\"492\" border=\"0\" \/><\/a><\/div>\n<ol>\n<li>3 huevos<\/li>\n<li>Una cucharadita de az\u00facar por magdalena<\/li>\n<li>100 g de aceite de oliva virgen extra<\/li>\n<li>200 g de concentrado de horchata<\/li>\n<li>225 g de harina de reposter\u00eda<\/li>\n<li>150g de chufas secas<\/li>\n<li>Un sobre blanco de gasificante<\/li>\n<li>Un sobre morado de gasificante<\/li>\n<\/ol>\n<div class=\"separator\" style=\"clear: both; text-align: center;\"><a style=\"margin-left: 1em; margin-right: 1em;\" href=\"https:\/\/1.bp.blogspot.com\/-5qz2kWWASW0\/V3atBukbvcI\/AAAAAAAAlcA\/Bm-1X33ikxUqfhnjXF2KSn2uBniIkxrYACLcB\/s1600\/IMG_1781%2B%25282%2529.JPG\"><img decoding=\"async\" loading=\"lazy\" src=\"https:\/\/elcalaixetdelaiaia.es\/wp-content\/uploads\/2016\/07\/IMG_178128229.jpg\" width=\"640\" height=\"462\" border=\"0\" \/><\/a><\/div>\n<p>\u00abMagdalenes d&#8217;orxata valencianes\u00bb<br \/>\n\u00bfY porque Magadalenas y no cupcakes, muffins etc?, pues simplemente porque en mi opini\u00f3n unas y otras son las mismas. Magdalenas dulces, saladas, con chocolate, con adornos de fondant, con mantequilla o aceite de oliva, con leche, sin ella&#8230; pero al fin y al cabo MAGDALENAS, si tenemos el nombre en espa\u00f1ol \u00bfporque<br \/>\namericanizar tambi\u00e9n el idioma en la cocina? Mis disculpas a quienes las llam\u00e1is con \u00e9stos nombres sobretodo porque cada cual es muy libre de ponerle como mas le guste \u00a1faltar\u00eda mas! pero me permitir\u00e9is que en mi blog a las magdalenas, le llame por su nombre.<br \/>\nMAGDALENAS, o en mi otra lengua , mi lengua materna, (con la que pienso e incluso cuento mentalmente ) MAGDALENES \ud83d\ude09<\/p>\n<div><\/div>\n<div class=\"separator\" style=\"clear: both; text-align: center;\"><a style=\"margin-left: 1em; margin-right: 1em;\" href=\"https:\/\/1.bp.blogspot.com\/-CQhse0fVzoU\/V3atoHJ6jGI\/AAAAAAAAldo\/9BC4nvDtkZI2abBMjE6QOvndZQTwMIJIgCKgB\/s1600\/IMG_1700%2B%25282%2529.JPG\"><img decoding=\"async\" loading=\"lazy\" src=\"https:\/\/elcalaixetdelaiaia.es\/wp-content\/uploads\/2016\/07\/IMG_170028229.jpg\" width=\"640\" height=\"480\" border=\"0\" \/><\/a><\/div>\n<div><\/div>\n<div style=\"text-align: center;\">Bueno, al l\u00edo, o mejor dicho a la masa que vais a ver que sencillas de hacer y que riqu\u00edsimas que est\u00e1n. Vamos a trabajar con los ingredientes a temperatura ambiente y en recipientes tibios, para ello lavaremos con agua caliente y secaremos bien, justo en el momento de usarlos. Ahora con \u00e9ste calor, no es imprescindible, pero en invierno si. Bueno pues \u00e9so, enjuagamos con agua caliente el recipiente, secamos y comenzamos con los l\u00edquidos, en \u00e9ste caso con los huevos a temperatura ambiente, que batiremos bien para que cojan aire unos tres minutos<\/div>\n<div><\/div>\n<div class=\"separator\" style=\"clear: both; text-align: center;\"><a style=\"margin-left: 1em; margin-right: 1em;\" href=\"https:\/\/1.bp.blogspot.com\/-oqylzqPzXyY\/V3atnFdEmFI\/AAAAAAAAldo\/fk5PhmqXrz4Fg_edVvQ52QirSvdIe_KLACKgB\/s1600\/IMG_1702%2B%25282%2529.JPG\"><img decoding=\"async\" loading=\"lazy\" src=\"https:\/\/elcalaixetdelaiaia.es\/wp-content\/uploads\/2016\/07\/IMG_170228229.jpg\" width=\"640\" height=\"480\" border=\"0\" \/><\/a><\/div>\n<div><\/div>\n<div style=\"text-align: center;\">a\u00f1adiremos los 200g de concentrado de chufa<\/div>\n<div><\/div>\n<div class=\"separator\" style=\"clear: both; text-align: center;\"><a style=\"margin-left: 1em; margin-right: 1em;\" href=\"https:\/\/3.bp.blogspot.com\/-Dd0qlNDYp6Y\/V3atoMjPtfI\/AAAAAAAAldo\/koC6IhQg4oYHHM3oIATLmVVmsiJJvNHUQCKgB\/s1600\/IMG_1703%2B%25282%2529.JPG\"><img decoding=\"async\" loading=\"lazy\" src=\"https:\/\/elcalaixetdelaiaia.es\/wp-content\/uploads\/2016\/07\/IMG_170328229.jpg\" width=\"640\" height=\"480\" border=\"0\" \/><\/a><\/div>\n<div><\/div>\n<div style=\"text-align: center;\">y reba\u00f1aremos el recipiente con la lengua&#8230; la de gato \u00bfeh? no con la nuestra, por mucho que la tentaci\u00f3n nos incite a ello si sois tan golosones como yo, jajaja<\/div>\n<div><\/div>\n<div class=\"separator\" style=\"clear: both; text-align: center;\"><a style=\"margin-left: 1em; margin-right: 1em;\" href=\"https:\/\/2.bp.blogspot.com\/-D7_0aAvARas\/V3atoinqiOI\/AAAAAAAAldo\/6UcufMnMLHcLirG3C6Uyhv-F24_kIg-ugCKgB\/s1600\/IMG_1704%2B%25282%2529.JPG\"><img decoding=\"async\" loading=\"lazy\" src=\"https:\/\/elcalaixetdelaiaia.es\/wp-content\/uploads\/2016\/07\/IMG_170428229.jpg\" width=\"640\" height=\"458\" border=\"0\" \/><\/a><\/div>\n<div><\/div>\n<div style=\"text-align: center;\">ahora le llega el turno al aceite de oliva virgen. Usad uno que no se agarre a la garganta pero que tenga calidad, porque vale la pena, a mi me gusta un arbequina por ejemplo<\/div>\n<div><\/div>\n<div class=\"separator\" style=\"clear: both; text-align: center;\"><a style=\"margin-left: 1em; margin-right: 1em;\" href=\"https:\/\/2.bp.blogspot.com\/-XxLEBZ8QBHQ\/V3atpojHkqI\/AAAAAAAAldo\/5kHV5KX0UNgK1Ye2S_MszC_4lr58bblpgCKgB\/s1600\/IMG_1706%2B%25282%2529.JPG\"><img decoding=\"async\" loading=\"lazy\" src=\"https:\/\/elcalaixetdelaiaia.es\/wp-content\/uploads\/2016\/07\/IMG_170628229.jpg\" width=\"640\" height=\"480\" border=\"0\" \/><\/a><\/div>\n<div><\/div>\n<div style=\"text-align: center;\">y seguimos batiendo hasta que se integren bien todos los ingredientes l\u00edquidos<\/div>\n<div><\/div>\n<div class=\"separator\" style=\"clear: both; text-align: center;\"><a style=\"margin-left: 1em; margin-right: 1em;\" href=\"https:\/\/3.bp.blogspot.com\/-tNfAr3hyzE8\/V3atpcTi0GI\/AAAAAAAAldo\/JjwLvQdkoR8HzX6A3AzqaXtU_utPWQ5iQCKgB\/s1600\/IMG_1707%2B%25282%2529.JPG\"><img decoding=\"async\" loading=\"lazy\" src=\"https:\/\/elcalaixetdelaiaia.es\/wp-content\/uploads\/2016\/07\/IMG_170728229.jpg\" width=\"640\" height=\"480\" border=\"0\" \/><\/a><\/div>\n<div><\/div>\n<div style=\"text-align: center;\">ahora vamos con los s\u00f3lidos, para ello, haremos la misma operaci\u00f3n de entibiado del bol o cuenco, secaremos bien y tamizaremos la harina, si no ten\u00e9is tamizador, lo pod\u00e9is hacer con un colador e ir golpeando con el dorso de la mano. Aseguraros de no tener mucha corriente de aire, yo si la ten\u00eda en \u00e9se momento, todo abierto por el calor, y hemos terminado la bancada, la vitro y yo&#8230;.llenas de harinaaaa<\/div>\n<div><\/div>\n<div class=\"separator\" style=\"clear: both; text-align: center;\"><a style=\"margin-left: 1em; margin-right: 1em;\" href=\"https:\/\/3.bp.blogspot.com\/-Al7D_cjhkvI\/V3atqX_KyAI\/AAAAAAAAldo\/fop35db_b8QNGIneqrrHbVvuyDGx75YUgCKgB\/s1600\/IMG_1710%2B%25282%2529.JPG\"><img decoding=\"async\" loading=\"lazy\" src=\"https:\/\/elcalaixetdelaiaia.es\/wp-content\/uploads\/2016\/07\/IMG_171028229.jpg\" width=\"640\" height=\"480\" border=\"0\" \/><\/a><\/div>\n<div><\/div>\n<div style=\"text-align: center;\">a\u00f1adimos el sobrecito de gasificante blanco, (lo pod\u00e9is sustituir en caso de no encontrar, por un sobrecito de levadura qu\u00edmica en polvo)<\/div>\n<div><\/div>\n<div class=\"separator\" style=\"clear: both; text-align: center;\"><a style=\"margin-left: 1em; margin-right: 1em;\" href=\"https:\/\/1.bp.blogspot.com\/-h8mRspk5w4o\/V3atrIxKSdI\/AAAAAAAAldo\/KQ-gjrNSNKAkKQG33uMuWea-vLKU53_IgCKgB\/s1600\/IMG_1712%2B%25282%2529.JPG\"><img decoding=\"async\" loading=\"lazy\" src=\"https:\/\/elcalaixetdelaiaia.es\/wp-content\/uploads\/2016\/07\/IMG_171228229.jpg\" width=\"640\" height=\"480\" border=\"0\" \/><\/a><\/div>\n<div><\/div>\n<div style=\"text-align: center;\">y a continuaci\u00f3n el sobrecido de gasificante morado (que no pondr\u00e9is si us\u00e1is la levadura en polvo) y mezclamos<\/div>\n<div><\/div>\n<div class=\"separator\" style=\"clear: both; text-align: center;\"><a style=\"margin-left: 1em; margin-right: 1em;\" href=\"https:\/\/1.bp.blogspot.com\/-76KeAT-FlWY\/V3atrlEKf3I\/AAAAAAAAldo\/vNsVz-lgKB0L8CeP1xUS07E6raVx8cfYgCKgB\/s1600\/IMG_1713%2B%25282%2529.JPG\"><img decoding=\"async\" loading=\"lazy\" src=\"https:\/\/elcalaixetdelaiaia.es\/wp-content\/uploads\/2016\/07\/IMG_171328229.jpg\" width=\"640\" height=\"480\" border=\"0\" \/><\/a><\/div>\n<div><\/div>\n<div style=\"text-align: center;\">una pizquita de sal, para potenciar el sabor y volveremos a mezclar<\/div>\n<div><\/div>\n<div class=\"separator\" style=\"clear: both; text-align: center;\"><a style=\"margin-left: 1em; margin-right: 1em;\" href=\"https:\/\/2.bp.blogspot.com\/-fu-m3XvliAA\/V3atsfaTSGI\/AAAAAAAAlds\/XxVQZAqMEcAONQAojR0rO8sGtbAwLYY5gCKgB\/s1600\/IMG_1714%2B%25282%2529.JPG\"><img decoding=\"async\" loading=\"lazy\" src=\"https:\/\/elcalaixetdelaiaia.es\/wp-content\/uploads\/2016\/07\/IMG_171428229.jpg\" width=\"640\" height=\"480\" border=\"0\" \/><\/a><\/div>\n<div><\/div>\n<div style=\"text-align: center;\">ha llegado el momento de unir l\u00edquidos con s\u00f3lidos<\/div>\n<div><\/div>\n<div class=\"separator\" style=\"clear: both; text-align: center;\"><a style=\"margin-left: 1em; margin-right: 1em;\" href=\"https:\/\/1.bp.blogspot.com\/-Y0fC8_ke4ww\/V3atsxkOEmI\/AAAAAAAAlds\/8C8ulac3x5UdZnoTZKaQsyFomtVbrr-VwCKgB\/s1600\/IMG_1715%2B%25282%2529.JPG\"><img decoding=\"async\" loading=\"lazy\" src=\"https:\/\/elcalaixetdelaiaia.es\/wp-content\/uploads\/2016\/07\/IMG_171528229.jpg\" width=\"640\" height=\"480\" border=\"0\" \/><\/a><\/div>\n<div><\/div>\n<div style=\"text-align: center;\">que mezclaremos manualmente con cuidado de que no quede ni el m\u00ednimo grumo<\/div>\n<div><\/div>\n<div class=\"separator\" style=\"clear: both; text-align: center;\"><a style=\"margin-left: 1em; margin-right: 1em;\" href=\"https:\/\/3.bp.blogspot.com\/-Hruur_vAjE8\/V3att1dxlzI\/AAAAAAAAlds\/ijLZagjrIFoXpYI8MKbL_cvXtCdlhUnlACKgB\/s1600\/IMG_1716%2B%25282%2529.JPG\"><img decoding=\"async\" loading=\"lazy\" src=\"https:\/\/elcalaixetdelaiaia.es\/wp-content\/uploads\/2016\/07\/IMG_171628229.jpg\" width=\"640\" height=\"480\" border=\"0\" \/><\/a><\/div>\n<div><\/div>\n<div style=\"text-align: center;\">como veis en la foto<\/div>\n<div><\/div>\n<div class=\"separator\" style=\"clear: both; text-align: center;\"><a style=\"margin-left: 1em; margin-right: 1em;\" href=\"https:\/\/4.bp.blogspot.com\/-AhIGLUbZTr8\/V3atur7l9qI\/AAAAAAAAlds\/HFlprLvI9RwHlxo0TEI9A2D8r42Vs8QVACKgB\/s1600\/IMG_1718%2B%25282%2529.JPG\"><img decoding=\"async\" loading=\"lazy\" src=\"https:\/\/elcalaixetdelaiaia.es\/wp-content\/uploads\/2016\/07\/IMG_171828229.jpg\" width=\"640\" height=\"480\" border=\"0\" \/><\/a><\/div>\n<div><\/div>\n<div style=\"text-align: center;\">picaremos un pu\u00f1adito de chufas, que podremos comprar en las tiendas de frutos secos<\/div>\n<div><\/div>\n<div class=\"separator\" style=\"clear: both; text-align: center;\"><a style=\"margin-left: 1em; margin-right: 1em;\" href=\"https:\/\/2.bp.blogspot.com\/-wv8QgkRvfXA\/V3atvQObVvI\/AAAAAAAAlds\/hgBpjEy0cJMjjUy4NjdYNviG5ENWxWaAQCKgB\/s1600\/IMG_1719%2B%25282%2529.JPG\"><img decoding=\"async\" loading=\"lazy\" src=\"https:\/\/elcalaixetdelaiaia.es\/wp-content\/uploads\/2016\/07\/IMG_171928229.jpg\" width=\"640\" height=\"480\" border=\"0\" \/><\/a><\/div>\n<div><\/div>\n<div style=\"text-align: center;\">no hay que triturarlas mucho, porque lo agradable es la mezcla de texturas al encontrar el crujiente de la \u00abxufa\u00bb al comer la magdalena,<\/div>\n<div><\/div>\n<div class=\"separator\" style=\"clear: both; text-align: center;\"><a style=\"margin-left: 1em; margin-right: 1em;\" href=\"https:\/\/2.bp.blogspot.com\/-RCVWDrRrJp8\/V3atv2SxC1I\/AAAAAAAAlds\/oJrtj7AXATEbzI7DZqSkLaqgvUca_wtzwCKgB\/s1600\/IMG_1720%2B%25282%2529.JPG\"><img decoding=\"async\" loading=\"lazy\" src=\"https:\/\/elcalaixetdelaiaia.es\/wp-content\/uploads\/2016\/07\/IMG_172028229.jpg\" width=\"640\" height=\"480\" border=\"0\" \/><\/a><\/div>\n<div><\/div>\n<div style=\"text-align: center;\">a\u00f1adimos a la mezcla<\/div>\n<div><\/div>\n<div class=\"separator\" style=\"clear: both; text-align: center;\"><a style=\"margin-left: 1em; margin-right: 1em;\" href=\"https:\/\/4.bp.blogspot.com\/-ElXY_OYRJTs\/V3atwZVMpyI\/AAAAAAAAlds\/MO6wq6hwjmgH5cvnjOkZst-8P4EZ4dRdwCKgB\/s1600\/IMG_1722%2B%25282%2529.JPG\"><img decoding=\"async\" loading=\"lazy\" src=\"https:\/\/elcalaixetdelaiaia.es\/wp-content\/uploads\/2016\/07\/IMG_172228229.jpg\" width=\"640\" height=\"480\" border=\"0\" \/><\/a><\/div>\n<div><\/div>\n<div style=\"text-align: center;\">pondremos en un recipiente herm\u00e9tico y dejaremos en el frigo como m\u00ednimo una hora para seguir con la tratamiento a la masa, primero calor, ahora fr\u00edo.<\/div>\n<div style=\"text-align: center;\">\u00c9sto lo haremos para sacar la magdalena con \u00abmonyet\u00bb o topete, aunque yo a veces no he tenido paciencia y las he preparado tal cual, sin pasar por el frigo, y a pesar de que no me han subido mucho, no quedan nada mal. Lo perfecto ser\u00eda tenerlas toda la noche en la nevera, si ten\u00e9is tiempo y paciencia<\/div>\n<div><\/div>\n<div class=\"separator\" style=\"clear: both; text-align: center;\"><a style=\"margin-left: 1em; margin-right: 1em;\" href=\"https:\/\/4.bp.blogspot.com\/-5fhPkWtuI_Y\/V3atxWxBejI\/AAAAAAAAlds\/yGwQbPBLRjEYIcPD9i1nqlRNFXPoTFySgCKgB\/s1600\/IMG_1723.JPG\"><img decoding=\"async\" loading=\"lazy\" src=\"https:\/\/elcalaixetdelaiaia.es\/wp-content\/uploads\/2016\/07\/IMG_1723.jpg\" width=\"640\" height=\"480\" border=\"0\" \/><\/a><\/div>\n<div><\/div>\n<div style=\"text-align: center;\">Cuando ya vayamos a hornear las magdalenas, pondremos calentar el horno a 250\u00ba<\/div>\n<div><\/div>\n<div class=\"separator\" style=\"clear: both; text-align: center;\"><a style=\"margin-left: 1em; margin-right: 1em;\" href=\"https:\/\/2.bp.blogspot.com\/-swoVePMm9vQ\/V3atxxZUl0I\/AAAAAAAAlds\/6qqjeZ_WLzclo4eLQ2PfjLKONm1BIAOdgCKgB\/s1600\/IMG_1724%2B%25282%2529.JPG\"><img decoding=\"async\" loading=\"lazy\" src=\"https:\/\/elcalaixetdelaiaia.es\/wp-content\/uploads\/2016\/07\/IMG_172428229.jpg\" width=\"640\" height=\"480\" border=\"0\" \/><\/a><\/div>\n<div><\/div>\n<div style=\"text-align: center;\">y volcaremos la masa en una manga pastelera, o un dispensador de masa, aunque con una cuchara pod\u00e9is hacerlo perfectamente<\/div>\n<div><\/div>\n<div class=\"separator\" style=\"clear: both; text-align: center;\"><a style=\"margin-left: 1em; margin-right: 1em;\" href=\"https:\/\/3.bp.blogspot.com\/-PvuCtyqQ4Hs\/V3atytPwzOI\/AAAAAAAAlds\/M0BHwG883jcx8mPayqrGwfIyrTONpZt6ACKgB\/s1600\/IMG_1725%2B%25282%2529.JPG\"><img decoding=\"async\" loading=\"lazy\" src=\"https:\/\/elcalaixetdelaiaia.es\/wp-content\/uploads\/2016\/07\/IMG_172528229.jpg\" width=\"640\" height=\"480\" border=\"0\" \/><\/a><\/div>\n<div><\/div>\n<div style=\"text-align: center;\">e iremos rellenando nuestras c\u00e1psulas hasta la tercera parte de su capacidad, utilizo para \u00e9ste tipo de magdalena, que llamamos \u00abvalenciana\u00bb, c\u00e1psulas m\u00e1s grandes de las normales, y las hago en casa con papel de estraza, pinchando en el enlace ver\u00e9is que f\u00e1cil es hacerlas <a href=\"https:\/\/elcalaixetdelaiaia.es\/?p=271\">https:\/\/elcalaixetdelaiaia.es\/?p=271<\/a><\/div>\n<div style=\"text-align: center;\">las coloco forrando flaneras de acero inoxidable y en un bandeja de horno<\/div>\n<div><\/div>\n<div class=\"separator\" style=\"clear: both; text-align: center;\"><a style=\"margin-left: 1em; margin-right: 1em;\" href=\"https:\/\/1.bp.blogspot.com\/-c4fJBqgsyL4\/V3aty3UxxhI\/AAAAAAAAlds\/qDWGSTDcuGwHC9TbufJUon5BZUNK1QFKgCKgB\/s1600\/IMG_1727%2B%25282%2529.JPG\"><img decoding=\"async\" loading=\"lazy\" src=\"https:\/\/elcalaixetdelaiaia.es\/wp-content\/uploads\/2016\/07\/IMG_172728229.jpg\" width=\"640\" height=\"462\" border=\"0\" \/><\/a><\/div>\n<div><\/div>\n<div style=\"text-align: center;\">en el momento de hornear, es cuando a\u00f1adiremos una cucharadita de az\u00facar, sobre la superficie de cada c\u00e1psula,si quer\u00e9is un buen copete, no le pong\u00e1is az\u00facar ahora, le a\u00f1ad\u00eds az\u00facar glas al final, porque el peso del az\u00facar impide que suban mucho, \u00e9so ya a vuestro gusto<\/div>\n<div><\/div>\n<div class=\"separator\" style=\"clear: both; text-align: center;\"><a style=\"margin-left: 1em; margin-right: 1em;\" href=\"https:\/\/4.bp.blogspot.com\/-w__LbwreL6s\/V3atz8Z6i6I\/AAAAAAAAlds\/4rPfqbZshgsClWHJ9p4WbbTLK8BgN7NhgCKgB\/s1600\/IMG_1729%2B%25282%2529.JPG\"><img decoding=\"async\" loading=\"lazy\" src=\"https:\/\/elcalaixetdelaiaia.es\/wp-content\/uploads\/2016\/07\/IMG_172928229.jpg\" width=\"640\" height=\"480\" border=\"0\" \/><\/a><\/div>\n<div><\/div>\n<div style=\"text-align: center;\">introduciremos a media altura con calor arriba y abajo o con calor abajo y bajaremos a 220\u00ba los primeros 10 minutos y dejaremos 10 minutos m\u00e1s a 200\u00ba, controlando siempre que no se quemen, cada horno es un mundo y necesita unos tiempos de horneado distinto, as\u00ed que la primera vez que las hag\u00e1is, tendr\u00e9is que estar con la nariz pegada, pero no se os ocurra abrir el horno hasta que no ve\u00e1is que suban, porque de lo contrario perder\u00e1 el calor y la magdalena ya no sube con gracia, pod\u00e9is comprobar si est\u00e1n en su punto pinchando con un palillo o un palo de brocheta, cuando ya haya subido<\/div>\n<div><\/div>\n<div class=\"separator\" style=\"clear: both; text-align: center;\"><a style=\"margin-left: 1em; margin-right: 1em;\" href=\"https:\/\/2.bp.blogspot.com\/-hMUaZqmXX4c\/V3at1bVqdsI\/AAAAAAAAlds\/rVAPCCtSFJElqHN-EzA-WxNPCNfLNTKHgCKgB\/s1600\/IMG_1738.JPG\"><img decoding=\"async\" loading=\"lazy\" src=\"https:\/\/elcalaixetdelaiaia.es\/wp-content\/uploads\/2016\/07\/IMG_1738.jpg\" width=\"640\" height=\"480\" border=\"0\" \/><\/a><\/div>\n<div><\/div>\n<div style=\"text-align: center;\">como mis magdalenas son grandes y no he puesto mucha masa, \u00e9sto es lo que suelen subir en \u00e9ste tama\u00f1o de c\u00e1psulas, si las hac\u00e9is mas peque\u00f1as, suben much\u00edsimo mas<\/div>\n<div><\/div>\n<div style=\"text-align: center;\"><a style=\"margin-left: 1em; margin-right: 1em;\" href=\"https:\/\/2.bp.blogspot.com\/-JmF7G6rsOoA\/V3axBdXSPpI\/AAAAAAAAldw\/JQaozydiuws1rJhTRBeOVXmtLNaLhTniwCLcB\/s1600\/IMG_1740.JPG\"><img decoding=\"async\" loading=\"lazy\" src=\"https:\/\/elcalaixetdelaiaia.es\/wp-content\/uploads\/2016\/07\/IMG_1740.jpg\" width=\"640\" height=\"478\" border=\"0\" \/><\/a><\/div>\n<div><\/div>\n<div style=\"text-align: center;\">las sacaremos del horno, las retiramos de la flanera con toda la facilidad del mundo, y las dejaremos enfriar sobre la rejilla para que no resuden. Con \u00e9stos ingredientes me han salido 8 magdalenas de tama\u00f1o grande, si us\u00e1is c\u00e1psulas de tama\u00f1o normal, calc\u00falo que os pueden salir perfectamente una docena.<\/div>\n<div><\/div>\n<div class=\"separator\" style=\"clear: both; text-align: center;\"><a style=\"margin-left: 1em; margin-right: 1em;\" href=\"https:\/\/4.bp.blogspot.com\/-cB1OsWAKKaY\/V3biW6YlDsI\/AAAAAAAAleA\/u8PBDOMVqa8WQ67w9dMbBXAGfLNqiCOEgCLcB\/s1600\/IMG_1782%2B%25282%2529.JPG\"><img decoding=\"async\" loading=\"lazy\" src=\"https:\/\/elcalaixetdelaiaia.es\/wp-content\/uploads\/2016\/07\/IMG_178228229.jpg\" width=\"640\" height=\"490\" border=\"0\" \/><\/a><\/div>\n<div><\/div>\n<div style=\"text-align: center;\">listas para disfrutar por ejemplo, con una fresqu\u00edsima horchata<\/div>\n<div><\/div>\n<div class=\"separator\" style=\"clear: both; text-align: center;\"><a style=\"margin-left: 1em; margin-right: 1em;\" href=\"https:\/\/4.bp.blogspot.com\/-fUkdjPqhZ-w\/V3biX1I5Q4I\/AAAAAAAAleI\/aMj5vQJVrUQjWb6U4lo7qpsYLXIRh0LrwCLcB\/s1600\/IMG_1791%2B%25282%2529.JPG\"><img decoding=\"async\" loading=\"lazy\" src=\"https:\/\/elcalaixetdelaiaia.es\/wp-content\/uploads\/2016\/07\/IMG_179128229.jpg\" width=\"640\" height=\"480\" border=\"0\" \/><\/a><\/div>\n<div><\/div>\n<div style=\"text-align: center;\">o un cremoso caf\u00e9<\/div>\n<div><\/div>\n<div class=\"separator\" style=\"clear: both; text-align: center;\"><a style=\"margin-left: 1em; margin-right: 1em;\" href=\"https:\/\/4.bp.blogspot.com\/-hjQIAGCseck\/V3biZSrJkXI\/AAAAAAAAleM\/kTRWMkBMvGUbm6NEaSaQIWlVRRBI6f0GACLcB\/s1600\/IMG_1792%2B%25282%2529.JPG\"><img decoding=\"async\" loading=\"lazy\" src=\"https:\/\/elcalaixetdelaiaia.es\/wp-content\/uploads\/2016\/07\/IMG_179228229.jpg\" width=\"640\" height=\"448\" border=\"0\" \/><\/a><\/div>\n<div><\/div>\n<div style=\"text-align: center;\">resulta una magdalena deliciosa de textura un poco h\u00fameda<\/div>\n<div><\/div>\n<div class=\"separator\" style=\"clear: both; text-align: center;\"><a style=\"margin-left: 1em; margin-right: 1em;\" href=\"https:\/\/1.bp.blogspot.com\/-j7Del3eO-b0\/V3biZ1OoIQI\/AAAAAAAAleQ\/tKp5aQEFjlsPTPDsoa4TuhuLziKEw745gCLcB\/s1600\/IMG_1793%2B%25282%2529.JPG\"><img decoding=\"async\" loading=\"lazy\" src=\"https:\/\/elcalaixetdelaiaia.es\/wp-content\/uploads\/2016\/07\/IMG_179328229.jpg\" width=\"640\" height=\"480\" border=\"0\" \/><\/a><\/div>\n<div><\/div>\n<div style=\"text-align: center;\">con la sorpresa de encontrar junto a su esponjosidad, el crujiente de los trocitos de chufa<\/div>\n<div><\/div>\n<div class=\"separator\" style=\"clear: both; text-align: center;\"><a style=\"margin-left: 1em; margin-right: 1em;\" href=\"https:\/\/4.bp.blogspot.com\/-Fj4TFZZAs8k\/V3bia8idpwI\/AAAAAAAAleU\/Ucr0rgyPtrstW1HKV8EQ_RbrCPcJwSdGwCLcB\/s1600\/IMG_1794%2B%25282%2529.JPG\"><img decoding=\"async\" loading=\"lazy\" src=\"https:\/\/elcalaixetdelaiaia.es\/wp-content\/uploads\/2016\/07\/IMG_179428229.jpg\" width=\"640\" height=\"480\" border=\"0\" \/><\/a><\/div>\n<div><\/div>\n<div style=\"text-align: center;\">que aparte de potenciar el sabor<\/div>\n<div><\/div>\n<div class=\"separator\" style=\"clear: both; text-align: center;\"><a style=\"margin-left: 1em; margin-right: 1em;\" href=\"https:\/\/3.bp.blogspot.com\/-wk4RvQc4kfE\/V3bibyuhLtI\/AAAAAAAAleY\/GwyQvbJk4_8lfcFJwo0Bokgni3wY2LWjQCLcB\/s1600\/IMG_1804%2B%25282%2529.JPG\"><img decoding=\"async\" loading=\"lazy\" src=\"https:\/\/elcalaixetdelaiaia.es\/wp-content\/uploads\/2016\/07\/IMG_180428229-1.jpg\" width=\"640\" height=\"480\" border=\"0\" \/><\/a><\/div>\n<div><\/div>\n<div style=\"text-align: center;\">le da un toque distinto, a aut\u00e9ntica horchata<\/div>\n<div><\/div>\n<div class=\"separator\" style=\"clear: both; text-align: center;\"><a style=\"margin-left: 1em; margin-right: 1em;\" href=\"https:\/\/4.bp.blogspot.com\/-qvpCOp3pDHo\/V3bnepApxlI\/AAAAAAAAles\/R9v7b2j9e9kZOlVYl26O51kLj9bPBwuTgCLcB\/s1600\/IMG_4834%2B%25283%2529.JPG\"><img decoding=\"async\" loading=\"lazy\" src=\"https:\/\/elcalaixetdelaiaia.es\/wp-content\/uploads\/2016\/07\/IMG_483428329.jpg\" width=\"640\" height=\"466\" border=\"0\" \/><\/a><\/div>\n<div><\/div>\n<div style=\"text-align: center;\">y si quer\u00e9is saber como hacer en casa una horchata con el sabor puro aut\u00e9ntico y maravilloso de la horchata, pinchando en el enlace podr\u00e9is ver paso a paso con todo lujo de detalles como la hago ; <a href=\"https:\/\/elcalaixetdelaiaia.es\/?p=231\">https:\/\/elcalaixetdelaiaia.es\/?p=231<\/a><\/div>\n<div><\/div>\n<div class=\"separator\" style=\"clear: both; text-align: center;\"><a style=\"margin-left: 1em; margin-right: 1em;\" href=\"https:\/\/1.bp.blogspot.com\/-oVrUENBE81k\/V3bnfKZEfDI\/AAAAAAAAlew\/ViyDzFIUz0EgpO2VQ0ptBPpQcVzbSaWLgCLcB\/s1600\/IMG_4835%2B%25282%2529.JPG\"><img decoding=\"async\" loading=\"lazy\" src=\"https:\/\/elcalaixetdelaiaia.es\/wp-content\/uploads\/2016\/07\/IMG_483528229.jpg\" width=\"640\" height=\"480\" border=\"0\" \/><\/a><\/div>\n<div><\/div>\n<div style=\"text-align: center;\">y entrando en \u00e9ste otro enlace, podr\u00e9is ver paso a paso como hago el Bizcocho de horchata con glaseado de horchata <a href=\"https:\/\/elcalaixetdelaiaia.es\/?p=44\">https:\/\/elcalaixetdelaiaia.es\/?p=44<\/a><\/div>\n<div><\/div>\n<div class=\"separator\" style=\"clear: both; text-align: center;\"><a style=\"margin-left: 1em; margin-right: 1em;\" href=\"https:\/\/2.bp.blogspot.com\/-N8kacet_k4s\/V3bnf71OtDI\/AAAAAAAAle0\/aqQqfUyjH0Yj2fz30OL6LjVVqXgLRNYPQCLcB\/s1600\/IMG_4836%2B%25282%2529.JPG\"><img decoding=\"async\" loading=\"lazy\" src=\"https:\/\/elcalaixetdelaiaia.es\/wp-content\/uploads\/2016\/07\/IMG_483628229.jpg\" width=\"640\" height=\"480\" border=\"0\" \/><\/a><\/div>\n<div><\/div>\n<div style=\"text-align: center;\">y si lo que quer\u00e9is es ver como hacer Torrijas de horchata, s\u00f3lo tendr\u00e9is que entrar en el siguiente enlace <a href=\"https:\/\/elcalaixetdelaiaia.es\/?p=16516\">https:\/\/elcalaixetdelaiaia.es\/?p=16516<\/a><\/div>\n<div class=\"separator\" style=\"clear: both; text-align: center;\"><a style=\"margin-left: 1em; margin-right: 1em;\" href=\"https:\/\/3.bp.blogspot.com\/-DoCmZXvBx1Q\/V3bnjePEdqI\/AAAAAAAAle8\/Sea2JMEAy_IDJaaOg_uL213mdqUZzn81ACLcB\/s1600\/IMG_4837%2B%25283%2529.JPG\"><img decoding=\"async\" loading=\"lazy\" src=\"https:\/\/elcalaixetdelaiaia.es\/wp-content\/uploads\/2016\/07\/IMG_483728329.jpg\" width=\"640\" height=\"472\" border=\"0\" \/><\/a><\/div>\n<div><\/div>\n<div style=\"text-align: center;\">solo puedo deciros que no dud\u00e9is en preparar cualquiera de \u00e9stas recetas, porque merece la pena<\/div>\n<div><\/div>\n<div class=\"separator\" style=\"clear: both; text-align: center;\"><a style=\"margin-left: 1em; margin-right: 1em;\" href=\"https:\/\/3.bp.blogspot.com\/-oi1rf0amggk\/V3bnjBQVHcI\/AAAAAAAAle4\/MbncnSpduoU_D6j5wAJFGaOXbEqBylQdQCLcB\/s1600\/IMG_4838%2B%25282%2529.JPG\"><img decoding=\"async\" loading=\"lazy\" src=\"https:\/\/elcalaixetdelaiaia.es\/wp-content\/uploads\/2016\/07\/IMG_483828229.jpg\" width=\"640\" height=\"480\" border=\"0\" \/><\/a><\/div>\n<div><\/div>\n<div style=\"text-align: center;\">con una magdalena y un vaso de leche, hay para una buena y completa merienda<\/div>\n<div><\/div>\n<div class=\"separator\" style=\"clear: both; text-align: center;\"><a style=\"margin-left: 1em; margin-right: 1em;\" href=\"https:\/\/4.bp.blogspot.com\/-du4yfr5lv8U\/V3bnk9Wp-TI\/AAAAAAAAlfA\/dV7SHu66I68P6ugGr0z0QIvHWAtKoZe3gCLcB\/s1600\/IMG_4839%2B%25282%2529.JPG\"><img decoding=\"async\" loading=\"lazy\" src=\"https:\/\/elcalaixetdelaiaia.es\/wp-content\/uploads\/2016\/07\/IMG_483928229.jpg\" width=\"640\" height=\"480\" border=\"0\" \/><\/a><\/div>\n<div><\/div>\n<div style=\"text-align: center;\">o un potente desayuno, disfrutando de \u00e9sta ma\u00f1ana del primer s\u00e1bado de Julio<\/div>\n<div><\/div>\n<div class=\"separator\" style=\"clear: both; text-align: center;\"><a style=\"margin-left: 1em; margin-right: 1em;\" href=\"https:\/\/2.bp.blogspot.com\/-eH4Mo4AlmaA\/V3bnmZb1ZqI\/AAAAAAAAlfE\/8py-VbHllaYc9YQHBEsq63wK2EB9N2XAQCLcB\/s1600\/IMG_4840%2B%25282%2529.JPG\"><img decoding=\"async\" loading=\"lazy\" src=\"https:\/\/elcalaixetdelaiaia.es\/wp-content\/uploads\/2016\/07\/IMG_484028229.jpg\" width=\"640\" height=\"480\" border=\"0\" \/><\/a><\/div>\n<div><\/div>\n<div style=\"text-align: center;\">y si es con una buena compa\u00f1\u00eda,<\/div>\n<div><\/div>\n<div class=\"separator\" style=\"clear: both; text-align: center;\"><a style=\"margin-left: 1em; margin-right: 1em;\" href=\"https:\/\/3.bp.blogspot.com\/-59THEpiX8TE\/V3bnn1K305I\/AAAAAAAAlfI\/u8ivlXjK0Ao4FEl-genUQk_p0dFq7crZgCLcB\/s1600\/IMG_4841%2B%25282%2529.JPG\"><img decoding=\"async\" loading=\"lazy\" src=\"https:\/\/elcalaixetdelaiaia.es\/wp-content\/uploads\/2016\/07\/IMG_484128229.jpg\" width=\"640\" height=\"480\" border=\"0\" \/><\/a><\/div>\n<div><\/div>\n<div style=\"text-align: center;\">y el placer de la brisa del mar, o el aroma del bosque, pues ya&#8230; \u00a1la leche!<\/div>\n<div><\/div>\n<div style=\"text-align: center;\"><a style=\"margin-left: 1em; margin-right: 1em;\" href=\"https:\/\/2.bp.blogspot.com\/-2rvzhqOYabY\/V3biXHMaNCI\/AAAAAAAAleE\/msA9QL_1nsUabfLyJhxP687LK4heS4cOQCLcB\/s1600\/IMG_1784%2B%25282%2529.JPG\"><img decoding=\"async\" loading=\"lazy\" src=\"https:\/\/elcalaixetdelaiaia.es\/wp-content\/uploads\/2016\/07\/IMG_178428229.jpg\" width=\"640\" height=\"480\" border=\"0\" \/><\/a><\/div>\n<div><\/div>\n<div style=\"text-align: center;\">podemos guardarlas en un recipiente herm\u00e9tico, donde supongo se conservar\u00e1n tres o cuatro d\u00edas,<\/div>\n<div><\/div>\n<div class=\"separator\" style=\"clear: both; text-align: center;\"><a style=\"margin-left: 1em; margin-right: 1em;\" href=\"https:\/\/2.bp.blogspot.com\/-sTRCWmstvIY\/V3bnp2Ix0gI\/AAAAAAAAlfQ\/Eg58wg6--9kQ7lg3sV0Uz0PTn-HYnFk_QCLcB\/s1600\/IMG_4847.JPG\"><img decoding=\"async\" loading=\"lazy\" src=\"https:\/\/elcalaixetdelaiaia.es\/wp-content\/uploads\/2016\/07\/IMG_4847.jpg\" width=\"640\" height=\"480\" border=\"0\" \/><\/a><\/div>\n<div><\/div>\n<div style=\"text-align: center;\">si vais a tardar m\u00e1s en consumirlas, mejor en una bolsa y al congelador<\/div>\n<div><\/div>\n<div class=\"separator\" style=\"clear: both; text-align: center;\"><a style=\"margin-left: 1em; margin-right: 1em;\" href=\"https:\/\/4.bp.blogspot.com\/-oG1Kx50RWNg\/V3bnrpKz_OI\/AAAAAAAAlfU\/Gfcu8RZxtrow_NiYH1xK_s2l97Df78WEACLcB\/s1600\/IMG_4848.JPG\"><img decoding=\"async\" loading=\"lazy\" src=\"https:\/\/elcalaixetdelaiaia.es\/wp-content\/uploads\/2016\/07\/IMG_4848.jpg\" width=\"640\" height=\"480\" border=\"0\" \/><\/a><\/div>\n<div><\/div>\n<div style=\"text-align: center;\">aunque en mi casa apenas quedan para el d\u00eda siguiente, en cuanto se enteran que hay \u00abmagdalenes d&#8217;orxata\u00bb, acuden como las moscas jajaja<\/div>\n<div><\/div>\n<div class=\"separator\" style=\"clear: both; text-align: center;\"><a style=\"margin-left: 1em; margin-right: 1em;\" href=\"https:\/\/2.bp.blogspot.com\/-NGFyFuPHYbA\/V3bnsrg9XrI\/AAAAAAAAlfY\/jo3nhrPZNUsz_rMUD8sxV2Js1vNxZikRQCLcB\/s1600\/IMG_4849.JPG\"><img decoding=\"async\" loading=\"lazy\" src=\"https:\/\/elcalaixetdelaiaia.es\/wp-content\/uploads\/2016\/07\/IMG_4849.jpg\" width=\"640\" height=\"480\" border=\"0\" \/><\/a><\/div>\n<div><\/div>\n<div style=\"text-align: center;\">\u00abA la taula i&#8230;BON PROFIT!!!<\/div>\n<div><\/div>\n<div style=\"text-align: left;\">\n<p>\u00a1Ah! como ya habr\u00e9is adivinado (risita brujeril), el resultado de la adivinanza es la \u00a1\u00a1\u00a1HORCHATA!!!<\/p>\n<div style=\"text-align: center;\">Si te gusta mi receta, puedes compartirla para que llegue a m\u00e1s gente.<\/div>\n<div style=\"text-align: center;\">Espero tus comentarios, que para mi son MUY importantes y prometo contestar lo antes posible. Gracias por tu visita.<br \/>\nY recuerda que tambi\u00e9n estoy en Facebook <a href=\"https:\/\/www.facebook.com\/El-calaixet-de-la-iaia-533062140099386\/\">https:\/\/www.facebook.com\/El-calaixet-de-la-iaia-533062140099386\/<\/a><\/div>\n<\/div>\n","protected":false},"excerpt":{"rendered":"<p>\u00abEndevinalla; S\u00f3c d\u2019origen valenciana, i ben blanca de color, encara que tinc el cor d&#8217;or, no tinc nas, i em diuen xata \u00bfqui s\u00f3c?\u00bb Soy de origen valenciana, y bien blanca de color, aunque tengo el coraz\u00f3n de oro, no tengo nariz y me dicen chata \u00bfquien soy? Me encanta &hellip; <\/p>\n","protected":false},"author":2,"featured_media":4206,"comment_status":"open","ping_status":"open","sticky":false,"template":"","format":"standard","meta":[],"categories":[6,1],"tags":[],"_links":{"self":[{"href":"https:\/\/elcalaixetdelaiaia.es\/index.php?rest_route=\/wp\/v2\/posts\/268"}],"collection":[{"href":"https:\/\/elcalaixetdelaiaia.es\/index.php?rest_route=\/wp\/v2\/posts"}],"about":[{"href":"https:\/\/elcalaixetdelaiaia.es\/index.php?rest_route=\/wp\/v2\/types\/post"}],"author":[{"embeddable":true,"href":"https:\/\/elcalaixetdelaiaia.es\/index.php?rest_route=\/wp\/v2\/users\/2"}],"replies":[{"embeddable":true,"href":"https:\/\/elcalaixetdelaiaia.es\/index.php?rest_route=%2Fwp%2Fv2%2Fcomments&post=268"}],"version-history":[{"count":13,"href":"https:\/\/elcalaixetdelaiaia.es\/index.php?rest_route=\/wp\/v2\/posts\/268\/revisions"}],"predecessor-version":[{"id":25425,"href":"https:\/\/elcalaixetdelaiaia.es\/index.php?rest_route=\/wp\/v2\/posts\/268\/revisions\/25425"}],"wp:featuredmedia":[{"embeddable":true,"href":"https:\/\/elcalaixetdelaiaia.es\/index.php?rest_route=\/wp\/v2\/media\/4206"}],"wp:attachment":[{"href":"https:\/\/elcalaixetdelaiaia.es\/index.php?rest_route=%2Fwp%2Fv2%2Fmedia&parent=268"}],"wp:term":[{"taxonomy":"category","embeddable":true,"href":"https:\/\/elcalaixetdelaiaia.es\/index.php?rest_route=%2Fwp%2Fv2%2Fcategories&post=268"},{"taxonomy":"post_tag","embeddable":true,"href":"https:\/\/elcalaixetdelaiaia.es\/index.php?rest_route=%2Fwp%2Fv2%2Ftags&post=268"}],"curies":[{"name":"wp","href":"https:\/\/api.w.org\/{rel}","templated":true}]}}