{"id":26618,"date":"2024-02-01T15:16:11","date_gmt":"2024-02-01T15:16:11","guid":{"rendered":"https:\/\/elcalaixetdelaiaia.es\/?p=26618"},"modified":"2025-02-19T14:56:59","modified_gmt":"2025-02-19T14:56:59","slug":"tarta-de-valencia-c-f-tiramisu-de-naranja-paso-a-paso","status":"publish","type":"post","link":"https:\/\/elcalaixetdelaiaia.es\/?p=26618","title":{"rendered":"Tarta de Valencia C.F. Tiramis\u00fa de naranja paso a paso"},"content":{"rendered":"<p>\u00abRefrany; L\u2019amor fratern, \u00e9s m\u00e9s fort que les parets de pedra.\u00bb El amor fraterno, es mas fuerte que las paredes de piedra.<\/p>\n<p>Otra tarta m\u00e1s que especial de cumplea\u00f1os, esta vez de mi Valencia C.F. y es que&#8230; no puedo negarles nada a mis tetes, el a\u00f1o pasado, ya me la pidi\u00f3 uno de los gemelos, pero fue imposible por culpa de mi mala salud, pero este a\u00f1o, le cumplo el deseo. Para la\u00a0 celebraci\u00f3n familiar, les har\u00e9 una cada uno, pero muy sencillitas, tampoco pude hacerles el a\u00f1o pasado, ni el anterior ni&#8230; en fin, que ya no hago tartas, aunque tengo muchas para publicar, en borradores.<\/p>\n<p>Me he organizado con tiempo, c\u00f3mo siempre os digo, si planificamos, resulta mas f\u00e1cil y apenas cuesta, repartiendo el trabajo por d\u00edas. Lo primero preparar el bizcocho y congelarlo, despu\u00e9s ir haciendo a ratitos libres las figuras de fondant, para que se vayan secando, otro d\u00eda la crema de relleno, y el \u00faltimo d\u00eda hacemos el montaje final.<\/p>\n<p>C\u00f3mo la tarta primera, La del Patacona, era redonda, de bizcocho genov\u00e9s de chocolate, rellena de fresones y trufa pod\u00e9is ver el paso a paso aqu\u00ed <a href=\"https:\/\/elcalaixetdelaiaia.es\/?p=15703\">https:\/\/elcalaixetdelaiaia.es\/?p=15703<\/a>\u00a0 Y la del Llevant la hice redonda, con bizcocho de almendra y de trufa y nata, que tambi\u00e9n pod\u00e9is ver aqu\u00ed paso a paso <a href=\"https:\/\/elcalaixetdelaiaia.es\/?p=20451\">https:\/\/elcalaixetdelaiaia.es\/?p=20451<\/a> \u00a0 esta ser\u00e1 cuadrada y de tiramis\u00fa de naranja&#8230; mmm<\/p>\n<p>Para esta tarta necesitaremos;<\/p>\n<p><img decoding=\"async\" loading=\"lazy\" class=\"alignnone size-large wp-image-15395\" src=\"https:\/\/elcalaixetdelaiaia.es\/wp-content\/uploads\/2018\/01\/IMG_2808-1024x768.jpg\" alt=\"\" width=\"750\" height=\"563\" srcset=\"https:\/\/elcalaixetdelaiaia.es\/wp-content\/uploads\/2018\/01\/IMG_2808-1024x768.jpg 1024w, https:\/\/elcalaixetdelaiaia.es\/wp-content\/uploads\/2018\/01\/IMG_2808-300x225.jpg 300w, https:\/\/elcalaixetdelaiaia.es\/wp-content\/uploads\/2018\/01\/IMG_2808-768x576.jpg 768w\" sizes=\"(max-width: 750px) 100vw, 750px\" \/><\/p>\n<p>Para las dos planchas de bizcocho, que ser\u00e1n cuatro pisos;<\/p>\n<ol>\n<li>Ocho huevos camperos<\/li>\n<li>16 gr. de levadura en polvo o polvos de hornear<\/li>\n<li>400g de az\u00facar blanquilla<\/li>\n<li>400g de harina<\/li>\n<li>100ml de leche entera<\/li>\n<\/ol>\n<p>Para que esta entrada no sea taaan larga os pongo el link del paso a paso de los bizcochos. He preparado dos, para cuatro planchas, y los he congelado, ya cortados y listos para cuando los vaya a montar, los dejar\u00e9 descongelar en el frigo y los tendr\u00e9 listos.\u00a0 <a href=\"https:\/\/elcalaixetdelaiaia.es\/?p=15007\">https:\/\/elcalaixetdelaiaia.es\/?p=15007<\/a><\/p>\n<p>Para el resto de la tarta, necesitaremos;<\/p>\n<ol>\n<li>fondant blanco<\/li>\n<li>tintes alimentarios en pasta de colores<\/li>\n<li>az\u00facar glas<\/li>\n<li>rodillo de fondant<\/li>\n<li>pintura nacarada comestible<\/li>\n<li>rotulador comestible blanco<\/li>\n<li>rotulador comestible negro<\/li>\n<li>estecas<\/li>\n<li>cutter<\/li>\n<li>papel<\/li>\n<li>y l\u00e0piz.<\/li>\n<li>Base dura para tartas<\/li>\n<li>Caja de cart\u00f3n blanco uso alimentario<\/li>\n<\/ol>\n<p>Para la crema del relleno y resto necesitaremos;<\/p>\n<ol>\n<li>400g de mascarpone<\/li>\n<li>400ml de nata<\/li>\n<li>Caf\u00e9 expr\u00e9s fuerte<\/li>\n<li>500ml de zumo de naranja<\/li>\n<li>dos sobres de gelatina en polvo (20g)<\/li>\n<li>La ralladura de una mandarina<\/li>\n<li>Un palito de canela<\/li>\n<li>Licor de naranja<\/li>\n<li>Chocolate puro en polvo sin az\u00facar<\/li>\n<li>300g de az\u00facar<\/li>\n<\/ol>\n<p>Una vez las planchas de bizcocho en el congelador, procederemos a ir preparando las figuras de fondant.<\/p>\n<p>Lo primero, conseguir un dibujo del tama\u00f1o que quepa en la tarta de nuestro escudo, para ello, con papel de horno, regla y l\u00e1piz, lo sacaremos a mano, con la m\u00e1xima fidelidad ya que ser\u00e1 nuestro patr\u00f3n.<\/p>\n<p>Y al l\u00edo con la preparaci\u00f3n de colores de fondant. Para simplificar el trabajo podemos utilizar fondant de colores, pero si eso no es posible, podemos prepararlos nosotros. Os pongo a continuaci\u00f3n una tabla de orientaci\u00f3n que aprend\u00ed del Sr. Li\u00f1ana, el qu\u00edmico de la f\u00e1brica de tintas para imprenta, en la que trabaj\u00e9 como secretaria de direcci\u00f3n, hace ya muchos a\u00f1os&#8230;<\/p>\n<ul>\n<li><b>Verde:<\/b> 1 parte de azul y 1 de amarillo<\/li>\n<li><b>Naranja:<\/b> 1 de rojo y 2 de amarillo<\/li>\n<li><b>Rosa:<\/b> 3 de blanco y 1 de rojo<\/li>\n<li><b>Violeta:<\/b> 5 de azul y 2 de rojo<\/li>\n<li><b>Azul claro:<\/b> 1 de blanco y 1 de azul<\/li>\n<li><b>Turquesa:<\/b> 5 de azul, 1 de amarillo y 1 de blanco<\/li>\n<li><b>Marr\u00f3n:<\/b> 2 de azul, 2 de amarillo y 1 de rojo<\/li>\n<li><b>Ocre:<\/b> 4 de amarillo, 1 de negro y pizcas de rojo y azul<\/li>\n<li><b>Marfil:<\/b> 1 de blanco, 1 de negro, 4 de amarillo y una pizca de rojo<\/li>\n<li><b>Carne:<\/b> 10 de blanco, 4 de amarillo, 2 de rojo, 1 de negro y una pizca de azul<\/li>\n<li><b>Gris:<\/b> 2 de blanco y 1 de negro<\/li>\n<li><b>Negro: <\/b>por partes iguales rojo, amarillo y azul<\/li>\n<\/ul>\n<div class=\"separator\"><img decoding=\"async\" loading=\"lazy\" class=\"aligncenter\" src=\"https:\/\/elcalaixetdelaiaia.es\/wp-content\/uploads\/2017\/11\/IMG_6320.png\" width=\"640\" height=\"480\" border=\"0\" data-original-height=\"1200\" data-original-width=\"1600\" \/><\/div>\n<div style=\"text-align: center;\">Una recomendaci\u00f3n \u00a1\u00a1\u00a1USAD GUANTES!!!en ese momento, no ten\u00eda en casa mas que de l\u00e1tex, y como mi nuera es al\u00e9rgica, no pude usar y os aseguro que me cost\u00f3 much\u00edsimo quitar luego los restos de colorantes de las manos,\u00a0 (con lej\u00eda caliente) aparte de que es lo m\u00e1s higi\u00e9nico, de hecho, tuve que ir a la farmacia, a comprar guantes de vinilo, para poder continuar.<\/div>\n<div class=\"separator\" style=\"text-align: center;\"><img decoding=\"async\" loading=\"lazy\" src=\"https:\/\/elcalaixetdelaiaia.es\/wp-content\/uploads\/2017\/11\/IMG_6322.png\" width=\"640\" height=\"480\" border=\"0\" data-original-height=\"1200\" data-original-width=\"1600\" \/><\/div>\n<div style=\"text-align: center;\">el color de\u00a0 fondant m\u00e1s dif\u00edcil de conseguir es el negro, en mi opini\u00f3n.<img decoding=\"async\" loading=\"lazy\" class=\"alignnone size-large wp-image-17211\" src=\"https:\/\/elcalaixetdelaiaia.es\/wp-content\/uploads\/2018\/05\/IMG_4337-768x1024.jpg\" alt=\"\" width=\"750\" height=\"1000\" srcset=\"https:\/\/elcalaixetdelaiaia.es\/wp-content\/uploads\/2018\/05\/IMG_4337-768x1024.jpg 768w, https:\/\/elcalaixetdelaiaia.es\/wp-content\/uploads\/2018\/05\/IMG_4337-225x300.jpg 225w\" sizes=\"(max-width: 750px) 100vw, 750px\" \/><\/div>\n<p style=\"text-align: center;\">Amasamos\u00a0 el fondant negro, lo aplanamos colocamos encima la plantilla que hemos hecho a mano,para guiarnos, y recortamos el fondant dando la forma adecuada.<img decoding=\"async\" loading=\"lazy\" class=\"alignnone size-large wp-image-17212\" src=\"https:\/\/elcalaixetdelaiaia.es\/wp-content\/uploads\/2018\/05\/IMG_4338-1024x768.jpg\" alt=\"\" width=\"750\" height=\"563\" srcset=\"https:\/\/elcalaixetdelaiaia.es\/wp-content\/uploads\/2018\/05\/IMG_4338-1024x768.jpg 1024w, https:\/\/elcalaixetdelaiaia.es\/wp-content\/uploads\/2018\/05\/IMG_4338-300x225.jpg 300w, https:\/\/elcalaixetdelaiaia.es\/wp-content\/uploads\/2018\/05\/IMG_4338-768x576.jpg 768w\" sizes=\"(max-width: 750px) 100vw, 750px\" \/><\/p>\n<p style=\"text-align: center;\">nos ayudaremos con una esteca, para el perfilado del escudo, nuestro \u00abRat Penat\u00bb.<img decoding=\"async\" loading=\"lazy\" class=\"alignnone size-full wp-image-26787\" src=\"https:\/\/elcalaixetdelaiaia.es\/wp-content\/uploads\/2024\/02\/WhatsApp-Image-2024-01-29-at-15.12.284.jpeg\" alt=\"\" width=\"1024\" height=\"768\" srcset=\"https:\/\/elcalaixetdelaiaia.es\/wp-content\/uploads\/2024\/02\/WhatsApp-Image-2024-01-29-at-15.12.284.jpeg 1024w, https:\/\/elcalaixetdelaiaia.es\/wp-content\/uploads\/2024\/02\/WhatsApp-Image-2024-01-29-at-15.12.284-300x225.jpeg 300w, https:\/\/elcalaixetdelaiaia.es\/wp-content\/uploads\/2024\/02\/WhatsApp-Image-2024-01-29-at-15.12.284-768x576.jpeg 768w\" sizes=\"(max-width: 1024px) 100vw, 1024px\" \/><\/p>\n<p style=\"text-align: center;\">Tambi\u00e9n os aconsejo, que us\u00e9is colorantes en pasta o en gel, los l\u00edquidos no, porque la diferencia del resultado es abismal. A continuaci\u00f3n y ayud\u00e1ndonos de un palillo, que desecharemos en cada uso, para evitar contaminaci\u00f3n, iremos ti\u00f1endo cada trozo de fondant, hasta conseguir los colores que necesitamos. Vamos con el color cuero, para formar el bal\u00f3n de f\u00fatbol.<img decoding=\"async\" loading=\"lazy\" class=\"alignnone size-full wp-image-26788\" src=\"https:\/\/elcalaixetdelaiaia.es\/wp-content\/uploads\/2024\/02\/WhatsApp-Image-2024-01-29-at-15.12.285.jpeg\" alt=\"\" width=\"1024\" height=\"768\" srcset=\"https:\/\/elcalaixetdelaiaia.es\/wp-content\/uploads\/2024\/02\/WhatsApp-Image-2024-01-29-at-15.12.285.jpeg 1024w, https:\/\/elcalaixetdelaiaia.es\/wp-content\/uploads\/2024\/02\/WhatsApp-Image-2024-01-29-at-15.12.285-300x225.jpeg 300w, https:\/\/elcalaixetdelaiaia.es\/wp-content\/uploads\/2024\/02\/WhatsApp-Image-2024-01-29-at-15.12.285-768x576.jpeg 768w\" sizes=\"(max-width: 1024px) 100vw, 1024px\" \/>\u00a0 Haremos una bola y con un cutter que usaremos en exclusiva para uso alimentario, lo cortaremos por la mitad y dejaremos secar. Nos ponemos con el color azul, de la Senyera que llevar\u00e1 las letras encima.<img decoding=\"async\" loading=\"lazy\" class=\"alignnone size-full wp-image-26793\" src=\"https:\/\/elcalaixetdelaiaia.es\/wp-content\/uploads\/2024\/02\/WhatsApp-Image-2024-01-29-at-15.12.282.jpeg\" alt=\"\" width=\"1024\" height=\"1024\" srcset=\"https:\/\/elcalaixetdelaiaia.es\/wp-content\/uploads\/2024\/02\/WhatsApp-Image-2024-01-29-at-15.12.282.jpeg 1024w, https:\/\/elcalaixetdelaiaia.es\/wp-content\/uploads\/2024\/02\/WhatsApp-Image-2024-01-29-at-15.12.282-300x300.jpeg 300w, https:\/\/elcalaixetdelaiaia.es\/wp-content\/uploads\/2024\/02\/WhatsApp-Image-2024-01-29-at-15.12.282-150x150.jpeg 150w, https:\/\/elcalaixetdelaiaia.es\/wp-content\/uploads\/2024\/02\/WhatsApp-Image-2024-01-29-at-15.12.282-768x768.jpeg 768w, https:\/\/elcalaixetdelaiaia.es\/wp-content\/uploads\/2024\/02\/WhatsApp-Image-2024-01-29-at-15.12.282-60x60.jpeg 60w, https:\/\/elcalaixetdelaiaia.es\/wp-content\/uploads\/2024\/02\/WhatsApp-Image-2024-01-29-at-15.12.282-235x235.jpeg 235w, https:\/\/elcalaixetdelaiaia.es\/wp-content\/uploads\/2024\/02\/WhatsApp-Image-2024-01-29-at-15.12.282-255x255.jpeg 255w\" sizes=\"(max-width: 1024px) 100vw, 1024px\" \/><\/p>\n<p style=\"text-align: center;\">Y con fondant blanco y un poco de paciencia, haremos las letras<img decoding=\"async\" loading=\"lazy\" class=\"alignnone size-full wp-image-26794\" src=\"https:\/\/elcalaixetdelaiaia.es\/wp-content\/uploads\/2024\/02\/WhatsApp-Image-2024-01-29-at-15.12.283.jpeg\" alt=\"\" width=\"768\" height=\"1024\" srcset=\"https:\/\/elcalaixetdelaiaia.es\/wp-content\/uploads\/2024\/02\/WhatsApp-Image-2024-01-29-at-15.12.283.jpeg 768w, https:\/\/elcalaixetdelaiaia.es\/wp-content\/uploads\/2024\/02\/WhatsApp-Image-2024-01-29-at-15.12.283-225x300.jpeg 225w\" sizes=\"(max-width: 768px) 100vw, 768px\" \/><\/p>\n<p style=\"text-align: center;\">Y como el trabajo es artesano&#8230; iremos comprobando que las medidas se ajusten lo mejor posible, pero sin demasiados agobios, no se trata de buscar el perfeccionismo, porque eso es imposible, no soy pastelera no tengo instrumentos ni espacio, ni material profesional, intento acercarme lo m\u00e1ximo, pero dentro de mis escasos medios y posibilidades.<img decoding=\"async\" loading=\"lazy\" class=\"alignnone size-full wp-image-26795\" src=\"https:\/\/elcalaixetdelaiaia.es\/wp-content\/uploads\/2024\/02\/WhatsApp-Image-2024-01-29-at-15.12.286.jpeg\" alt=\"\" width=\"1024\" height=\"768\" srcset=\"https:\/\/elcalaixetdelaiaia.es\/wp-content\/uploads\/2024\/02\/WhatsApp-Image-2024-01-29-at-15.12.286.jpeg 1024w, https:\/\/elcalaixetdelaiaia.es\/wp-content\/uploads\/2024\/02\/WhatsApp-Image-2024-01-29-at-15.12.286-300x225.jpeg 300w, https:\/\/elcalaixetdelaiaia.es\/wp-content\/uploads\/2024\/02\/WhatsApp-Image-2024-01-29-at-15.12.286-768x576.jpeg 768w\" sizes=\"(max-width: 1024px) 100vw, 1024px\" \/><\/p>\n<p style=\"text-align: center;\">Haremos el color rojo, posteriormente, el amarillo&#8230;<img decoding=\"async\" loading=\"lazy\" class=\"alignnone size-full wp-image-26796\" src=\"https:\/\/elcalaixetdelaiaia.es\/wp-content\/uploads\/2024\/02\/WhatsApp-Image-2024-01-29-at-15.12.287.jpeg\" alt=\"\" width=\"1024\" height=\"768\" srcset=\"https:\/\/elcalaixetdelaiaia.es\/wp-content\/uploads\/2024\/02\/WhatsApp-Image-2024-01-29-at-15.12.287.jpeg 1024w, https:\/\/elcalaixetdelaiaia.es\/wp-content\/uploads\/2024\/02\/WhatsApp-Image-2024-01-29-at-15.12.287-300x225.jpeg 300w, https:\/\/elcalaixetdelaiaia.es\/wp-content\/uploads\/2024\/02\/WhatsApp-Image-2024-01-29-at-15.12.287-768x576.jpeg 768w\" sizes=\"(max-width: 1024px) 100vw, 1024px\" \/><\/p>\n<p style=\"text-align: center;\">E iremos formando nuestra Senyera, con las barras, cuatro rojas s<span class=\"ILfuVd\" lang=\"es\"><span class=\"hgKElc\">obre fondo amarillo, despu\u00e9s utilizaremos el color azul, para coronar con la franja azul, que ir\u00e1 bajo las letras de nuestro equipo, en blanco.<\/span><\/span><img decoding=\"async\" loading=\"lazy\" class=\"alignnone size-full wp-image-26799\" src=\"https:\/\/elcalaixetdelaiaia.es\/wp-content\/uploads\/2024\/02\/balofutbolfondantPau.jpg\" alt=\"\" width=\"1024\" height=\"768\" srcset=\"https:\/\/elcalaixetdelaiaia.es\/wp-content\/uploads\/2024\/02\/balofutbolfondantPau.jpg 1024w, https:\/\/elcalaixetdelaiaia.es\/wp-content\/uploads\/2024\/02\/balofutbolfondantPau-300x225.jpg 300w, https:\/\/elcalaixetdelaiaia.es\/wp-content\/uploads\/2024\/02\/balofutbolfondantPau-768x576.jpg 768w\" sizes=\"(max-width: 1024px) 100vw, 1024px\" \/><\/p>\n<p style=\"text-align: center;\">Nuestra pelota de f\u00fatbol, ya habr\u00e1, endurecido lo suficiente y con rotulador alimentario negro, intentaremos que parezcan los repuntes del cuero, que forman el bal\u00f3n. Preparamos la crema de naranja.<a href=\"https:\/\/3.bp.blogspot.com\/-hq0kZuv6vts\/VsEglxlkgsI\/AAAAAAAAiVo\/M2c-e6zhcBE\/s1600\/IMG_5044.PNG\"><img decoding=\"async\" loading=\"lazy\" class=\"aligncenter\" src=\"https:\/\/elcalaixetdelaiaia.es\/wp-content\/uploads\/2016\/02\/IMG_5044.png\" width=\"640\" height=\"480\" border=\"0\" \/><\/a>Comenzaremos haciendo el zumo de naranja<a href=\"https:\/\/2.bp.blogspot.com\/-aNpgIqdwKZQ\/VsEgynBawkI\/AAAAAAAAiVo\/ojZg_r2ucK8\/s1600\/IMG_5045.PNG\"><img decoding=\"async\" loading=\"lazy\" class=\"aligncenter\" src=\"https:\/\/elcalaixetdelaiaia.es\/wp-content\/uploads\/2016\/02\/IMG_5045.png\" width=\"640\" height=\"480\" border=\"0\" \/><\/a>Lavaremos bien una mandarina grande y sacaremos toda la ralladura (flavedo, donde se encuentran todos los aromas y aceites esenciales de los c\u00edtricos) de una mandarina grande, evitando la parte blanca (albedo) porque amarga<a href=\"https:\/\/2.bp.blogspot.com\/-yxd5cN0VfJg\/VsEgsl68jXI\/AAAAAAAAiVo\/PzKbrAS-UEw\/s1600\/IMG_5046.PNG\"><img decoding=\"async\" loading=\"lazy\" class=\"aligncenter\" src=\"https:\/\/elcalaixetdelaiaia.es\/wp-content\/uploads\/2016\/02\/IMG_5046.png\" width=\"640\" height=\"480\" border=\"0\" \/><\/a>En un cazo al fuego, pondremos la naranja, con el palito de canela<a href=\"https:\/\/3.bp.blogspot.com\/-9pRglng7ELM\/VsEg4-ITz1I\/AAAAAAAAiVo\/BKryjE-1Ecc\/s1600\/IMG_5048.PNG\"><img decoding=\"async\" loading=\"lazy\" class=\"aligncenter\" src=\"https:\/\/elcalaixetdelaiaia.es\/wp-content\/uploads\/2016\/02\/IMG_5048.png\" width=\"640\" height=\"480\" border=\"0\" \/><\/a>Dos sobres de 10g de gelatina neutra en polvo<a href=\"https:\/\/1.bp.blogspot.com\/--VqaPGvL5wE\/VsGR5K_KdxI\/AAAAAAAAiWA\/az7n5K109lU\/s1600\/IMG_5047.PNG\"><img decoding=\"async\" loading=\"lazy\" class=\"aligncenter\" src=\"https:\/\/elcalaixetdelaiaia.es\/wp-content\/uploads\/2016\/02\/IMG_5047.png\" width=\"640\" height=\"480\" border=\"0\" \/><\/a>300g de az\u00facar<a href=\"https:\/\/1.bp.blogspot.com\/-MIDXofWcqZo\/VsIwJ49KB3I\/AAAAAAAAiWY\/PYMxq2dP4gg\/s1600\/IMG_5049.PNG\"><img decoding=\"async\" loading=\"lazy\" class=\"aligncenter\" src=\"https:\/\/elcalaixetdelaiaia.es\/wp-content\/uploads\/2016\/02\/IMG_5049.png\" width=\"640\" height=\"480\" border=\"0\" \/><\/a>\u00a0y la ralladura de la piel de una mandarina grande,<a href=\"https:\/\/3.bp.blogspot.com\/-1lon4uwXwWI\/VsEhCj6Q9wI\/AAAAAAAAiVo\/fAaFPlFcYEs\/s1600\/IMG_5050.PNG\"><img decoding=\"async\" loading=\"lazy\" class=\"aligncenter\" src=\"https:\/\/elcalaixetdelaiaia.es\/wp-content\/uploads\/2016\/02\/IMG_5050.png\" width=\"640\" height=\"480\" border=\"0\" \/><\/a>dejaremos llevar a ebullici\u00f3n y apagaremos el fuego. Dejaremos que se temple.<a href=\"https:\/\/1.bp.blogspot.com\/-Z8Cy1S_XM5Y\/VsEhLQhSxEI\/AAAAAAAAiVw\/DwKRaQ0-wz8\/s1600\/IMG_5052.PNG\"><img decoding=\"async\" loading=\"lazy\" class=\"aligncenter\" src=\"https:\/\/elcalaixetdelaiaia.es\/wp-content\/uploads\/2016\/02\/IMG_5052.png\" width=\"640\" height=\"480\" border=\"0\" \/><\/a>En un bol pondremos el mascarpone, a\u00f1adiremos 400ml de nata de montar y mezclaremos. En \u00e9ste tiramis\u00fa, sustituyo los huevos por la nata<a href=\"https:\/\/4.bp.blogspot.com\/-bGmNQceq148\/VsEhT5K1ZKI\/AAAAAAAAiVw\/7cXMMJTISII\/s1600\/IMG_5053.PNG\"><img decoding=\"async\" loading=\"lazy\" class=\"aligncenter\" src=\"https:\/\/elcalaixetdelaiaia.es\/wp-content\/uploads\/2016\/02\/IMG_5053.png\" width=\"640\" height=\"480\" border=\"0\" \/><\/a>incorporaremos a la mezcla poco a poco y batiendo nuestra gelatina de naranja en cuanto se haya enfriado un poco y antes de solidificarse<a href=\"https:\/\/3.bp.blogspot.com\/-hzEqN26TdbA\/VsEhcQJdR9I\/AAAAAAAAiVw\/LHBA9AZEuWc\/s1600\/IMG_5054.PNG\"><img decoding=\"async\" loading=\"lazy\" class=\"aligncenter\" src=\"https:\/\/elcalaixetdelaiaia.es\/wp-content\/uploads\/2016\/02\/IMG_5054.png\" width=\"640\" height=\"480\" border=\"0\" \/><\/a>c\u00f3mo no lo van a comer ni\u00f1os, a\u00f1adiremos<a href=\"https:\/\/4.bp.blogspot.com\/-4jNbatVDDKo\/VsEhkEuvvgI\/AAAAAAAAiVk\/UNsZFMnpOaE\/s1600\/IMG_5055.PNG\"><img decoding=\"async\" loading=\"lazy\" class=\"aligncenter\" src=\"https:\/\/elcalaixetdelaiaia.es\/wp-content\/uploads\/2016\/02\/IMG_5055.png\" width=\"640\" height=\"480\" border=\"0\" \/><\/a>un chupito de licor de naranja, lim\u00f3n o de mandarina pinchando en el enlace ver\u00e9is el paso a paso de mi licor de mandarina casero <a href=\"https:\/\/elcalaixetdelaiaia.es\/?p=182\">https:\/\/elcalaixetdelaiaia.es\/?p=182<\/a><\/p>\n<div style=\"text-align: center;\">y pinchando aqu\u00ed el de lim\u00f3n o limoncello <a href=\"https:\/\/elcalaixetdelaiaia.es\/?p=4\">https:\/\/elcalaixetdelaiaia.es\/?p=4<\/a><\/div>\n<div style=\"text-align: center;\">\u00a0o en su lugar Cointreau, brandy o whisky, pero tener en cuenta que tambi\u00e9n a\u00f1adiremos al caf\u00e9, as\u00ed que controlad la cantidad, para que luego no resulte demasiado fuerte. Si lo van a comer ni\u00f1os,o quien no deba tomar alcohol, llevamos a ebullici\u00f3n la cantidad de licor que vayamos a poner y al hervir,el alcohol, se evapora, quedando el sabor, pero no se elimina todo el alcohol, siempre queda un m\u00ednimo, tenerlo en cuenta. Recordar si lo hab\u00e9is llevado a ebullici\u00f3n, dejar atemperar el licor, antes de incorporarlo a la crema.<\/div>\n<div class=\"separator\" style=\"text-align: center;\"><a href=\"https:\/\/1.bp.blogspot.com\/-y58TjjdkPZY\/VsEhr5c8rUI\/AAAAAAAAiVs\/DKTG78Kli6w\/s1600\/IMG_5056.PNG\"><img decoding=\"async\" loading=\"lazy\" class=\"aligncenter\" src=\"https:\/\/elcalaixetdelaiaia.es\/wp-content\/uploads\/2016\/02\/IMG_5056.png\" width=\"640\" height=\"480\" border=\"0\" \/><\/a>Tapamos el bol, y al frigo un par de horas. Os puedo asegurar, que esta crema, servida tal cual, en unas copas o cuencos, espolvoreada con chocolate puro sin m\u00e1s&#8230;mmm es deliciosa y tenemos otro postre f\u00e1cil y verdaderamente rico. Mientras, iremos preparado una cafetera de caf\u00e9 bien fuerte, endulzaremos un poco y dejaremos enfriar.<\/div>\n<div><img decoding=\"async\" loading=\"lazy\" class=\"alignnone size-full wp-image-26836\" src=\"https:\/\/elcalaixetdelaiaia.es\/wp-content\/uploads\/2024\/02\/WhatsApp-Image-2024-02-02-at-11.26.08.jpeg\" alt=\"\" width=\"1600\" height=\"1200\" \/><\/div>\n<div>Cuando hicimos el bizcocho genov\u00e9s, para congelarlo, el otro d\u00eda, lo dejamos enfriar sobre las rejillas, y lo cortamos. Pusimos entre cada capa, papel de horno para que no se nos pegara, lo metimos en bolsas de congelaci\u00f3n bien cerradas y lo tuvimos en el congelador hasta anoche, que lo dejamos en el frigo, descongenlando, ahora ya, listo para el montaje de la tarta, las capas de bizcocho se despegan sin problemas&#8230;<\/div>\n<div style=\"text-align: center;\"><img decoding=\"async\" loading=\"lazy\" class=\"alignnone size-full wp-image-26802\" src=\"https:\/\/elcalaixetdelaiaia.es\/wp-content\/uploads\/2024\/02\/WhatsApp-Image-2024-02-01-at-14.24.515.jpeg\" alt=\"\" width=\"1600\" height=\"1600\" srcset=\"https:\/\/elcalaixetdelaiaia.es\/wp-content\/uploads\/2024\/02\/WhatsApp-Image-2024-02-01-at-14.24.515.jpeg 1600w, https:\/\/elcalaixetdelaiaia.es\/wp-content\/uploads\/2024\/02\/WhatsApp-Image-2024-02-01-at-14.24.515-300x300.jpeg 300w, https:\/\/elcalaixetdelaiaia.es\/wp-content\/uploads\/2024\/02\/WhatsApp-Image-2024-02-01-at-14.24.515-1024x1024.jpeg 1024w, https:\/\/elcalaixetdelaiaia.es\/wp-content\/uploads\/2024\/02\/WhatsApp-Image-2024-02-01-at-14.24.515-150x150.jpeg 150w, https:\/\/elcalaixetdelaiaia.es\/wp-content\/uploads\/2024\/02\/WhatsApp-Image-2024-02-01-at-14.24.515-768x768.jpeg 768w, https:\/\/elcalaixetdelaiaia.es\/wp-content\/uploads\/2024\/02\/WhatsApp-Image-2024-02-01-at-14.24.515-1536x1536.jpeg 1536w, https:\/\/elcalaixetdelaiaia.es\/wp-content\/uploads\/2024\/02\/WhatsApp-Image-2024-02-01-at-14.24.515-60x60.jpeg 60w, https:\/\/elcalaixetdelaiaia.es\/wp-content\/uploads\/2024\/02\/WhatsApp-Image-2024-02-01-at-14.24.515-235x235.jpeg 235w, https:\/\/elcalaixetdelaiaia.es\/wp-content\/uploads\/2024\/02\/WhatsApp-Image-2024-02-01-at-14.24.515-255x255.jpeg 255w\" sizes=\"(max-width: 1600px) 100vw, 1600px\" \/>Para que la bandeja que soporta la tarta no se ensucie, antes de comenzar con el montaje pondremos sobre la misma dos hojas superpuestas centralmente unos dos dedos, de papel de hornear. Cuando est\u00e9 la tarta terminada, tiramos de las dos partes, de los dos lados a la vez, hacia fuera, el papel se deslizar\u00e1 sin problemas, y la base quedar\u00e1 intacta.<\/div>\n<div style=\"text-align: center;\"><img decoding=\"async\" loading=\"lazy\" class=\"alignnone size-full wp-image-26803\" src=\"https:\/\/elcalaixetdelaiaia.es\/wp-content\/uploads\/2024\/02\/WhatsApp-Image-2024-01-29-at-15.12.289.jpeg\" alt=\"\" width=\"1024\" height=\"768\" srcset=\"https:\/\/elcalaixetdelaiaia.es\/wp-content\/uploads\/2024\/02\/WhatsApp-Image-2024-01-29-at-15.12.289.jpeg 1024w, https:\/\/elcalaixetdelaiaia.es\/wp-content\/uploads\/2024\/02\/WhatsApp-Image-2024-01-29-at-15.12.289-300x225.jpeg 300w, https:\/\/elcalaixetdelaiaia.es\/wp-content\/uploads\/2024\/02\/WhatsApp-Image-2024-01-29-at-15.12.289-768x576.jpeg 768w\" sizes=\"(max-width: 1024px) 100vw, 1024px\" \/><\/div>\n<div style=\"text-align: center;\">Colocamos sobre la bandeja forrada, la primera base de bizcocho, pincelamos con el caf\u00e9 con licor, y cubrimos con una capa de aproximadamente un dedo de nuestra crema de naranja, sobreponemos otra base de bizcocho pincelamos, cubrimos de crema, ponemos la tercera base, repetimos y sobre la crema<\/div>\n<div style=\"text-align: center;\"><img decoding=\"async\" loading=\"lazy\" class=\"alignnone size-full wp-image-26804\" src=\"https:\/\/elcalaixetdelaiaia.es\/wp-content\/uploads\/2024\/02\/WhatsApp-Image-2024-01-29-at-15.12.2810.jpeg\" alt=\"\" width=\"1024\" height=\"768\" srcset=\"https:\/\/elcalaixetdelaiaia.es\/wp-content\/uploads\/2024\/02\/WhatsApp-Image-2024-01-29-at-15.12.2810.jpeg 1024w, https:\/\/elcalaixetdelaiaia.es\/wp-content\/uploads\/2024\/02\/WhatsApp-Image-2024-01-29-at-15.12.2810-300x225.jpeg 300w, https:\/\/elcalaixetdelaiaia.es\/wp-content\/uploads\/2024\/02\/WhatsApp-Image-2024-01-29-at-15.12.2810-768x576.jpeg 768w\" sizes=\"(max-width: 1024px) 100vw, 1024px\" \/><\/div>\n<div style=\"text-align: center;\">espolvoreamos muy bien, con cacao en polvo, sin az\u00facar<\/div>\n<div style=\"text-align: center;\"><img decoding=\"async\" loading=\"lazy\" class=\"alignnone size-full wp-image-26805\" src=\"https:\/\/elcalaixetdelaiaia.es\/wp-content\/uploads\/2024\/02\/WhatsApp-Image-2024-01-29-at-15.12.2811.jpeg\" alt=\"\" width=\"1024\" height=\"768\" srcset=\"https:\/\/elcalaixetdelaiaia.es\/wp-content\/uploads\/2024\/02\/WhatsApp-Image-2024-01-29-at-15.12.2811.jpeg 1024w, https:\/\/elcalaixetdelaiaia.es\/wp-content\/uploads\/2024\/02\/WhatsApp-Image-2024-01-29-at-15.12.2811-300x225.jpeg 300w, https:\/\/elcalaixetdelaiaia.es\/wp-content\/uploads\/2024\/02\/WhatsApp-Image-2024-01-29-at-15.12.2811-768x576.jpeg 768w\" sizes=\"(max-width: 1024px) 100vw, 1024px\" \/><\/div>\n<div style=\"text-align: center;\">tras poner la cuarta base de bizcocho, repetiremos los \u00faltimos pasos, pincelado, crema y cacao.<\/div>\n<div style=\"text-align: center;\"><img decoding=\"async\" loading=\"lazy\" class=\"alignnone size-full wp-image-26810\" src=\"https:\/\/elcalaixetdelaiaia.es\/wp-content\/uploads\/2024\/02\/WhatsApp-Image-2024-01-29-at-15.12.2812-1.jpeg\" alt=\"\" width=\"1024\" height=\"768\" srcset=\"https:\/\/elcalaixetdelaiaia.es\/wp-content\/uploads\/2024\/02\/WhatsApp-Image-2024-01-29-at-15.12.2812-1.jpeg 1024w, https:\/\/elcalaixetdelaiaia.es\/wp-content\/uploads\/2024\/02\/WhatsApp-Image-2024-01-29-at-15.12.2812-1-300x225.jpeg 300w, https:\/\/elcalaixetdelaiaia.es\/wp-content\/uploads\/2024\/02\/WhatsApp-Image-2024-01-29-at-15.12.2812-1-768x576.jpeg 768w\" sizes=\"(max-width: 1024px) 100vw, 1024px\" \/><\/div>\n<div style=\"text-align: center;\"><img decoding=\"async\" loading=\"lazy\" class=\"alignnone size-full wp-image-26807\" src=\"https:\/\/elcalaixetdelaiaia.es\/wp-content\/uploads\/2024\/02\/WhatsApp-Image-2024-01-29-at-15.12.2813.jpeg\" alt=\"\" width=\"1024\" height=\"768\" srcset=\"https:\/\/elcalaixetdelaiaia.es\/wp-content\/uploads\/2024\/02\/WhatsApp-Image-2024-01-29-at-15.12.2813.jpeg 1024w, https:\/\/elcalaixetdelaiaia.es\/wp-content\/uploads\/2024\/02\/WhatsApp-Image-2024-01-29-at-15.12.2813-300x225.jpeg 300w, https:\/\/elcalaixetdelaiaia.es\/wp-content\/uploads\/2024\/02\/WhatsApp-Image-2024-01-29-at-15.12.2813-768x576.jpeg 768w\" sizes=\"(max-width: 1024px) 100vw, 1024px\" \/><\/div>\n<div style=\"text-align: center;\">y al frigo, mientras amasamos la capa que necesitamos de fondant blanco, para cubrir toda la tarta inclu\u00eddos los laterales. Este es la parte que mas trabajo me cuesta, porque no tengo mucho espacio para amasar y la pieza ha de ser bastante grande.<\/div>\n<div style=\"text-align: center;\"><img decoding=\"async\" loading=\"lazy\" class=\"alignnone size-full wp-image-26808\" src=\"https:\/\/elcalaixetdelaiaia.es\/wp-content\/uploads\/2024\/02\/WhatsApp-Image-2024-01-29-at-15.12.2814.jpeg\" alt=\"\" width=\"1024\" height=\"768\" srcset=\"https:\/\/elcalaixetdelaiaia.es\/wp-content\/uploads\/2024\/02\/WhatsApp-Image-2024-01-29-at-15.12.2814.jpeg 1024w, https:\/\/elcalaixetdelaiaia.es\/wp-content\/uploads\/2024\/02\/WhatsApp-Image-2024-01-29-at-15.12.2814-300x225.jpeg 300w, https:\/\/elcalaixetdelaiaia.es\/wp-content\/uploads\/2024\/02\/WhatsApp-Image-2024-01-29-at-15.12.2814-768x576.jpeg 768w\" sizes=\"(max-width: 1024px) 100vw, 1024px\" \/><\/div>\n<div style=\"text-align: center;\">Cubrimos la tarta con el fondant, centramos el escudo, y lo terminamos, pegando letras y adornos con leche condensada, y dejamos en el frigo mientras terminamos los \u00faltimos adornos que ser\u00e1n letras y una camiseta del equipaje. Si vuestro frigo NO es non frost, tendr\u00e9is que poner la tarta, dentro de una caja de cart\u00f3n alimentario, muy bien tapada, para que no se humedezca, el fondant y la humedad, no se llevan bien y se deshace \ud83d\ude16<\/div>\n<div style=\"text-align: center;\"><img decoding=\"async\" loading=\"lazy\" class=\"alignnone size-full wp-image-26813\" src=\"https:\/\/elcalaixetdelaiaia.es\/wp-content\/uploads\/2024\/02\/WhatsApp-Image-2024-01-30-at-10.44.593x.jpeg\" alt=\"\" width=\"1024\" height=\"768\" srcset=\"https:\/\/elcalaixetdelaiaia.es\/wp-content\/uploads\/2024\/02\/WhatsApp-Image-2024-01-30-at-10.44.593x.jpeg 1024w, https:\/\/elcalaixetdelaiaia.es\/wp-content\/uploads\/2024\/02\/WhatsApp-Image-2024-01-30-at-10.44.593x-300x225.jpeg 300w, https:\/\/elcalaixetdelaiaia.es\/wp-content\/uploads\/2024\/02\/WhatsApp-Image-2024-01-30-at-10.44.593x-768x576.jpeg 768w\" sizes=\"(max-width: 1024px) 100vw, 1024px\" \/><\/div>\n<div style=\"text-align: center;\">Terminamos ya la tarta, poniendo los \u00faltimos adornos. Es de noche ya, y no tengo apenas luz, una pena que mi m\u00f3vil saque las fotos&#8230;no muy bien.<\/div>\n<div style=\"text-align: center;\"><img decoding=\"async\" loading=\"lazy\" class=\"alignnone size-full wp-image-26814\" src=\"https:\/\/elcalaixetdelaiaia.es\/wp-content\/uploads\/2024\/02\/WhatsApp-Image-2024-01-30-at-10.44.595x.jpeg\" alt=\"\" width=\"1024\" height=\"794\" srcset=\"https:\/\/elcalaixetdelaiaia.es\/wp-content\/uploads\/2024\/02\/WhatsApp-Image-2024-01-30-at-10.44.595x.jpeg 1024w, https:\/\/elcalaixetdelaiaia.es\/wp-content\/uploads\/2024\/02\/WhatsApp-Image-2024-01-30-at-10.44.595x-300x233.jpeg 300w, https:\/\/elcalaixetdelaiaia.es\/wp-content\/uploads\/2024\/02\/WhatsApp-Image-2024-01-30-at-10.44.595x-768x596.jpeg 768w\" sizes=\"(max-width: 1024px) 100vw, 1024px\" \/> <img decoding=\"async\" loading=\"lazy\" class=\"alignnone size-full wp-image-26815\" src=\"https:\/\/elcalaixetdelaiaia.es\/wp-content\/uploads\/2024\/02\/WhatsApp-Image-2024-01-30-at-10.44.597x.jpeg\" alt=\"\" width=\"1024\" height=\"768\" srcset=\"https:\/\/elcalaixetdelaiaia.es\/wp-content\/uploads\/2024\/02\/WhatsApp-Image-2024-01-30-at-10.44.597x.jpeg 1024w, https:\/\/elcalaixetdelaiaia.es\/wp-content\/uploads\/2024\/02\/WhatsApp-Image-2024-01-30-at-10.44.597x-300x225.jpeg 300w, https:\/\/elcalaixetdelaiaia.es\/wp-content\/uploads\/2024\/02\/WhatsApp-Image-2024-01-30-at-10.44.597x-768x576.jpeg 768w\" sizes=\"(max-width: 1024px) 100vw, 1024px\" \/> <img decoding=\"async\" loading=\"lazy\" class=\"alignnone size-full wp-image-26816\" src=\"https:\/\/elcalaixetdelaiaia.es\/wp-content\/uploads\/2024\/02\/WhatsApp-Image-2024-01-30-at-10.44.5912x.jpeg\" alt=\"\" width=\"1024\" height=\"768\" srcset=\"https:\/\/elcalaixetdelaiaia.es\/wp-content\/uploads\/2024\/02\/WhatsApp-Image-2024-01-30-at-10.44.5912x.jpeg 1024w, https:\/\/elcalaixetdelaiaia.es\/wp-content\/uploads\/2024\/02\/WhatsApp-Image-2024-01-30-at-10.44.5912x-300x225.jpeg 300w, https:\/\/elcalaixetdelaiaia.es\/wp-content\/uploads\/2024\/02\/WhatsApp-Image-2024-01-30-at-10.44.5912x-768x576.jpeg 768w\" sizes=\"(max-width: 1024px) 100vw, 1024px\" \/><\/div>\n<div style=\"text-align: center;\">Y la tarta ya terminada, vuelve el frigo, porque ma\u00f1ana muy temprano vendr\u00e1 su due\u00f1o a por ella, para compartirla con sus compa\u00f1eros de trabajo.<\/div>\n<div style=\"text-align: center;\"><img decoding=\"async\" loading=\"lazy\" class=\"alignnone size-full wp-image-26817\" src=\"https:\/\/elcalaixetdelaiaia.es\/wp-content\/uploads\/2024\/02\/WhatsApp-Image-2024-01-30-at-10.44.5916x.jpeg\" alt=\"\" width=\"974\" height=\"996\" srcset=\"https:\/\/elcalaixetdelaiaia.es\/wp-content\/uploads\/2024\/02\/WhatsApp-Image-2024-01-30-at-10.44.5916x.jpeg 974w, https:\/\/elcalaixetdelaiaia.es\/wp-content\/uploads\/2024\/02\/WhatsApp-Image-2024-01-30-at-10.44.5916x-293x300.jpeg 293w, https:\/\/elcalaixetdelaiaia.es\/wp-content\/uploads\/2024\/02\/WhatsApp-Image-2024-01-30-at-10.44.5916x-768x785.jpeg 768w, https:\/\/elcalaixetdelaiaia.es\/wp-content\/uploads\/2024\/02\/WhatsApp-Image-2024-01-30-at-10.44.5916x-60x60.jpeg 60w\" sizes=\"(max-width: 974px) 100vw, 974px\" \/> <img decoding=\"async\" loading=\"lazy\" class=\"alignnone size-full wp-image-26818\" src=\"https:\/\/elcalaixetdelaiaia.es\/wp-content\/uploads\/2024\/02\/WhatsApp-Image-2024-01-30-at-10.46.113x.jpeg\" alt=\"\" width=\"1024\" height=\"768\" srcset=\"https:\/\/elcalaixetdelaiaia.es\/wp-content\/uploads\/2024\/02\/WhatsApp-Image-2024-01-30-at-10.46.113x.jpeg 1024w, https:\/\/elcalaixetdelaiaia.es\/wp-content\/uploads\/2024\/02\/WhatsApp-Image-2024-01-30-at-10.46.113x-300x225.jpeg 300w, https:\/\/elcalaixetdelaiaia.es\/wp-content\/uploads\/2024\/02\/WhatsApp-Image-2024-01-30-at-10.46.113x-768x576.jpeg 768w\" sizes=\"(max-width: 1024px) 100vw, 1024px\" \/> <img decoding=\"async\" loading=\"lazy\" class=\"alignnone size-full wp-image-26819\" src=\"https:\/\/elcalaixetdelaiaia.es\/wp-content\/uploads\/2024\/02\/WhatsApp-Image-2024-01-30-at-10.46.115x.jpeg\" alt=\"\" width=\"1024\" height=\"768\" srcset=\"https:\/\/elcalaixetdelaiaia.es\/wp-content\/uploads\/2024\/02\/WhatsApp-Image-2024-01-30-at-10.46.115x.jpeg 1024w, https:\/\/elcalaixetdelaiaia.es\/wp-content\/uploads\/2024\/02\/WhatsApp-Image-2024-01-30-at-10.46.115x-300x225.jpeg 300w, https:\/\/elcalaixetdelaiaia.es\/wp-content\/uploads\/2024\/02\/WhatsApp-Image-2024-01-30-at-10.46.115x-768x576.jpeg 768w\" sizes=\"(max-width: 1024px) 100vw, 1024px\" \/><\/div>\n<div style=\"text-align: center;\">Ya en la caja,\u00a0 y se va a su destino<img decoding=\"async\" loading=\"lazy\" class=\"alignnone size-full wp-image-26812 aligncenter\" src=\"https:\/\/elcalaixetdelaiaia.es\/wp-content\/uploads\/2024\/02\/teteambtortadaValenciaretallada.jpg\" alt=\"\" width=\"1536\" height=\"1550\" srcset=\"https:\/\/elcalaixetdelaiaia.es\/wp-content\/uploads\/2024\/02\/teteambtortadaValenciaretallada.jpg 1536w, https:\/\/elcalaixetdelaiaia.es\/wp-content\/uploads\/2024\/02\/teteambtortadaValenciaretallada-297x300.jpg 297w, https:\/\/elcalaixetdelaiaia.es\/wp-content\/uploads\/2024\/02\/teteambtortadaValenciaretallada-1015x1024.jpg 1015w, https:\/\/elcalaixetdelaiaia.es\/wp-content\/uploads\/2024\/02\/teteambtortadaValenciaretallada-150x150.jpg 150w, https:\/\/elcalaixetdelaiaia.es\/wp-content\/uploads\/2024\/02\/teteambtortadaValenciaretallada-768x775.jpg 768w, https:\/\/elcalaixetdelaiaia.es\/wp-content\/uploads\/2024\/02\/teteambtortadaValenciaretallada-1522x1536.jpg 1522w, https:\/\/elcalaixetdelaiaia.es\/wp-content\/uploads\/2024\/02\/teteambtortadaValenciaretallada-60x60.jpg 60w\" sizes=\"(max-width: 1536px) 100vw, 1536px\" \/><\/div>\n<div>&#8230;Y aqu\u00ed el flamante cumplea\u00f1ero, con su tarta, a disfrutarla junto a sus amigos. Espero que sea del agrado de todos. Est\u00e1 hecha, con toooodo el amor del mundo.<\/div>\n<div>\u00a1Per molts anys i mol bons tete!<\/div>\n<div><\/div>\n<div>\n<div>Si te gusta mi receta puedes compartirla, para que llegue a mas gente.<\/div>\n<div>Espero tus comentarios que para mi son MUY importantes y recuerda que tambi\u00e9n estoy en Facebook <a href=\"https:\/\/www.facebook.com\/El-calaixet-de-la-iaia-533062140099386\/\">https:\/\/www.facebook.com\/El-calaixet-de-la-iaia-533062140099386\/<\/a><\/div>\n<div>Si quieres recibir mis actualizaciones por mail, al final de \u00e9sta p\u00e1gina a la izquierda tienes como hacer para introducir tu correo electr\u00f3nico y no perderte las actualizaciones de mis recetas \u00a1Gracias!<\/div>\n<\/div>\n","protected":false},"excerpt":{"rendered":"<p>\u00abRefrany; L\u2019amor fratern, \u00e9s m\u00e9s fort que les parets de pedra.\u00bb El amor fraterno, es mas fuerte que las paredes de piedra. Otra tarta m\u00e1s que especial de cumplea\u00f1os, esta vez de mi Valencia C.F. y es que&#8230; no puedo negarles nada a mis tetes, el a\u00f1o pasado, ya me &hellip; <\/p>\n","protected":false},"author":2,"featured_media":26815,"comment_status":"open","ping_status":"open","sticky":false,"template":"","format":"standard","meta":[],"categories":[6,1],"tags":[],"_links":{"self":[{"href":"https:\/\/elcalaixetdelaiaia.es\/index.php?rest_route=\/wp\/v2\/posts\/26618"}],"collection":[{"href":"https:\/\/elcalaixetdelaiaia.es\/index.php?rest_route=\/wp\/v2\/posts"}],"about":[{"href":"https:\/\/elcalaixetdelaiaia.es\/index.php?rest_route=\/wp\/v2\/types\/post"}],"author":[{"embeddable":true,"href":"https:\/\/elcalaixetdelaiaia.es\/index.php?rest_route=\/wp\/v2\/users\/2"}],"replies":[{"embeddable":true,"href":"https:\/\/elcalaixetdelaiaia.es\/index.php?rest_route=%2Fwp%2Fv2%2Fcomments&post=26618"}],"version-history":[{"count":18,"href":"https:\/\/elcalaixetdelaiaia.es\/index.php?rest_route=\/wp\/v2\/posts\/26618\/revisions"}],"predecessor-version":[{"id":28056,"href":"https:\/\/elcalaixetdelaiaia.es\/index.php?rest_route=\/wp\/v2\/posts\/26618\/revisions\/28056"}],"wp:featuredmedia":[{"embeddable":true,"href":"https:\/\/elcalaixetdelaiaia.es\/index.php?rest_route=\/wp\/v2\/media\/26815"}],"wp:attachment":[{"href":"https:\/\/elcalaixetdelaiaia.es\/index.php?rest_route=%2Fwp%2Fv2%2Fmedia&parent=26618"}],"wp:term":[{"taxonomy":"category","embeddable":true,"href":"https:\/\/elcalaixetdelaiaia.es\/index.php?rest_route=%2Fwp%2Fv2%2Fcategories&post=26618"},{"taxonomy":"post_tag","embeddable":true,"href":"https:\/\/elcalaixetdelaiaia.es\/index.php?rest_route=%2Fwp%2Fv2%2Ftags&post=26618"}],"curies":[{"name":"wp","href":"https:\/\/api.w.org\/{rel}","templated":true}]}}