{"id":264,"date":"2016-07-09T15:35:00","date_gmt":"2016-07-09T15:35:00","guid":{"rendered":"http:\/\/elcalaixetdelaiaia.es\/pizza-de-anchoas-y-olivas-negras-los"},"modified":"2025-06-09T14:05:45","modified_gmt":"2025-06-09T14:05:45","slug":"pizza-de-anchoas-y-olivas-negras-los","status":"publish","type":"post","link":"https:\/\/elcalaixetdelaiaia.es\/?p=264","title":{"rendered":"Pizza o coca de anchoas y olivas negras a los dos quesos paso a paso"},"content":{"rendered":"<p>\u00abRefrany; El juliol, l&#8217;amo del sol\u00bb Julio, el amo del sol.<\/p>\n<p>Bueno, si, yo tambi\u00e9n lo digo&#8230; !!!\u00a0 que calooooooor\u00a1\u00a1\u00a1 es la frase mas escuchada \u00e9stos d\u00edas, pero claro si no hace calor en julio, \u00bfcuando lo va a hacer si no?<\/p>\n<p>Una cena muy agradable para disfrutar al fresco de la noche, es \u00e9sta coca salada (mi padre detesta el nombre de pizza y a todas las llama coca de&#8230; \ud83d\ude42 ) para mi, las cocas saladas son las que se hacen con masa de pan y amasado en casa.<\/p>\n<p>Se trata de una pizza s\u00faper f\u00e1cil y r\u00e1pida que traigo hoy, por supuesto que si hacemos la masa del hojaldre en casa ser\u00e1 mucho m\u00e1s rica, pero como todos vamos con prisas, \u00e9stas masas frescas comercializadas, son una excelente opci\u00f3n para preparar una pizza o coca salada en un plis plas.<\/p>\n<p>Pero si ten\u00e9is tiempo y quer\u00e9is una coca de masa de pan, casera, aqu\u00ed ten\u00e9is el paso a paso para la masa, sin apenas amasado, ya que mas f\u00e1cil, es imposible,porque lo hace todo el frigor\u00edfico \ud83d\ude09\u00a0 \u00a0<a href=\"https:\/\/elcalaixetdelaiaia.es\/?p=21998\">https:\/\/elcalaixetdelaiaia.es\/?p=21998<\/a><\/p>\n<p>Necesitaremos;<\/p>\n<div class=\"separator\" style=\"clear: both; text-align: center;\"><a style=\"margin-left: 1em; margin-right: 1em;\" href=\"https:\/\/elcalaixetdelaiaia.es\/2020\/06\/masa-casera-de-pizza-facil-sin-casi-amasado-paso-a-paso-foto-a-foto\/\"><img decoding=\"async\" loading=\"lazy\" src=\"https:\/\/elcalaixetdelaiaia.es\/wp-content\/uploads\/2016\/07\/IMG_1652.jpg\" width=\"640\" height=\"478\" border=\"0\" \/><\/a><\/div>\n<ol>\n<li>Una masa fresca de hojaldre<\/li>\n<li>Dos latas en de anchoas en aceite<\/li>\n<li>Un bote de olivas negras con hueso<\/li>\n<li>Mozzarella en lonchas<\/li>\n<li>Queso de cabra semi curado<\/li>\n<li>Tomate frito casero<\/li>\n<li>Or\u00e9gano<\/li>\n<li>Hierbabuena<\/li>\n<\/ol>\n<p>Respecto a las plantas comestibles como la hierbabuena, me vais a permitir que os d\u00e9 un consejo, la hierbabuena, la menta, la albahaca, y el resto de hierbas frescas comestibles, compradlas en los centros comerciales de alimentaci\u00f3n o supermercados, las plantas de hierbabuena, menta, albahaca etc. que venden en los bazares, son ornamentales, no son aptas para el consumo, es muy f\u00e1cil conseguir tu propia planta en casa, ya que del tallo se sacan ra\u00edces, simplemente poni\u00e9ndolo en agua y plant\u00e1ndola en una maceta, con unos pocos cuidados en un par de meses, podemos disponer de nuestra propia planta totalmente natural y segura.<\/p>\n<div class=\"separator\" style=\"clear: both; text-align: center;\"><a style=\"margin-left: 1em; margin-right: 1em;\" href=\"https:\/\/1.bp.blogspot.com\/-c9bKEyQO6a0\/V4EMUuL0cqI\/AAAAAAAAllY\/LRIk3pzx_6oImDowmmdez-YxGnI555A3wCKgB\/s1600\/IMG_1653.JPG\"><img decoding=\"async\" loading=\"lazy\" src=\"https:\/\/elcalaixetdelaiaia.es\/wp-content\/uploads\/2016\/07\/IMG_1653.jpg\" width=\"640\" height=\"480\" border=\"0\" \/><\/a><\/div>\n<div style=\"text-align: center;\"><\/div>\n<div style=\"text-align: center;\">Un ratito antes de ir a prepararla, sacaremos la masa del frigo, para que coja temperatura ambiente. La desenrollaremos y cubriremos con tomate frito casero, la diferencia entre usar cualquier tomate envasado, y el tomate frito casero&#8230; es MUY grande.<\/div>\n<div style=\"text-align: center;\"><\/div>\n<div class=\"separator\" style=\"clear: both; text-align: center;\"><a style=\"margin-left: 1em; margin-right: 1em;\" href=\"https:\/\/1.bp.blogspot.com\/-x4x9vDpDqZo\/V4EMV2MZQgI\/AAAAAAAAllY\/2Nra04zWP-kW2ilP2ADdCKDR__aNS8Z_gCKgB\/s1600\/IMG_1654.JPG\"><img decoding=\"async\" loading=\"lazy\" src=\"https:\/\/elcalaixetdelaiaia.es\/wp-content\/uploads\/2016\/07\/IMG_1654.jpg\" width=\"640\" height=\"480\" border=\"0\" \/><\/a><\/div>\n<div style=\"text-align: center;\"><\/div>\n<div style=\"text-align: center;\">espolvoreamos con or\u00e9gano<\/div>\n<div style=\"text-align: center;\"><\/div>\n<div class=\"separator\" style=\"clear: both; text-align: center;\"><a style=\"margin-left: 1em; margin-right: 1em;\" href=\"https:\/\/2.bp.blogspot.com\/-zoiBeXDwNV4\/V4EMmLPnh9I\/AAAAAAAAllY\/G6EVu0XxZogIgcV97IsKaxgNTahNiIqqACKgB\/s1600\/IMG_1655.JPG\"><img decoding=\"async\" loading=\"lazy\" src=\"https:\/\/elcalaixetdelaiaia.es\/wp-content\/uploads\/2016\/07\/IMG_1655.jpg\" width=\"640\" height=\"480\" border=\"0\" \/><\/a><\/div>\n<div style=\"text-align: center;\"><\/div>\n<div style=\"text-align: center;\">y pondremos la mozzarella en lonchas<\/div>\n<div style=\"text-align: center;\"><\/div>\n<div class=\"separator\" style=\"clear: both; text-align: center;\"><a style=\"margin-left: 1em; margin-right: 1em;\" href=\"https:\/\/2.bp.blogspot.com\/-n4Q-RRA2Cb8\/V4EMXZn94nI\/AAAAAAAAllY\/WXaWlB9HqrMQzR_btpAqgVYDgqEFl3MaQCKgB\/s1600\/IMG_1656.JPG\"><img decoding=\"async\" loading=\"lazy\" src=\"https:\/\/elcalaixetdelaiaia.es\/wp-content\/uploads\/2016\/07\/IMG_1656.jpg\" width=\"640\" height=\"480\" border=\"0\" \/><\/a><\/div>\n<div style=\"text-align: center;\"><\/div>\n<div style=\"text-align: center;\">rallaremos el queso de cabra<\/div>\n<div style=\"text-align: center;\"><\/div>\n<div class=\"separator\" style=\"clear: both; text-align: center;\"><a style=\"margin-left: 1em; margin-right: 1em;\" href=\"https:\/\/3.bp.blogspot.com\/-rZvZW-7vQAc\/V4EMtpwD_GI\/AAAAAAAAllY\/IKfZ7KhN70Mwa695uN90vlQWlrWTgowrwCKgB\/s1600\/IMG_1684.JPG\"><img decoding=\"async\" loading=\"lazy\" src=\"https:\/\/elcalaixetdelaiaia.es\/wp-content\/uploads\/2016\/07\/IMG_1684.jpg\" width=\"640\" height=\"480\" border=\"0\" \/><\/a><\/div>\n<div style=\"text-align: center;\"><\/div>\n<div style=\"text-align: center;\">\u00a0cubriremos con \u00e9l la pizza y la introduciremos en el horno precalentado a 200\u00ba calor abajo y arriba, a media altura hasta que tengamos el hojaldre, en su perfecto punto de cocci\u00f3n. Cada horno funciona de una forma y necesita unos tiempos, orientativamente os dir\u00e9 que en el m\u00edo est\u00e1 lista a los 20 minutos<\/div>\n<div style=\"text-align: center;\"><\/div>\n<div class=\"separator\" style=\"clear: both; text-align: center;\"><a style=\"margin-left: 1em; margin-right: 1em;\" href=\"https:\/\/4.bp.blogspot.com\/-avvwYKjITic\/V4EMYLAWQkI\/AAAAAAAAllY\/L6awrGUD4E8uUo7YXzw5dkBJSvyoblaDACKgB\/s1600\/IMG_1663.JPG\"><img decoding=\"async\" loading=\"lazy\" src=\"https:\/\/elcalaixetdelaiaia.es\/wp-content\/uploads\/2016\/07\/IMG_1663.jpg\" width=\"640\" height=\"464\" border=\"0\" \/><\/a><\/div>\n<div style=\"text-align: center;\"><\/div>\n<div style=\"text-align: center;\">Mientras se hace la pizza aprovecharemos para deshuesar las aceitunas. Os preguntar\u00e9is porque tenemos que deshuesarlas, pudiendo comprarlas sin hueso, pues sencillamente porque para nada saben igual, aunque por descontado, pod\u00e9is poner las sin hueso. En \u00e9ste caso yo he usado una riqu\u00edsimas aceitunas u olivas negras de Arag\u00f3n que a mi marid\u00edn le chiflan y que est\u00e1n divinas. Las colocaremos una a una en el deshuesador<\/div>\n<div style=\"text-align: center;\"><\/div>\n<div class=\"separator\" style=\"clear: both; text-align: center;\"><a style=\"margin-left: 1em; margin-right: 1em;\" href=\"https:\/\/2.bp.blogspot.com\/-Rt0bNaxGhSw\/V4EMXkfqraI\/AAAAAAAAllY\/_9VvSOW8fQI63HdxzEqjBP1nVuKN2YFlwCKgB\/s1600\/IMG_1658.JPG\"><img decoding=\"async\" loading=\"lazy\" src=\"https:\/\/elcalaixetdelaiaia.es\/wp-content\/uploads\/2016\/07\/IMG_1658.jpg\" width=\"640\" height=\"480\" border=\"0\" \/><\/a><\/div>\n<div style=\"text-align: center;\"><\/div>\n<div style=\"text-align: center;\">y con una simple presi\u00f3n, aceituna deshuesada. Aunque si no ten\u00e9is deshuesador (aunque merece la pena porque es barato), se pueden deshuesar con un simple clip de papeler\u00eda como pod\u00e9is ver pinchando aqu\u00ed <a href=\"https:\/\/elcalaixetdelaiaia.es\/?p=588\">https:\/\/elcalaixetdelaiaia.es\/?p=588<\/a><\/div>\n<div style=\"text-align: center;\">igual sirve para deshuesar cerezas, que aceitunas. Este aparatejo, lo compr\u00f3 mi marido para deshuesar andrinas, y con el que preparamos en el pueblo pachar\u00e1n casero \ud83d\ude09<\/div>\n<div style=\"text-align: center;\"><\/div>\n<div class=\"separator\" style=\"clear: both; text-align: center;\"><a style=\"margin-left: 1em; margin-right: 1em;\" href=\"https:\/\/4.bp.blogspot.com\/-uCOezc1pNeQ\/V4EMYjqy2cI\/AAAAAAAAllY\/NDHl69zIJxkohHzJRHTdgmVaSWIQ2rtggCKgB\/s1600\/IMG_1664.JPG\"><img decoding=\"async\" loading=\"lazy\" src=\"https:\/\/elcalaixetdelaiaia.es\/wp-content\/uploads\/2016\/07\/IMG_1664.jpg\" width=\"640\" height=\"468\" border=\"0\" \/><\/a><\/div>\n<div style=\"text-align: center;\"><\/div>\n<div style=\"text-align: center;\">una vez las olivas deshuesadas, las partiremos por la mitad<\/div>\n<div style=\"text-align: center;\"><\/div>\n<div class=\"separator\" style=\"clear: both; text-align: center;\"><a style=\"margin-left: 1em; margin-right: 1em;\" href=\"https:\/\/4.bp.blogspot.com\/-WGHRyOcP7VI\/V4EMZ1yEFnI\/AAAAAAAAllY\/m_TmSJyqmX8nmPBjI8lJvLPUeb6ccdGeACKgB\/s1600\/IMG_1665.JPG\"><img decoding=\"async\" loading=\"lazy\" src=\"https:\/\/elcalaixetdelaiaia.es\/wp-content\/uploads\/2016\/07\/IMG_1665.jpg\" width=\"640\" height=\"480\" border=\"0\" \/><\/a><\/div>\n<div style=\"text-align: center;\"><\/div>\n<div style=\"text-align: center;\">y una vez cocida la pizza<\/div>\n<div style=\"text-align: center;\"><\/div>\n<div class=\"separator\" style=\"clear: both; text-align: center;\"><a style=\"margin-left: 1em; margin-right: 1em;\" href=\"https:\/\/3.bp.blogspot.com\/-pvA7O71GfUM\/V4EMaiys8lI\/AAAAAAAAllY\/pQIofTffPhQvmcCaKDs_TeCrOHSZPE0EQCKgB\/s1600\/IMG_1666.JPG\"><img decoding=\"async\" loading=\"lazy\" src=\"https:\/\/elcalaixetdelaiaia.es\/wp-content\/uploads\/2016\/07\/IMG_1666.jpg\" width=\"640\" height=\"480\" border=\"0\" \/><\/a><\/div>\n<div style=\"text-align: center;\"><\/div>\n<div style=\"text-align: center;\">escurriremos las anchoas y las iremos colocando a nuestro gusto sobre la pizza<\/div>\n<div style=\"text-align: center;\"><\/div>\n<div class=\"separator\" style=\"clear: both; text-align: center;\"><a style=\"margin-left: 1em; margin-right: 1em;\" href=\"https:\/\/4.bp.blogspot.com\/-tDPtcZox1ak\/V4EMbY9q_7I\/AAAAAAAAllY\/2w_YhJDEQwUrmem8wVOyatfPfZ9QRiKuACKgB\/s1600\/IMG_1667.JPG\"><img decoding=\"async\" loading=\"lazy\" src=\"https:\/\/elcalaixetdelaiaia.es\/wp-content\/uploads\/2016\/07\/IMG_1667.jpg\" width=\"640\" height=\"480\" border=\"0\" \/><\/a><\/div>\n<div style=\"text-align: center;\"><\/div>\n<div style=\"text-align: center;\">junto con las olivas y la hierbabuena, que le da un toque delicioso<\/div>\n<div class=\"separator\" style=\"clear: both; text-align: center;\"><\/div>\n<div class=\"separator\" style=\"clear: both; text-align: center;\"><a style=\"margin-left: 1em; margin-right: 1em;\" href=\"https:\/\/3.bp.blogspot.com\/-vBUydT3Y-G4\/V4EMcMCYKFI\/AAAAAAAAllY\/JP6XKZRQRVAdJsqn52R1JyIFJWysFgrKwCKgB\/s1600\/IMG_1668.JPG\"><img decoding=\"async\" loading=\"lazy\" src=\"https:\/\/elcalaixetdelaiaia.es\/wp-content\/uploads\/2016\/07\/IMG_1668.jpg\" width=\"640\" height=\"444\" border=\"0\" \/><\/a><\/div>\n<div class=\"separator\" style=\"clear: both; text-align: center;\"><\/div>\n<div class=\"separator\" style=\"clear: both; text-align: center;\">una pizza muy completa y riqu\u00edsima<\/div>\n<div class=\"separator\" style=\"clear: both; text-align: center;\"><\/div>\n<div class=\"separator\" style=\"clear: both; text-align: center;\"><a style=\"margin-left: 1em; margin-right: 1em;\" href=\"https:\/\/1.bp.blogspot.com\/-p_SaFbLLIIQ\/V4EQGi5dgUI\/AAAAAAAAllg\/3k4Xs2X4xjEx6amUvC4CXBGEeDYAYPu_QCLcB\/s1600\/IMG_1693.JPG\"><img decoding=\"async\" loading=\"lazy\" src=\"https:\/\/elcalaixetdelaiaia.es\/wp-content\/uploads\/2016\/07\/IMG_1693.jpg\" width=\"640\" height=\"468\" border=\"0\" \/><\/a><\/div>\n<div style=\"text-align: center;\"><\/div>\n<div style=\"text-align: center;\">\u00abA la taula i&#8230; BON PROFIT!!!<\/div>\n<div style=\"text-align: center;\">Si te gusta \u00e9sta receta y la compartes, la podr\u00e1 ver mas gente.<\/div>\n<div style=\"text-align: center;\">Y recuerda que espero tus comentarios y que tambien estoy en facebook;<\/div>\n<div style=\"text-align: center;\">https:\/\/www.facebook.com\/El-calaixet-de-la-iaia-533062140099386\/<\/div>\n<div style=\"text-align: center;\">Gracias.<\/div>\n","protected":false},"excerpt":{"rendered":"<p>\u00abRefrany; El juliol, l&#8217;amo del sol\u00bb Julio, el amo del sol. Bueno, si, yo tambi\u00e9n lo digo&#8230; !!!\u00a0 que calooooooor\u00a1\u00a1\u00a1 es la frase mas escuchada \u00e9stos d\u00edas, pero claro si no hace calor en julio, \u00bfcuando lo va a hacer si no? Una cena muy agradable para disfrutar al fresco &hellip; <\/p>\n","protected":false},"author":2,"featured_media":17658,"comment_status":"open","ping_status":"open","sticky":false,"template":"","format":"standard","meta":[],"categories":[67,131,1],"tags":[],"_links":{"self":[{"href":"https:\/\/elcalaixetdelaiaia.es\/index.php?rest_route=\/wp\/v2\/posts\/264"}],"collection":[{"href":"https:\/\/elcalaixetdelaiaia.es\/index.php?rest_route=\/wp\/v2\/posts"}],"about":[{"href":"https:\/\/elcalaixetdelaiaia.es\/index.php?rest_route=\/wp\/v2\/types\/post"}],"author":[{"embeddable":true,"href":"https:\/\/elcalaixetdelaiaia.es\/index.php?rest_route=\/wp\/v2\/users\/2"}],"replies":[{"embeddable":true,"href":"https:\/\/elcalaixetdelaiaia.es\/index.php?rest_route=%2Fwp%2Fv2%2Fcomments&post=264"}],"version-history":[{"count":14,"href":"https:\/\/elcalaixetdelaiaia.es\/index.php?rest_route=\/wp\/v2\/posts\/264\/revisions"}],"predecessor-version":[{"id":28410,"href":"https:\/\/elcalaixetdelaiaia.es\/index.php?rest_route=\/wp\/v2\/posts\/264\/revisions\/28410"}],"wp:featuredmedia":[{"embeddable":true,"href":"https:\/\/elcalaixetdelaiaia.es\/index.php?rest_route=\/wp\/v2\/media\/17658"}],"wp:attachment":[{"href":"https:\/\/elcalaixetdelaiaia.es\/index.php?rest_route=%2Fwp%2Fv2%2Fmedia&parent=264"}],"wp:term":[{"taxonomy":"category","embeddable":true,"href":"https:\/\/elcalaixetdelaiaia.es\/index.php?rest_route=%2Fwp%2Fv2%2Fcategories&post=264"},{"taxonomy":"post_tag","embeddable":true,"href":"https:\/\/elcalaixetdelaiaia.es\/index.php?rest_route=%2Fwp%2Fv2%2Ftags&post=264"}],"curies":[{"name":"wp","href":"https:\/\/api.w.org\/{rel}","templated":true}]}}