{"id":259,"date":"2016-07-14T21:40:00","date_gmt":"2016-07-14T21:40:00","guid":{"rendered":"http:\/\/elcalaixetdelaiaia.es\/quiche-de-verduras-en-espiral-paso-paso"},"modified":"2023-01-14T08:18:05","modified_gmt":"2023-01-14T08:18:05","slug":"quiche-de-verduras-en-espiral-paso-paso","status":"publish","type":"post","link":"https:\/\/elcalaixetdelaiaia.es\/?p=259","title":{"rendered":"Quich\u00e9 de verduras en espiral paso a paso y foto a foto"},"content":{"rendered":"<p>\u00abRefrany;<br \/>\nAmb horta i verdura allunyes la sepultura.\u00bb<br \/>\nCon huerta y verdura alejas la sepultura.<\/p>\n<p>Hace mucho tiempo que le ten\u00eda ganas a \u00e9sta quich\u00e9, desde que la vi en la secci\u00f3n de cocina de una de \u00e9sas revistas de cotilleos, que me entusiasm\u00f3 su colorido, y la ten\u00eda en pendientes como tantas y tantas otras.<br \/>\nPor supuesto que la he preparado a mi manera, como siempre.<\/p>\n<div style=\"text-align: center\">&nbsp;<a style=\"margin-left: 1em; margin-right: 1em\" href=\"https:\/\/2.bp.blogspot.com\/-oXZNPQj1jPY\/V4f9njMVibI\/AAAAAAAAlq8\/9t3QWfc2IhIN69h8amK5VB8uKXtbk59oACEw\/s1600\/IMG_5157.JPG\"><img decoding=\"async\" loading=\"lazy\" src=\"https:\/\/elcalaixetdelaiaia.es\/wp-content\/uploads\/2016\/07\/IMG_5157.jpg\" width=\"640\" height=\"480\" border=\"0\"><\/a><\/div>\n<div style=\"text-align: center\"><\/div>\n<div style=\"text-align: center\">Hoy he ido al mercado, me encantan los mercados municipales y en cuanto puedo dejar a mi Lluna con alguien (ya sab\u00e9is que no puedo dejarla solita porque sufre ansiedad de separaci\u00f3n y se autolesiona \ud83d\ude41 ) me escapo, hay tanta variedad y calidad de productos, que me los llevar\u00eda todooos jajaja, y he visto unas verduras tan lozanas y bonitas, que me he dicho \u00abde hu\u00ed no passa\u00bb as\u00ed que os traigo mi receta de Quich\u00e9 de verduras en espiral.<\/div>\n<div style=\"text-align: center\">Se trata de una receta f\u00e1cil y sin complicaciones pero eso si, bastante laboriosa de preparar por el cortado de las verduras, nunca os miento, y no voy a enga\u00f1aros ahora, por tanto, os recomiendo que os pong\u00e1is a preparlas cuando cont\u00e9is con tiempo suficiente, yo pensaba que ser\u00eda mas r\u00e1pida de preparar y se me ha echado el tiempo encima buffff, me fastidia mucho la desorganizaci\u00f3n y no haber calculado bien, y \u00e9so que siguiendo con vuestras peticiones, he usado masa quebrada ya preparada, para adelantar, as\u00ed que&nbsp; hago hincapi\u00e9 en que se tarda bastante mas que en preparar cualquier tipo de quich\u00e9 pero vamooos que para nadaaa es dif\u00edcil de hacer \u00bfeh? al contrario.<\/div>\n<div style=\"text-align: center\"><\/div>\n<div style=\"text-align: center\">&nbsp;<a style=\"margin-left: 1em; margin-right: 1em\" href=\"https:\/\/1.bp.blogspot.com\/-Q1aqzp9R5vE\/V4f9qsDnvDI\/AAAAAAAAlq8\/z124W06-GEo9cR-ty7-QrydQP5RzIpf3wCEw\/s1600\/IMG_5168.JPG\"><img decoding=\"async\" loading=\"lazy\" src=\"https:\/\/elcalaixetdelaiaia.es\/wp-content\/uploads\/2016\/07\/IMG_5168.jpg\" width=\"640\" height=\"460\" border=\"0\"><\/a><\/div>\n<p>Es la primera vez que la preparo, pero nos ha encantado y os aseguro que me la quedo de habitual en mi cocina y mi mesa.<br \/>\nNecesitaremos;<\/p>\n<div class=\"separator\" style=\"clear: both; text-align: center\"><a style=\"margin-left: 1em; margin-right: 1em\" href=\"https:\/\/4.bp.blogspot.com\/-dmjQ3QuVvIc\/V4f9ZjELgEI\/AAAAAAAAlpc\/GLNxtkru0PwRIL5pKWTacyuVOtGwC5bQgCLcB\/s1600\/IMG_2265.JPG\"><img decoding=\"async\" loading=\"lazy\" src=\"https:\/\/elcalaixetdelaiaia.es\/wp-content\/uploads\/2016\/07\/IMG_2265.jpg\" width=\"640\" height=\"480\" border=\"0\"><\/a><\/div>\n<ol>\n<li>Un paquete masa quebrada fresca<\/li>\n<li>Medio pimiento rojo<\/li>\n<li>Medio pimiento verde<\/li>\n<li>Medio pimiento amarillo<\/li>\n<li>Media berenjena<\/li>\n<li>Medio calabac\u00edn verde<\/li>\n<li>Medio calabac\u00edn blanco<\/li>\n<li>Tres zanahorias<\/li>\n<li>Un tomate maduro<\/li>\n<li>Dos huevos<\/li>\n<li>100ml de nata<\/li>\n<li>150g de queso de untar a las finas hierbas<\/li>\n<li>100ml de leche<\/li>\n<li>50g de queso rallado varios sabores<\/li>\n<li>Pimienta negra<\/li>\n<li>Sal<\/li>\n<\/ol>\n<div class=\"separator\" style=\"clear: both; text-align: center\"><a style=\"margin-left: 1em; margin-right: 1em\" href=\"https:\/\/1.bp.blogspot.com\/-OuVKTmOGKRI\/V4f9crMZwAI\/AAAAAAAAlpw\/DsO_UkcguQ8C2G1NNvHEPenW_QdZvwnbwCEw\/s1600\/IMG_5141.JPG\"><img decoding=\"async\" loading=\"lazy\" src=\"https:\/\/elcalaixetdelaiaia.es\/wp-content\/uploads\/2016\/07\/IMG_5141.jpg\" width=\"640\" height=\"480\" border=\"0\"><\/a><\/div>\n<div style=\"text-align: center\"><\/div>\n<div style=\"text-align: center\">Como vamos a usar todas las verduras con su piel, excepto la de las zanahorias, comenzaremos lav\u00e1ndolas muy a fondo.<\/div>\n<div style=\"text-align: center\"><\/div>\n<div class=\"separator\" style=\"clear: both; text-align: center\"><a style=\"margin-left: 1em; margin-right: 1em\" href=\"https:\/\/1.bp.blogspot.com\/-iHvvIk2pYkE\/V4f9dw5n9mI\/AAAAAAAAlq8\/vpKP380IX-EqlXz2pdxCyjmIsEtMk7YswCEw\/s1600\/IMG_5142.JPG\"><img decoding=\"async\" loading=\"lazy\" src=\"https:\/\/elcalaixetdelaiaia.es\/wp-content\/uploads\/2016\/07\/IMG_5142.jpg\" width=\"640\" height=\"480\" border=\"0\"><\/a><\/div>\n<div style=\"text-align: center\"><\/div>\n<div style=\"text-align: center\">Para cortar las verduras lo podremos hacer con un cuchillo afilado, con un pelapatatas o con una mandolina. Esto \u00faltimo es lo ideal, puesto que necesitamos las cortadas muy finas y con la mandolina nos saldr\u00e1n de un tama\u00f1o igual, pero no es imprescindible.<\/div>\n<div style=\"text-align: center\">Para evitarnos el disgusto de que nuestra quich\u00e9 amargue y nos estropee la receta, por si las moscas&#8230;.. en cuanto cortemos la berenjena, la pondremos a remojo en agua fr\u00eda, y un pu\u00f1adito de sal,<\/div>\n<div style=\"text-align: center\"><\/div>\n<div class=\"separator\" style=\"clear: both; text-align: center\"><a style=\"margin-left: 1em; margin-right: 1em\" href=\"https:\/\/4.bp.blogspot.com\/-og8AJNoxLIw\/V4f9aV6DHvI\/AAAAAAAAlq0\/vv2PiSpEnDodPHeSw0sbSaPj9WVWB5SFQCEw\/s1600\/IMG_5137.JPG\"><img decoding=\"async\" loading=\"lazy\" src=\"https:\/\/elcalaixetdelaiaia.es\/wp-content\/uploads\/2016\/07\/IMG_5137.jpg\" width=\"470\" height=\"640\" border=\"0\"><\/a><\/div>\n<div style=\"text-align: center\"><\/div>\n<div style=\"text-align: center\">Cuando tengamos todas las verduras cortadas, sacaremos la masa del frigo para que se atempere, engrasaremos un molde desmoldable, el que he usado hoy es de 28cm,<\/div>\n<div style=\"text-align: center\"><\/div>\n<div class=\"separator\" style=\"clear: both; text-align: center\"><a style=\"margin-left: 1em; margin-right: 1em\" href=\"https:\/\/1.bp.blogspot.com\/-mfkdcXzquBM\/V4f9Z1pe5CI\/AAAAAAAAlq0\/_WiZ6x4PyGoovbAYfQo0L5vnvKMcNk39ACEw\/s1600\/IMG_5138.JPG\"><img decoding=\"async\" loading=\"lazy\" src=\"https:\/\/elcalaixetdelaiaia.es\/wp-content\/uploads\/2016\/07\/IMG_5138.jpg\" width=\"640\" height=\"436\" border=\"0\"><\/a><\/div>\n<div style=\"text-align: center\"><\/div>\n<div style=\"text-align: center\">&nbsp;y lo forraremos con la masa brisa, si os gusta la masa muy crujiente ahora es el momento de hacerla en el horno a a 180\u00ba durante diez minutos con peso encima (por ejemplo garbanzos o bolitas de cer\u00e1mica), en casa gusta jugosa y mas bien mojada, pero no cruda<\/div>\n<div style=\"text-align: center\"><\/div>\n<div class=\"separator\" style=\"clear: both; text-align: center\"><a style=\"margin-left: 1em; margin-right: 1em\" href=\"https:\/\/3.bp.blogspot.com\/-lXPy8KIuh2M\/V4f9ahS9rHI\/AAAAAAAAlq0\/non_RlW8AyIp9B3Lm7wld5X8AmQ77q2EgCEw\/s1600\/IMG_5139.JPG\"><img decoding=\"async\" loading=\"lazy\" src=\"https:\/\/elcalaixetdelaiaia.es\/wp-content\/uploads\/2016\/07\/IMG_5139.jpg\" width=\"640\" height=\"462\" border=\"0\"><\/a><\/div>\n<div style=\"text-align: center\"><\/div>\n<div style=\"text-align: center\">as\u00ed que repartiremos el queso a las hierbas (tipo Philadelphia). Si no os gusta el queso, pod\u00e9is usar pan rallado y mostaza antigua, lo he usado en otras quich\u00e9s para quienes no les gusta el queso y queda muy bien<\/div>\n<div style=\"text-align: center\"><\/div>\n<div class=\"separator\" style=\"clear: both; text-align: center\"><a style=\"margin-left: 1em; margin-right: 1em\" href=\"https:\/\/3.bp.blogspot.com\/-0Jt4DKFK9Sw\/V4f9cOKETGI\/AAAAAAAAlq8\/HwufvEzedkwt-KGuYpHACbqnfgaJVEEMQCEw\/s1600\/IMG_5140.JPG\"><img decoding=\"async\" loading=\"lazy\" src=\"https:\/\/elcalaixetdelaiaia.es\/wp-content\/uploads\/2016\/07\/IMG_5140.jpg\" width=\"640\" height=\"480\" border=\"0\"><\/a><\/div>\n<div><\/div>\n<div style=\"text-align: center\">pasaremos el rodillo de amasar por el borde y cortaremos la masa sobrante<\/div>\n<div style=\"text-align: center\"><\/div>\n<div class=\"separator\" style=\"clear: both; text-align: center\"><a style=\"margin-left: 1em; margin-right: 1em\" href=\"https:\/\/2.bp.blogspot.com\/-92vvwq_V4Yg\/V4f9ehB8MPI\/AAAAAAAAlq8\/zkbyZrex9h4BhEaSzlaYGpVjHBzMRLLkwCEw\/s1600\/IMG_5144.JPG\"><img decoding=\"async\" loading=\"lazy\" src=\"https:\/\/elcalaixetdelaiaia.es\/wp-content\/uploads\/2016\/07\/IMG_5144.jpg\" width=\"640\" height=\"444\" border=\"0\"><\/a><\/div>\n<div style=\"text-align: center\"><\/div>\n<div style=\"text-align: center\">haremos un rollito intercalando las verduras por colores<\/div>\n<div style=\"text-align: center\"><\/div>\n<div class=\"separator\" style=\"clear: both; text-align: center\"><a style=\"margin-left: 1em; margin-right: 1em\" href=\"https:\/\/4.bp.blogspot.com\/-nslAWB_N_AA\/V4f9foZD-BI\/AAAAAAAAlq8\/VDuTv0Tbk2INPcr0iz-m21Qp6lbL6oflACEw\/s1600\/IMG_5145.JPG\"><img decoding=\"async\" loading=\"lazy\" src=\"https:\/\/elcalaixetdelaiaia.es\/wp-content\/uploads\/2016\/07\/IMG_5145.jpg\" width=\"640\" height=\"480\" border=\"0\"><\/a><\/div>\n<div style=\"text-align: center\"><\/div>\n<div style=\"text-align: center\">que colocaremos en el centro del molde sobre la base de queso, \u00e9ste nos ayudar\u00e1 a mantener la verdura<\/div>\n<div style=\"text-align: center\"><\/div>\n<div class=\"separator\" style=\"clear: both; text-align: center\"><a style=\"margin-left: 1em; margin-right: 1em\" href=\"https:\/\/3.bp.blogspot.com\/-h0Bzw2Y2gDo\/V4f9go5jyTI\/AAAAAAAAlq8\/WZfc8XNmLOoW5Hs5hx_e3dQngIptPU0YwCEw\/s1600\/IMG_5146.JPG\"><img decoding=\"async\" loading=\"lazy\" src=\"https:\/\/elcalaixetdelaiaia.es\/wp-content\/uploads\/2016\/07\/IMG_5146.jpg\" width=\"640\" height=\"480\" border=\"0\"><\/a><\/div>\n<div style=\"text-align: center\"><\/div>\n<div style=\"text-align: center\">comenzaremos&nbsp; a formar una espiral&nbsp; con las tiras de verduras<\/div>\n<div style=\"text-align: center\"><\/div>\n<div class=\"separator\" style=\"clear: both; text-align: center\"><a style=\"margin-left: 1em; margin-right: 1em\" href=\"https:\/\/1.bp.blogspot.com\/-vl9Y9QX34JY\/V4f9hlw-lvI\/AAAAAAAAlq8\/6RVzLj89C6gTT6ulMCCC7dcVUfr1EXURgCEw\/s1600\/IMG_5147.JPG\"><img decoding=\"async\" loading=\"lazy\" src=\"https:\/\/elcalaixetdelaiaia.es\/wp-content\/uploads\/2016\/07\/IMG_5147.jpg\" width=\"640\" height=\"480\" border=\"0\"><\/a><\/div>\n<div style=\"text-align: center\"><\/div>\n<div style=\"text-align: center\">iremos ampliando la espiral intercalando las verduras por colores<\/div>\n<div style=\"text-align: center\"><\/div>\n<div class=\"separator\" style=\"clear: both; text-align: center\"><a style=\"margin-left: 1em; margin-right: 1em\" href=\"https:\/\/2.bp.blogspot.com\/-J32QuMoZL54\/V4f9iTBKJPI\/AAAAAAAAlq8\/quV2dLij-8oH-LPbBhcg1yj4u6AEL6UrwCEw\/s1600\/IMG_5148.JPG\"><img decoding=\"async\" loading=\"lazy\" src=\"https:\/\/elcalaixetdelaiaia.es\/wp-content\/uploads\/2016\/07\/IMG_5148.jpg\" width=\"640\" height=\"444\" border=\"0\"><\/a><\/div>\n<div style=\"text-align: center\"><\/div>\n<div style=\"text-align: center\">para que queden de un tama\u00f1o similar, las iremos cortando de un ancho parecido<\/div>\n<div style=\"text-align: center\"><\/div>\n<div class=\"separator\" style=\"clear: both; text-align: center\"><a style=\"margin-left: 1em; margin-right: 1em\" href=\"https:\/\/1.bp.blogspot.com\/-pvhlS7vhxpg\/V4f9jhP4QzI\/AAAAAAAAlq8\/Rw-pFYIGYfEcbgqA8yTRd3dD9RIamZFYACEw\/s1600\/IMG_5149.JPG\"><img decoding=\"async\" loading=\"lazy\" src=\"https:\/\/elcalaixetdelaiaia.es\/wp-content\/uploads\/2016\/07\/IMG_5149.jpg\" width=\"640\" height=\"480\" border=\"0\"><\/a><\/div>\n<div style=\"text-align: center\"><\/div>\n<div style=\"text-align: center\">hasta llegar a los laterales del molde<\/div>\n<div style=\"text-align: center\"><\/div>\n<div class=\"separator\" style=\"clear: both; text-align: center\"><a style=\"margin-left: 1em; margin-right: 1em\" href=\"https:\/\/1.bp.blogspot.com\/-yrXSfgQ6688\/V4f9kyEVSzI\/AAAAAAAAlq8\/IQrKXoSdYkcspHeorbiEttB0Ke0S8ZVBgCEw\/s1600\/IMG_5150.JPG\"><img decoding=\"async\" loading=\"lazy\" src=\"https:\/\/elcalaixetdelaiaia.es\/wp-content\/uploads\/2016\/07\/IMG_5150.jpg\" width=\"640\" height=\"480\" border=\"0\"><\/a><\/div>\n<div style=\"text-align: center\"><\/div>\n<div style=\"text-align: center\">Mezclaremos los huevos, la nata,(para quienes tampoco os gute la nata, a unas malas, lo podremos cambiar por un poco mas de queso y leche evaporada, pero no queda igual \u00bfeh? ) la leche, el queso rallado, la sal y la pimienta y batiremos<\/div>\n<div style=\"text-align: center\"><\/div>\n<div class=\"separator\" style=\"clear: both; text-align: center\"><a style=\"margin-left: 1em; margin-right: 1em\" href=\"https:\/\/1.bp.blogspot.com\/-EbCdPsxOqQs\/V4gCtrQHQ3I\/AAAAAAAAlrM\/csw3NJwRPx8AbFQDhYaE6Utp2pFBykrIQCEw\/s1600\/IMG_5151.JPG\"><img decoding=\"async\" loading=\"lazy\" src=\"https:\/\/elcalaixetdelaiaia.es\/wp-content\/uploads\/2016\/07\/IMG_5151.jpg\" width=\"640\" height=\"480\" border=\"0\"><\/a><\/div>\n<div style=\"text-align: center\"><\/div>\n<div style=\"text-align: center\">Una vez cubierta toda la base con las verduras, volcaremos sobre las mismas el relleno<\/div>\n<div style=\"text-align: center\"><\/div>\n<div class=\"separator\" style=\"clear: both; text-align: center\"><a style=\"margin-left: 1em; margin-right: 1em\" href=\"https:\/\/4.bp.blogspot.com\/-rAr5S4NTolQ\/V4f9mZ_dj7I\/AAAAAAAAlq8\/Jz9JvM795fU4Ahfs1pv9gmeVAyGAoGi1QCEw\/s1600\/IMG_5152.JPG\"><img decoding=\"async\" loading=\"lazy\" src=\"https:\/\/elcalaixetdelaiaia.es\/wp-content\/uploads\/2016\/07\/IMG_5152.jpg\" width=\"640\" height=\"480\" border=\"0\"><\/a><\/div>\n<div style=\"text-align: center\"><\/div>\n<div style=\"text-align: center\">Con las tiras de pimientos y tomates, recubriremos los huecos que hayan quedado<\/div>\n<div style=\"text-align: center\"><\/div>\n<div class=\"separator\" style=\"clear: both; text-align: center\"><a style=\"margin-left: 1em; margin-right: 1em\" href=\"https:\/\/4.bp.blogspot.com\/-hsxnQA9MfLA\/V4gCtstl5GI\/AAAAAAAAlrI\/IUhPLFzO6M8EYc78i52_S2H4UIFUiWZMQCEw\/s1600\/IMG_5153.JPG\"><img decoding=\"async\" loading=\"lazy\" src=\"https:\/\/elcalaixetdelaiaia.es\/wp-content\/uploads\/2016\/07\/IMG_5153.jpg\" width=\"640\" height=\"480\" border=\"0\"><\/a><\/div>\n<div><\/div>\n<div style=\"text-align: center\">Introduciremos en el horno precalentado a 190\u00ba a media altura<\/div>\n<div style=\"text-align: center\"><\/div>\n<div class=\"separator\" style=\"clear: both; text-align: center\"><a style=\"margin-left: 1em; margin-right: 1em\" href=\"https:\/\/3.bp.blogspot.com\/-nnCXjfFFxAI\/V4gCruR3ulI\/AAAAAAAAlrE\/Iuy_OEeQQ9MQsEbBQE0JVqRqyDefAIbYgCEw\/s1600\/IMG_5154.JPG\"><img decoding=\"async\" loading=\"lazy\" src=\"https:\/\/elcalaixetdelaiaia.es\/wp-content\/uploads\/2016\/07\/IMG_5154.jpg\" width=\"640\" height=\"438\" border=\"0\"><\/a><\/div>\n<div style=\"text-align: center\"><\/div>\n<div style=\"text-align: center\">&nbsp;con calor arriba y abajo o abajo y aire si ten\u00e9is esa funci\u00f3n<\/div>\n<div style=\"text-align: center\"><\/div>\n<div class=\"separator\" style=\"clear: both; text-align: center\"><a style=\"margin-left: 1em; margin-right: 1em\" href=\"https:\/\/1.bp.blogspot.com\/-U0OFu0hYz2E\/V4gCvN36zAI\/AAAAAAAAlrQ\/VB78Ee7FQz400F3CfH1YKLcjNuBoXpCCgCEw\/s1600\/IMG_5155.JPG\"><img decoding=\"async\" loading=\"lazy\" src=\"https:\/\/elcalaixetdelaiaia.es\/wp-content\/uploads\/2016\/07\/IMG_5155.jpg\" width=\"640\" height=\"480\" border=\"0\"><\/a><\/div>\n<div style=\"text-align: center\"><\/div>\n<div style=\"text-align: center\">a los 40 minutos bajaremos a 175\u00ba y cubriremos con papel aluminio para que no se quemen las verduras y pierdan todo el colorido. Dejaremos 30 minutos mas. Recordad que cado horno funciona de una manera y necesita unos tiempos, los que os doy, son orientativos, merece la pena ir controlando y cuando pens\u00e9is que pueda estar listo, pinchar con un palo de brocheta, si sale limpio, es que ya est\u00e1 cocido.<\/div>\n<div style=\"text-align: center\"><\/div>\n<div class=\"separator\" style=\"clear: both; text-align: center\"><a style=\"margin-left: 1em; margin-right: 1em\" href=\"https:\/\/3.bp.blogspot.com\/-XaGYNcVKv-M\/V4gCvzzfWzI\/AAAAAAAAlrU\/r5Wm2ayjxPoP-ejU_dRpCNMJQlVu6RlYACEw\/s1600\/IMG_5156.JPG\"><img decoding=\"async\" loading=\"lazy\" src=\"https:\/\/elcalaixetdelaiaia.es\/wp-content\/uploads\/2016\/07\/IMG_5156.jpg\" width=\"640\" height=\"472\" border=\"0\"><\/a><\/div>\n<div style=\"text-align: center\"><\/div>\n<div style=\"text-align: center\">Apagaremos el horno y lista para emplatar y comer<\/div>\n<div style=\"text-align: center\"><\/div>\n<div class=\"separator\" style=\"clear: both; text-align: center\"><a style=\"margin-left: 1em; margin-right: 1em\" href=\"https:\/\/2.bp.blogspot.com\/-oXZNPQj1jPY\/V4f9njMVibI\/AAAAAAAAlq8\/9t3QWfc2IhIN69h8amK5VB8uKXtbk59oACEw\/s1600\/IMG_5157.JPG\"><img decoding=\"async\" loading=\"lazy\" src=\"https:\/\/elcalaixetdelaiaia.es\/wp-content\/uploads\/2016\/07\/IMG_5157.jpg\" width=\"640\" height=\"480\" border=\"0\"><\/a><\/div>\n<div style=\"text-align: center\"><\/div>\n<div style=\"text-align: center\">Caliente<\/div>\n<div style=\"text-align: center\"><\/div>\n<div class=\"separator\" style=\"clear: both; text-align: center\"><a style=\"margin-left: 1em; margin-right: 1em\" href=\"https:\/\/2.bp.blogspot.com\/-nlkKm9EnkFU\/V4f9pMa_8MI\/AAAAAAAAlq8\/vmYNzqBP34QWA58eujq6jAVx6EPCQWOgQCEw\/s1600\/IMG_5165.JPG\"><img decoding=\"async\" loading=\"lazy\" src=\"https:\/\/elcalaixetdelaiaia.es\/wp-content\/uploads\/2016\/07\/IMG_5165.jpg\" width=\"640\" height=\"480\" border=\"0\"><\/a><\/div>\n<div style=\"text-align: center\"><\/div>\n<div style=\"text-align: center\">tibia<\/div>\n<div style=\"text-align: center\"><\/div>\n<div class=\"separator\" style=\"clear: both; text-align: center\"><a style=\"margin-left: 1em; margin-right: 1em\" href=\"https:\/\/1.bp.blogspot.com\/-Q1aqzp9R5vE\/V4f9qsDnvDI\/AAAAAAAAlq8\/z124W06-GEo9cR-ty7-QrydQP5RzIpf3wCEw\/s1600\/IMG_5168.JPG\"><img decoding=\"async\" loading=\"lazy\" src=\"https:\/\/elcalaixetdelaiaia.es\/wp-content\/uploads\/2016\/07\/IMG_5168.jpg\" width=\"640\" height=\"460\" border=\"0\"><\/a><\/div>\n<div style=\"text-align: center\"><\/div>\n<div style=\"text-align: center\">o fr\u00eda<\/div>\n<div style=\"text-align: center\"><\/div>\n<div class=\"separator\" style=\"clear: both; text-align: center\"><a style=\"margin-left: 1em; margin-right: 1em\" href=\"https:\/\/3.bp.blogspot.com\/-J73K4vRO-3E\/V4f9rsqnqRI\/AAAAAAAAlq8\/valguvEPulUmKCP3mw6MmIMJW2FlbL1nwCEw\/s1600\/IMG_5169.JPG\"><img decoding=\"async\" loading=\"lazy\" src=\"https:\/\/elcalaixetdelaiaia.es\/wp-content\/uploads\/2016\/07\/IMG_5169.jpg\" width=\"640\" height=\"480\" border=\"0\"><\/a><\/div>\n<div style=\"text-align: center\"><\/div>\n<div style=\"text-align: center\">un bocado realmente delicioso<\/div>\n<div style=\"text-align: center\"><\/div>\n<div class=\"separator\" style=\"clear: both; text-align: center\"><a style=\"margin-left: 1em; margin-right: 1em\" href=\"https:\/\/1.bp.blogspot.com\/-XnBQsqeIUYA\/V4f9s6kkGZI\/AAAAAAAAlq8\/7UyuprBgP3kl-PhOxUHEj9XXHTEdQb05ACEw\/s1600\/IMG_5171.JPG\"><img decoding=\"async\" loading=\"lazy\" src=\"https:\/\/elcalaixetdelaiaia.es\/wp-content\/uploads\/2016\/07\/IMG_5171.jpg\" width=\"640\" height=\"480\" border=\"0\"><\/a><\/div>\n<div style=\"text-align: center\"><\/div>\n<div style=\"text-align: center\">y una manera distinta de comer las verduras, que quedan un punto al dente<\/div>\n<div style=\"text-align: center\"><\/div>\n<div class=\"separator\" style=\"clear: both; text-align: center\"><a style=\"margin-left: 1em; margin-right: 1em\" href=\"https:\/\/1.bp.blogspot.com\/-o91qqrdduTQ\/V4f9uP4O3NI\/AAAAAAAAlq8\/gUWaphEMEhswU47NZB8Ch40dspxijcpiwCEw\/s1600\/IMG_5172%2B%25282%2529.JPG\"><img decoding=\"async\" loading=\"lazy\" src=\"https:\/\/elcalaixetdelaiaia.es\/wp-content\/uploads\/2016\/07\/IMG_517228229.jpg\" width=\"640\" height=\"446\" border=\"0\"><\/a><\/div>\n<div style=\"text-align: center\"><\/div>\n<div style=\"text-align: center\">si os decid\u00eds a preparar \u00e9sta receta, hac\u00e9is foto y me la envi\u00e1is, estar\u00e9 encantada de publicarlas, como siempre y en todas y cada una de mis recetas<\/div>\n<div style=\"text-align: center\"><\/div>\n<div class=\"separator\" style=\"clear: both; text-align: center\"><a style=\"margin-left: 1em; margin-right: 1em\" href=\"https:\/\/1.bp.blogspot.com\/-I_STKdoRPdA\/V4f9vo8N_-I\/AAAAAAAAlq8\/p9zawaNeWAU8nVqPYhOYl3PXjiUDbDtmgCEw\/s1600\/IMG_5173.JPG\"><img decoding=\"async\" loading=\"lazy\" src=\"https:\/\/elcalaixetdelaiaia.es\/wp-content\/uploads\/2016\/07\/IMG_5173.jpg\" width=\"640\" height=\"480\" border=\"0\"><\/a><\/div>\n<div style=\"text-align: center\"><\/div>\n<div style=\"text-align: center\">\u00abA la taula i&#8230;&#8230;&#8230;BON PROFIT!!!<\/div>\n<div style=\"text-align: center\"><\/div>\n<div style=\"text-align: center\">Si os gusta esta receta gracias por ello y si la compart\u00eds, podr\u00e1 verla m\u00e1s gente \ud83d\ude09<\/div>\n<div>Recordad que espero vuestros comentarios que para mi son MUY importantes y que tambi\u00e9n estoy en Facebook <a href=\"https:\/\/www.facebook.com\/El-calaixet-de-la-iaia-533062140099386\/\">https:\/\/www.facebook.com\/El-calaixet-de-la-iaia-533062140099386\/<\/a><\/div>\n<div><\/div>\n<div style=\"text-align: center\"><img decoding=\"async\" loading=\"lazy\" src=\"https:\/\/elcalaixetdelaiaia.es\/wp-content\/uploads\/2016\/07\/WhatsApp-Image-2023-01-10-at-22.06.11-192x300.jpeg\" class=\"alignnone size-medium wp-image-24019\" width=\"192\" height=\"300\" alt=\"\"><\/div>\n<div style=\"text-align: center\">Edito la entrada, porque mi hijo la hizo para una cenita veraniega en la playa, y le sali\u00f3 buen\u00edsima \ud83d\ude09<\/div>\n<div><\/div>\n","protected":false},"excerpt":{"rendered":"<p>\u00abRefrany; Amb horta i verdura allunyes la sepultura.\u00bb Con huerta y verdura alejas la sepultura. Hace mucho tiempo que le ten\u00eda ganas a \u00e9sta quich\u00e9, desde que la vi en la secci\u00f3n de cocina de una de \u00e9sas revistas de cotilleos, que me entusiasm\u00f3 su colorido, y la ten\u00eda en &hellip; <\/p>\n","protected":false},"author":2,"featured_media":4200,"comment_status":"open","ping_status":"open","sticky":false,"template":"","format":"standard","meta":[],"categories":[131,14,1,58],"tags":[],"_links":{"self":[{"href":"https:\/\/elcalaixetdelaiaia.es\/index.php?rest_route=\/wp\/v2\/posts\/259"}],"collection":[{"href":"https:\/\/elcalaixetdelaiaia.es\/index.php?rest_route=\/wp\/v2\/posts"}],"about":[{"href":"https:\/\/elcalaixetdelaiaia.es\/index.php?rest_route=\/wp\/v2\/types\/post"}],"author":[{"embeddable":true,"href":"https:\/\/elcalaixetdelaiaia.es\/index.php?rest_route=\/wp\/v2\/users\/2"}],"replies":[{"embeddable":true,"href":"https:\/\/elcalaixetdelaiaia.es\/index.php?rest_route=%2Fwp%2Fv2%2Fcomments&post=259"}],"version-history":[{"count":9,"href":"https:\/\/elcalaixetdelaiaia.es\/index.php?rest_route=\/wp\/v2\/posts\/259\/revisions"}],"predecessor-version":[{"id":24023,"href":"https:\/\/elcalaixetdelaiaia.es\/index.php?rest_route=\/wp\/v2\/posts\/259\/revisions\/24023"}],"wp:featuredmedia":[{"embeddable":true,"href":"https:\/\/elcalaixetdelaiaia.es\/index.php?rest_route=\/wp\/v2\/media\/4200"}],"wp:attachment":[{"href":"https:\/\/elcalaixetdelaiaia.es\/index.php?rest_route=%2Fwp%2Fv2%2Fmedia&parent=259"}],"wp:term":[{"taxonomy":"category","embeddable":true,"href":"https:\/\/elcalaixetdelaiaia.es\/index.php?rest_route=%2Fwp%2Fv2%2Fcategories&post=259"},{"taxonomy":"post_tag","embeddable":true,"href":"https:\/\/elcalaixetdelaiaia.es\/index.php?rest_route=%2Fwp%2Fv2%2Ftags&post=259"}],"curies":[{"name":"wp","href":"https:\/\/api.w.org\/{rel}","templated":true}]}}