{"id":25699,"date":"2023-11-22T19:15:30","date_gmt":"2023-11-22T19:15:30","guid":{"rendered":"https:\/\/elcalaixetdelaiaia.es\/?p=25699"},"modified":"2023-11-22T19:15:30","modified_gmt":"2023-11-22T19:15:30","slug":"bizcocho-con-manzana-en-panificadora-paso-a-paso","status":"publish","type":"post","link":"https:\/\/elcalaixetdelaiaia.es\/?p=25699","title":{"rendered":"Bizcocho con manzana en panificadora paso a paso"},"content":{"rendered":"<p>\u00abRefrany; Una poma al d\u00eda, vida sana i alegr\u00eda\u00bb\u00a0 Una manzana al d\u00eda, vida sana y alegr\u00eda.<\/p>\n<p>En cuanto estoy con mis ni\u00f1as, tenemos que cocinar juntas si, o si y claro yo m\u00e1s feliz que una perdiz. En esta ocasi\u00f3n est\u00e1bamos solas la peque y yo, y decidimos preparar un bizcocho para la merienda, pero el horno no funcionaba bien, y decid\u00ed hacerlo con la panificadora, ya que hemos preparado bizcochos de otras clases en varias ocasiones, y salen, mmmm riquisisisisimos, as\u00ed que manos a la obra, aunque yo solo tom\u00e9 fotos ya que fue mi chiquitina quien se encarg\u00f3 de todo.<\/p>\n<p>Necesitaremos;<\/p>\n<p><img decoding=\"async\" loading=\"lazy\" class=\"alignnone size-full wp-image-25881\" src=\"https:\/\/elcalaixetdelaiaia.es\/wp-content\/uploads\/2023\/11\/1.jpeg\" alt=\"\" width=\"1024\" height=\"768\" srcset=\"https:\/\/elcalaixetdelaiaia.es\/wp-content\/uploads\/2023\/11\/1.jpeg 1024w, https:\/\/elcalaixetdelaiaia.es\/wp-content\/uploads\/2023\/11\/1-300x225.jpeg 300w, https:\/\/elcalaixetdelaiaia.es\/wp-content\/uploads\/2023\/11\/1-768x576.jpeg 768w\" sizes=\"(max-width: 1024px) 100vw, 1024px\" \/><\/p>\n<ol>\n<li>3 huevos camperos<\/li>\n<li>150 ml de aceite de oliva<\/li>\n<li>250 ml de leche<\/li>\n<li>125 g de az\u00facar blanquilla<\/li>\n<li>Una cucharadita de moka, de sal<\/li>\n<li>Una cucharadita de az\u00facar blanquilla<\/li>\n<li>Una cucharadita de moka, de canela molida<\/li>\n<li>4oo g de harina de trigo<\/li>\n<li>Dos manzanas<\/li>\n<li>16 g o un sobre, de levadura en polvo<\/li>\n<li>La ralladura de un lim\u00f3n<\/li>\n<li>Dos cucharadas de az\u00facar glas<\/li>\n<\/ol>\n<p>Ya sab\u00e9is mis seguidores que en el pueblo, tengo el privilegio de consumir productos de casa, los huevos, son de las gallinas que cr\u00edan mi nuera y mi hijo, y que viven como unas reinas, rodeadas de monta\u00f1as y en plena naturaleza. Si os es posible, consumir huevos camperos, de gallinas criadas al aire libre, en el suelo, son m\u00e1s caros, pero merece la pena.<\/p>\n<p><img decoding=\"async\" loading=\"lazy\" class=\"alignnone size-large wp-image-17170 aligncenter\" src=\"https:\/\/elcalaixetdelaiaia.es\/wp-content\/uploads\/2018\/05\/IMG_4876-1024x768.png\" alt=\"\" width=\"750\" height=\"563\" srcset=\"https:\/\/elcalaixetdelaiaia.es\/wp-content\/uploads\/2018\/05\/IMG_4876-1024x768.png 1024w, https:\/\/elcalaixetdelaiaia.es\/wp-content\/uploads\/2018\/05\/IMG_4876-300x225.png 300w, https:\/\/elcalaixetdelaiaia.es\/wp-content\/uploads\/2018\/05\/IMG_4876-768x576.png 768w\" sizes=\"(max-width: 750px) 100vw, 750px\" \/><\/p>\n<p style=\"text-align: center;\">Comenzaremos quitando las aspas de la cubeta, ya que hoy no hay que amasar, solo la vamos a utilizar para hornear.<\/p>\n<p style=\"text-align: center;\">Los siguientes pasos os sirven igual para hacer de forma tradicional como para la panificadora.<\/p>\n<p style=\"text-align: center;\"><img decoding=\"async\" loading=\"lazy\" class=\"alignnone size-full wp-image-25901\" src=\"https:\/\/elcalaixetdelaiaia.es\/wp-content\/uploads\/2023\/11\/2-1.jpeg\" alt=\"\" width=\"1024\" height=\"768\" srcset=\"https:\/\/elcalaixetdelaiaia.es\/wp-content\/uploads\/2023\/11\/2-1.jpeg 1024w, https:\/\/elcalaixetdelaiaia.es\/wp-content\/uploads\/2023\/11\/2-1-300x225.jpeg 300w, https:\/\/elcalaixetdelaiaia.es\/wp-content\/uploads\/2023\/11\/2-1-768x576.jpeg 768w\" sizes=\"(max-width: 1024px) 100vw, 1024px\" \/><\/p>\n<p style=\"text-align: center;\">En un bol ponemos los huevos<\/p>\n<p style=\"text-align: center;\"><img decoding=\"async\" loading=\"lazy\" class=\"alignnone size-full wp-image-25883\" src=\"https:\/\/elcalaixetdelaiaia.es\/wp-content\/uploads\/2023\/11\/3-2.jpeg\" alt=\"\" width=\"1024\" height=\"768\" srcset=\"https:\/\/elcalaixetdelaiaia.es\/wp-content\/uploads\/2023\/11\/3-2.jpeg 1024w, https:\/\/elcalaixetdelaiaia.es\/wp-content\/uploads\/2023\/11\/3-2-300x225.jpeg 300w, https:\/\/elcalaixetdelaiaia.es\/wp-content\/uploads\/2023\/11\/3-2-768x576.jpeg 768w\" sizes=\"(max-width: 1024px) 100vw, 1024px\" \/><\/p>\n<p style=\"text-align: center;\">a\u00f1adimos el az\u00facar, y batimos hasta que se mezclen bien, que ser\u00e1 cuando comience a blanquear<\/p>\n<p style=\"text-align: center;\"><img decoding=\"async\" loading=\"lazy\" class=\"alignnone size-full wp-image-25884\" src=\"https:\/\/elcalaixetdelaiaia.es\/wp-content\/uploads\/2023\/11\/5.jpeg\" alt=\"\" width=\"972\" height=\"768\" srcset=\"https:\/\/elcalaixetdelaiaia.es\/wp-content\/uploads\/2023\/11\/5.jpeg 972w, https:\/\/elcalaixetdelaiaia.es\/wp-content\/uploads\/2023\/11\/5-300x237.jpeg 300w, https:\/\/elcalaixetdelaiaia.es\/wp-content\/uploads\/2023\/11\/5-768x607.jpeg 768w\" sizes=\"(max-width: 972px) 100vw, 972px\" \/><\/p>\n<p style=\"text-align: center;\">a\u00f1adimos 250ml de leche<\/p>\n<p style=\"text-align: center;\"><img decoding=\"async\" loading=\"lazy\" class=\"alignnone size-full wp-image-25885\" src=\"https:\/\/elcalaixetdelaiaia.es\/wp-content\/uploads\/2023\/11\/6.jpeg\" alt=\"\" width=\"1024\" height=\"768\" srcset=\"https:\/\/elcalaixetdelaiaia.es\/wp-content\/uploads\/2023\/11\/6.jpeg 1024w, https:\/\/elcalaixetdelaiaia.es\/wp-content\/uploads\/2023\/11\/6-300x225.jpeg 300w, https:\/\/elcalaixetdelaiaia.es\/wp-content\/uploads\/2023\/11\/6-768x576.jpeg 768w\" sizes=\"(max-width: 1024px) 100vw, 1024px\" \/><\/p>\n<p style=\"text-align: center;\">a\u00f1adimos tambi\u00e9n el aceite de oliva que sea suave y seguimos batiendo<\/p>\n<p style=\"text-align: center;\"><img decoding=\"async\" loading=\"lazy\" class=\"alignnone size-full wp-image-25888\" src=\"https:\/\/elcalaixetdelaiaia.es\/wp-content\/uploads\/2023\/11\/9.jpeg\" alt=\"\" width=\"1024\" height=\"768\" srcset=\"https:\/\/elcalaixetdelaiaia.es\/wp-content\/uploads\/2023\/11\/9.jpeg 1024w, https:\/\/elcalaixetdelaiaia.es\/wp-content\/uploads\/2023\/11\/9-300x225.jpeg 300w, https:\/\/elcalaixetdelaiaia.es\/wp-content\/uploads\/2023\/11\/9-768x576.jpeg 768w\" sizes=\"(max-width: 1024px) 100vw, 1024px\" \/><\/p>\n<p style=\"text-align: center;\">a\u00f1adimos la ralladura de la piel de un lim\u00f3n evitando la parte blanca, porque amarga<\/p>\n<p style=\"text-align: center;\"><img decoding=\"async\" loading=\"lazy\" class=\"alignnone size-full wp-image-25889\" src=\"https:\/\/elcalaixetdelaiaia.es\/wp-content\/uploads\/2023\/11\/10.jpeg\" alt=\"\" width=\"1024\" height=\"759\" srcset=\"https:\/\/elcalaixetdelaiaia.es\/wp-content\/uploads\/2023\/11\/10.jpeg 1024w, https:\/\/elcalaixetdelaiaia.es\/wp-content\/uploads\/2023\/11\/10-300x222.jpeg 300w, https:\/\/elcalaixetdelaiaia.es\/wp-content\/uploads\/2023\/11\/10-768x569.jpeg 768w\" sizes=\"(max-width: 1024px) 100vw, 1024px\" \/><\/p>\n<p style=\"text-align: center;\">y una cucharadita de canela en polvo<\/p>\n<p style=\"text-align: center;\"><img decoding=\"async\" loading=\"lazy\" class=\"alignnone size-full wp-image-25886\" src=\"https:\/\/elcalaixetdelaiaia.es\/wp-content\/uploads\/2023\/11\/7-2.jpeg\" alt=\"\" width=\"1024\" height=\"768\" srcset=\"https:\/\/elcalaixetdelaiaia.es\/wp-content\/uploads\/2023\/11\/7-2.jpeg 1024w, https:\/\/elcalaixetdelaiaia.es\/wp-content\/uploads\/2023\/11\/7-2-300x225.jpeg 300w, https:\/\/elcalaixetdelaiaia.es\/wp-content\/uploads\/2023\/11\/7-2-768x576.jpeg 768w\" sizes=\"(max-width: 1024px) 100vw, 1024px\" \/><\/p>\n<p style=\"text-align: center;\">cerneremos la levadura junto a la harina y la mezclaremos con la masa<\/p>\n<p style=\"text-align: center;\"><img decoding=\"async\" loading=\"lazy\" class=\"alignnone size-full wp-image-25887\" src=\"https:\/\/elcalaixetdelaiaia.es\/wp-content\/uploads\/2023\/11\/8.jpeg\" alt=\"\" width=\"1024\" height=\"768\" srcset=\"https:\/\/elcalaixetdelaiaia.es\/wp-content\/uploads\/2023\/11\/8.jpeg 1024w, https:\/\/elcalaixetdelaiaia.es\/wp-content\/uploads\/2023\/11\/8-300x225.jpeg 300w, https:\/\/elcalaixetdelaiaia.es\/wp-content\/uploads\/2023\/11\/8-768x576.jpeg 768w\" sizes=\"(max-width: 1024px) 100vw, 1024px\" \/><\/p>\n<p style=\"text-align: center;\">a\u00f1adiremos una cucharadita de sal com\u00fan<\/p>\n<p style=\"text-align: center;\"><img decoding=\"async\" loading=\"lazy\" class=\"alignnone size-full wp-image-25890\" src=\"https:\/\/elcalaixetdelaiaia.es\/wp-content\/uploads\/2023\/11\/11.jpeg\" alt=\"\" width=\"1024\" height=\"768\" srcset=\"https:\/\/elcalaixetdelaiaia.es\/wp-content\/uploads\/2023\/11\/11.jpeg 1024w, https:\/\/elcalaixetdelaiaia.es\/wp-content\/uploads\/2023\/11\/11-300x225.jpeg 300w, https:\/\/elcalaixetdelaiaia.es\/wp-content\/uploads\/2023\/11\/11-768x576.jpeg 768w\" sizes=\"(max-width: 1024px) 100vw, 1024px\" \/><\/p>\n<p style=\"text-align: center;\">una vez bien batida y sin grumos, la volcaremos en la cubeta para hacerla en la panificadora<\/p>\n<p style=\"text-align: center;\"><img decoding=\"async\" loading=\"lazy\" class=\"alignnone size-large wp-image-17178\" src=\"https:\/\/elcalaixetdelaiaia.es\/wp-content\/uploads\/2018\/05\/IMG_4884-1024x768.png\" alt=\"\" width=\"750\" height=\"563\" srcset=\"https:\/\/elcalaixetdelaiaia.es\/wp-content\/uploads\/2018\/05\/IMG_4884-1024x768.png 1024w, https:\/\/elcalaixetdelaiaia.es\/wp-content\/uploads\/2018\/05\/IMG_4884-300x225.png 300w, https:\/\/elcalaixetdelaiaia.es\/wp-content\/uploads\/2018\/05\/IMG_4884-768x576.png 768w\" sizes=\"(max-width: 750px) 100vw, 750px\" \/><\/p>\n<p style=\"text-align: center;\">o en un molde que pueda ir al horno, previamente pincelado con mantequilla, si la vamos a hornear de forma tradicional y la pondremos en el horno precalentado\u00a0a 170\u00ba \u00a0y dejamos hornear aproximadamente 35 minutos (cada horno es un mundo y estos tiempos son orientativos) o hasta verla dorar y comprobar con un palillo en el centro si sale limpio.<\/p>\n<p style=\"text-align: center;\"><img decoding=\"async\" loading=\"lazy\" class=\"alignnone size-full wp-image-25891\" src=\"https:\/\/elcalaixetdelaiaia.es\/wp-content\/uploads\/2023\/11\/12.jpeg\" alt=\"\" width=\"768\" height=\"1024\" srcset=\"https:\/\/elcalaixetdelaiaia.es\/wp-content\/uploads\/2023\/11\/12.jpeg 768w, https:\/\/elcalaixetdelaiaia.es\/wp-content\/uploads\/2023\/11\/12-225x300.jpeg 225w\" sizes=\"(max-width: 768px) 100vw, 768px\" \/><\/p>\n<p style=\"text-align: center;\">en ambos casos, colocaremos la manzana pelada y cortada en gajos<\/p>\n<p style=\"text-align: center;\"><img decoding=\"async\" loading=\"lazy\" class=\"alignnone size-full wp-image-25892\" src=\"https:\/\/elcalaixetdelaiaia.es\/wp-content\/uploads\/2023\/11\/13.jpeg\" alt=\"\" width=\"768\" height=\"1024\" srcset=\"https:\/\/elcalaixetdelaiaia.es\/wp-content\/uploads\/2023\/11\/13.jpeg 768w, https:\/\/elcalaixetdelaiaia.es\/wp-content\/uploads\/2023\/11\/13-225x300.jpeg 225w\" sizes=\"(max-width: 768px) 100vw, 768px\" \/><\/p>\n<p style=\"text-align: center;\">y espolvoreamos por encima con az\u00facar blanquilla, al gusto<\/p>\n<p style=\"text-align: center;\"><img decoding=\"async\" loading=\"lazy\" class=\"alignnone size-large wp-image-17179\" src=\"https:\/\/elcalaixetdelaiaia.es\/wp-content\/uploads\/2018\/05\/IMG_4885-1024x768.png\" alt=\"\" width=\"750\" height=\"563\" srcset=\"https:\/\/elcalaixetdelaiaia.es\/wp-content\/uploads\/2018\/05\/IMG_4885-1024x768.png 1024w, https:\/\/elcalaixetdelaiaia.es\/wp-content\/uploads\/2018\/05\/IMG_4885-300x225.png 300w, https:\/\/elcalaixetdelaiaia.es\/wp-content\/uploads\/2018\/05\/IMG_4885-768x576.png 768w\" sizes=\"(max-width: 750px) 100vw, 750px\" \/><\/p>\n<p style=\"text-align: center;\">En la panificadora tapamos y programamos el men\u00fa 12<\/p>\n<p style=\"text-align: center;\"><img decoding=\"async\" loading=\"lazy\" class=\"alignnone size-large wp-image-17180\" src=\"https:\/\/elcalaixetdelaiaia.es\/wp-content\/uploads\/2018\/05\/IMG_4886-1024x768.png\" alt=\"\" width=\"750\" height=\"563\" srcset=\"https:\/\/elcalaixetdelaiaia.es\/wp-content\/uploads\/2018\/05\/IMG_4886-1024x768.png 1024w, https:\/\/elcalaixetdelaiaia.es\/wp-content\/uploads\/2018\/05\/IMG_4886-300x225.png 300w, https:\/\/elcalaixetdelaiaia.es\/wp-content\/uploads\/2018\/05\/IMG_4886-768x576.png 768w\" sizes=\"(max-width: 750px) 100vw, 750px\" \/><\/p>\n<p style=\"text-align: center;\">hornear, tueste medio.<\/p>\n<p style=\"text-align: center;\"><img decoding=\"async\" loading=\"lazy\" class=\"alignnone size-large wp-image-17181\" src=\"https:\/\/elcalaixetdelaiaia.es\/wp-content\/uploads\/2018\/05\/IMG_4887-1024x768.png\" alt=\"\" width=\"750\" height=\"563\" srcset=\"https:\/\/elcalaixetdelaiaia.es\/wp-content\/uploads\/2018\/05\/IMG_4887-1024x768.png 1024w, https:\/\/elcalaixetdelaiaia.es\/wp-content\/uploads\/2018\/05\/IMG_4887-300x225.png 300w, https:\/\/elcalaixetdelaiaia.es\/wp-content\/uploads\/2018\/05\/IMG_4887-768x576.png 768w\" sizes=\"(max-width: 750px) 100vw, 750px\" \/><\/p>\n<p style=\"text-align: center;\">En cuanto suene la se\u00f1al ac\u00fastica avisando que ya ha pasado el tiempo necesario seg\u00fan el programa elegido, sacamos la cubeta con el bizcocho dentro y dejamos que se enfr\u00ede un poco antes de \u00a0desmoldar.<\/p>\n<p style=\"text-align: center;\"><img decoding=\"async\" loading=\"lazy\" class=\"alignnone size-full wp-image-25894\" src=\"https:\/\/elcalaixetdelaiaia.es\/wp-content\/uploads\/2023\/11\/15.jpeg\" alt=\"\" width=\"1024\" height=\"741\" srcset=\"https:\/\/elcalaixetdelaiaia.es\/wp-content\/uploads\/2023\/11\/15.jpeg 1024w, https:\/\/elcalaixetdelaiaia.es\/wp-content\/uploads\/2023\/11\/15-300x217.jpeg 300w, https:\/\/elcalaixetdelaiaia.es\/wp-content\/uploads\/2023\/11\/15-768x556.jpeg 768w\" sizes=\"(max-width: 1024px) 100vw, 1024px\" \/><\/p>\n<p style=\"text-align: center;\">Sacaremos el bizcocho, desmoldamos y dejamos en una rejilla hasta que se enfr\u00ede completamente.Lo mismo haremos si lo hemos horneado en el horno tradicional.<\/p>\n<p style=\"text-align: center;\"><img decoding=\"async\" loading=\"lazy\" class=\"alignnone size-full wp-image-25895\" src=\"https:\/\/elcalaixetdelaiaia.es\/wp-content\/uploads\/2023\/11\/16.jpeg\" alt=\"\" width=\"1024\" height=\"768\" srcset=\"https:\/\/elcalaixetdelaiaia.es\/wp-content\/uploads\/2023\/11\/16.jpeg 1024w, https:\/\/elcalaixetdelaiaia.es\/wp-content\/uploads\/2023\/11\/16-300x225.jpeg 300w, https:\/\/elcalaixetdelaiaia.es\/wp-content\/uploads\/2023\/11\/16-768x576.jpeg 768w\" sizes=\"(max-width: 1024px) 100vw, 1024px\" \/><\/p>\n<p style=\"text-align: center;\">Para darle un toque mas doradito, lo pongo en el grill del microondas durante 1o minutos.<\/p>\n<p style=\"text-align: center;\"><img decoding=\"async\" loading=\"lazy\" class=\"alignnone size-full wp-image-25896\" src=\"https:\/\/elcalaixetdelaiaia.es\/wp-content\/uploads\/2023\/11\/18-2.jpeg\" alt=\"\" width=\"1024\" height=\"768\" srcset=\"https:\/\/elcalaixetdelaiaia.es\/wp-content\/uploads\/2023\/11\/18-2.jpeg 1024w, https:\/\/elcalaixetdelaiaia.es\/wp-content\/uploads\/2023\/11\/18-2-300x225.jpeg 300w, https:\/\/elcalaixetdelaiaia.es\/wp-content\/uploads\/2023\/11\/18-2-768x576.jpeg 768w\" sizes=\"(max-width: 1024px) 100vw, 1024px\" \/><\/p>\n<p style=\"text-align: center;\">Espolvoreamos con az\u00facar glas<\/p>\n<p style=\"text-align: center;\"><img decoding=\"async\" loading=\"lazy\" class=\"alignnone size-full wp-image-25897\" src=\"https:\/\/elcalaixetdelaiaia.es\/wp-content\/uploads\/2023\/11\/19.jpeg\" alt=\"\" width=\"1024\" height=\"768\" srcset=\"https:\/\/elcalaixetdelaiaia.es\/wp-content\/uploads\/2023\/11\/19.jpeg 1024w, https:\/\/elcalaixetdelaiaia.es\/wp-content\/uploads\/2023\/11\/19-300x225.jpeg 300w, https:\/\/elcalaixetdelaiaia.es\/wp-content\/uploads\/2023\/11\/19-768x576.jpeg 768w\" sizes=\"(max-width: 1024px) 100vw, 1024px\" \/><\/p>\n<p style=\"text-align: center;\">y mi ni\u00f1a, muestra orgullosa, el bizcocho que ha preparado ella solita<\/p>\n<p style=\"text-align: center;\"><img decoding=\"async\" loading=\"lazy\" class=\"alignnone size-full wp-image-25898\" src=\"https:\/\/elcalaixetdelaiaia.es\/wp-content\/uploads\/2023\/11\/20.jpeg\" alt=\"\" width=\"1024\" height=\"768\" srcset=\"https:\/\/elcalaixetdelaiaia.es\/wp-content\/uploads\/2023\/11\/20.jpeg 1024w, https:\/\/elcalaixetdelaiaia.es\/wp-content\/uploads\/2023\/11\/20-300x225.jpeg 300w, https:\/\/elcalaixetdelaiaia.es\/wp-content\/uploads\/2023\/11\/20-768x576.jpeg 768w\" sizes=\"(max-width: 1024px) 100vw, 1024px\" \/><\/p>\n<p style=\"text-align: center;\">mmm&#8230; no s\u00e9 si comerme el bizcocho o com\u00e9rmela a ella a bocaditos jajajaja<\/p>\n<p style=\"text-align: center;\"><img decoding=\"async\" loading=\"lazy\" class=\"alignnone size-full wp-image-25899\" src=\"https:\/\/elcalaixetdelaiaia.es\/wp-content\/uploads\/2023\/11\/21.jpeg\" alt=\"\" width=\"768\" height=\"708\" srcset=\"https:\/\/elcalaixetdelaiaia.es\/wp-content\/uploads\/2023\/11\/21.jpeg 768w, https:\/\/elcalaixetdelaiaia.es\/wp-content\/uploads\/2023\/11\/21-300x277.jpeg 300w\" sizes=\"(max-width: 768px) 100vw, 768px\" \/><\/p>\n<p style=\"text-align: center;\">Vaya merendola tenemos esta tarde y lo mejor, la compa\u00f1\u00eda de mis corazones peque\u00f1os, que no por peque\u00f1os, son menos GRANDES \u2764\ufe0f\ufe0f\u2764\ufe0f\ufe0f\u2764\ufe0f\ufe0f.<\/p>\n<p style=\"text-align: center;\"><img decoding=\"async\" loading=\"lazy\" class=\"alignnone size-full wp-image-25900\" src=\"https:\/\/elcalaixetdelaiaia.es\/wp-content\/uploads\/2023\/11\/22.jpeg\" alt=\"\" width=\"768\" height=\"867\" srcset=\"https:\/\/elcalaixetdelaiaia.es\/wp-content\/uploads\/2023\/11\/22.jpeg 768w, https:\/\/elcalaixetdelaiaia.es\/wp-content\/uploads\/2023\/11\/22-266x300.jpeg 266w\" sizes=\"(max-width: 768px) 100vw, 768px\" \/><\/p>\n<p style=\"text-align: center;\">\u00abA la taula i&#8230; BON PROFIT!!!\u00bb<\/p>\n<p style=\"text-align: center;\">Si te ha gustado esta receta y quieres compartir, me ayudar\u00e1s a que llegue a mas gente. Gracias. Recuerda que estoy en Facebook\u00a0 <a href=\"https:\/\/www.facebook.com\/profile.php?id=100067387174392\">https:\/\/www.facebook.com\/profile.php?id=100067387174392<\/a><\/p>\n","protected":false},"excerpt":{"rendered":"<p>\u00abRefrany; Una poma al d\u00eda, vida sana i alegr\u00eda\u00bb\u00a0 Una manzana al d\u00eda, vida sana y alegr\u00eda. En cuanto estoy con mis ni\u00f1as, tenemos que cocinar juntas si, o si y claro yo m\u00e1s feliz que una perdiz. En esta ocasi\u00f3n est\u00e1bamos solas la peque y yo, y decidimos preparar &hellip; <\/p>\n","protected":false},"author":2,"featured_media":25900,"comment_status":"open","ping_status":"open","sticky":false,"template":"","format":"standard","meta":[],"categories":[6,1],"tags":[],"_links":{"self":[{"href":"https:\/\/elcalaixetdelaiaia.es\/index.php?rest_route=\/wp\/v2\/posts\/25699"}],"collection":[{"href":"https:\/\/elcalaixetdelaiaia.es\/index.php?rest_route=\/wp\/v2\/posts"}],"about":[{"href":"https:\/\/elcalaixetdelaiaia.es\/index.php?rest_route=\/wp\/v2\/types\/post"}],"author":[{"embeddable":true,"href":"https:\/\/elcalaixetdelaiaia.es\/index.php?rest_route=\/wp\/v2\/users\/2"}],"replies":[{"embeddable":true,"href":"https:\/\/elcalaixetdelaiaia.es\/index.php?rest_route=%2Fwp%2Fv2%2Fcomments&post=25699"}],"version-history":[{"count":3,"href":"https:\/\/elcalaixetdelaiaia.es\/index.php?rest_route=\/wp\/v2\/posts\/25699\/revisions"}],"predecessor-version":[{"id":25903,"href":"https:\/\/elcalaixetdelaiaia.es\/index.php?rest_route=\/wp\/v2\/posts\/25699\/revisions\/25903"}],"wp:featuredmedia":[{"embeddable":true,"href":"https:\/\/elcalaixetdelaiaia.es\/index.php?rest_route=\/wp\/v2\/media\/25900"}],"wp:attachment":[{"href":"https:\/\/elcalaixetdelaiaia.es\/index.php?rest_route=%2Fwp%2Fv2%2Fmedia&parent=25699"}],"wp:term":[{"taxonomy":"category","embeddable":true,"href":"https:\/\/elcalaixetdelaiaia.es\/index.php?rest_route=%2Fwp%2Fv2%2Fcategories&post=25699"},{"taxonomy":"post_tag","embeddable":true,"href":"https:\/\/elcalaixetdelaiaia.es\/index.php?rest_route=%2Fwp%2Fv2%2Ftags&post=25699"}],"curies":[{"name":"wp","href":"https:\/\/api.w.org\/{rel}","templated":true}]}}