{"id":256,"date":"2016-07-23T19:23:00","date_gmt":"2016-07-23T19:23:00","guid":{"rendered":"http:\/\/elcalaixetdelaiaia.es\/ensalada-de-patata-marinera-con-tomate"},"modified":"2025-06-05T10:04:10","modified_gmt":"2025-06-05T10:04:10","slug":"ensalada-de-patata-marinera-con-tomate","status":"publish","type":"post","link":"https:\/\/elcalaixetdelaiaia.es\/?p=256","title":{"rendered":"Ensalada de patata marinera con tomate del Perell\u00f3 paso a paso foto a foto"},"content":{"rendered":"<p>\u00abRefrany<span style=\"caret-color: #202122; color: #202122; font-family: -apple-system, BlinkMacSystemFont,;\">;<\/span>\u00abLa tomata, com la poma, tot l\u2019any \u00e9s bona\u00bb El tomate, como la manzana, es bueno todo el a\u00f1o.<\/p>\n<p>Eso es lo que dice el \u00abrefrany\u00bb o \u00abdita\u00bb aunque hace a\u00f1os que no encuentro tomates que sepan a tomate en todo el a\u00f1o. He de esperar a que llegue Junio, con el verano, para degustar un tomate con sabor de tomate, el resto del a\u00f1o me he de conformar con tomates que apenas recuerdan en sabor a los de antes \ud83d\ude41<\/p>\n<p>El tomate del Perell\u00f3 huele y sabe a TOMATE. En los terrenos arenosos de esta Entidad Local Menor perteneciente al municipio valenciano de Sueca se cultivan los mejores tomates del mundo, una variedad aut\u00f3ctona que se viene recuperando desde hace una d\u00e9cada.<\/p>\n<div class=\"separator\" style=\"clear: both; text-align: center;\"><a style=\"margin-left: 1em; margin-right: 1em;\" href=\"https:\/\/3.bp.blogspot.com\/-1lalUgnEaho\/V5O7c0GQUYI\/AAAAAAAAlw8\/Dipzxpi5iAAGp4U_Vw5GrP9QgDCFnq_QgCEw\/s1600\/tomatapere.jpg\"><img decoding=\"async\" loading=\"lazy\" src=\"https:\/\/elcalaixetdelaiaia.es\/wp-content\/uploads\/2016\/07\/tomatapere.jpg\" width=\"640\" height=\"480\" border=\"0\" \/><\/a><\/div>\n<p>Se trata de un tomate valenciano muy oloroso, sabroso, muy carnoso, tiene poca semilla, la piel fina, un sabor en boca muy dulce y poca acidez, tiene cultivo biol\u00f3gico en plena Albufera, con el sello distintivo y la marca de calidad del parque natural y su privilegiado microclima.<\/p>\n<p>El potencial del sabor del tomate valenciano se atribuye a la tierra arenosa (es conocido como \u00abhijo de la duna\u00bb, ya que se cultivaba tradicionalmente sobre la arena, al pie de las dunas que lo proteg\u00edan del viento, y se regaba con aguas sobrantes y un punto salinas, que llegaban de la Albufera) y a las aguas salitrosas con las que se riegan los cultivos.<\/p>\n<div class=\"separator\" style=\"clear: both; text-align: center;\"><a style=\"margin-left: 1em; margin-right: 1em;\" href=\"https:\/\/3.bp.blogspot.com\/-gua-IizhCFQ\/V5O7c3K4_5I\/AAAAAAAAlxA\/4MVMY5U2ehgC8YVLK0loe0p3N1__DPvAACEw\/s1600\/tomataElPerell%25C3%25B2.jpg\"><img decoding=\"async\" loading=\"lazy\" src=\"https:\/\/elcalaixetdelaiaia.es\/wp-content\/uploads\/2016\/07\/tomataElPerellC3B2.jpg\" width=\"640\" height=\"358\" border=\"0\" \/><\/a><\/div>\n<p>Ya es una gozada disfrutar de esta vista en los mercados y fruter\u00edas&#8230; se van los ojos ante semejante preciosidad y se hace la boca agua de pensar, en saborear este manjar.<\/p>\n<p>Bueno, pues hoy me han regalado \u00e9stos maravillosos tomates con los que har\u00e9 varias recetas, aunque no hay ninguna como la de lavarlos bien, abrirlos por la mitad y comerlos a bocados simplemente con una pizca de sal, como los encantaban a mi iaio Antoniet&#8230;mmmmm \u00abx\u00e9 que boooooo\u00bb .<\/p>\n<p>Necesitaremos para tres comensales;<\/p>\n<div class=\"separator\" style=\"clear: both; text-align: center;\"><a style=\"margin-left: 1em; margin-right: 1em;\" href=\"https:\/\/4.bp.blogspot.com\/-r2nd_JBICew\/V5O7-7Od_kI\/AAAAAAAAlxE\/jmcpvzOzVWkVnSH439Nuv95r0XMw-E1tACLcB\/s1600\/IMG_2348.JPG\"><img decoding=\"async\" loading=\"lazy\" src=\"https:\/\/elcalaixetdelaiaia.es\/wp-content\/uploads\/2016\/07\/IMG_2348.jpg\" width=\"640\" height=\"492\" border=\"0\" \/><\/a><\/div>\n<ol>\n<li>Cuatro patatas<\/li>\n<li>Tres huevos duros<\/li>\n<li>Un tomate bien hermoso del Perell\u00f3<\/li>\n<li>Una latita de ma\u00edz<\/li>\n<li>Lomos de at\u00fan blanco<\/li>\n<li>Un pu\u00f1adito de gambas peladas<\/li>\n<li>Aceite de oliva virgen<\/li>\n<li>Una cebolleta<\/li>\n<li>Un diente de ajo<\/li>\n<li>Perejil fresco<\/li>\n<li>Vinagre de manzana<\/li>\n<li>Pimienta<\/li>\n<li>Sal<\/li>\n<\/ol>\n<div class=\"separator\" style=\"clear: both; text-align: center;\"><a style=\"margin-left: 1em; margin-right: 1em;\" href=\"https:\/\/4.bp.blogspot.com\/-s-m2jD79ujc\/V5O8OdnCgxI\/AAAAAAAAlxM\/O_qLHajBpn8eHIEl8nq1DRybNxT4M5AAQCLcB\/s1600\/IMG_2349.JPG\"><img decoding=\"async\" loading=\"lazy\" src=\"https:\/\/elcalaixetdelaiaia.es\/wp-content\/uploads\/2016\/07\/IMG_2349.jpg\" width=\"640\" height=\"480\" border=\"0\" \/><\/a><\/div>\n<div><\/div>\n<div style=\"text-align: center;\">Lavaremos bien a fondo las patatas con agua fr\u00eda, si es preciso con un cepillito, procurando que sean del mismo tama\u00f1o para que cuezan en el mismo tiempo, y las pondremos hervir con su piel, agua y una pizca de sal que pondremos al mismo tiempo que las patatas, durante aproximadamente unos 20m minutos siempre dependiendo de la clase y tama\u00f1o de patata. Para comprobar el punto de cocci\u00f3n, se puede pinchar con un tenedor,<br \/>\ncuchillo fino, brocheta, aguja gruesa o similar. Sacaremos del agua y enfriaremos para pelar.<\/div>\n<div><\/div>\n<div class=\"separator\" style=\"clear: both; text-align: center;\"><a style=\"margin-left: 1em; margin-right: 1em;\" href=\"https:\/\/4.bp.blogspot.com\/-e8ZPUtMJvGU\/V5O8Or978pI\/AAAAAAAAlxQ\/SiPJwYgn8mo4bGWy5EtqydoZvSWhLJv-wCLcB\/s1600\/IMG_2350.JPG\"><img decoding=\"async\" loading=\"lazy\" src=\"https:\/\/elcalaixetdelaiaia.es\/wp-content\/uploads\/2016\/07\/IMG_2350.jpg\" width=\"640\" height=\"480\" border=\"0\" \/><\/a><\/div>\n<div><\/div>\n<div style=\"text-align: center;\">Se pelaran con toda facilidad y las cortaremos en rodajas de mas o menos un cm. de grosor<\/div>\n<div><\/div>\n<div class=\"separator\" style=\"clear: both; text-align: center;\"><a style=\"margin-left: 1em; margin-right: 1em;\" href=\"https:\/\/4.bp.blogspot.com\/-ZkhlGTyvfbw\/V5O8NhC9PVI\/AAAAAAAAlxI\/WeVVrWvbQisV7zadVKo3YYAoLt5mneCpwCLcB\/s1600\/IMG_2351.JPG\"><img decoding=\"async\" loading=\"lazy\" src=\"https:\/\/elcalaixetdelaiaia.es\/wp-content\/uploads\/2016\/07\/IMG_2351.jpg\" width=\"640\" height=\"480\" border=\"0\" \/><\/a><\/div>\n<div><\/div>\n<div style=\"text-align: center;\">En una sart\u00e9n con un poco de aceite de oliva sofreiremos las gambitas peladas, si es posible con un diente de ajo picadito, hasta que cambien de color, y reservaremos<\/div>\n<div><\/div>\n<div class=\"separator\" style=\"clear: both; text-align: center;\"><a style=\"margin-left: 1em; margin-right: 1em;\" href=\"https:\/\/1.bp.blogspot.com\/-mwIMUokfr38\/V5O8Pgd6VMI\/AAAAAAAAlxU\/WItHeUyaZaMLMeChqYoioohPgQg_Tab7ACLcB\/s1600\/IMG_2352.JPG\"><img decoding=\"async\" loading=\"lazy\" src=\"https:\/\/elcalaixetdelaiaia.es\/wp-content\/uploads\/2016\/07\/IMG_2352.jpg\" width=\"640\" height=\"480\" border=\"0\" \/><\/a><\/div>\n<div><\/div>\n<div style=\"text-align: center;\">Quitaremos la primera capa a la cebolleta y cortaremos<\/div>\n<div><\/div>\n<div class=\"separator\" style=\"clear: both; text-align: center;\"><a style=\"margin-left: 1em; margin-right: 1em;\" href=\"https:\/\/4.bp.blogspot.com\/-QU3nm7B4ggM\/V5O8QdHrGCI\/AAAAAAAAlxY\/aMUaisWSlqQZJcL0JU1fpcVYbqLiZfd-gCLcB\/s1600\/IMG_2353.JPG\"><img decoding=\"async\" loading=\"lazy\" src=\"https:\/\/elcalaixetdelaiaia.es\/wp-content\/uploads\/2016\/07\/IMG_2353.jpg\" width=\"640\" height=\"480\" border=\"0\" \/><\/a><\/div>\n<div><\/div>\n<div style=\"text-align: center;\">Colocaremos las rodajas de patata sofre una fuente de servir y sobre las mismas, la cebolleta<\/div>\n<div><\/div>\n<div class=\"separator\" style=\"clear: both; text-align: center;\"><a style=\"margin-left: 1em; margin-right: 1em;\" href=\"https:\/\/4.bp.blogspot.com\/-M-j4jRlEGjM\/V5O8Q5K4I0I\/AAAAAAAAlxc\/DvciYsdY06kc7oqj52YqmzbRtrTYxTN6wCLcB\/s1600\/IMG_2354.JPG\"><img decoding=\"async\" loading=\"lazy\" src=\"https:\/\/elcalaixetdelaiaia.es\/wp-content\/uploads\/2016\/07\/IMG_2354.jpg\" width=\"640\" height=\"480\" border=\"0\" \/><\/a><\/div>\n<div><\/div>\n<div style=\"text-align: center;\">Mirad que preciosidad de tomates. Los lavaremos bien, cortaremos a rodajas<\/div>\n<div><\/div>\n<div class=\"separator\" style=\"clear: both; text-align: center;\"><a style=\"margin-left: 1em; margin-right: 1em;\" href=\"https:\/\/3.bp.blogspot.com\/-7chGg8m2sdY\/V48sAtwI2iI\/AAAAAAAAlww\/QJehENdh8JE9NiGJi6HAiDAG5Kgoms5YgCEw\/s1600\/IMG_2355.JPG\"><img decoding=\"async\" loading=\"lazy\" src=\"https:\/\/elcalaixetdelaiaia.es\/wp-content\/uploads\/2016\/07\/IMG_2355.jpg\" width=\"640\" height=\"480\" border=\"0\" \/><\/a><\/div>\n<div><\/div>\n<div style=\"text-align: center;\">e iremos colocando otra capa de tomates<\/div>\n<div><\/div>\n<div class=\"separator\" style=\"clear: both; text-align: center;\"><a style=\"margin-left: 1em; margin-right: 1em;\" href=\"https:\/\/2.bp.blogspot.com\/-f5VutCPOZMc\/V48r_zKVLEI\/AAAAAAAAlww\/qOEiYDjmN6YskeX6eeDch4xFjImyMpjbgCEw\/s1600\/IMG_2356.JPG\"><img decoding=\"async\" loading=\"lazy\" src=\"https:\/\/elcalaixetdelaiaia.es\/wp-content\/uploads\/2016\/07\/IMG_2356.jpg\" width=\"640\" height=\"480\" border=\"0\" \/><\/a><\/div>\n<div><\/div>\n<div style=\"text-align: center;\">sobre las patatas y cebolla<\/div>\n<div><\/div>\n<div class=\"separator\" style=\"clear: both; text-align: center;\"><a style=\"margin-left: 1em; margin-right: 1em;\" href=\"https:\/\/4.bp.blogspot.com\/-uzP3wO98SX8\/V48sAQodoLI\/AAAAAAAAlww\/nYqiVewHRnUJt9I3abMy_EYvgD_BUcfewCEw\/s1600\/IMG_2357.JPG\"><img decoding=\"async\" loading=\"lazy\" src=\"https:\/\/elcalaixetdelaiaia.es\/wp-content\/uploads\/2016\/07\/IMG_2357.jpg\" width=\"640\" height=\"480\" border=\"0\" \/><\/a><\/div>\n<div><\/div>\n<div style=\"text-align: center;\">pelaremos y cortaremos los huevos duros, que ser\u00e1n nuestra siguiente capa<\/div>\n<div><\/div>\n<div class=\"separator\" style=\"clear: both; text-align: center;\"><a style=\"margin-left: 1em; margin-right: 1em;\" href=\"https:\/\/1.bp.blogspot.com\/-gWjhCINU47I\/V48sBY-JGjI\/AAAAAAAAlww\/6vHahmkJ17oNqoCMQMvl_hEOtmfi4a2TgCEw\/s1600\/IMG_2358.JPG\"><img decoding=\"async\" loading=\"lazy\" src=\"https:\/\/elcalaixetdelaiaia.es\/wp-content\/uploads\/2016\/07\/IMG_2358.jpg\" width=\"640\" height=\"480\" border=\"0\" \/><\/a><\/div>\n<div><\/div>\n<div style=\"text-align: center;\">Trocearemos y escurriremos los lomos de at\u00fan y pondremos junto a los huevos cocidos<\/div>\n<div><\/div>\n<div class=\"separator\" style=\"clear: both; text-align: center;\"><a style=\"margin-left: 1em; margin-right: 1em;\" href=\"https:\/\/1.bp.blogspot.com\/-HZdxv5jhCtk\/V48sB7oaaJI\/AAAAAAAAlww\/5ecKyUjds7kD3VD1PkvglcKplu6t_jCPgCEw\/s1600\/IMG_2359.JPG\"><img decoding=\"async\" loading=\"lazy\" src=\"https:\/\/elcalaixetdelaiaia.es\/wp-content\/uploads\/2016\/07\/IMG_2359.jpg\" width=\"640\" height=\"480\" border=\"0\" \/><\/a><\/div>\n<div><\/div>\n<div style=\"text-align: center;\">a continuaci\u00f3n las gambitas<\/div>\n<div><\/div>\n<div class=\"separator\" style=\"clear: both; text-align: center;\"><a style=\"margin-left: 1em; margin-right: 1em;\" href=\"https:\/\/2.bp.blogspot.com\/-c9IaI9wxClI\/V48sCgSxPQI\/AAAAAAAAlww\/H0KumSOa2Kc7OxDfiuu-xXnT6BSAz062wCEw\/s1600\/IMG_2361.JPG\"><img decoding=\"async\" loading=\"lazy\" src=\"https:\/\/elcalaixetdelaiaia.es\/wp-content\/uploads\/2016\/07\/IMG_2361.jpg\" width=\"640\" height=\"480\" border=\"0\" \/><\/a><\/div>\n<div style=\"text-align: center;\">salpimentaremos y pondremos el ma\u00edz escurrido<\/div>\n<div><\/div>\n<div class=\"separator\" style=\"clear: both; text-align: center;\"><a style=\"margin-left: 1em; margin-right: 1em;\" href=\"https:\/\/3.bp.blogspot.com\/-JedwccmcKm0\/V48sDLM8j-I\/AAAAAAAAlww\/eHCWBK4_Hm4iwUZ5SkHdG2zwTtNoRF8gwCEw\/s1600\/IMG_2363.JPG\"><img decoding=\"async\" loading=\"lazy\" src=\"https:\/\/elcalaixetdelaiaia.es\/wp-content\/uploads\/2016\/07\/IMG_2363.jpg\" width=\"640\" height=\"480\" border=\"0\" \/><\/a><\/div>\n<div><\/div>\n<div style=\"text-align: center;\">Unas gotas de aceite de oliva virgen, un chorrito de vinagre blanco, de manzana, de vino tinto, Jerez o de m\u00f3dena, (a vuestro gusto), cubriremos de papel film y al frigo, para que coja el frescor necesario<\/div>\n<div><\/div>\n<div class=\"separator\" style=\"clear: both; text-align: center;\"><a style=\"margin-left: 1em; margin-right: 1em;\" href=\"https:\/\/2.bp.blogspot.com\/-80iJy23pWO8\/V5PBJmKEazI\/AAAAAAAAlxw\/4DP7wejmoQ0Etoz90wwjECOZGul-KSooACLcB\/s1600\/IMG_2364.JPG\"><img decoding=\"async\" loading=\"lazy\" src=\"https:\/\/elcalaixetdelaiaia.es\/wp-content\/uploads\/2016\/07\/IMG_2364.jpg\" width=\"640\" height=\"480\" border=\"0\" \/><\/a><\/div>\n<div><\/div>\n<div style=\"text-align: center;\">En el momento de servir, cortaremos o picaremos perejil fresco<\/div>\n<div><\/div>\n<div class=\"separator\" style=\"clear: both; text-align: center;\"><a style=\"margin-left: 1em; margin-right: 1em;\" href=\"https:\/\/3.bp.blogspot.com\/-K0bS_eYho7s\/V48sEo00yaI\/AAAAAAAAlww\/X9aIdGFaTx0tqY63AsIKMIGOINyu-GbwQCEw\/s1600\/IMG_2365.JPG\"><img decoding=\"async\" loading=\"lazy\" src=\"https:\/\/elcalaixetdelaiaia.es\/wp-content\/uploads\/2016\/07\/IMG_2365.jpg\" width=\"640\" height=\"480\" border=\"0\" \/><\/a><\/div>\n<div style=\"text-align: center;\">y espolvoreamos con \u00e9l nuestra fresquita ensalada, que ya estar\u00e1 lista para comer<\/div>\n<div><\/div>\n<div class=\"separator\" style=\"clear: both; text-align: center;\"><a style=\"margin-left: 1em; margin-right: 1em;\" href=\"https:\/\/3.bp.blogspot.com\/-l0yUJVfxTdY\/V48sIgauznI\/AAAAAAAAlww\/68m7Bu6mfI8czsN3dVywQeaoTsphEXHcgCEw\/s1600\/IMG_2369.JPG\"><img decoding=\"async\" loading=\"lazy\" src=\"https:\/\/elcalaixetdelaiaia.es\/wp-content\/uploads\/2016\/07\/IMG_2369.jpg\" width=\"640\" height=\"480\" border=\"0\" \/><\/a><\/div>\n<div><\/div>\n<div style=\"text-align: center;\">y chuparnos los deditos. Podemos hacer m\u00e1s cantidad y guardarla en un taper, que est\u00e1 riqu\u00edsima incluso un par de d\u00edas despu\u00e9s.<\/div>\n<div class=\"separator\" style=\"clear: both;\"><\/div>\n<div class=\"separator\" style=\"clear: both; text-align: center;\"><img decoding=\"async\" loading=\"lazy\" src=\"https:\/\/elcalaixetdelaiaia.es\/wp-content\/uploads\/2016\/07\/IMG_2371.jpg\" width=\"640\" height=\"480\" border=\"0\" \/><\/div>\n<div class=\"separator\" style=\"clear: both;\"><\/div>\n<div class=\"separator\" style=\"clear: both; text-align: center;\">Por supuesto que \u00e9sta ensalada la podr\u00e9is hacer con cualquier otro tipo de tomate, pero lamentablemente, no sabr\u00e1 igual.<\/div>\n<div class=\"separator\" style=\"clear: both;\"><\/div>\n<div class=\"separator\" style=\"clear: both; text-align: center;\">\u00abA la taula i&#8230;BON PROFIT!!!\u00bb<\/div>\n<div class=\"separator\" style=\"clear: both; text-align: center;\">Conf\u00edo en que os guste la receta y si es as\u00ed y la compart\u00eds llegar\u00e1 a mas gente. \u00a1Gracias!<br \/>\nEspero tus comentarios y recuerda que tambi\u00e9n estoy en Facebook <a href=\"https:\/\/www.facebook.com\/El-calaixet-de-la-iaia-533062140099386\/\">https:\/\/www.facebook.com\/El-calaixet-de-la-iaia-533062140099386\/<\/a><\/div>\n","protected":false},"excerpt":{"rendered":"<p>\u00abRefrany;\u00abLa tomata, com la poma, tot l\u2019any \u00e9s bona\u00bb El tomate, como la manzana, es bueno todo el a\u00f1o. Eso es lo que dice el \u00abrefrany\u00bb o \u00abdita\u00bb aunque hace a\u00f1os que no encuentro tomates que sepan a tomate en todo el a\u00f1o. He de esperar a que llegue Junio, &hellip; <\/p>\n","protected":false},"author":2,"featured_media":17471,"comment_status":"open","ping_status":"open","sticky":false,"template":"","format":"standard","meta":[],"categories":[40,1,58],"tags":[],"_links":{"self":[{"href":"https:\/\/elcalaixetdelaiaia.es\/index.php?rest_route=\/wp\/v2\/posts\/256"}],"collection":[{"href":"https:\/\/elcalaixetdelaiaia.es\/index.php?rest_route=\/wp\/v2\/posts"}],"about":[{"href":"https:\/\/elcalaixetdelaiaia.es\/index.php?rest_route=\/wp\/v2\/types\/post"}],"author":[{"embeddable":true,"href":"https:\/\/elcalaixetdelaiaia.es\/index.php?rest_route=\/wp\/v2\/users\/2"}],"replies":[{"embeddable":true,"href":"https:\/\/elcalaixetdelaiaia.es\/index.php?rest_route=%2Fwp%2Fv2%2Fcomments&post=256"}],"version-history":[{"count":13,"href":"https:\/\/elcalaixetdelaiaia.es\/index.php?rest_route=\/wp\/v2\/posts\/256\/revisions"}],"predecessor-version":[{"id":27774,"href":"https:\/\/elcalaixetdelaiaia.es\/index.php?rest_route=\/wp\/v2\/posts\/256\/revisions\/27774"}],"wp:featuredmedia":[{"embeddable":true,"href":"https:\/\/elcalaixetdelaiaia.es\/index.php?rest_route=\/wp\/v2\/media\/17471"}],"wp:attachment":[{"href":"https:\/\/elcalaixetdelaiaia.es\/index.php?rest_route=%2Fwp%2Fv2%2Fmedia&parent=256"}],"wp:term":[{"taxonomy":"category","embeddable":true,"href":"https:\/\/elcalaixetdelaiaia.es\/index.php?rest_route=%2Fwp%2Fv2%2Fcategories&post=256"},{"taxonomy":"post_tag","embeddable":true,"href":"https:\/\/elcalaixetdelaiaia.es\/index.php?rest_route=%2Fwp%2Fv2%2Ftags&post=256"}],"curies":[{"name":"wp","href":"https:\/\/api.w.org\/{rel}","templated":true}]}}