{"id":25505,"date":"2023-07-15T21:41:53","date_gmt":"2023-07-15T21:41:53","guid":{"rendered":"https:\/\/elcalaixetdelaiaia.es\/?p=25505"},"modified":"2023-07-15T21:41:53","modified_gmt":"2023-07-15T21:41:53","slug":"como-hacer-en-casa-harina-de-reposteria-paso-a-paso","status":"publish","type":"post","link":"https:\/\/elcalaixetdelaiaia.es\/?p=25505","title":{"rendered":"Como hacer en casa, harina de reposter\u00eda paso a paso"},"content":{"rendered":"<p>\u00abRefrany; Qui matina, fa farina\u00bb\u00a0 Quien madruga, hace harina.<\/p>\n<p>Hay recetas que nos piden harina de reposter\u00eda, porque necesitan un tipo de harina m\u00e1s ligera, pero a veces, no tenemos en casa este tipo de harina. Os he contado en varias ocasiones, que en el pueblo, no hay tienda alguna y por tanto en m\u00e1s de una ocasi\u00f3n me ha ocurrido ir a hacer alguna receta que necesitaba este tipo de harina&#8230; y no tenerla, pero c\u00f3mo en casa siempre hay harina de trigo, y harina de ma\u00edz, pues&#8230; manos a la obra.<\/p>\n<p><span class=\"JCzEY ZwRhJd\"><span class=\"CSkcDe\">Y os preguntar\u00e9is \u00bfCu\u00e1l es la diferencia entre harina de trigo y harina de reposter\u00eda?<\/span><\/span><\/p>\n<p><span class=\"ILfuVd\" lang=\"es\"><span class=\"hgKElc\">Pues la harina de reposter\u00eda, es la harina que tiene en torno a 9 gramos de prote\u00edna por 100 gramos de harina. Es lo que llamar\u00edamos una harina floja. Es 100% harina de trigo sin impulsores. La diferencia con respecto a la harina normal es que es m\u00e1s blanca y ligera.<\/span><\/span><\/p>\n<p>Podemos hacerla muy f\u00e1cilmente en casa, all\u00e1 vamos.<\/p>\n<p><img decoding=\"async\" loading=\"lazy\" class=\"alignnone size-full wp-image-25535\" src=\"https:\/\/elcalaixetdelaiaia.es\/wp-content\/uploads\/2023\/07\/harinareposteria1.jpeg\" alt=\"\" width=\"1024\" height=\"768\" \/><\/p>\n<p>Necesitaremos;<\/p>\n<ol>\n<li>Harina de trigo<\/li>\n<li>Harina de ma\u00edz<\/li>\n<\/ol>\n<p><img decoding=\"async\" loading=\"lazy\" class=\"alignnone size-full wp-image-25536\" src=\"https:\/\/elcalaixetdelaiaia.es\/wp-content\/uploads\/2023\/07\/harinareposteria2.jpeg\" alt=\"\" width=\"1024\" height=\"768\" srcset=\"https:\/\/elcalaixetdelaiaia.es\/wp-content\/uploads\/2023\/07\/harinareposteria2.jpeg 1024w, https:\/\/elcalaixetdelaiaia.es\/wp-content\/uploads\/2023\/07\/harinareposteria2-300x225.jpeg 300w, https:\/\/elcalaixetdelaiaia.es\/wp-content\/uploads\/2023\/07\/harinareposteria2-768x576.jpeg 768w\" sizes=\"(max-width: 1024px) 100vw, 1024px\" \/><\/p>\n<p>Seg\u00fan la cantidad de harina que te pida la receta, por cada\u00a0 120 gramos de harina de trigo,<\/p>\n<p><img decoding=\"async\" loading=\"lazy\" class=\"alignnone size-full wp-image-25538\" src=\"https:\/\/elcalaixetdelaiaia.es\/wp-content\/uploads\/2023\/07\/harinareposteria3a.jpeg\" alt=\"\" width=\"1024\" height=\"768\" srcset=\"https:\/\/elcalaixetdelaiaia.es\/wp-content\/uploads\/2023\/07\/harinareposteria3a.jpeg 1024w, https:\/\/elcalaixetdelaiaia.es\/wp-content\/uploads\/2023\/07\/harinareposteria3a-300x225.jpeg 300w, https:\/\/elcalaixetdelaiaia.es\/wp-content\/uploads\/2023\/07\/harinareposteria3a-768x576.jpeg 768w\" sizes=\"(max-width: 1024px) 100vw, 1024px\" \/><\/p>\n<p>tenemos que quitar dos cucharadas,<\/p>\n<p><img decoding=\"async\" loading=\"lazy\" class=\"alignnone size-full wp-image-25537\" src=\"https:\/\/elcalaixetdelaiaia.es\/wp-content\/uploads\/2023\/07\/harinareposteria3.jpeg\" alt=\"\" width=\"1024\" height=\"768\" srcset=\"https:\/\/elcalaixetdelaiaia.es\/wp-content\/uploads\/2023\/07\/harinareposteria3.jpeg 1024w, https:\/\/elcalaixetdelaiaia.es\/wp-content\/uploads\/2023\/07\/harinareposteria3-300x225.jpeg 300w, https:\/\/elcalaixetdelaiaia.es\/wp-content\/uploads\/2023\/07\/harinareposteria3-768x576.jpeg 768w\" sizes=\"(max-width: 1024px) 100vw, 1024px\" \/><\/p>\n<p>cada cucharada pesa unos 10g<\/p>\n<p><img decoding=\"async\" loading=\"lazy\" class=\"alignnone size-full wp-image-25539\" src=\"https:\/\/elcalaixetdelaiaia.es\/wp-content\/uploads\/2023\/07\/harinareposteria4.jpeg\" alt=\"\" width=\"1024\" height=\"768\" srcset=\"https:\/\/elcalaixetdelaiaia.es\/wp-content\/uploads\/2023\/07\/harinareposteria4.jpeg 1024w, https:\/\/elcalaixetdelaiaia.es\/wp-content\/uploads\/2023\/07\/harinareposteria4-300x225.jpeg 300w, https:\/\/elcalaixetdelaiaia.es\/wp-content\/uploads\/2023\/07\/harinareposteria4-768x576.jpeg 768w\" sizes=\"(max-width: 1024px) 100vw, 1024px\" \/><\/p>\n<p>quitamos unos 20g de harina de trigo<\/p>\n<p><img decoding=\"async\" loading=\"lazy\" class=\"alignnone size-full wp-image-25540\" src=\"https:\/\/elcalaixetdelaiaia.es\/wp-content\/uploads\/2023\/07\/harinareposteria5.jpeg\" alt=\"\" width=\"1024\" height=\"768\" srcset=\"https:\/\/elcalaixetdelaiaia.es\/wp-content\/uploads\/2023\/07\/harinareposteria5.jpeg 1024w, https:\/\/elcalaixetdelaiaia.es\/wp-content\/uploads\/2023\/07\/harinareposteria5-300x225.jpeg 300w, https:\/\/elcalaixetdelaiaia.es\/wp-content\/uploads\/2023\/07\/harinareposteria5-768x576.jpeg 768w\" sizes=\"(max-width: 1024px) 100vw, 1024px\" \/><\/p>\n<p>y los sustituimos por harina de ma\u00edz o Maizena.<\/p>\n<p><img decoding=\"async\" loading=\"lazy\" class=\"alignnone size-full wp-image-25541\" src=\"https:\/\/elcalaixetdelaiaia.es\/wp-content\/uploads\/2023\/07\/harinareposteria6.jpeg\" alt=\"\" width=\"1024\" height=\"768\" srcset=\"https:\/\/elcalaixetdelaiaia.es\/wp-content\/uploads\/2023\/07\/harinareposteria6.jpeg 1024w, https:\/\/elcalaixetdelaiaia.es\/wp-content\/uploads\/2023\/07\/harinareposteria6-300x225.jpeg 300w, https:\/\/elcalaixetdelaiaia.es\/wp-content\/uploads\/2023\/07\/harinareposteria6-768x576.jpeg 768w\" sizes=\"(max-width: 1024px) 100vw, 1024px\" \/><\/p>\n<p>Luego tamizamos m\u00ednimo cuatro veces, vertiendo esa harina ya mezclada por el colador o el tamizador. Para que quede mas recogida la harina en el bol, si no ten\u00e9is tamizador, en lugar de dar golpecitos, pod\u00e9is hacerlo rodando un vaso boca abajo sobre la harina y el colador, como en la foto, tambi\u00e9n lo pod\u00e9is hacer con una cuchara.<\/p>\n<p><img decoding=\"async\" loading=\"lazy\" class=\"alignnone size-full wp-image-25542\" src=\"https:\/\/elcalaixetdelaiaia.es\/wp-content\/uploads\/2023\/07\/WhatsApp-Image-2023-07-15-at-19.05.37.jpeg\" alt=\"\" width=\"1024\" height=\"768\" srcset=\"https:\/\/elcalaixetdelaiaia.es\/wp-content\/uploads\/2023\/07\/WhatsApp-Image-2023-07-15-at-19.05.37.jpeg 1024w, https:\/\/elcalaixetdelaiaia.es\/wp-content\/uploads\/2023\/07\/WhatsApp-Image-2023-07-15-at-19.05.37-300x225.jpeg 300w, https:\/\/elcalaixetdelaiaia.es\/wp-content\/uploads\/2023\/07\/WhatsApp-Image-2023-07-15-at-19.05.37-768x576.jpeg 768w\" sizes=\"(max-width: 1024px) 100vw, 1024px\" \/><\/p>\n<p>Una vez, el resultado otra vez, y as\u00ed hasta unas cuatro veces (que parece mucho pero se hace bastante r\u00e1pido). Una vez tamizada esta mezcla varias veces, ya tenemos harina de reposter\u00eda, que podemos usar ya, o guardar en un recipiente con buena tapa. Cuando lo vay\u00e1is a usar, habr\u00e1 que tamizarlo de nuevo<\/p>\n<p>Si os gusta \u00e9ste post, pod\u00e9is compartir, para que llegue a m\u00e1s gente. Recordad que tambi\u00e9n estoy en Facebook https:\/\/www.facebook.com\/El-calaixet-de-la-iaia-533062140099386\/ y que espero vuestros comentarios. Gracias.<\/p>\n","protected":false},"excerpt":{"rendered":"<p>\u00abRefrany; Qui matina, fa farina\u00bb\u00a0 Quien madruga, hace harina. Hay recetas que nos piden harina de reposter\u00eda, porque necesitan un tipo de harina m\u00e1s ligera, pero a veces, no tenemos en casa este tipo de harina. Os he contado en varias ocasiones, que en el pueblo, no hay tienda alguna &hellip; <\/p>\n","protected":false},"author":2,"featured_media":25542,"comment_status":"open","ping_status":"open","sticky":false,"template":"","format":"standard","meta":[],"categories":[1],"tags":[],"_links":{"self":[{"href":"https:\/\/elcalaixetdelaiaia.es\/index.php?rest_route=\/wp\/v2\/posts\/25505"}],"collection":[{"href":"https:\/\/elcalaixetdelaiaia.es\/index.php?rest_route=\/wp\/v2\/posts"}],"about":[{"href":"https:\/\/elcalaixetdelaiaia.es\/index.php?rest_route=\/wp\/v2\/types\/post"}],"author":[{"embeddable":true,"href":"https:\/\/elcalaixetdelaiaia.es\/index.php?rest_route=\/wp\/v2\/users\/2"}],"replies":[{"embeddable":true,"href":"https:\/\/elcalaixetdelaiaia.es\/index.php?rest_route=%2Fwp%2Fv2%2Fcomments&post=25505"}],"version-history":[{"count":2,"href":"https:\/\/elcalaixetdelaiaia.es\/index.php?rest_route=\/wp\/v2\/posts\/25505\/revisions"}],"predecessor-version":[{"id":25543,"href":"https:\/\/elcalaixetdelaiaia.es\/index.php?rest_route=\/wp\/v2\/posts\/25505\/revisions\/25543"}],"wp:featuredmedia":[{"embeddable":true,"href":"https:\/\/elcalaixetdelaiaia.es\/index.php?rest_route=\/wp\/v2\/media\/25542"}],"wp:attachment":[{"href":"https:\/\/elcalaixetdelaiaia.es\/index.php?rest_route=%2Fwp%2Fv2%2Fmedia&parent=25505"}],"wp:term":[{"taxonomy":"category","embeddable":true,"href":"https:\/\/elcalaixetdelaiaia.es\/index.php?rest_route=%2Fwp%2Fv2%2Fcategories&post=25505"},{"taxonomy":"post_tag","embeddable":true,"href":"https:\/\/elcalaixetdelaiaia.es\/index.php?rest_route=%2Fwp%2Fv2%2Ftags&post=25505"}],"curies":[{"name":"wp","href":"https:\/\/api.w.org\/{rel}","templated":true}]}}