{"id":25210,"date":"2023-11-22T22:13:53","date_gmt":"2023-11-22T22:13:53","guid":{"rendered":"https:\/\/elcalaixetdelaiaia.es\/?p=25210"},"modified":"2024-05-30T21:21:00","modified_gmt":"2024-05-30T21:21:00","slug":"tarta-erika-stranger-things-paso-a-paso","status":"publish","type":"post","link":"https:\/\/elcalaixetdelaiaia.es\/?p=25210","title":{"rendered":"Tarta Stranger Things de galleta y chocolate paso a paso"},"content":{"rendered":"<p>\u00abRefrany; De tots Sants a Nadal, les setmanes mes fosques de l&#8217;any\u00bb.\u00a0 De todos Santos a Navidad, las semanas m\u00e1s oscuras del a\u00f1o.<\/p>\n<p>Mi peque\u00f1ina cumpli\u00f3 a\u00f1os, y le gusta mucho la tem\u00e1tica de Stranger Things, as\u00ed que ese a\u00f1o, la tem\u00e1tica de la tarta, fue esa, y sinceramente, tuve que documentarme,\u00a0 porque no ten\u00eda ni ideaaaa, pero vamos, que ya estoy puesta en el tema jejeje.<\/p>\n<p>A grandes rasgos, se trata de una serie de ciencia-ficci\u00f3n de \u00e9poca ochentera, en la que hay una serie de desapariciones y en la que unas luces de Navidad, juegan un papel importante. Madreee m\u00eda, con lo poriguitamiedosa que soy yo, y lo valientes que son mis ni\u00f1as que les gustan este tipo de historias&#8230;<\/p>\n<p>Bueno, a la tarta. C\u00f3mo casi siempre, para mis hijos y nietas, el interior ha de ser de galletas y esta vez, como no,\u00a0 con relleno de chocolate y trufa y chocolate blanco.<\/p>\n<p>Necesitaremos;<\/p>\n<p style=\"text-align: center;\"><img decoding=\"async\" loading=\"lazy\" class=\"alignnone size-full wp-image-25388\" src=\"https:\/\/elcalaixetdelaiaia.es\/wp-content\/uploads\/2023\/06\/WhatsApp-Image-2023-06-28-at-16.36.354.jpeg\" alt=\"\" width=\"1024\" height=\"768\" srcset=\"https:\/\/elcalaixetdelaiaia.es\/wp-content\/uploads\/2023\/06\/WhatsApp-Image-2023-06-28-at-16.36.354.jpeg 1024w, https:\/\/elcalaixetdelaiaia.es\/wp-content\/uploads\/2023\/06\/WhatsApp-Image-2023-06-28-at-16.36.354-300x225.jpeg 300w, https:\/\/elcalaixetdelaiaia.es\/wp-content\/uploads\/2023\/06\/WhatsApp-Image-2023-06-28-at-16.36.354-768x576.jpeg 768w\" sizes=\"(max-width: 1024px) 100vw, 1024px\" \/><\/p>\n<ol>\n<li>Un paquetes de galleta petit R\u00edo rectangulares<\/li>\n<li>Un paquete de galletas petit R\u00edo rectangulares de chocolate<\/li>\n<li>Cuatro cucharadas de az\u00facar glas<\/li>\n<li>300ml de nata para montar<\/li>\n<li>300g de chocolate puro fondant<\/li>\n<li>150ml de nata para montar (yo sin lactosa)<\/li>\n<li>Dos cucharadas de Nesquik (o caf\u00e9 instant\u00e1neo descafeinado)<\/li>\n<li>Un chorrito de wisky o brandy, opcional, aunque evaporaremos el alcohol.<\/li>\n<li>250 ml. de leche entera (yo sin lactosa)<\/li>\n<li>Fondant<\/li>\n<li>Regaliz negro<\/li>\n<li>Adornos al gusto.<\/li>\n<li>Ya se que siempre os digo lo mismo, pero cualquiera, repito CUALQUIERA, puede hacer una tarta de este tipo, no vale la excusa de falta de tiempo, tan s\u00f3lo hay que planear, escalar el trabajo y seguir el paso a paso. Yo no he ido a ning\u00fan curso de cocina, nunca, mis maestras han sido mis iaias, t\u00edas y madre, es todo cuesti\u00f3n de ilusi\u00f3n, ganas y cari\u00f1o. Tan s\u00f3lo hacer y deshacer, nadie nace sabiendo, unas veces, sale muy bien, otras, regular y otras mal, no somos perfectos, no tenemos un obrador, ni las maquinarias y accesorios necesarios, lo artesanal tiene m\u00e1s m\u00e9rito, mis posts parecen el libro gordo de Petete, con miles de fotos, para ense\u00f1aros lo mejor que s\u00e9, para compartir con vosotros lo que he aprendido, a base de como \u00abel matalafer, fer i desfer\u00bb , si yo puedo, cualquiera puede \u00a1Venga, \u00e1nimo y a ponernos el delantal!<\/li>\n<li>Aunque en la foto hay chocolate blanco, al final no lo puse, porque quer\u00edan toda la tarta de trufa<\/li>\n<\/ol>\n<p>Comenzaremos a ratitos y a d\u00edas, preparando los adornos, que es lo que m\u00e1s cuesta, por ejemplo, un d\u00eda cortamos el regaliz, que ser\u00e1 el cable de las luces y lo guardamos en un taper, bolsa o papel film.<\/p>\n<p><img decoding=\"async\" loading=\"lazy\" class=\"alignnone size-full wp-image-27675\" src=\"https:\/\/elcalaixetdelaiaia.es\/wp-content\/uploads\/2023\/11\/4-2.jpeg\" alt=\"\" width=\"1024\" height=\"768\" srcset=\"https:\/\/elcalaixetdelaiaia.es\/wp-content\/uploads\/2023\/11\/4-2.jpeg 1024w, https:\/\/elcalaixetdelaiaia.es\/wp-content\/uploads\/2023\/11\/4-2-300x225.jpeg 300w, https:\/\/elcalaixetdelaiaia.es\/wp-content\/uploads\/2023\/11\/4-2-768x576.jpeg 768w\" sizes=\"(max-width: 1024px) 100vw, 1024px\" \/><\/p>\n<p>En otro ratito que tengamos libre, mezclaremos fondant blanco, con tintes alimentarios de colores azul, rojo, amarillo,gris, negro&#8230;<\/p>\n<p><img decoding=\"async\" loading=\"lazy\" class=\"alignnone size-full wp-image-27677\" src=\"https:\/\/elcalaixetdelaiaia.es\/wp-content\/uploads\/2023\/11\/2-2-1.jpeg\" alt=\"\" width=\"1024\" height=\"768\" srcset=\"https:\/\/elcalaixetdelaiaia.es\/wp-content\/uploads\/2023\/11\/2-2-1.jpeg 1024w, https:\/\/elcalaixetdelaiaia.es\/wp-content\/uploads\/2023\/11\/2-2-1-300x225.jpeg 300w, https:\/\/elcalaixetdelaiaia.es\/wp-content\/uploads\/2023\/11\/2-2-1-768x576.jpeg 768w\" sizes=\"(max-width: 1024px) 100vw, 1024px\" \/><\/p>\n<p>y formaremos con los dedos unas bolitas, procurando que queden de tama\u00f1o similar, a las que daremos forma alargada,<\/p>\n<p><img decoding=\"async\" loading=\"lazy\" class=\"alignnone size-full wp-image-27678\" src=\"https:\/\/elcalaixetdelaiaia.es\/wp-content\/uploads\/2023\/11\/3-3.jpeg\" alt=\"\" width=\"1024\" height=\"576\" srcset=\"https:\/\/elcalaixetdelaiaia.es\/wp-content\/uploads\/2023\/11\/3-3.jpeg 1024w, https:\/\/elcalaixetdelaiaia.es\/wp-content\/uploads\/2023\/11\/3-3-300x169.jpeg 300w, https:\/\/elcalaixetdelaiaia.es\/wp-content\/uploads\/2023\/11\/3-3-768x432.jpeg 768w\" sizes=\"(max-width: 1024px) 100vw, 1024px\" \/><\/p>\n<p>como unos grandes pi\u00f1ones, o dej\u00e1ndolas redondas, si os es m\u00e1s f\u00e1cil. Cortamos trocitos de regaliz o hacemos un rulito con fondant negro, y vamos cortando de ah\u00ed, las piezas que har\u00e1n de uni\u00f3n con el cable y las bombillitas. Vamos guardando.<\/p>\n<p>&nbsp;<\/p>\n<p>Otro d\u00eda, o en otro momento en que dispongamos de mas tiempo, vamos a comenzar la tarta. Os recuerdo que un vez hecha la tarta y antes de poner la nata y el fondant, podemos envolverla bien y congelarla, incluso con el recipiente. Si vamos muy mal de tiempo, no hay problema en hacerlo as\u00ed, luego la dejaremos descongelar en el frigo y procederemos a terminarla. Yo esta vez, si he tenido todo un s\u00e1bado por delante, para comerla el domingo, y no la he tenido que congelar, eso si&#8230; todos los adornos los ten\u00eda hechos previamente \ud83d\ude09<\/p>\n<p><img decoding=\"async\" loading=\"lazy\" class=\"alignnone size-full wp-image-25904\" src=\"https:\/\/elcalaixetdelaiaia.es\/wp-content\/uploads\/2023\/11\/5-1.jpeg\" alt=\"\" width=\"1024\" height=\"768\" srcset=\"https:\/\/elcalaixetdelaiaia.es\/wp-content\/uploads\/2023\/11\/5-1.jpeg 1024w, https:\/\/elcalaixetdelaiaia.es\/wp-content\/uploads\/2023\/11\/5-1-300x225.jpeg 300w, https:\/\/elcalaixetdelaiaia.es\/wp-content\/uploads\/2023\/11\/5-1-768x576.jpeg 768w\" sizes=\"(max-width: 1024px) 100vw, 1024px\" \/><\/p>\n<p style=\"text-align: center;\">ponemos en un bol 300ml de nata o crema de leche, y la calentamos en el microondas<\/p>\n<p><img decoding=\"async\" loading=\"lazy\" class=\"alignnone size-full wp-image-25905\" src=\"https:\/\/elcalaixetdelaiaia.es\/wp-content\/uploads\/2023\/11\/6-1.jpeg\" alt=\"\" width=\"1024\" height=\"768\" srcset=\"https:\/\/elcalaixetdelaiaia.es\/wp-content\/uploads\/2023\/11\/6-1.jpeg 1024w, https:\/\/elcalaixetdelaiaia.es\/wp-content\/uploads\/2023\/11\/6-1-300x225.jpeg 300w, https:\/\/elcalaixetdelaiaia.es\/wp-content\/uploads\/2023\/11\/6-1-768x576.jpeg 768w\" sizes=\"(max-width: 1024px) 100vw, 1024px\" \/><\/p>\n<p>a\u00f1adimos la misma cantidad&#8230; o sea 300g de chocolate puro fondant<\/p>\n<p><img decoding=\"async\" loading=\"lazy\" class=\"alignnone size-full wp-image-25906\" src=\"https:\/\/elcalaixetdelaiaia.es\/wp-content\/uploads\/2023\/11\/7.jpeg\" alt=\"\" width=\"1024\" height=\"768\" srcset=\"https:\/\/elcalaixetdelaiaia.es\/wp-content\/uploads\/2023\/11\/7.jpeg 1024w, https:\/\/elcalaixetdelaiaia.es\/wp-content\/uploads\/2023\/11\/7-300x225.jpeg 300w, https:\/\/elcalaixetdelaiaia.es\/wp-content\/uploads\/2023\/11\/7-768x576.jpeg 768w\" sizes=\"(max-width: 1024px) 100vw, 1024px\" \/><\/p>\n<p style=\"text-align: center;\">y batimos hasta que se derrita y conseguir la crema de chocolate<\/p>\n<p><img decoding=\"async\" loading=\"lazy\" class=\"alignnone size-full wp-image-25907\" src=\"https:\/\/elcalaixetdelaiaia.es\/wp-content\/uploads\/2023\/11\/8-1.jpeg\" alt=\"\" width=\"1024\" height=\"768\" srcset=\"https:\/\/elcalaixetdelaiaia.es\/wp-content\/uploads\/2023\/11\/8-1.jpeg 1024w, https:\/\/elcalaixetdelaiaia.es\/wp-content\/uploads\/2023\/11\/8-1-300x225.jpeg 300w, https:\/\/elcalaixetdelaiaia.es\/wp-content\/uploads\/2023\/11\/8-1-768x576.jpeg 768w\" sizes=\"(max-width: 1024px) 100vw, 1024px\" \/><\/p>\n<p style=\"text-align: center;\">untaremos las paredes de un molde de silicona desmontable, en mi caso, es de 23cm y no necesita encamisado, ni forrado alguno. En un taz\u00f3n,\u00a0 ponemos 250ml de leche y dos cucharadas de Nesquik. Si a\u00f1ad\u00eds brandy o wisky a la leche, calentarla hasta que de un par de hervores, si no pon\u00e9is alcohol, con la leche tibia es mas que suficiente.<\/p>\n<p>Mojaremos las galletas de chocolate en la leche chocolateada, solo hundir la galleta y sacar de inmediato,<\/p>\n<p><img decoding=\"async\" loading=\"lazy\" class=\"alignnone size-full wp-image-25908\" src=\"https:\/\/elcalaixetdelaiaia.es\/wp-content\/uploads\/2023\/11\/9-1.jpeg\" alt=\"\" width=\"1024\" height=\"768\" srcset=\"https:\/\/elcalaixetdelaiaia.es\/wp-content\/uploads\/2023\/11\/9-1.jpeg 1024w, https:\/\/elcalaixetdelaiaia.es\/wp-content\/uploads\/2023\/11\/9-1-300x225.jpeg 300w, https:\/\/elcalaixetdelaiaia.es\/wp-content\/uploads\/2023\/11\/9-1-768x576.jpeg 768w\" sizes=\"(max-width: 1024px) 100vw, 1024px\" \/><\/p>\n<p style=\"text-align: center;\">y cubriremos el fondo del molde<\/p>\n<p><img decoding=\"async\" loading=\"lazy\" class=\"alignnone size-full wp-image-25909\" src=\"https:\/\/elcalaixetdelaiaia.es\/wp-content\/uploads\/2023\/11\/10-1.jpeg\" alt=\"\" width=\"1024\" height=\"768\" srcset=\"https:\/\/elcalaixetdelaiaia.es\/wp-content\/uploads\/2023\/11\/10-1.jpeg 1024w, https:\/\/elcalaixetdelaiaia.es\/wp-content\/uploads\/2023\/11\/10-1-300x225.jpeg 300w, https:\/\/elcalaixetdelaiaia.es\/wp-content\/uploads\/2023\/11\/10-1-768x576.jpeg 768w\" sizes=\"(max-width: 1024px) 100vw, 1024px\" \/><\/p>\n<p style=\"text-align: center;\">y las paredes, poniendo sobre las mismas, una capa de moka. Si notamos la moka blanda, la pondremos en el frigo un rato, para que adquiera consistencia, todo depende de la temperatura ambiental, y seg\u00fan la estaci\u00f3n<\/p>\n<p><img decoding=\"async\" loading=\"lazy\" class=\"alignnone size-full wp-image-25910\" src=\"https:\/\/elcalaixetdelaiaia.es\/wp-content\/uploads\/2023\/11\/11-1.jpeg\" alt=\"\" width=\"1024\" height=\"768\" srcset=\"https:\/\/elcalaixetdelaiaia.es\/wp-content\/uploads\/2023\/11\/11-1.jpeg 1024w, https:\/\/elcalaixetdelaiaia.es\/wp-content\/uploads\/2023\/11\/11-1-300x225.jpeg 300w, https:\/\/elcalaixetdelaiaia.es\/wp-content\/uploads\/2023\/11\/11-1-768x576.jpeg 768w\" sizes=\"(max-width: 1024px) 100vw, 1024px\" \/><\/p>\n<p style=\"text-align: center;\">mojaremos las galletas de vainilla y haremos una siguiente capa lateral, que cubriremos con moka, y as\u00ed alternativamente,<\/p>\n<p><img decoding=\"async\" loading=\"lazy\" class=\"alignnone size-full wp-image-25911\" src=\"https:\/\/elcalaixetdelaiaia.es\/wp-content\/uploads\/2023\/11\/12-1.jpeg\" alt=\"\" width=\"1024\" height=\"768\" srcset=\"https:\/\/elcalaixetdelaiaia.es\/wp-content\/uploads\/2023\/11\/12-1.jpeg 1024w, https:\/\/elcalaixetdelaiaia.es\/wp-content\/uploads\/2023\/11\/12-1-300x225.jpeg 300w, https:\/\/elcalaixetdelaiaia.es\/wp-content\/uploads\/2023\/11\/12-1-768x576.jpeg 768w\" sizes=\"(max-width: 1024px) 100vw, 1024px\" \/><\/p>\n<p>iremos poniendo capa de galleta de chocolate, moka, capa de galleta de vainilla, moka&#8230; hasta cubrir todo el molde.<\/p>\n<p><img decoding=\"async\" loading=\"lazy\" class=\"alignnone size-full wp-image-25912\" src=\"https:\/\/elcalaixetdelaiaia.es\/wp-content\/uploads\/2023\/11\/13-1.jpeg\" alt=\"\" width=\"1024\" height=\"768\" srcset=\"https:\/\/elcalaixetdelaiaia.es\/wp-content\/uploads\/2023\/11\/13-1.jpeg 1024w, https:\/\/elcalaixetdelaiaia.es\/wp-content\/uploads\/2023\/11\/13-1-300x225.jpeg 300w, https:\/\/elcalaixetdelaiaia.es\/wp-content\/uploads\/2023\/11\/13-1-768x576.jpeg 768w\" sizes=\"(max-width: 1024px) 100vw, 1024px\" \/><\/p>\n<p style=\"text-align: center;\">hasta cubrir todo el molde. Recordar ir mojando las galletas.<\/p>\n<p><img decoding=\"async\" loading=\"lazy\" class=\"alignnone size-full wp-image-25913\" src=\"https:\/\/elcalaixetdelaiaia.es\/wp-content\/uploads\/2023\/11\/14-1.jpeg\" alt=\"\" width=\"1024\" height=\"768\" srcset=\"https:\/\/elcalaixetdelaiaia.es\/wp-content\/uploads\/2023\/11\/14-1.jpeg 1024w, https:\/\/elcalaixetdelaiaia.es\/wp-content\/uploads\/2023\/11\/14-1-300x225.jpeg 300w, https:\/\/elcalaixetdelaiaia.es\/wp-content\/uploads\/2023\/11\/14-1-768x576.jpeg 768w\" sizes=\"(max-width: 1024px) 100vw, 1024px\" \/><\/p>\n<p style=\"text-align: center;\">cubriremos el molde con papel film, pondremos algo de peso, y dejaremos en el frigo, como m\u00ednimo 8 horas o toda una noche. Aprovecharemos para meter tambi\u00e9n en el frigo la nata, junto a las varillas y el recipiente que usaremos para montar al d\u00eda siguiente, u 8 horas despu\u00e9s.<\/p>\n<p><img decoding=\"async\" loading=\"lazy\" class=\"size-large wp-image-17859 alignnone\" src=\"https:\/\/elcalaixetdelaiaia.es\/wp-content\/uploads\/2018\/09\/IMG_0539-1024x768.jpg\" alt=\"\" width=\"750\" height=\"563\" srcset=\"https:\/\/elcalaixetdelaiaia.es\/wp-content\/uploads\/2018\/09\/IMG_0539-1024x768.jpg 1024w, https:\/\/elcalaixetdelaiaia.es\/wp-content\/uploads\/2018\/09\/IMG_0539-300x225.jpg 300w, https:\/\/elcalaixetdelaiaia.es\/wp-content\/uploads\/2018\/09\/IMG_0539-768x576.jpg 768w\" sizes=\"(max-width: 750px) 100vw, 750px\" \/><\/p>\n<p style=\"text-align: center;\">Sacaremos la nata, el recipiente y las varillas del frigo, y procederemos a montar la nata, cuando ya comience a montar,<\/p>\n<p><img decoding=\"async\" loading=\"lazy\" class=\"size-large wp-image-17860 alignnone\" src=\"https:\/\/elcalaixetdelaiaia.es\/wp-content\/uploads\/2018\/09\/IMG_0541-1024x768.jpg\" alt=\"\" width=\"750\" height=\"563\" srcset=\"https:\/\/elcalaixetdelaiaia.es\/wp-content\/uploads\/2018\/09\/IMG_0541-1024x768.jpg 1024w, https:\/\/elcalaixetdelaiaia.es\/wp-content\/uploads\/2018\/09\/IMG_0541-300x225.jpg 300w, https:\/\/elcalaixetdelaiaia.es\/wp-content\/uploads\/2018\/09\/IMG_0541-768x576.jpg 768w\" sizes=\"(max-width: 750px) 100vw, 750px\" \/><\/p>\n<p>a\u00f1adiremos 50g de az\u00facar, en casa no nos gusta muy dulce, mi proporci\u00f3n es de 25g de az\u00facar por cada 100ml de nata. Seguiremos montando, con cuidado de no pasarnos y que se nos corte haci\u00e9ndose mantequilla \ud83d\ude41<\/p>\n<p style=\"text-align: center;\">Sacamos la tarta del frigo, y desmoldamos, este molde es el mas f\u00e1cil de desmoldar que he tenido nunca, con lo que se va a convertir en mi favorito ;),<\/p>\n<p><img decoding=\"async\" loading=\"lazy\" class=\"size-large wp-image-17863 alignnone\" src=\"https:\/\/elcalaixetdelaiaia.es\/wp-content\/uploads\/2018\/09\/IMG_0544-1024x768.jpg\" alt=\"\" width=\"750\" height=\"563\" srcset=\"https:\/\/elcalaixetdelaiaia.es\/wp-content\/uploads\/2018\/09\/IMG_0544-1024x768.jpg 1024w, https:\/\/elcalaixetdelaiaia.es\/wp-content\/uploads\/2018\/09\/IMG_0544-300x225.jpg 300w, https:\/\/elcalaixetdelaiaia.es\/wp-content\/uploads\/2018\/09\/IMG_0544-768x576.jpg 768w\" sizes=\"(max-width: 750px) 100vw, 750px\" \/><\/p>\n<p style=\"text-align: center;\">\u00a0iremos cubriendo los laterales y la superficie, con la nata montada<\/p>\n<p><img decoding=\"async\" loading=\"lazy\" class=\"size-large wp-image-17864 alignnone\" src=\"https:\/\/elcalaixetdelaiaia.es\/wp-content\/uploads\/2018\/09\/IMG_0545-1024x768.jpg\" alt=\"\" width=\"750\" height=\"563\" srcset=\"https:\/\/elcalaixetdelaiaia.es\/wp-content\/uploads\/2018\/09\/IMG_0545-1024x768.jpg 1024w, https:\/\/elcalaixetdelaiaia.es\/wp-content\/uploads\/2018\/09\/IMG_0545-300x225.jpg 300w, https:\/\/elcalaixetdelaiaia.es\/wp-content\/uploads\/2018\/09\/IMG_0545-768x576.jpg 768w\" sizes=\"(max-width: 750px) 100vw, 750px\" \/><\/p>\n<p>alis\u00e1ndola pero sin preocuparnos demasiado de que quede perfecta, ya que ir\u00e1 cubierta con fondant<\/p>\n<p><img decoding=\"async\" loading=\"lazy\" class=\"alignnone size-full wp-image-25914\" src=\"https:\/\/elcalaixetdelaiaia.es\/wp-content\/uploads\/2023\/11\/15-1.jpeg\" alt=\"\" width=\"1024\" height=\"768\" srcset=\"https:\/\/elcalaixetdelaiaia.es\/wp-content\/uploads\/2023\/11\/15-1.jpeg 1024w, https:\/\/elcalaixetdelaiaia.es\/wp-content\/uploads\/2023\/11\/15-1-300x225.jpeg 300w, https:\/\/elcalaixetdelaiaia.es\/wp-content\/uploads\/2023\/11\/15-1-768x576.jpeg 768w\" sizes=\"(max-width: 1024px) 100vw, 1024px\" \/><\/p>\n<p style=\"text-align: center;\">amasaremos y expandiremos con el rodillo, una bola de fondant blanco, poniendo sobre la superficie de trabajo az\u00facar glas, para que no se pegue, y haremos un c\u00edrculo del di\u00e1metro de la tarta, incluidos laterales, cubriendo la misma con el fondant e intentando alisarla lo mejor posible<\/p>\n<p><img decoding=\"async\" loading=\"lazy\" class=\"size-large wp-image-17866 alignnone\" src=\"https:\/\/elcalaixetdelaiaia.es\/wp-content\/uploads\/2018\/09\/IMG_0547-1024x768.jpg\" alt=\"\" width=\"750\" height=\"563\" srcset=\"https:\/\/elcalaixetdelaiaia.es\/wp-content\/uploads\/2018\/09\/IMG_0547-1024x768.jpg 1024w, https:\/\/elcalaixetdelaiaia.es\/wp-content\/uploads\/2018\/09\/IMG_0547-300x225.jpg 300w, https:\/\/elcalaixetdelaiaia.es\/wp-content\/uploads\/2018\/09\/IMG_0547-768x576.jpg 768w\" sizes=\"(max-width: 750px) 100vw, 750px\" \/><\/p>\n<p style=\"text-align: center;\">colocaremos la tarta sobre la base que usaremos para servir, e iremos poniendo<\/p>\n<p><img decoding=\"async\" loading=\"lazy\" class=\"alignnone size-full wp-image-25915\" src=\"https:\/\/elcalaixetdelaiaia.es\/wp-content\/uploads\/2023\/11\/16-1.jpeg\" alt=\"\" width=\"1024\" height=\"768\" srcset=\"https:\/\/elcalaixetdelaiaia.es\/wp-content\/uploads\/2023\/11\/16-1.jpeg 1024w, https:\/\/elcalaixetdelaiaia.es\/wp-content\/uploads\/2023\/11\/16-1-300x225.jpeg 300w, https:\/\/elcalaixetdelaiaia.es\/wp-content\/uploads\/2023\/11\/16-1-768x576.jpeg 768w\" sizes=\"(max-width: 1024px) 100vw, 1024px\" \/><\/p>\n<p style=\"text-align: center;\">Los \u00abcables\u00bb de las luces y las \u00abbombillitas\u00bb<\/p>\n<p><img decoding=\"async\" loading=\"lazy\" class=\"alignnone size-full wp-image-25916\" src=\"https:\/\/elcalaixetdelaiaia.es\/wp-content\/uploads\/2023\/11\/18.jpeg\" alt=\"\" width=\"1024\" height=\"768\" srcset=\"https:\/\/elcalaixetdelaiaia.es\/wp-content\/uploads\/2023\/11\/18.jpeg 1024w, https:\/\/elcalaixetdelaiaia.es\/wp-content\/uploads\/2023\/11\/18-300x225.jpeg 300w, https:\/\/elcalaixetdelaiaia.es\/wp-content\/uploads\/2023\/11\/18-768x576.jpeg 768w\" sizes=\"(max-width: 1024px) 100vw, 1024px\" \/><\/p>\n<p style=\"text-align: center;\">con fondant rojo, haremos las letras de decoraci\u00f3n y pintaremos con purpurina roja comestible<\/p>\n<p><img decoding=\"async\" loading=\"lazy\" class=\"alignnone size-full wp-image-25917\" src=\"https:\/\/elcalaixetdelaiaia.es\/wp-content\/uploads\/2023\/11\/19-1.jpeg\" alt=\"\" width=\"1024\" height=\"768\" srcset=\"https:\/\/elcalaixetdelaiaia.es\/wp-content\/uploads\/2023\/11\/19-1.jpeg 1024w, https:\/\/elcalaixetdelaiaia.es\/wp-content\/uploads\/2023\/11\/19-1-300x225.jpeg 300w, https:\/\/elcalaixetdelaiaia.es\/wp-content\/uploads\/2023\/11\/19-1-768x576.jpeg 768w\" sizes=\"(max-width: 1024px) 100vw, 1024px\" \/><\/p>\n<p style=\"text-align: center;\">y con fondant negro<\/p>\n<p><img decoding=\"async\" loading=\"lazy\" class=\"alignnone size-full wp-image-25918\" src=\"https:\/\/elcalaixetdelaiaia.es\/wp-content\/uploads\/2023\/11\/20-1.jpeg\" alt=\"\" width=\"1024\" height=\"768\" srcset=\"https:\/\/elcalaixetdelaiaia.es\/wp-content\/uploads\/2023\/11\/20-1.jpeg 1024w, https:\/\/elcalaixetdelaiaia.es\/wp-content\/uploads\/2023\/11\/20-1-300x225.jpeg 300w, https:\/\/elcalaixetdelaiaia.es\/wp-content\/uploads\/2023\/11\/20-1-768x576.jpeg 768w\" sizes=\"(max-width: 1024px) 100vw, 1024px\" \/><\/p>\n<p style=\"text-align: center;\">haremos las letras del abecedario que van con las\u00bbbombillitas\u00bb<\/p>\n<p style=\"text-align: center;\"><img decoding=\"async\" loading=\"lazy\" class=\"alignnone size-full wp-image-25919\" src=\"https:\/\/elcalaixetdelaiaia.es\/wp-content\/uploads\/2023\/11\/20-2.jpeg\" alt=\"\" width=\"1024\" height=\"768\" srcset=\"https:\/\/elcalaixetdelaiaia.es\/wp-content\/uploads\/2023\/11\/20-2.jpeg 1024w, https:\/\/elcalaixetdelaiaia.es\/wp-content\/uploads\/2023\/11\/20-2-300x225.jpeg 300w, https:\/\/elcalaixetdelaiaia.es\/wp-content\/uploads\/2023\/11\/20-2-768x576.jpeg 768w\" sizes=\"(max-width: 1024px) 100vw, 1024px\" \/><\/p>\n<p style=\"text-align: center;\">Las pegaremos en la tarta con un poco de agua, pegamento de fondant, o leche condensada<\/p>\n<p style=\"text-align: center;\"><img decoding=\"async\" loading=\"lazy\" class=\"alignnone size-full wp-image-25920\" src=\"https:\/\/elcalaixetdelaiaia.es\/wp-content\/uploads\/2023\/11\/21-1.jpeg\" alt=\"\" width=\"1024\" height=\"768\" srcset=\"https:\/\/elcalaixetdelaiaia.es\/wp-content\/uploads\/2023\/11\/21-1.jpeg 1024w, https:\/\/elcalaixetdelaiaia.es\/wp-content\/uploads\/2023\/11\/21-1-300x225.jpeg 300w, https:\/\/elcalaixetdelaiaia.es\/wp-content\/uploads\/2023\/11\/21-1-768x576.jpeg 768w\" sizes=\"(max-width: 1024px) 100vw, 1024px\" \/><\/p>\n<p style=\"text-align: center;\">pondremos las letras de decoraci\u00f3n<\/p>\n<p><img decoding=\"async\" loading=\"lazy\" class=\"alignnone size-full wp-image-25980\" src=\"https:\/\/elcalaixetdelaiaia.es\/wp-content\/uploads\/2023\/11\/22-2.jpeg\" alt=\"\" width=\"1024\" height=\"768\" srcset=\"https:\/\/elcalaixetdelaiaia.es\/wp-content\/uploads\/2023\/11\/22-2.jpeg 1024w, https:\/\/elcalaixetdelaiaia.es\/wp-content\/uploads\/2023\/11\/22-2-300x225.jpeg 300w, https:\/\/elcalaixetdelaiaia.es\/wp-content\/uploads\/2023\/11\/22-2-768x576.jpeg 768w\" sizes=\"(max-width: 1024px) 100vw, 1024px\" \/><\/p>\n<p style=\"text-align: center;\">la bengala, y un cartel tem\u00e1tico de \u00abcumplea\u00f1os feliz\u00bb<\/p>\n<p style=\"text-align: center;\"><img decoding=\"async\" loading=\"lazy\" class=\"alignnone size-full wp-image-25922\" src=\"https:\/\/elcalaixetdelaiaia.es\/wp-content\/uploads\/2023\/11\/1portada.jpeg\" alt=\"\" width=\"1024\" height=\"768\" srcset=\"https:\/\/elcalaixetdelaiaia.es\/wp-content\/uploads\/2023\/11\/1portada.jpeg 1024w, https:\/\/elcalaixetdelaiaia.es\/wp-content\/uploads\/2023\/11\/1portada-300x225.jpeg 300w, https:\/\/elcalaixetdelaiaia.es\/wp-content\/uploads\/2023\/11\/1portada-768x576.jpeg 768w\" sizes=\"(max-width: 1024px) 100vw, 1024px\" \/> <img decoding=\"async\" loading=\"lazy\" class=\"alignnone size-full wp-image-25923\" src=\"https:\/\/elcalaixetdelaiaia.es\/wp-content\/uploads\/2023\/11\/23.jpeg\" alt=\"\" width=\"786\" height=\"1024\" srcset=\"https:\/\/elcalaixetdelaiaia.es\/wp-content\/uploads\/2023\/11\/23.jpeg 786w, https:\/\/elcalaixetdelaiaia.es\/wp-content\/uploads\/2023\/11\/23-230x300.jpeg 230w, https:\/\/elcalaixetdelaiaia.es\/wp-content\/uploads\/2023\/11\/23-768x1001.jpeg 768w\" sizes=\"(max-width: 786px) 100vw, 786px\" \/><\/p>\n<p style=\"text-align: center;\">Mi peque se qued\u00f3, literalmente boquiabierta \ud83e\udde1<\/p>\n<p style=\"text-align: center;\"><img decoding=\"async\" loading=\"lazy\" class=\"alignnone size-full wp-image-25924\" src=\"https:\/\/elcalaixetdelaiaia.es\/wp-content\/uploads\/2023\/11\/24.jpeg\" alt=\"\" width=\"1024\" height=\"1024\" srcset=\"https:\/\/elcalaixetdelaiaia.es\/wp-content\/uploads\/2023\/11\/24.jpeg 1024w, https:\/\/elcalaixetdelaiaia.es\/wp-content\/uploads\/2023\/11\/24-300x300.jpeg 300w, https:\/\/elcalaixetdelaiaia.es\/wp-content\/uploads\/2023\/11\/24-150x150.jpeg 150w, https:\/\/elcalaixetdelaiaia.es\/wp-content\/uploads\/2023\/11\/24-768x768.jpeg 768w, https:\/\/elcalaixetdelaiaia.es\/wp-content\/uploads\/2023\/11\/24-60x60.jpeg 60w, https:\/\/elcalaixetdelaiaia.es\/wp-content\/uploads\/2023\/11\/24-235x235.jpeg 235w, https:\/\/elcalaixetdelaiaia.es\/wp-content\/uploads\/2023\/11\/24-255x255.jpeg 255w\" sizes=\"(max-width: 1024px) 100vw, 1024px\" \/><\/p>\n<p style=\"text-align: center;\">aqu\u00ed pod\u00e9is ver como queda el corte, al poner las galletas de forma lateral, en lugar de acostadas, como tradicionalmente se suelen poner<\/p>\n<p style=\"text-align: center;\"><img decoding=\"async\" loading=\"lazy\" class=\"alignnone size-full wp-image-25925\" src=\"https:\/\/elcalaixetdelaiaia.es\/wp-content\/uploads\/2023\/11\/25.jpeg\" alt=\"\" width=\"1024\" height=\"768\" srcset=\"https:\/\/elcalaixetdelaiaia.es\/wp-content\/uploads\/2023\/11\/25.jpeg 1024w, https:\/\/elcalaixetdelaiaia.es\/wp-content\/uploads\/2023\/11\/25-300x225.jpeg 300w, https:\/\/elcalaixetdelaiaia.es\/wp-content\/uploads\/2023\/11\/25-768x576.jpeg 768w\" sizes=\"(max-width: 1024px) 100vw, 1024px\" \/> <img decoding=\"async\" loading=\"lazy\" class=\"alignnone size-full wp-image-25926\" src=\"https:\/\/elcalaixetdelaiaia.es\/wp-content\/uploads\/2023\/11\/27.jpeg\" alt=\"\" width=\"1024\" height=\"768\" srcset=\"https:\/\/elcalaixetdelaiaia.es\/wp-content\/uploads\/2023\/11\/27.jpeg 1024w, https:\/\/elcalaixetdelaiaia.es\/wp-content\/uploads\/2023\/11\/27-300x225.jpeg 300w, https:\/\/elcalaixetdelaiaia.es\/wp-content\/uploads\/2023\/11\/27-768x576.jpeg 768w\" sizes=\"(max-width: 1024px) 100vw, 1024px\" \/><\/p>\n<p style=\"text-align: center;\">y aqu\u00ed, la porci\u00f3n<\/p>\n<p><img decoding=\"async\" loading=\"lazy\" class=\"alignnone size-full wp-image-25927\" src=\"https:\/\/elcalaixetdelaiaia.es\/wp-content\/uploads\/2023\/11\/WhatsApp-Image-2023-06-28-at-16.46.462.jpeg\" alt=\"\" width=\"1024\" height=\"768\" srcset=\"https:\/\/elcalaixetdelaiaia.es\/wp-content\/uploads\/2023\/11\/WhatsApp-Image-2023-06-28-at-16.46.462.jpeg 1024w, https:\/\/elcalaixetdelaiaia.es\/wp-content\/uploads\/2023\/11\/WhatsApp-Image-2023-06-28-at-16.46.462-300x225.jpeg 300w, https:\/\/elcalaixetdelaiaia.es\/wp-content\/uploads\/2023\/11\/WhatsApp-Image-2023-06-28-at-16.46.462-768x576.jpeg 768w\" sizes=\"(max-width: 1024px) 100vw, 1024px\" \/><\/p>\n<p>\u00abA la taula i&#8230; Bon profit\u00bb.\u00a0 Per mooolts anys i moooolt bons, carinyo m\u00e8u.<\/p>\n<p><span data-blogger-escaped-style=\"font-family: \">Si os gusta mi receta, pod\u00e9is compartirla para que llegue a m\u00e1s gente. Espero vuestros comentarios que para mi son MUY importantes y recordad que tambi\u00e9n estoy en Facebook <\/span><span data-blogger-escaped-style=\"font-family: \"><a href=\"https:\/\/www.facebook.com\/El-calaixet-de-la-iaia-533062140099386\/\">https:\/\/www.facebook.com\/El-calaixet-de-la-iaia-533062140099386\/<\/a><\/span><\/p>\n","protected":false},"excerpt":{"rendered":"<p>\u00abRefrany; De tots Sants a Nadal, les setmanes mes fosques de l&#8217;any\u00bb.\u00a0 De todos Santos a Navidad, las semanas m\u00e1s oscuras del a\u00f1o. Mi peque\u00f1ina cumpli\u00f3 a\u00f1os, y le gusta mucho la tem\u00e1tica de Stranger Things, as\u00ed que ese a\u00f1o, la tem\u00e1tica de la tarta, fue esa, y sinceramente, tuve &hellip; <\/p>\n","protected":false},"author":2,"featured_media":25922,"comment_status":"open","ping_status":"open","sticky":false,"template":"","format":"standard","meta":[],"categories":[6,1],"tags":[],"_links":{"self":[{"href":"https:\/\/elcalaixetdelaiaia.es\/index.php?rest_route=\/wp\/v2\/posts\/25210"}],"collection":[{"href":"https:\/\/elcalaixetdelaiaia.es\/index.php?rest_route=\/wp\/v2\/posts"}],"about":[{"href":"https:\/\/elcalaixetdelaiaia.es\/index.php?rest_route=\/wp\/v2\/types\/post"}],"author":[{"embeddable":true,"href":"https:\/\/elcalaixetdelaiaia.es\/index.php?rest_route=\/wp\/v2\/users\/2"}],"replies":[{"embeddable":true,"href":"https:\/\/elcalaixetdelaiaia.es\/index.php?rest_route=%2Fwp%2Fv2%2Fcomments&post=25210"}],"version-history":[{"count":19,"href":"https:\/\/elcalaixetdelaiaia.es\/index.php?rest_route=\/wp\/v2\/posts\/25210\/revisions"}],"predecessor-version":[{"id":27683,"href":"https:\/\/elcalaixetdelaiaia.es\/index.php?rest_route=\/wp\/v2\/posts\/25210\/revisions\/27683"}],"wp:featuredmedia":[{"embeddable":true,"href":"https:\/\/elcalaixetdelaiaia.es\/index.php?rest_route=\/wp\/v2\/media\/25922"}],"wp:attachment":[{"href":"https:\/\/elcalaixetdelaiaia.es\/index.php?rest_route=%2Fwp%2Fv2%2Fmedia&parent=25210"}],"wp:term":[{"taxonomy":"category","embeddable":true,"href":"https:\/\/elcalaixetdelaiaia.es\/index.php?rest_route=%2Fwp%2Fv2%2Fcategories&post=25210"},{"taxonomy":"post_tag","embeddable":true,"href":"https:\/\/elcalaixetdelaiaia.es\/index.php?rest_route=%2Fwp%2Fv2%2Ftags&post=25210"}],"curies":[{"name":"wp","href":"https:\/\/api.w.org\/{rel}","templated":true}]}}