{"id":24962,"date":"2023-05-13T09:57:02","date_gmt":"2023-05-13T09:57:02","guid":{"rendered":"https:\/\/elcalaixetdelaiaia.es\/?p=24962"},"modified":"2024-02-08T10:36:26","modified_gmt":"2024-02-08T10:36:26","slug":"espaguetis-con-verduras-paso-a-paso-foto-a-foto","status":"publish","type":"post","link":"https:\/\/elcalaixetdelaiaia.es\/?p=24962","title":{"rendered":"Espaguetis con verduras paso a paso foto a foto"},"content":{"rendered":"<p>\u00abRefrany; Menjar verdura \u00e9s cordura\u00bb.\u00a0\u00a0 Comer verdura es cordura.<\/p>\n<p>Pues hoy tenemos verdura peroooo con espaguetis mmmmm rico, f\u00e1cil r\u00e1pido y baratooo, que estamos a final de mes.<\/p>\n<p>Una receta que me encanta y que no lleva casi nada, f\u00e1cil de preparar y que aguanta d\u00edas en el frigo. Se puede comer fr\u00edo o caliente y es un plato que me recuerda much\u00edsimo a nuestras \u00e9pocas de campistas, cuando lo hac\u00eda much\u00edsimo. No me enrollo mas y vamos ya a la receta, que m\u00e1s b\u00e1sica no puede ser.<\/p>\n<p>Para dos personas necesitaremos;<\/p>\n<p><img decoding=\"async\" loading=\"lazy\" class=\"alignnone size-full wp-image-26885\" src=\"https:\/\/elcalaixetdelaiaia.es\/wp-content\/uploads\/2023\/05\/IMG_20191127_115952-2-1024x817-1.jpg\" alt=\"\" width=\"1024\" height=\"670\" \/><\/p>\n<p>&nbsp;<\/p>\n<p>&nbsp;<\/p>\n<ol>\n<li>Dos pastillas Avecr\u00e9m, o sal<\/li>\n<li>200g de espaguettis<\/li>\n<li>Una zanahoria<\/li>\n<li>Una cebolla<\/li>\n<li>Un puerro<\/li>\n<li>Un pimiento rojo<\/li>\n<li>Un pimiento verde<\/li>\n<li>Un tomate maduro<\/li>\n<li>Un diente de ajo<\/li>\n<li>Or\u00e9gano<\/li>\n<li>Aceite de oliva virgen<\/li>\n<li>Queso curado en tacos<\/li>\n<\/ol>\n<p>Pod\u00e9is poner la pasta que quer\u00e1is, macarrones, tallarines, lazos, la que os apetezca m\u00e1s, a vuestra elecci\u00f3n. Igualmente,l a verdura es completamente opcional&#8230; la que teng\u00e1is en el frigo, la que est\u00e9 de temporada, eso si, pero que sea toda natural. Unas veces pongo alcachofas, puerro, jud\u00edas verdes, champi\u00f1ones, esp\u00e1rragos, habas, setas, calabac\u00edn, berenjena&#8230; eso si, el tomate (por supuesto natural), la zanahoria, la cebolla y el pimiento del color que sea, fijo, siempre, porque me encanta el sabor. A veces pongo mas verdura que pasta y otras, como hoy, mas pasta que verdura&#8230; seg\u00fan lo que tengo en ese momento en casa.<\/p>\n<p><a href=\"http:\/\/4.bp.blogspot.com\/-LMFIWTQubIs\/Vqub5vabAPI\/AAAAAAAAh6E\/eNQKXRhZmTU\/s1600\/IMG_4248.PNG\"><img decoding=\"async\" loading=\"lazy\" class=\"aligncenter\" src=\"https:\/\/elcalaixetdelaiaia.es\/wp-content\/uploads\/2016\/01\/IMG_4248.png\" width=\"740\" height=\"555\" border=\"0\" \/><\/a><\/p>\n<p>Este plato, es tan sencillo de hacer, que casi sobran las explicaciones, ahora lo ver\u00e9is.<\/p>\n<p><a href=\"http:\/\/4.bp.blogspot.com\/-0Eq4LkoWHWM\/VquccJh7YQI\/AAAAAAAAh6g\/aZ-ch-izk40\/s1600\/IMG_4250.PNG\"><img decoding=\"async\" loading=\"lazy\" src=\"https:\/\/elcalaixetdelaiaia.es\/wp-content\/uploads\/2016\/01\/IMG_4250.png\" width=\"640\" height=\"480\" border=\"0\" \/><\/a><\/p>\n<p>Pelamos, todas las verduras que hayamos elegido, menos el tomate, las partimos y posteriormente las troceamos en dados, ponemos aceite de oliva y sal en una sart\u00e9n al fuego, y vamos sofriendo lentamente, que se vaya pochando, si es sin prisas, mejor.<\/p>\n<p><img decoding=\"async\" loading=\"lazy\" class=\"alignnone size-full wp-image-24970\" src=\"https:\/\/elcalaixetdelaiaia.es\/wp-content\/uploads\/2019\/11\/WhatsApp-Image-2023-04-20-at-17.22.58-1.jpeg\" alt=\"\" width=\"1024\" height=\"768\" srcset=\"https:\/\/elcalaixetdelaiaia.es\/wp-content\/uploads\/2019\/11\/WhatsApp-Image-2023-04-20-at-17.22.58-1.jpeg 1024w, https:\/\/elcalaixetdelaiaia.es\/wp-content\/uploads\/2019\/11\/WhatsApp-Image-2023-04-20-at-17.22.58-1-300x225.jpeg 300w, https:\/\/elcalaixetdelaiaia.es\/wp-content\/uploads\/2019\/11\/WhatsApp-Image-2023-04-20-at-17.22.58-1-768x576.jpeg 768w\" sizes=\"(max-width: 1024px) 100vw, 1024px\" \/><\/p>\n<p>Mientras se va pochando la verdura, pelamos y troceamos el tomate natural<\/p>\n<p><img decoding=\"async\" loading=\"lazy\" class=\"alignnone size-full wp-image-24971\" src=\"https:\/\/elcalaixetdelaiaia.es\/wp-content\/uploads\/2019\/11\/WhatsApp-Image-2023-04-20-at-17.18.57-2.jpeg\" alt=\"\" width=\"1024\" height=\"768\" srcset=\"https:\/\/elcalaixetdelaiaia.es\/wp-content\/uploads\/2019\/11\/WhatsApp-Image-2023-04-20-at-17.18.57-2.jpeg 1024w, https:\/\/elcalaixetdelaiaia.es\/wp-content\/uploads\/2019\/11\/WhatsApp-Image-2023-04-20-at-17.18.57-2-300x225.jpeg 300w, https:\/\/elcalaixetdelaiaia.es\/wp-content\/uploads\/2019\/11\/WhatsApp-Image-2023-04-20-at-17.18.57-2-768x576.jpeg 768w\" sizes=\"(max-width: 1024px) 100vw, 1024px\" \/><\/p>\n<p>y cuando veamos la verdura medio hecha, a\u00f1adimos el tomate, removemos y dejamos a fuego medio<\/p>\n<p><img decoding=\"async\" loading=\"lazy\" class=\"size-large wp-image-20018 aligncenter\" src=\"https:\/\/elcalaixetdelaiaia.es\/wp-content\/uploads\/2019\/11\/IMG_20191105_140027-1024x768.jpg\" alt=\"\" width=\"750\" height=\"563\" srcset=\"https:\/\/elcalaixetdelaiaia.es\/wp-content\/uploads\/2019\/11\/IMG_20191105_140027-1024x768.jpg 1024w, https:\/\/elcalaixetdelaiaia.es\/wp-content\/uploads\/2019\/11\/IMG_20191105_140027-300x225.jpg 300w, https:\/\/elcalaixetdelaiaia.es\/wp-content\/uploads\/2019\/11\/IMG_20191105_140027-768x576.jpg 768w, https:\/\/elcalaixetdelaiaia.es\/wp-content\/uploads\/2019\/11\/IMG_20191105_140027-1536x1152.jpg 1536w, https:\/\/elcalaixetdelaiaia.es\/wp-content\/uploads\/2019\/11\/IMG_20191105_140027-2048x1536.jpg 2048w\" sizes=\"(max-width: 750px) 100vw, 750px\" \/><\/p>\n<p>Cuando veamos que el puerro y la cebolla se van volviendo transparentes, ponemos agua a hervir, dos pastillas de Avecr\u00e9m de pollo, o sal, y cuando el agua llegue a ebullici\u00f3n a\u00f1adimos los espaguetis, que coceremos siguiendo las instrucciones del fabricante. Una vez cocidos, escurrimos bien<\/p>\n<p><img decoding=\"async\" loading=\"lazy\" class=\"alignnone size-full wp-image-24972\" src=\"https:\/\/elcalaixetdelaiaia.es\/wp-content\/uploads\/2019\/11\/WhatsApp-Image-2023-04-20-at-17.24.14.jpeg\" alt=\"\" width=\"1024\" height=\"768\" srcset=\"https:\/\/elcalaixetdelaiaia.es\/wp-content\/uploads\/2019\/11\/WhatsApp-Image-2023-04-20-at-17.24.14.jpeg 1024w, https:\/\/elcalaixetdelaiaia.es\/wp-content\/uploads\/2019\/11\/WhatsApp-Image-2023-04-20-at-17.24.14-300x225.jpeg 300w, https:\/\/elcalaixetdelaiaia.es\/wp-content\/uploads\/2019\/11\/WhatsApp-Image-2023-04-20-at-17.24.14-768x576.jpeg 768w\" sizes=\"(max-width: 1024px) 100vw, 1024px\" \/><\/p>\n<p>a\u00f1adimos a la sart\u00e9n donde ya tenemos nuestras verduras escogidas en su punto, y esperando. Removemos bien y dejamos al fuego un par\u00a0 de minutos, para que se integren los sabores. Si os gusta con mucho mas color, pod\u00e9is a\u00f1adir al sofrito todo el tomate que os apetezca.\u00a0 A\u00f1adimos or\u00e9gano al gusto<\/p>\n<p><img decoding=\"async\" loading=\"lazy\" class=\"alignnone size-full wp-image-24974\" src=\"https:\/\/elcalaixetdelaiaia.es\/wp-content\/uploads\/2019\/11\/WhatsApp-Image-2023-04-20-at-17.21.10-2.jpeg\" alt=\"\" width=\"1024\" height=\"768\" srcset=\"https:\/\/elcalaixetdelaiaia.es\/wp-content\/uploads\/2019\/11\/WhatsApp-Image-2023-04-20-at-17.21.10-2.jpeg 1024w, https:\/\/elcalaixetdelaiaia.es\/wp-content\/uploads\/2019\/11\/WhatsApp-Image-2023-04-20-at-17.21.10-2-300x225.jpeg 300w, https:\/\/elcalaixetdelaiaia.es\/wp-content\/uploads\/2019\/11\/WhatsApp-Image-2023-04-20-at-17.21.10-2-768x576.jpeg 768w\" sizes=\"(max-width: 1024px) 100vw, 1024px\" \/><\/p>\n<p>y emplatamos, a\u00f1adiendo tacos de queso seg\u00fan nuestras preferencias, curado, semi, suave, de vaca, cabra, italiano&#8230; el que quer\u00e1is.<\/p>\n<p><img decoding=\"async\" loading=\"lazy\" class=\"alignnone size-full wp-image-24975\" src=\"https:\/\/elcalaixetdelaiaia.es\/wp-content\/uploads\/2019\/11\/WhatsApp-Image-2023-04-20-at-17.23.22-2.jpeg\" alt=\"\" width=\"1024\" height=\"768\" srcset=\"https:\/\/elcalaixetdelaiaia.es\/wp-content\/uploads\/2019\/11\/WhatsApp-Image-2023-04-20-at-17.23.22-2.jpeg 1024w, https:\/\/elcalaixetdelaiaia.es\/wp-content\/uploads\/2019\/11\/WhatsApp-Image-2023-04-20-at-17.23.22-2-300x225.jpeg 300w, https:\/\/elcalaixetdelaiaia.es\/wp-content\/uploads\/2019\/11\/WhatsApp-Image-2023-04-20-at-17.23.22-2-768x576.jpeg 768w\" sizes=\"(max-width: 1024px) 100vw, 1024px\" \/><\/p>\n<p>Un plato sencill\u00edsimo, barat\u00edsimo y facil\u00edsimo de hacer \u00bfo no?<\/p>\n<p><img decoding=\"async\" loading=\"lazy\" class=\"alignnone size-full wp-image-24973\" src=\"https:\/\/elcalaixetdelaiaia.es\/wp-content\/uploads\/2019\/11\/WhatsApp-Image-2023-04-20-at-17.11.23.jpeg\" alt=\"\" width=\"1024\" height=\"768\" srcset=\"https:\/\/elcalaixetdelaiaia.es\/wp-content\/uploads\/2019\/11\/WhatsApp-Image-2023-04-20-at-17.11.23.jpeg 1024w, https:\/\/elcalaixetdelaiaia.es\/wp-content\/uploads\/2019\/11\/WhatsApp-Image-2023-04-20-at-17.11.23-300x225.jpeg 300w, https:\/\/elcalaixetdelaiaia.es\/wp-content\/uploads\/2019\/11\/WhatsApp-Image-2023-04-20-at-17.11.23-768x576.jpeg 768w\" sizes=\"(max-width: 1024px) 100vw, 1024px\" \/><\/p>\n<p>\u00abA la taula i&#8230;BON PROFIT!!!\u00bb<\/p>\n<p><img decoding=\"async\" loading=\"lazy\" class=\"alignnone size-full wp-image-24977\" src=\"https:\/\/elcalaixetdelaiaia.es\/wp-content\/uploads\/2019\/11\/WhatsApp-Image-2023-04-20-at-17.18.17-2.jpeg\" alt=\"\" width=\"1024\" height=\"768\" srcset=\"https:\/\/elcalaixetdelaiaia.es\/wp-content\/uploads\/2019\/11\/WhatsApp-Image-2023-04-20-at-17.18.17-2.jpeg 1024w, https:\/\/elcalaixetdelaiaia.es\/wp-content\/uploads\/2019\/11\/WhatsApp-Image-2023-04-20-at-17.18.17-2-300x225.jpeg 300w, https:\/\/elcalaixetdelaiaia.es\/wp-content\/uploads\/2019\/11\/WhatsApp-Image-2023-04-20-at-17.18.17-2-768x576.jpeg 768w\" sizes=\"(max-width: 1024px) 100vw, 1024px\" \/><\/p>\n<p>Si \u00e9ste plato es de vuestro gusto y quer\u00e9is compartirlo, ser\u00e1 estupendo y m\u00e1s gente podr\u00e1 ver la receta. Gracias por anticipado.<\/p>\n<p><img decoding=\"async\" loading=\"lazy\" class=\"alignnone size-full wp-image-24978\" src=\"https:\/\/elcalaixetdelaiaia.es\/wp-content\/uploads\/2019\/11\/WhatsApp-Image-2023-04-20-at-17.25.21.jpeg\" alt=\"\" width=\"1024\" height=\"768\" srcset=\"https:\/\/elcalaixetdelaiaia.es\/wp-content\/uploads\/2019\/11\/WhatsApp-Image-2023-04-20-at-17.25.21.jpeg 1024w, https:\/\/elcalaixetdelaiaia.es\/wp-content\/uploads\/2019\/11\/WhatsApp-Image-2023-04-20-at-17.25.21-300x225.jpeg 300w, https:\/\/elcalaixetdelaiaia.es\/wp-content\/uploads\/2019\/11\/WhatsApp-Image-2023-04-20-at-17.25.21-768x576.jpeg 768w\" sizes=\"(max-width: 1024px) 100vw, 1024px\" \/><br \/>\nEspero vuestros comentarios que para mi son MUY importantes y recordad que tambi\u00e9n estoy en Facebook <a href=\"https:\/\/www.facebook.com\/El-calaixet-de-la-iaia-533062140099386\/\">https:\/\/www.facebook.com\/El-calaixet-de-la-iaia-533062140099386\/<\/a><\/p>\n","protected":false},"excerpt":{"rendered":"<p>\u00abRefrany; Menjar verdura \u00e9s cordura\u00bb.\u00a0\u00a0 Comer verdura es cordura. Pues hoy tenemos verdura peroooo con espaguetis mmmmm rico, f\u00e1cil r\u00e1pido y baratooo, que estamos a final de mes. Una receta que me encanta y que no lleva casi nada, f\u00e1cil de preparar y que aguanta d\u00edas en el frigo. Se &hellip; <\/p>\n","protected":false},"author":2,"featured_media":24975,"comment_status":"open","ping_status":"open","sticky":false,"template":"","format":"standard","meta":[],"categories":[14,1],"tags":[],"_links":{"self":[{"href":"https:\/\/elcalaixetdelaiaia.es\/index.php?rest_route=\/wp\/v2\/posts\/24962"}],"collection":[{"href":"https:\/\/elcalaixetdelaiaia.es\/index.php?rest_route=\/wp\/v2\/posts"}],"about":[{"href":"https:\/\/elcalaixetdelaiaia.es\/index.php?rest_route=\/wp\/v2\/types\/post"}],"author":[{"embeddable":true,"href":"https:\/\/elcalaixetdelaiaia.es\/index.php?rest_route=\/wp\/v2\/users\/2"}],"replies":[{"embeddable":true,"href":"https:\/\/elcalaixetdelaiaia.es\/index.php?rest_route=%2Fwp%2Fv2%2Fcomments&post=24962"}],"version-history":[{"count":11,"href":"https:\/\/elcalaixetdelaiaia.es\/index.php?rest_route=\/wp\/v2\/posts\/24962\/revisions"}],"predecessor-version":[{"id":26886,"href":"https:\/\/elcalaixetdelaiaia.es\/index.php?rest_route=\/wp\/v2\/posts\/24962\/revisions\/26886"}],"wp:featuredmedia":[{"embeddable":true,"href":"https:\/\/elcalaixetdelaiaia.es\/index.php?rest_route=\/wp\/v2\/media\/24975"}],"wp:attachment":[{"href":"https:\/\/elcalaixetdelaiaia.es\/index.php?rest_route=%2Fwp%2Fv2%2Fmedia&parent=24962"}],"wp:term":[{"taxonomy":"category","embeddable":true,"href":"https:\/\/elcalaixetdelaiaia.es\/index.php?rest_route=%2Fwp%2Fv2%2Fcategories&post=24962"},{"taxonomy":"post_tag","embeddable":true,"href":"https:\/\/elcalaixetdelaiaia.es\/index.php?rest_route=%2Fwp%2Fv2%2Ftags&post=24962"}],"curies":[{"name":"wp","href":"https:\/\/api.w.org\/{rel}","templated":true}]}}