{"id":245,"date":"2016-09-08T11:12:00","date_gmt":"2016-09-08T11:12:00","guid":{"rendered":"http:\/\/elcalaixetdelaiaia.es\/tarta-de-arandanos-y-queso-en-tres"},"modified":"2020-09-08T12:09:14","modified_gmt":"2020-09-08T12:09:14","slug":"tarta-de-arandanos-y-queso-en-tres","status":"publish","type":"post","link":"https:\/\/elcalaixetdelaiaia.es\/?p=245","title":{"rendered":"Tarta de ar\u00e1ndanos y queso en tres tonos paso a paso foto a foto"},"content":{"rendered":"<p>\u00abRefrany;<br \/>\nEls fills s&#8217;assemblen a les mares i les filles als pares\u00bb<br \/>\nLos hijos se parecen a las madres y las hijas a los padres.<\/p>\n<p>Tras unos meses de inactividad blogueril, a causa de estar pasando unos momentos de baj\u00f3n por haber sufrido un terrible verano y uno de los acontecimientos mas tristes de mi vida, (gracias a tod@s por vuestros mensajes privados preocup\u00e1ndoos por mi), retomo la publicaci\u00f3n del blog, en honor a mi papi.<\/p>\n<p>Para el santo de mi nieta mayor, le he preparado una tarta de queso (lo que se conoce como cheescake) y ar\u00e1ndanos que no os pod\u00e9is perder. Tanto a mis ni\u00f1as como a mi, nos encanta el color lila, vamos, toda la gama de azules y verdes, morados y rosas, pero el\u00a0 lila en particular y tambi\u00e9n nos encantan los ar\u00e1ndanos, as\u00ed que me decid\u00ed a preparar \u00e9sta tarta.<\/p>\n<div style=\"text-align: center;\"><a style=\"margin-left: 1em; margin-right: 1em;\" href=\"https:\/\/4.bp.blogspot.com\/-pTjjOly8p5U\/V900mX7lVlI\/AAAAAAAAmAc\/Uys4w1brV0IoncdrCtz1EsbH3MWM7LOiwCLcB\/s1600\/b.jpg\"><img decoding=\"async\" loading=\"lazy\" src=\"https:\/\/elcalaixetdelaiaia.es\/wp-content\/uploads\/2016\/09\/b.jpg\" width=\"640\" height=\"480\" border=\"0\" \/><\/a><\/div>\n<p>Se trata de una adaptaci\u00f3n personal de una receta que adem\u00e1s est\u00e1 en la portada del libro REPOSTERIA SIN HORNO de Sharon Hearne Smith. En realidad se parece muy poco, ya que yo hago mis propias variaciones y al final es una receta con tan solo un \u00abparecido\u00bb como podr\u00e9is comprobar si veis el libro y las fotos.<\/p>\n<p>Antes de continuar quiero deciros que cuando subo una tarta o receta no es para \u00abfardar\u00bb de las cositas que preparo, sino para demostraros que cualquiera de vosotros sin conocimientos de cocina, como yo, sois capaces de prepararlas, dedicando cari\u00f1o, inter\u00e9s y (\u00e9so si,) tiempo y dedicaci\u00f3n, porque alguna de las tartas que hago requieren de varias o muchas horas, pero se pueden hacer con varios d\u00edas de antelaci\u00f3n poco a poco.<br \/>\nOs digo \u00e9sto para que \u00a1\u00a1\u00a1OS ANIM\u00c9IS A HACERLAS!!! porque no hay nada como la satisfacci\u00f3n de preparar con nuestras propias manos un dulce para nuestros seres queridos (y&#8230;. con perd\u00f3n de los pasteleros y profesionales) y nada que resulte mas rico y natural que lo hecho con amor.<br \/>\nY sin mas dilaci\u00f3n manos a la obra con la receta. \u00a1Muaks!<\/p>\n<p>Necesitaremos;<\/p>\n<p><a style=\"margin-left: 1em; margin-right: 1em;\" href=\"https:\/\/4.bp.blogspot.com\/-e_BEWcZlM_w\/V9WFyrzaFnI\/AAAAAAAAl6g\/5EgDlLbt_AA6iXyBrmLMOIJnzSsGBWz3ACLcB\/s1600\/IMG_3950.PNG\"><img decoding=\"async\" loading=\"lazy\" class=\"aligncenter\" src=\"https:\/\/elcalaixetdelaiaia.es\/wp-content\/uploads\/2016\/09\/IMG_3950.png\" width=\"640\" height=\"480\" border=\"0\" \/><\/a><\/p>\n<ol>\n<li>Medio rulo de galletas tipo Digestive<\/li>\n<li>80g de mantequilla<\/li>\n<li>200g de ar\u00e1ndanos<\/li>\n<li>80g de az\u00facar<\/li>\n<li>7 l\u00e1minas de gelatina<\/li>\n<li>200g de nata de montar o crema de leche<\/li>\n<li>El zumo de un lim\u00f3n peque\u00f1o o medio grande<\/li>\n<li>Un yogur blanco<\/li>\n<li>250g queso crema tipo Philadelphia<\/li>\n<\/ol>\n<p><a style=\"margin-left: 1em; margin-right: 1em;\" href=\"https:\/\/1.bp.blogspot.com\/-1IXcK1Ubbis\/V9WrFPXvBUI\/AAAAAAAAl9E\/tOC0xN8kqiMFppj-rgYEhreA_UJaRb_4ACLcB\/s1600\/IMG_3970.PNG\"><img decoding=\"async\" loading=\"lazy\" class=\"aligncenter\" src=\"https:\/\/elcalaixetdelaiaia.es\/wp-content\/uploads\/2016\/09\/IMG_3970.png\" width=\"640\" height=\"480\" border=\"0\" \/><\/a><\/p>\n<div style=\"text-align: center;\">\u00a0Faltaba el lim\u00f3n en la foto de ingredientes, s\u00f3lo he puesto 80 g de az\u00facar porque no nos gustan las cosas MUY dulces pero si no es vuestro caso, 100g queda m\u00e1s aconsejado, vosotros decid\u00eds \ud83d\ude09<\/div>\n<div><\/div>\n<div class=\"separator\" style=\"clear: both; text-align: center;\"><a style=\"margin-left: 1em; margin-right: 1em;\" href=\"https:\/\/3.bp.blogspot.com\/-p4u2Anx_DbI\/V9V-EPkPNzI\/AAAAAAAAl6E\/amOPtqujSloMznQ4FQlPVD7fsANbCxdigCLcB\/s1600\/IMG_3951.PNG\"><img decoding=\"async\" loading=\"lazy\" src=\"https:\/\/elcalaixetdelaiaia.es\/wp-content\/uploads\/2016\/09\/IMG_3951.png\" width=\"640\" height=\"480\" border=\"0\" \/><\/a><\/div>\n<div style=\"text-align: center;\"><\/div>\n<div style=\"text-align: center;\">Picamos las galletas, si no ten\u00e9is picadora pod\u00e9is hacerlo meti\u00e9ndolas en una bolsa limpia y pasando el rodillo de amasar o una botella de cristal, \u00e9so si&#8230; con mucho cuidado,<\/div>\n<div><\/div>\n<div class=\"separator\" style=\"clear: both; text-align: center;\"><a style=\"margin-left: 1em; margin-right: 1em;\" href=\"https:\/\/4.bp.blogspot.com\/-Xtt4vIuIUzw\/V9WAqz3FNVI\/AAAAAAAAl6Q\/3apv3jDe_Ncu4styYO1pyrPuwPPu3PNpQCLcB\/s1600\/IMG_3952.PNG\"><img decoding=\"async\" loading=\"lazy\" src=\"https:\/\/elcalaixetdelaiaia.es\/wp-content\/uploads\/2016\/09\/IMG_3952.png\" width=\"640\" height=\"480\" border=\"0\" \/><\/a><\/div>\n<div><\/div>\n<div style=\"text-align: center;\">Derretiremos la mantequilla en el microondas y mezclaremos con la galleta picada, hasta conseguir un aspecto como de arena mojada<\/div>\n<div><\/div>\n<div class=\"separator\" style=\"clear: both; text-align: center;\"><a style=\"margin-left: 1em; margin-right: 1em;\" href=\"https:\/\/2.bp.blogspot.com\/-HIaDR5K8vss\/V9WH6NKfhLI\/AAAAAAAAl6s\/7RfX4XpjQ98TPE-6ID_1tLGEKvb6KwfTACLcB\/s1600\/IMG_3953.PNG\"><img decoding=\"async\" loading=\"lazy\" src=\"https:\/\/elcalaixetdelaiaia.es\/wp-content\/uploads\/2016\/09\/IMG_3953.png\" width=\"640\" height=\"480\" border=\"0\" \/><\/a><\/div>\n<div style=\"text-align: center;\"><\/div>\n<div style=\"text-align: center;\">\u00e9stas medidas de ingredientes son para un molde de17cm. de di\u00e1metro por 6 cm. de alto, pondremos en el mismo dos tiras de acetato y colocaremos en la base una hoja de papel sulfurizado cortado por la mitad, antes de pinzarlo con el molde. Esto nos ayudar\u00e1 enormemente en el desmoldado.<\/div>\n<div><\/div>\n<div class=\"separator\" style=\"clear: both; text-align: center;\"><a style=\"margin-left: 1em; margin-right: 1em;\" href=\"https:\/\/3.bp.blogspot.com\/-q8fdYKBUQ1s\/V9WKezqVmKI\/AAAAAAAAl60\/qxkujZ_BWIo20tFc_2vJc01yaw_U_Nv3wCLcB\/s1600\/IMG_3955.PNG\"><img decoding=\"async\" loading=\"lazy\" src=\"https:\/\/elcalaixetdelaiaia.es\/wp-content\/uploads\/2016\/09\/IMG_3955.png\" width=\"640\" height=\"480\" border=\"0\" \/><\/a><\/div>\n<div><\/div>\n<div style=\"text-align: center;\">colocaremos los ar\u00e1ndanos bien lavados en un cuenco apto para microondas, el az\u00facar y el jugo de un lim\u00f3n peque\u00f1o o medio grande y llevaremos al micro, y calentaremos el tiempo necesario, sin que llegue a hervir<\/div>\n<div><\/div>\n<div class=\"separator\" style=\"clear: both; text-align: center;\"><a style=\"margin-left: 1em; margin-right: 1em;\" href=\"https:\/\/3.bp.blogspot.com\/-Rpq9PDsoUrw\/V9WM-kJlO1I\/AAAAAAAAl68\/wd9zh1CeH1YqWzf_wZQ7keso_fuADtD8wCLcB\/s1600\/IMG_3956.PNG\"><img decoding=\"async\" loading=\"lazy\" src=\"https:\/\/elcalaixetdelaiaia.es\/wp-content\/uploads\/2016\/09\/IMG_3956.png\" width=\"640\" height=\"480\" border=\"0\" \/><\/a><\/div>\n<div><\/div>\n<div style=\"text-align: center;\">Mientras tanto, en otro cuenco hidrataremos dos hojas de gelatina en agua fr\u00eda<\/div>\n<div><\/div>\n<div class=\"separator\" style=\"clear: both; text-align: center;\"><a style=\"margin-left: 1em; margin-right: 1em;\" href=\"https:\/\/4.bp.blogspot.com\/-S3R0sPGBdrU\/V9WQrXcUQ3I\/AAAAAAAAl7M\/tbAgH4eXTE0zX-5hQNjxt3rhtfV0uMkHQCLcB\/s1600\/IMG_3957.PNG\"><img decoding=\"async\" loading=\"lazy\" src=\"https:\/\/elcalaixetdelaiaia.es\/wp-content\/uploads\/2016\/09\/IMG_3957.png\" width=\"640\" height=\"480\" border=\"0\" \/><\/a><\/div>\n<div><\/div>\n<div style=\"text-align: center;\">el tiempo que indique el fabricante, yo las tengo entre y 2 y 5 minutos<\/div>\n<div><\/div>\n<div class=\"separator\" style=\"clear: both; text-align: center;\"><a style=\"margin-left: 1em; margin-right: 1em;\" href=\"https:\/\/1.bp.blogspot.com\/-x0pxBjC1MF8\/V9WQIXSw_bI\/AAAAAAAAl7E\/w9KHBNQd3Jc7HpS7plzic9vHdkoIPw63gCLcB\/s1600\/IMG_3958.PNG\"><img decoding=\"async\" loading=\"lazy\" src=\"https:\/\/elcalaixetdelaiaia.es\/wp-content\/uploads\/2016\/09\/IMG_3958.png\" width=\"640\" height=\"480\" border=\"0\" \/><\/a><\/div>\n<div><\/div>\n<div style=\"text-align: center;\">una vez transcurrido el tiempo indicado, escurriremos para eliminar el exceso de agua de las l\u00e1minas y mezclaremos con los ar\u00e1ndanos y el lim\u00f3n caliente. Es importante calentar el lim\u00f3n para usarlo junto a las hojas de gelatina, ya que de lo contrario el \u00e1cido impide que la gelatina haga su funci\u00f3n.<\/div>\n<div><\/div>\n<div class=\"separator\" style=\"clear: both; text-align: center;\"><a style=\"margin-left: 1em; margin-right: 1em;\" href=\"https:\/\/2.bp.blogspot.com\/-drRtgSeR5KA\/V9WS4-MQuJI\/AAAAAAAAl7U\/fnfL0m9Yd98N0lOM5ooGv97nztSzEED1QCLcB\/s1600\/IMG_3959.PNG\"><img decoding=\"async\" loading=\"lazy\" src=\"https:\/\/elcalaixetdelaiaia.es\/wp-content\/uploads\/2016\/09\/IMG_3959.png\" width=\"640\" height=\"480\" border=\"0\" \/><\/a><\/div>\n<div><\/div>\n<div style=\"text-align: center;\">\n<div style=\"text-align: center;\">Mientras dejamos reposar, pondremos a hidratar las otras 5 l\u00e1minas en agua fria unos 5 minutos<\/div>\n<div><\/div>\n<\/div>\n<div class=\"separator\" style=\"clear: both; text-align: center;\"><a style=\"margin-left: 1em; margin-right: 1em;\" href=\"https:\/\/2.bp.blogspot.com\/-_nVwCZDlK-g\/V9WZA8OgcPI\/AAAAAAAAl7s\/SmwtGFo5LYs7_iY2vFh0jJul43tfuN9JgCLcB\/s1600\/IMG_3961.PNG\"><img decoding=\"async\" loading=\"lazy\" src=\"https:\/\/elcalaixetdelaiaia.es\/wp-content\/uploads\/2016\/09\/IMG_3961.png\" width=\"640\" height=\"480\" border=\"0\" \/><\/a><\/div>\n<div><\/div>\n<div style=\"text-align: center;\">Ahora haremos el zumo del resto del lim\u00f3n y lo calentaremos en el microondas pero sin que llegue a hervir, pondremos en un bol el queso crema,\u00a0 dos cucharadas soperas de az\u00facar, y el resto de ingredientes a temperatura ambiente, o sea, el yogur y la nata (o crema de leche) y a\u00f1adiremos el zumo de lim\u00f3n caliente. Mezclaremos bien y veremos como la acidez del lim\u00f3n va produciendo poco a poco que la mezcla se espese<\/div>\n<div><\/div>\n<div class=\"separator\" style=\"clear: both; text-align: center;\"><a style=\"margin-left: 1em; margin-right: 1em;\" href=\"https:\/\/1.bp.blogspot.com\/-OUgXGr8nEJE\/V9WaF-l1YPI\/AAAAAAAAl78\/Dl4-n6gk9V8BjqKMidqLDPZCrdIkpqiywCLcB\/s1600\/IMG_3962.PNG\"><img decoding=\"async\" loading=\"lazy\" src=\"https:\/\/elcalaixetdelaiaia.es\/wp-content\/uploads\/2016\/09\/IMG_3962.png\" width=\"640\" height=\"480\" border=\"0\" \/><\/a><\/div>\n<div><\/div>\n<div style=\"text-align: center;\">escurrimos muy bien el excedente de agua de las l\u00e1minas que ya est\u00e1n hinchadas e hidratadas y lo a\u00f1adiremos al bol, batiremos para que se integren bien todos los ingredientes<\/div>\n<div><\/div>\n<div class=\"separator\" style=\"clear: both; text-align: center;\"><a style=\"margin-left: 1em; margin-right: 1em;\" href=\"https:\/\/2.bp.blogspot.com\/-9yZtd4NiaHM\/V9WY9E9lZyI\/AAAAAAAAl7o\/jCL_GYOA3iYSYpovuhbJvggrfc1XUUcbACLcB\/s1600\/IMG_3963.PNG\"><img decoding=\"async\" loading=\"lazy\" src=\"https:\/\/elcalaixetdelaiaia.es\/wp-content\/uploads\/2016\/09\/IMG_3963.png\" width=\"640\" height=\"488\" border=\"0\" \/><\/a><\/div>\n<div><\/div>\n<div style=\"text-align: center;\">repartiremos la mezcla en tres<\/div>\n<div class=\"separator\" style=\"clear: both; text-align: center;\">cuencos, dejando un pel\u00edn menos en uno de ellos<\/div>\n<div><\/div>\n<div class=\"separator\" style=\"clear: both; text-align: center;\"><a style=\"margin-left: 1em; margin-right: 1em;\" href=\"https:\/\/4.bp.blogspot.com\/-GX13JZShtK8\/V9Wi6j-iJMI\/AAAAAAAAl8c\/Mrtve0InMCgGjuqM7GGTdFQw8yqHkXqcwCLcB\/s1600\/IMG_3965.PNG\"><img decoding=\"async\" loading=\"lazy\" src=\"https:\/\/elcalaixetdelaiaia.es\/wp-content\/uploads\/2016\/09\/IMG_3965.png\" width=\"640\" height=\"480\" border=\"0\" \/><\/a><\/div>\n<div><\/div>\n<div style=\"text-align: center;\">justo en el que tiene menos, pondremos los ar\u00e1ndanos y mezclaremos, en otro pondremos cinco cucharadas(o iremos a\u00f1adiendo hasta que vemos que queda un tono mas claro que la mezcla que tiene los ar\u00e1ndanos) del jugo que nos qued\u00f3 de los ar\u00e1ndanos, y mezclaremos obteniendo un todo lila. En el tercer bol no a\u00f1adiremos nada, y quedar\u00e1 blanco<\/div>\n<div><\/div>\n<div class=\"separator\" style=\"clear: both; text-align: center;\"><a style=\"margin-left: 1em; margin-right: 1em;\" href=\"https:\/\/2.bp.blogspot.com\/-JZrW469vpns\/V9WgAt1mBlI\/AAAAAAAAl8Q\/s0A96FgAazccyB7phY8DKSgU-iqEEvJ3gCLcB\/s1600\/IMG_3966.PNG\"><img decoding=\"async\" loading=\"lazy\" src=\"https:\/\/elcalaixetdelaiaia.es\/wp-content\/uploads\/2016\/09\/IMG_3966.png\" width=\"640\" height=\"480\" border=\"0\" \/><\/a><\/div>\n<div><\/div>\n<div style=\"text-align: center;\">Volcaremos la primera capa (la que lleva los frutos) sobre la base de galletas<\/div>\n<div><\/div>\n<div class=\"separator\" style=\"clear: both; text-align: center;\"><a style=\"margin-left: 1em; margin-right: 1em;\" href=\"https:\/\/2.bp.blogspot.com\/-KJWx-OIEmwg\/V9WmQ3QWJUI\/AAAAAAAAl8o\/xIJwh13gUGs0obRZCd7C0YJbNrW9C8X2ACLcB\/s1600\/IMG_3967.PNG\"><img decoding=\"async\" loading=\"lazy\" src=\"https:\/\/elcalaixetdelaiaia.es\/wp-content\/uploads\/2016\/09\/IMG_3967.png\" width=\"640\" height=\"480\" border=\"0\" \/><\/a><\/div>\n<div><\/div>\n<div style=\"text-align: center;\">y dejaremos enfriar en el frigo media hora. Dependiendo de la temperatura ambiente, si hace calor, podremos dejar los otros cuencos tapados y en un sitio templado, si hace fresco calentamos un poco el horno o el microondas y los mantenemos all\u00ed con el fin de que no se solidifiquen las cremas, ya que han de esperar media hora el lila y una hora el blanco y si cogen fr\u00edo se pueden solidificar.<\/div>\n<div><\/div>\n<div class=\"separator\" style=\"clear: both; text-align: center;\"><a style=\"margin-left: 1em; margin-right: 1em;\" href=\"https:\/\/3.bp.blogspot.com\/-CeYsA_agJeA\/V9Wp6Bv_fsI\/AAAAAAAAl84\/C3axy7pG6tYUGzpCI4cM-MrTSIOQ13t9ACLcB\/s1600\/IMG_3968.PNG\"><img decoding=\"async\" loading=\"lazy\" src=\"https:\/\/elcalaixetdelaiaia.es\/wp-content\/uploads\/2016\/09\/IMG_3968.png\" width=\"640\" height=\"480\" border=\"0\" \/><\/a><\/div>\n<div><\/div>\n<div style=\"text-align: center;\">Pasada media hora, veremos que la primera capa ya esta suficientemente solidificada para que no se mezcle con la que vamos a poner. Ponemos un cuchar\u00f3n boca abajo y echamos la masa lila, sobre la anterior, con cuidado la pondremos en el frigo medio hora mas.<\/div>\n<div><\/div>\n<div class=\"separator\" style=\"clear: both; text-align: center;\"><a style=\"margin-left: 1em; margin-right: 1em;\" href=\"https:\/\/3.bp.blogspot.com\/-33NaBqnaWyc\/V9Wn-oDC4iI\/AAAAAAAAl8w\/kgr_ucnX628LJ2LlHOYJmb6ZKsWTHxj1wCLcB\/s1600\/IMG_3969.PNG\"><img decoding=\"async\" loading=\"lazy\" src=\"https:\/\/elcalaixetdelaiaia.es\/wp-content\/uploads\/2016\/09\/IMG_3969.png\" width=\"640\" height=\"480\" border=\"0\" \/><\/a><\/div>\n<div style=\"text-align: center;\">\n<p>Transcurrido \u00e9se tiempo sacaremos del fr\u00edo y de la misma forma que la anterior, volcaremos la capa blanca. y de nuevo al frigo. Yo la dejo toda la noche para que cuaje bien, pero calculo que estar\u00e1 lista en unas 4 o cinco horas.<\/p>\n<div class=\"separator\" style=\"clear: both; text-align: center;\"><a style=\"margin-left: 1em; margin-right: 1em;\" href=\"https:\/\/3.bp.blogspot.com\/-38gpXEUeMA4\/V9vPh3ID5hI\/AAAAAAAAl_A\/6uTZKM_axwY8AZH_VokInj9WvpcyNo7YQCLcB\/s1600\/IMG_3986.PNG\"><img decoding=\"async\" loading=\"lazy\" src=\"https:\/\/elcalaixetdelaiaia.es\/wp-content\/uploads\/2016\/09\/IMG_3986.png\" width=\"640\" height=\"480\" border=\"0\" \/><\/a><\/div>\n<p>Cuando vayamos a consumir, la sacamos del frigo, desmoldamos y quitamos el acetato con mucho cuidado<\/p>\n<div class=\"separator\" style=\"clear: both; text-align: center;\"><a style=\"margin-left: 1em; margin-right: 1em;\" href=\"https:\/\/4.bp.blogspot.com\/-LXcmV-NttMQ\/V9vNicISwpI\/AAAAAAAAl-0\/AxsiLkIoIaorKmJE8S32QaI7B9BoQyJnACLcB\/s1600\/IMG_3987.PNG\"><img decoding=\"async\" loading=\"lazy\" src=\"https:\/\/elcalaixetdelaiaia.es\/wp-content\/uploads\/2016\/09\/IMG_3987.png\" width=\"640\" height=\"480\" border=\"0\" \/><\/a><\/div>\n<p>y ya podemos decorar a nuestro gusto, he puesto alrededor una capita de la gelatina de ar\u00e1ndanos sobrante, calent\u00e1ndola un poco en el micro, y formando un c\u00edrculo para que no resbalen los ar\u00e1ndanos que he colocado encima, un montoncito en un lado y una hojitas de hierbabuena cuyo contraste da una combinaci\u00f3n estupenda de sabores.<\/p>\n<div class=\"separator\" style=\"clear: both; text-align: center;\"><a style=\"margin-left: 1em; margin-right: 1em;\" href=\"https:\/\/1.bp.blogspot.com\/--qAZy0ACsM4\/V9vLCFl2GOI\/AAAAAAAAl-o\/xcZAHGogWDsg5g3IzBVEBU5ayXHRiIHMACLcB\/s1600\/IMG_4086.PNG\"><img decoding=\"async\" loading=\"lazy\" src=\"https:\/\/elcalaixetdelaiaia.es\/wp-content\/uploads\/2016\/09\/IMG_4086.png\" width=\"640\" height=\"430\" border=\"0\" \/><\/a><\/div>\n<p>Podemos guardar en el frigo, cubierta con un cubretartas o papel film, hasta el momento de servir<\/p>\n<div class=\"separator\" style=\"clear: both; text-align: center;\"><a style=\"margin-left: 1em; margin-right: 1em;\" href=\"https:\/\/3.bp.blogspot.com\/-TX2v7yoQe0U\/V9vOn_WAmRI\/AAAAAAAAl-8\/54Vlt3HNFT4Rc4dY34WFbVThWkCveLHrQCLcB\/s1600\/IMG_4087.PNG\"><img decoding=\"async\" loading=\"lazy\" src=\"https:\/\/elcalaixetdelaiaia.es\/wp-content\/uploads\/2016\/09\/IMG_4087.png\" width=\"640\" height=\"480\" border=\"0\" \/><\/a><\/div>\n<p>Ya que es una tarta que se disfruta mucho mejor si est\u00e1 bien fr\u00eda<\/p>\n<div class=\"separator\" style=\"clear: both; text-align: center;\"><a style=\"margin-left: 1em; margin-right: 1em;\" href=\"https:\/\/2.bp.blogspot.com\/-yqpZeNVlG2M\/V9vQeobrtEI\/AAAAAAAAl_E\/gccjZJ4YANAH2YqTgRXTOAsmAehETrpYgCLcB\/s1600\/IMG_4088.PNG\"><img decoding=\"async\" loading=\"lazy\" src=\"https:\/\/elcalaixetdelaiaia.es\/wp-content\/uploads\/2016\/09\/IMG_4088.png\" width=\"640\" height=\"448\" border=\"0\" \/><\/a><\/div>\n<p>aqu\u00ed ten\u00e9is el resultado final<\/p>\n<div class=\"separator\" style=\"clear: both; text-align: center;\"><a style=\"margin-left: 1em; margin-right: 1em;\" href=\"https:\/\/2.bp.blogspot.com\/-SqdJd6raMM4\/V9vRkAflK5I\/AAAAAAAAl_M\/2jKN5B85Qpw4eYikuc0tbGIwFT5Ll-33gCLcB\/s1600\/IMG_4089.PNG\"><img decoding=\"async\" loading=\"lazy\" src=\"https:\/\/elcalaixetdelaiaia.es\/wp-content\/uploads\/2016\/09\/IMG_4089.png\" width=\"640\" height=\"480\" border=\"0\" \/><\/a><\/div>\n<p>y aqu\u00ed la porci\u00f3n<\/p>\n<div class=\"separator\" style=\"clear: both; text-align: center;\"><a style=\"margin-left: 1em; margin-right: 1em;\" href=\"https:\/\/1.bp.blogspot.com\/-oc1VpCv9xSo\/V9vSzHT4VeI\/AAAAAAAAl_U\/r-Y8rXv1_f8yaItjzu_X1tQW8n6J164PwCLcB\/s1600\/IMG_4090.PNG\"><img decoding=\"async\" loading=\"lazy\" src=\"https:\/\/elcalaixetdelaiaia.es\/wp-content\/uploads\/2016\/09\/IMG_4090.png\" width=\"640\" height=\"480\" border=\"0\" \/><\/a><\/div>\n<div><\/div>\n<div style=\"text-align: center;\">de \u00e9sta estupenda tarta que disfrutamos<\/div>\n<\/div>\n<div style=\"text-align: center;\">\n<div class=\"separator\" style=\"clear: both; text-align: center;\"><\/div>\n<div class=\"separator\" style=\"clear: both; text-align: center;\"><a style=\"margin-left: 1em; margin-right: 1em;\" href=\"https:\/\/3.bp.blogspot.com\/-Vfzr8YHhCbU\/V9vR8U7qDFI\/AAAAAAAAl_Q\/Z01sEMz1XmsBw1aj6aRdueuLimKDVibhACLcB\/s1600\/IMG_4092.PNG\"><img decoding=\"async\" loading=\"lazy\" src=\"https:\/\/elcalaixetdelaiaia.es\/wp-content\/uploads\/2016\/09\/IMG_4092.png\" width=\"640\" height=\"432\" border=\"0\" \/><\/a><\/div>\n<div style=\"text-align: center;\"><\/div>\n<div style=\"text-align: center;\">al aire libre, me falt\u00f3 mojar en agua y secar despues de cada corte el cuchillo para que quedara el corte m\u00e1s limpio, perooooo mis princesitas y mi marid\u00edn, no ten\u00edan espera jajajaja<\/div>\n<div><\/div>\n<div class=\"separator\" style=\"clear: both; text-align: center;\"><a style=\"margin-left: 1em; margin-right: 1em;\" href=\"https:\/\/4.bp.blogspot.com\/-02tnAMPBGus\/V9vTFmfMYWI\/AAAAAAAAl_c\/37jgloBVDbMW2M0n_qbNjhlacFwXg2I9wCLcB\/s1600\/IMG_4093.PNG\"><img decoding=\"async\" loading=\"lazy\" src=\"https:\/\/elcalaixetdelaiaia.es\/wp-content\/uploads\/2016\/09\/IMG_4093.png\" width=\"640\" height=\"480\" border=\"0\" \/><\/a><\/div>\n<div style=\"text-align: center;\"><\/div>\n<div style=\"text-align: center;\">os aseguro que es una delicia para merendar<\/div>\n<div><\/div>\n<div class=\"separator\" style=\"clear: both; text-align: center;\"><a style=\"margin-left: 1em; margin-right: 1em;\" href=\"https:\/\/1.bp.blogspot.com\/-6Z_bcbmEmoc\/V9vTPL0OrGI\/AAAAAAAAl_g\/KwpCxPhwVsQhntxcK9Bsa8VVD4UP4NPIQCLcB\/s1600\/IMG_4094.PNG\"><img decoding=\"async\" loading=\"lazy\" src=\"https:\/\/elcalaixetdelaiaia.es\/wp-content\/uploads\/2016\/09\/IMG_4094.png\" width=\"640\" height=\"460\" border=\"0\" \/><\/a><\/div>\n<div style=\"text-align: center;\"><\/div>\n<div style=\"text-align: center;\">y celebrar el santo de mi princesa mayor <a style=\"margin-left: 1em; margin-right: 1em;\" href=\"https:\/\/2.bp.blogspot.com\/-GmJhmkWQs2o\/V91pj9qiFsI\/AAAAAAAAmAw\/PDBZdPI40wgXmL7uWWHDCXGgN0R-U0HIACLcB\/s1600\/ultima.jpg\"><img decoding=\"async\" loading=\"lazy\" src=\"https:\/\/elcalaixetdelaiaia.es\/wp-content\/uploads\/2016\/09\/ultima.jpg\" width=\"640\" height=\"640\" border=\"0\" \/><\/a><\/div>\n<div style=\"text-align: center;\">\n<div style=\"text-align: center;\">\u00a0Si te gusta mi receta, puedes compartirla para que llegue a m\u00e1s gente.<\/div>\n<\/div>\n<div style=\"text-align: center;\">\n<div style=\"text-align: center;\">Espero tus comentarios, que para mi son MUY importantes y prometo contestar lo antes posible. Gracias por tu visita.<br \/>\nY recuerda que tambi\u00e9n estoy en Facebook\u00a0<a href=\"https:\/\/www.facebook.com\/El-calaixet-de-la-iaia-533062140099386\/\">https:\/\/www.facebook.com\/El-calaixet-de-la-iaia-533062140099386\/<\/a><\/div>\n<\/div>\n<div style=\"text-align: center;\"><\/div>\n<div style=\"text-align: center;\">\u00a1Ah! se me olvidaba decirte que si la haces con frambuesas, moras o fresas, como la anterior que hice, tambi\u00e9n queda una tarta deliciosaaaa mmmm &#8230;.. emplea tu imaginaci\u00f3n y te sorprender\u00e1s de lo que eres capaz \ud83d\ude09<\/div>\n<\/div>\n","protected":false},"excerpt":{"rendered":"<p>\u00abRefrany; Els fills s&#8217;assemblen a les mares i les filles als pares\u00bb Los hijos se parecen a las madres y las hijas a los padres. Tras unos meses de inactividad blogueril, a causa de estar pasando unos momentos de baj\u00f3n por haber sufrido un terrible verano y uno de los &hellip; <\/p>\n","protected":false},"author":2,"featured_media":3862,"comment_status":"open","ping_status":"open","sticky":false,"template":"","format":"standard","meta":[],"categories":[46,6,1],"tags":[],"_links":{"self":[{"href":"https:\/\/elcalaixetdelaiaia.es\/index.php?rest_route=\/wp\/v2\/posts\/245"}],"collection":[{"href":"https:\/\/elcalaixetdelaiaia.es\/index.php?rest_route=\/wp\/v2\/posts"}],"about":[{"href":"https:\/\/elcalaixetdelaiaia.es\/index.php?rest_route=\/wp\/v2\/types\/post"}],"author":[{"embeddable":true,"href":"https:\/\/elcalaixetdelaiaia.es\/index.php?rest_route=\/wp\/v2\/users\/2"}],"replies":[{"embeddable":true,"href":"https:\/\/elcalaixetdelaiaia.es\/index.php?rest_route=%2Fwp%2Fv2%2Fcomments&post=245"}],"version-history":[{"count":9,"href":"https:\/\/elcalaixetdelaiaia.es\/index.php?rest_route=\/wp\/v2\/posts\/245\/revisions"}],"predecessor-version":[{"id":22893,"href":"https:\/\/elcalaixetdelaiaia.es\/index.php?rest_route=\/wp\/v2\/posts\/245\/revisions\/22893"}],"wp:featuredmedia":[{"embeddable":true,"href":"https:\/\/elcalaixetdelaiaia.es\/index.php?rest_route=\/wp\/v2\/media\/3862"}],"wp:attachment":[{"href":"https:\/\/elcalaixetdelaiaia.es\/index.php?rest_route=%2Fwp%2Fv2%2Fmedia&parent=245"}],"wp:term":[{"taxonomy":"category","embeddable":true,"href":"https:\/\/elcalaixetdelaiaia.es\/index.php?rest_route=%2Fwp%2Fv2%2Fcategories&post=245"},{"taxonomy":"post_tag","embeddable":true,"href":"https:\/\/elcalaixetdelaiaia.es\/index.php?rest_route=%2Fwp%2Fv2%2Ftags&post=245"}],"curies":[{"name":"wp","href":"https:\/\/api.w.org\/{rel}","templated":true}]}}