{"id":24344,"date":"2023-02-18T11:24:02","date_gmt":"2023-02-18T11:24:02","guid":{"rendered":"https:\/\/elcalaixetdelaiaia.es\/?p=24344"},"modified":"2023-02-19T10:08:46","modified_gmt":"2023-02-19T10:08:46","slug":"crema-de-alcachofas-paso-a-paso-foto-a-foto","status":"publish","type":"post","link":"https:\/\/elcalaixetdelaiaia.es\/?p=24344","title":{"rendered":"Crema de alcachofas paso a paso foto a foto"},"content":{"rendered":"<p>\u00abRefrany;\u00a0 Amb diners, carxofes; quant m\u00e9s, m\u00e9s grosses .\u00bb \u00a0<span class=\"Y2IQFc\" lang=\"es\">Con dinero, alcachofas; cuanto m\u00e1s, m\u00e1s gordas.<\/span><\/p>\n<p>Cuando tienes el privilegio de tener a la joya de la huerta, del bancal, directo a tu cocina, tienes que aprovechar la ocasi\u00f3n, y eso es lo que he podido hacer hoy, una exquisita crema de alcachofa, con unas alcachofas reci\u00e9n cortadas, sin pasar por c\u00e1maras, ni intermediarios, y me han enviado hasta los limones, que no ve\u00e1is como huelennn, eso&#8230; no se ve todos los d\u00edas, as\u00ed que much\u00edsimas gracias, a tod@s quienes lo hab\u00e9is hecho posible \u2764\ufe0f, menudo detallazo. \u00a1A vuestra salud!<\/p>\n<p style=\"text-align: center;\"><img decoding=\"async\" loading=\"lazy\" class=\"alignnone size-full wp-image-24526\" src=\"https:\/\/elcalaixetdelaiaia.es\/wp-content\/uploads\/2023\/02\/WhatsApp-Image-2023-02-17-at-17.02.2822.jpeg\" alt=\"\" width=\"1024\" height=\"768\" srcset=\"https:\/\/elcalaixetdelaiaia.es\/wp-content\/uploads\/2023\/02\/WhatsApp-Image-2023-02-17-at-17.02.2822.jpeg 1024w, https:\/\/elcalaixetdelaiaia.es\/wp-content\/uploads\/2023\/02\/WhatsApp-Image-2023-02-17-at-17.02.2822-300x225.jpeg 300w, https:\/\/elcalaixetdelaiaia.es\/wp-content\/uploads\/2023\/02\/WhatsApp-Image-2023-02-17-at-17.02.2822-768x576.jpeg 768w\" sizes=\"(max-width: 1024px) 100vw, 1024px\" \/><\/p>\n<p>En casa, somos mucho de cremas, y poco a poco, voy publicando las que preparo. No pod\u00eda faltar en mi blog, la crema de alcachofas, ya que era la verdura favorita de mi mami, y se la preparaba muchiiisimas veces, para comer, o cenar, en invierno o verano, con alcachofa del tiempo, o en conserva, pero una veces por otras, la preparo y se me olvida tomar fotos, pues de hoy&#8230; no pasa.<\/p>\n<p><em><strong>\u00abCrema de carxofes\u00bb<\/strong><\/em><\/p>\n<p>Necesitaremos;<\/p>\n<p style=\"text-align: center;\"><img decoding=\"async\" loading=\"lazy\" class=\"alignnone size-full wp-image-24527\" src=\"https:\/\/elcalaixetdelaiaia.es\/wp-content\/uploads\/2023\/02\/WhatsApp-Image-2023-02-17-at-17.02.283.jpeg\" alt=\"\" width=\"768\" height=\"1024\" srcset=\"https:\/\/elcalaixetdelaiaia.es\/wp-content\/uploads\/2023\/02\/WhatsApp-Image-2023-02-17-at-17.02.283.jpeg 768w, https:\/\/elcalaixetdelaiaia.es\/wp-content\/uploads\/2023\/02\/WhatsApp-Image-2023-02-17-at-17.02.283-225x300.jpeg 225w\" sizes=\"(max-width: 768px) 100vw, 768px\" \/><\/p>\n<ol>\n<li>12 alcachofas grandes<\/li>\n<li>Un manojo de cebolletas<\/li>\n<li>Dos patatas agrias<\/li>\n<li>Cuatro quesitos en porciones<\/li>\n<li>Sal<\/li>\n<li>Pimienta<\/li>\n<li>Aceite de oliva virgen extra<\/li>\n<\/ol>\n<p>Con estos ingredientes, y una vez pasada la crema por el chino, me han salido dos litros cumplidos de crema.<\/p>\n<p>Pod\u00e9is sustituir los quesitos, por leche vaporada, crema de leche, nata, nata de cocinar vegetal, leche, dos cucharadas de queso crema, tipo Philadelphia. Con cualquiera de\u00a0 estos cambios, queda deliciosa, y si os gusta con menos sabor a l\u00e1cteo y m\u00e1s a verdura, pod\u00e9is no poner ninguno, pero entonces pasamos de crema a pur\u00e9, aunque igualmente rico.<\/p>\n<p>Tambi\u00e9n, a unas malas, podemos usar alcachofas congeladas o en conserva, pero lo ideal es consumir productos de temporada, siempre que nos sea posible.<\/p>\n<p>Antes de nada, recomendaros que para cortar y limpiar alcachofas (igual que para las habas), es mejor usar guantes, porque de lo contrario, se quedan las manos ennegrecidas y muy feas.<\/p>\n<p style=\"text-align: center;\"><img decoding=\"async\" loading=\"lazy\" class=\"alignnone size-full wp-image-24528\" src=\"https:\/\/elcalaixetdelaiaia.es\/wp-content\/uploads\/2023\/02\/WhatsApp-Image-2023-02-17-at-17.02.286.jpeg\" alt=\"\" width=\"1024\" height=\"1024\" srcset=\"https:\/\/elcalaixetdelaiaia.es\/wp-content\/uploads\/2023\/02\/WhatsApp-Image-2023-02-17-at-17.02.286.jpeg 1024w, https:\/\/elcalaixetdelaiaia.es\/wp-content\/uploads\/2023\/02\/WhatsApp-Image-2023-02-17-at-17.02.286-300x300.jpeg 300w, https:\/\/elcalaixetdelaiaia.es\/wp-content\/uploads\/2023\/02\/WhatsApp-Image-2023-02-17-at-17.02.286-150x150.jpeg 150w, https:\/\/elcalaixetdelaiaia.es\/wp-content\/uploads\/2023\/02\/WhatsApp-Image-2023-02-17-at-17.02.286-768x768.jpeg 768w, https:\/\/elcalaixetdelaiaia.es\/wp-content\/uploads\/2023\/02\/WhatsApp-Image-2023-02-17-at-17.02.286-60x60.jpeg 60w, https:\/\/elcalaixetdelaiaia.es\/wp-content\/uploads\/2023\/02\/WhatsApp-Image-2023-02-17-at-17.02.286-235x235.jpeg 235w, https:\/\/elcalaixetdelaiaia.es\/wp-content\/uploads\/2023\/02\/WhatsApp-Image-2023-02-17-at-17.02.286-255x255.jpeg 255w\" sizes=\"(max-width: 1024px) 100vw, 1024px\" \/><\/p>\n<p>Procederemos a pelar las alcachofas (dejando dos aparte, para la decoraci\u00f3n final), con un cuchillito de sierra, eliminando rabo y hojas externas, cortamos por la mitad y retiramos las barbas que puedan tener en el centro. Aunque no os preocupe\u00eds demasiado, ya que al final va todo triturado y pasado por el colador fino o chino, que ya ver\u00e9is donde quedan las barbas&#8230;<\/p>\n<p>Tendremos preparado un cuenco con agua muy fr\u00eda, y un lim\u00f3n escurrido y el resto del lim\u00f3n, en el que iremos poniendo los corazones de alcachofa, para evitar que ennegrezcan. Si no ten\u00e9is lim\u00f3n pod\u00e9is usar agua muy fr\u00eda, y unas ramas de perejil.<\/p>\n<p>Pelamos y troceamos las cebolletas, y pelamos y chascamos la patata<\/p>\n<p style=\"text-align: center;\"><img decoding=\"async\" loading=\"lazy\" class=\"alignnone size-full wp-image-24529\" src=\"https:\/\/elcalaixetdelaiaia.es\/wp-content\/uploads\/2023\/02\/WhatsApp-Image-2023-02-17-at-17.02.284.jpeg\" alt=\"\" width=\"1024\" height=\"768\" srcset=\"https:\/\/elcalaixetdelaiaia.es\/wp-content\/uploads\/2023\/02\/WhatsApp-Image-2023-02-17-at-17.02.284.jpeg 1024w, https:\/\/elcalaixetdelaiaia.es\/wp-content\/uploads\/2023\/02\/WhatsApp-Image-2023-02-17-at-17.02.284-300x225.jpeg 300w, https:\/\/elcalaixetdelaiaia.es\/wp-content\/uploads\/2023\/02\/WhatsApp-Image-2023-02-17-at-17.02.284-768x576.jpeg 768w\" sizes=\"(max-width: 1024px) 100vw, 1024px\" \/><\/p>\n<p>En un poco de aceite de oliva caliente, pocharemos la cebolleta y cuando blanquee,<\/p>\n<p style=\"text-align: center;\"><img decoding=\"async\" loading=\"lazy\" class=\"alignnone size-full wp-image-24530\" src=\"https:\/\/elcalaixetdelaiaia.es\/wp-content\/uploads\/2023\/02\/WhatsApp-Image-2023-02-17-at-17.02.285.jpeg\" alt=\"\" width=\"1024\" height=\"768\" srcset=\"https:\/\/elcalaixetdelaiaia.es\/wp-content\/uploads\/2023\/02\/WhatsApp-Image-2023-02-17-at-17.02.285.jpeg 1024w, https:\/\/elcalaixetdelaiaia.es\/wp-content\/uploads\/2023\/02\/WhatsApp-Image-2023-02-17-at-17.02.285-300x225.jpeg 300w, https:\/\/elcalaixetdelaiaia.es\/wp-content\/uploads\/2023\/02\/WhatsApp-Image-2023-02-17-at-17.02.285-768x576.jpeg 768w\" sizes=\"(max-width: 1024px) 100vw, 1024px\" \/><\/p>\n<p style=\"text-align: center;\">a\u00f1adiremos la patata chascada,<\/p>\n<p style=\"text-align: center;\"><img decoding=\"async\" loading=\"lazy\" class=\"alignnone size-full wp-image-24531\" src=\"https:\/\/elcalaixetdelaiaia.es\/wp-content\/uploads\/2023\/02\/WhatsApp-Image-2023-02-17-at-17.02.287.jpeg\" alt=\"\" width=\"1024\" height=\"768\" srcset=\"https:\/\/elcalaixetdelaiaia.es\/wp-content\/uploads\/2023\/02\/WhatsApp-Image-2023-02-17-at-17.02.287.jpeg 1024w, https:\/\/elcalaixetdelaiaia.es\/wp-content\/uploads\/2023\/02\/WhatsApp-Image-2023-02-17-at-17.02.287-300x225.jpeg 300w, https:\/\/elcalaixetdelaiaia.es\/wp-content\/uploads\/2023\/02\/WhatsApp-Image-2023-02-17-at-17.02.287-768x576.jpeg 768w\" sizes=\"(max-width: 1024px) 100vw, 1024px\" \/><\/p>\n<p>\u00a0eliminamos el agua del remojo y el lim\u00f3n, escurrimos las alcachofas y las a\u00f1adimos a la olla con la patata y la cebolla, removeremos y dejaremos a fuego lento unos cinco minutos<\/p>\n<p><img decoding=\"async\" loading=\"lazy\" class=\"alignnone size-full wp-image-24532\" src=\"https:\/\/elcalaixetdelaiaia.es\/wp-content\/uploads\/2023\/02\/WhatsApp-Image-2023-02-17-at-17.02.288.jpeg\" alt=\"\" width=\"1024\" height=\"768\" srcset=\"https:\/\/elcalaixetdelaiaia.es\/wp-content\/uploads\/2023\/02\/WhatsApp-Image-2023-02-17-at-17.02.288.jpeg 1024w, https:\/\/elcalaixetdelaiaia.es\/wp-content\/uploads\/2023\/02\/WhatsApp-Image-2023-02-17-at-17.02.288-300x225.jpeg 300w, https:\/\/elcalaixetdelaiaia.es\/wp-content\/uploads\/2023\/02\/WhatsApp-Image-2023-02-17-at-17.02.288-768x576.jpeg 768w\" sizes=\"(max-width: 1024px) 100vw, 1024px\" \/><\/p>\n<p style=\"text-align: center;\">pasados los cuales, salpimentamos y a\u00f1adimos el agua justa, para cubrir,<\/p>\n<p style=\"text-align: center;\"><img decoding=\"async\" loading=\"lazy\" class=\"alignnone size-full wp-image-24533\" src=\"https:\/\/elcalaixetdelaiaia.es\/wp-content\/uploads\/2023\/02\/WhatsApp-Image-2023-02-17-at-17.02.289.jpeg\" alt=\"\" width=\"1024\" height=\"768\" srcset=\"https:\/\/elcalaixetdelaiaia.es\/wp-content\/uploads\/2023\/02\/WhatsApp-Image-2023-02-17-at-17.02.289.jpeg 1024w, https:\/\/elcalaixetdelaiaia.es\/wp-content\/uploads\/2023\/02\/WhatsApp-Image-2023-02-17-at-17.02.289-300x225.jpeg 300w, https:\/\/elcalaixetdelaiaia.es\/wp-content\/uploads\/2023\/02\/WhatsApp-Image-2023-02-17-at-17.02.289-768x576.jpeg 768w\" sizes=\"(max-width: 1024px) 100vw, 1024px\" \/><\/p>\n<p>Dejamos cocer a fuego lento, con la cazuela tapada hasta que se cuezan la patata y la alcachofa, sin descuidar, no nos quede seco y crudo. Ojo, que la alcachofa, se cuece en nada, a los 20\/25 minutos, probar por si ya est\u00e1 cocida.<\/p>\n<p style=\"text-align: center;\"><img decoding=\"async\" loading=\"lazy\" class=\"alignnone size-full wp-image-24534\" src=\"https:\/\/elcalaixetdelaiaia.es\/wp-content\/uploads\/2023\/02\/WhatsApp-Image-2023-02-17-at-17.02.2810.jpeg\" alt=\"\" width=\"1024\" height=\"768\" srcset=\"https:\/\/elcalaixetdelaiaia.es\/wp-content\/uploads\/2023\/02\/WhatsApp-Image-2023-02-17-at-17.02.2810.jpeg 1024w, https:\/\/elcalaixetdelaiaia.es\/wp-content\/uploads\/2023\/02\/WhatsApp-Image-2023-02-17-at-17.02.2810-300x225.jpeg 300w, https:\/\/elcalaixetdelaiaia.es\/wp-content\/uploads\/2023\/02\/WhatsApp-Image-2023-02-17-at-17.02.2810-768x576.jpeg 768w\" sizes=\"(max-width: 1024px) 100vw, 1024px\" \/><\/p>\n<p>Retiramos del fuego y trituramos, comprobando el punto de sal. Ha de quedar una crema muy muy fina sin tropez\u00f3n ninguno.<\/p>\n<p style=\"text-align: center;\"><img decoding=\"async\" loading=\"lazy\" class=\"alignnone size-full wp-image-24535\" src=\"https:\/\/elcalaixetdelaiaia.es\/wp-content\/uploads\/2023\/02\/WhatsApp-Image-2023-02-17-at-17.02.2812.jpeg\" alt=\"\" width=\"1024\" height=\"768\" srcset=\"https:\/\/elcalaixetdelaiaia.es\/wp-content\/uploads\/2023\/02\/WhatsApp-Image-2023-02-17-at-17.02.2812.jpeg 1024w, https:\/\/elcalaixetdelaiaia.es\/wp-content\/uploads\/2023\/02\/WhatsApp-Image-2023-02-17-at-17.02.2812-300x225.jpeg 300w, https:\/\/elcalaixetdelaiaia.es\/wp-content\/uploads\/2023\/02\/WhatsApp-Image-2023-02-17-at-17.02.2812-768x576.jpeg 768w\" sizes=\"(max-width: 1024px) 100vw, 1024px\" \/><\/p>\n<p>En este punto, con la crema reci\u00e9n sacada del fuego, es el momento de a\u00f1adir los quesitos, la nata, leche&#8230; o lo que hay\u00e1is elegido, y trituramos para que se mezcla todo bien.<\/p>\n<p style=\"text-align: center;\"><img decoding=\"async\" loading=\"lazy\" class=\"alignnone size-full wp-image-24536\" src=\"https:\/\/elcalaixetdelaiaia.es\/wp-content\/uploads\/2023\/02\/WhatsApp-Image-2023-02-17-at-17.02.2813.jpeg\" alt=\"\" width=\"1024\" height=\"768\" srcset=\"https:\/\/elcalaixetdelaiaia.es\/wp-content\/uploads\/2023\/02\/WhatsApp-Image-2023-02-17-at-17.02.2813.jpeg 1024w, https:\/\/elcalaixetdelaiaia.es\/wp-content\/uploads\/2023\/02\/WhatsApp-Image-2023-02-17-at-17.02.2813-300x225.jpeg 300w, https:\/\/elcalaixetdelaiaia.es\/wp-content\/uploads\/2023\/02\/WhatsApp-Image-2023-02-17-at-17.02.2813-768x576.jpeg 768w\" sizes=\"(max-width: 1024px) 100vw, 1024px\" \/><\/p>\n<p>Pasamos la crema a un colador de malla muy fina o un chino y con paciencia, vamos removiendo para que pase la crema y se queden los hilos.<\/p>\n<p style=\"text-align: center;\"><img decoding=\"async\" loading=\"lazy\" class=\"alignnone size-full wp-image-24537\" src=\"https:\/\/elcalaixetdelaiaia.es\/wp-content\/uploads\/2023\/02\/WhatsApp-Image-2023-02-17-at-17.02.2814.jpeg\" alt=\"\" width=\"1024\" height=\"768\" srcset=\"https:\/\/elcalaixetdelaiaia.es\/wp-content\/uploads\/2023\/02\/WhatsApp-Image-2023-02-17-at-17.02.2814.jpeg 1024w, https:\/\/elcalaixetdelaiaia.es\/wp-content\/uploads\/2023\/02\/WhatsApp-Image-2023-02-17-at-17.02.2814-300x225.jpeg 300w, https:\/\/elcalaixetdelaiaia.es\/wp-content\/uploads\/2023\/02\/WhatsApp-Image-2023-02-17-at-17.02.2814-768x576.jpeg 768w\" sizes=\"(max-width: 1024px) 100vw, 1024px\" \/><\/p>\n<p>Aqu\u00ed est\u00e1n todas las barbas, que hemos evitado queden en la crema.<\/p>\n<p style=\"text-align: center;\"><img decoding=\"async\" loading=\"lazy\" class=\"alignnone size-full wp-image-24538\" src=\"https:\/\/elcalaixetdelaiaia.es\/wp-content\/uploads\/2023\/02\/WhatsApp-Image-2023-02-17-at-17.02.2815.jpeg\" alt=\"\" width=\"1024\" height=\"768\" srcset=\"https:\/\/elcalaixetdelaiaia.es\/wp-content\/uploads\/2023\/02\/WhatsApp-Image-2023-02-17-at-17.02.2815.jpeg 1024w, https:\/\/elcalaixetdelaiaia.es\/wp-content\/uploads\/2023\/02\/WhatsApp-Image-2023-02-17-at-17.02.2815-300x225.jpeg 300w, https:\/\/elcalaixetdelaiaia.es\/wp-content\/uploads\/2023\/02\/WhatsApp-Image-2023-02-17-at-17.02.2815-768x576.jpeg 768w\" sizes=\"(max-width: 1024px) 100vw, 1024px\" \/><\/p>\n<p style=\"text-align: center;\">qued\u00e1ndonos una crema suave, y deliciosa<\/p>\n<p><img decoding=\"async\" loading=\"lazy\" class=\"alignnone size-full wp-image-24539\" src=\"https:\/\/elcalaixetdelaiaia.es\/wp-content\/uploads\/2023\/02\/WhatsApp-Image-2023-02-17-at-17.02.2816.jpeg\" alt=\"\" width=\"1024\" height=\"768\" srcset=\"https:\/\/elcalaixetdelaiaia.es\/wp-content\/uploads\/2023\/02\/WhatsApp-Image-2023-02-17-at-17.02.2816.jpeg 1024w, https:\/\/elcalaixetdelaiaia.es\/wp-content\/uploads\/2023\/02\/WhatsApp-Image-2023-02-17-at-17.02.2816-300x225.jpeg 300w, https:\/\/elcalaixetdelaiaia.es\/wp-content\/uploads\/2023\/02\/WhatsApp-Image-2023-02-17-at-17.02.2816-768x576.jpeg 768w\" sizes=\"(max-width: 1024px) 100vw, 1024px\" \/><\/p>\n<p>Limpiamos las alcachofa que hemos reservado, las cortamos en gajos, y los doramos en un poco de aceite de oliva, hasta que los veamos crujiente, la sacamos a papel absorbente y salamos.<\/p>\n<p style=\"text-align: center;\"><img decoding=\"async\" loading=\"lazy\" class=\"alignnone size-full wp-image-24540\" src=\"https:\/\/elcalaixetdelaiaia.es\/wp-content\/uploads\/2023\/02\/WhatsApp-Image-2023-02-17-at-17.02.2817.jpeg\" alt=\"\" width=\"1024\" height=\"768\" srcset=\"https:\/\/elcalaixetdelaiaia.es\/wp-content\/uploads\/2023\/02\/WhatsApp-Image-2023-02-17-at-17.02.2817.jpeg 1024w, https:\/\/elcalaixetdelaiaia.es\/wp-content\/uploads\/2023\/02\/WhatsApp-Image-2023-02-17-at-17.02.2817-300x225.jpeg 300w, https:\/\/elcalaixetdelaiaia.es\/wp-content\/uploads\/2023\/02\/WhatsApp-Image-2023-02-17-at-17.02.2817-768x576.jpeg 768w\" sizes=\"(max-width: 1024px) 100vw, 1024px\" \/><\/p>\n<p style=\"text-align: center;\">Emplatamos y decoramos con las cortadas de alcachofa frita.<\/p>\n<p><img decoding=\"async\" loading=\"lazy\" class=\"alignnone size-full wp-image-24541\" src=\"https:\/\/elcalaixetdelaiaia.es\/wp-content\/uploads\/2023\/02\/WhatsApp-Image-2023-02-17-at-17.02.2818.jpeg\" alt=\"\" width=\"1024\" height=\"768\" srcset=\"https:\/\/elcalaixetdelaiaia.es\/wp-content\/uploads\/2023\/02\/WhatsApp-Image-2023-02-17-at-17.02.2818.jpeg 1024w, https:\/\/elcalaixetdelaiaia.es\/wp-content\/uploads\/2023\/02\/WhatsApp-Image-2023-02-17-at-17.02.2818-300x225.jpeg 300w, https:\/\/elcalaixetdelaiaia.es\/wp-content\/uploads\/2023\/02\/WhatsApp-Image-2023-02-17-at-17.02.2818-768x576.jpeg 768w\" sizes=\"(max-width: 1024px) 100vw, 1024px\" \/><\/p>\n<p style=\"text-align: center;\">Es una crema, que se puede tomar caliente<\/p>\n<p><img decoding=\"async\" loading=\"lazy\" class=\"alignnone size-full wp-image-24542\" src=\"https:\/\/elcalaixetdelaiaia.es\/wp-content\/uploads\/2023\/02\/WhatsApp-Image-2023-02-17-at-17.02.2819.jpeg\" alt=\"\" width=\"1024\" height=\"768\" srcset=\"https:\/\/elcalaixetdelaiaia.es\/wp-content\/uploads\/2023\/02\/WhatsApp-Image-2023-02-17-at-17.02.2819.jpeg 1024w, https:\/\/elcalaixetdelaiaia.es\/wp-content\/uploads\/2023\/02\/WhatsApp-Image-2023-02-17-at-17.02.2819-300x225.jpeg 300w, https:\/\/elcalaixetdelaiaia.es\/wp-content\/uploads\/2023\/02\/WhatsApp-Image-2023-02-17-at-17.02.2819-768x576.jpeg 768w\" sizes=\"(max-width: 1024px) 100vw, 1024px\" \/><\/p>\n<p style=\"text-align: center;\">o fr\u00eda<\/p>\n<p><img decoding=\"async\" loading=\"lazy\" class=\"alignnone size-full wp-image-24543\" src=\"https:\/\/elcalaixetdelaiaia.es\/wp-content\/uploads\/2023\/02\/WhatsApp-Image-2023-02-17-at-17.02.2820.jpeg\" alt=\"\" width=\"1024\" height=\"768\" srcset=\"https:\/\/elcalaixetdelaiaia.es\/wp-content\/uploads\/2023\/02\/WhatsApp-Image-2023-02-17-at-17.02.2820.jpeg 1024w, https:\/\/elcalaixetdelaiaia.es\/wp-content\/uploads\/2023\/02\/WhatsApp-Image-2023-02-17-at-17.02.2820-300x225.jpeg 300w, https:\/\/elcalaixetdelaiaia.es\/wp-content\/uploads\/2023\/02\/WhatsApp-Image-2023-02-17-at-17.02.2820-768x576.jpeg 768w\" sizes=\"(max-width: 1024px) 100vw, 1024px\" \/><\/p>\n<p style=\"text-align: center;\">en cualquier caso, est\u00e1 riqu\u00edsima y muy sana<\/p>\n<p><img decoding=\"async\" loading=\"lazy\" class=\"alignnone size-full wp-image-24544\" src=\"https:\/\/elcalaixetdelaiaia.es\/wp-content\/uploads\/2023\/02\/WhatsApp-Image-2023-02-17-at-17.02.2821.jpeg\" alt=\"\" width=\"1024\" height=\"768\" srcset=\"https:\/\/elcalaixetdelaiaia.es\/wp-content\/uploads\/2023\/02\/WhatsApp-Image-2023-02-17-at-17.02.2821.jpeg 1024w, https:\/\/elcalaixetdelaiaia.es\/wp-content\/uploads\/2023\/02\/WhatsApp-Image-2023-02-17-at-17.02.2821-300x225.jpeg 300w, https:\/\/elcalaixetdelaiaia.es\/wp-content\/uploads\/2023\/02\/WhatsApp-Image-2023-02-17-at-17.02.2821-768x576.jpeg 768w\" sizes=\"(max-width: 1024px) 100vw, 1024px\" \/><\/p>\n<p>\u00abA la taula i&#8230;BON PROFIT!!!<\/p>\n<div data-field-hint=\"Hacer clic en Intro para a\u00f1adir otro ingrediente\" data-field-name=\"quantity_and_name\" data-field=\"\" data-maxlength=\"128\" data-placeholder=\"100 gr. harina\">\n<div>Espero tus comentarios que para mi son MUY importantes y recuerda que tambi\u00e9n estoy en Facebook <a href=\"https:\/\/www.facebook.com\/El-calaixet-de-la-iaia-533062140099386\/\">https:\/\/www.facebook.com\/El-calaixet-de-la-iaia-533062140099386\/<\/a><\/div>\n<div>Si quieres recibir mis actualizaciones por mail, al final de \u00e9sta p\u00e1gina a la izquierda tienes como hacer para introducir tu correo electr\u00f3nico y no perderte las actualizaciones de mis recetas \u00a1Gracias!<\/div>\n<\/div>\n","protected":false},"excerpt":{"rendered":"<p>\u00abRefrany;\u00a0 Amb diners, carxofes; quant m\u00e9s, m\u00e9s grosses .\u00bb \u00a0Con dinero, alcachofas; cuanto m\u00e1s, m\u00e1s gordas. Cuando tienes el privilegio de tener a la joya de la huerta, del bancal, directo a tu cocina, tienes que aprovechar la ocasi\u00f3n, y eso es lo que he podido hacer hoy, una exquisita &hellip; <\/p>\n","protected":false},"author":2,"featured_media":24540,"comment_status":"open","ping_status":"open","sticky":false,"template":"","format":"standard","meta":[],"categories":[38,1,58],"tags":[],"_links":{"self":[{"href":"https:\/\/elcalaixetdelaiaia.es\/index.php?rest_route=\/wp\/v2\/posts\/24344"}],"collection":[{"href":"https:\/\/elcalaixetdelaiaia.es\/index.php?rest_route=\/wp\/v2\/posts"}],"about":[{"href":"https:\/\/elcalaixetdelaiaia.es\/index.php?rest_route=\/wp\/v2\/types\/post"}],"author":[{"embeddable":true,"href":"https:\/\/elcalaixetdelaiaia.es\/index.php?rest_route=\/wp\/v2\/users\/2"}],"replies":[{"embeddable":true,"href":"https:\/\/elcalaixetdelaiaia.es\/index.php?rest_route=%2Fwp%2Fv2%2Fcomments&post=24344"}],"version-history":[{"count":17,"href":"https:\/\/elcalaixetdelaiaia.es\/index.php?rest_route=\/wp\/v2\/posts\/24344\/revisions"}],"predecessor-version":[{"id":24555,"href":"https:\/\/elcalaixetdelaiaia.es\/index.php?rest_route=\/wp\/v2\/posts\/24344\/revisions\/24555"}],"wp:featuredmedia":[{"embeddable":true,"href":"https:\/\/elcalaixetdelaiaia.es\/index.php?rest_route=\/wp\/v2\/media\/24540"}],"wp:attachment":[{"href":"https:\/\/elcalaixetdelaiaia.es\/index.php?rest_route=%2Fwp%2Fv2%2Fmedia&parent=24344"}],"wp:term":[{"taxonomy":"category","embeddable":true,"href":"https:\/\/elcalaixetdelaiaia.es\/index.php?rest_route=%2Fwp%2Fv2%2Fcategories&post=24344"},{"taxonomy":"post_tag","embeddable":true,"href":"https:\/\/elcalaixetdelaiaia.es\/index.php?rest_route=%2Fwp%2Fv2%2Ftags&post=24344"}],"curies":[{"name":"wp","href":"https:\/\/api.w.org\/{rel}","templated":true}]}}