{"id":236,"date":"2016-09-25T18:11:00","date_gmt":"2016-09-25T18:11:00","guid":{"rendered":"http:\/\/elcalaixetdelaiaia.es\/olla-montanesa-con-espinacas-paso-paso"},"modified":"2023-12-11T18:15:30","modified_gmt":"2023-12-11T18:15:30","slug":"olla-montanesa-con-espinacas-paso-paso","status":"publish","type":"post","link":"https:\/\/elcalaixetdelaiaia.es\/?p=236","title":{"rendered":"Olla monta\u00f1esa con espinacas paso a paso foto a foto"},"content":{"rendered":"<p>\u00abRefrany; Els espinacs menja&#8217;ls a sacs\u00bb. Las espinacas, c\u00f3melas a sacos.<\/p>\n<p>Hoy he preparado una \u00abOlla muntanyesa amb espinacs\u00bb, se trata de un plato similar al cocido monta\u00f1\u00e9s, plato t\u00edpico de Cantabria, pero con variantes, que en la monta\u00f1a valenciana, tambi\u00e9n hace mucho fr\u00edo y se com\u00eda y se come, de forma sana y contundente \ud83d\ude09<\/p>\n<div style=\"text-align: center;\"><a style=\"margin-left: 1em; margin-right: 1em;\" href=\"https:\/\/1.bp.blogspot.com\/-JGyhZAT2Zy4\/V-bDj3GYC0I\/AAAAAAAAmKk\/UzyWF5lDE28CAIoqPIVJwLD57D-1Lj-LQCLcB\/s1600\/IMG_4649.PNG\"><img decoding=\"async\" loading=\"lazy\" src=\"https:\/\/elcalaixetdelaiaia.es\/wp-content\/uploads\/2016\/09\/IMG_4649.png\" width=\"640\" height=\"480\" border=\"0\" \/><\/a><\/div>\n<p>Es un guiso de interior, de monta\u00f1a, uno de \u00e9sos platos de cuchara que apetece en cuanto hace fr\u00edo y hoy aqu\u00ed s\u00f3lo tenemos 4\u00ba, as\u00ed que he pensado prepararlo para comer y de paso hacer las fotos del paso paso y con \u00e9sta receta<a href=\"http:\/\/cocinerosdelmundodegoogle.blogspot.com.es\/2016\/08\/reto-septiembre-cdm-cocineros-del-mundo.html\" target=\"_blank\" rel=\"noopener noreferrer\"><b> participo en el Reto de Septiembre 2016 de\u00a0\u00a0CdM \u2013\u00a0Cocineros del Mundo\u00a0en el apartado salado<\/b><\/a>.<\/p>\n<div class=\"separator\" style=\"clear: both; text-align: center;\">\u00a0<img decoding=\"async\" loading=\"lazy\" src=\"https:\/\/elcalaixetdelaiaia.es\/wp-content\/uploads\/2016\/09\/IMG_4645.png\" width=\"640\" height=\"480\" border=\"0\" \/><\/div>\n<p>Los\u00a0 componentes esenciales de \u00e9sta olla son los judiones y las espinacas, a las que se a\u00f1ade el compagno \u00f3 sacramentos, compuesto de chorizo, costilla, morcilla, jam\u00f3n etc.\u00a0 procedentes de la matanza del cerdo, que hacen de \u00e9ste un plato fuerte, con gran aporte cal\u00f3rico, por lo que se consume como plato \u00fanico.<\/p>\n<div class=\"separator\" style=\"clear: both; text-align: center;\"><a style=\"margin-left: 1em; margin-right: 1em;\" href=\"https:\/\/1.bp.blogspot.com\/-0ZCzwTnul8A\/V-bl5NbTvsI\/AAAAAAAAmLE\/E8doUmETYEsuX-9ghDXJydjbYNTiiJA4ACLcB\/s1600\/IMG_4583.PNG\"><img decoding=\"async\" loading=\"lazy\" src=\"https:\/\/elcalaixetdelaiaia.es\/wp-content\/uploads\/2016\/09\/IMG_4583.png\" width=\"640\" height=\"480\" border=\"0\" \/><\/a><\/div>\n<p>Os contar\u00e9 lo que he encontrado acerca de \u00e9stas preciosas hojas verdes, las espinacas. Dicen que es una planta que se cultiva durante todo el a\u00f1o y cuyas hojas verdes son comestibles. Su procedencia es persa (actual Ir\u00e1n)\u00a0 despu\u00e9s lleg\u00f3 a china a manos del rey de Nepal que la ofreci\u00f3 como un regalo. No lleg\u00f3 a Espa\u00f1a y de ah\u00ed a toda Europa, hasta el siglo XI, gracias a los \u00e1rabes que ya la utilizaban en la cocina desde anta\u00f1o. Hoy en d\u00eda la encontramos pr\u00e1cticamente en todo el mundo tanto congelada como fresca, que es como m\u00e1s la uso en mi cocina, ya que procuro usar productos frescos de temporada.<\/p>\n<div class=\"separator\" style=\"clear: both; text-align: center;\"><img decoding=\"async\" loading=\"lazy\" src=\"https:\/\/elcalaixetdelaiaia.es\/wp-content\/uploads\/2016\/09\/IMG_4582.png\" width=\"640\" height=\"498\" border=\"0\" \/><\/div>\n<p>Est\u00e1 compuesta en un 93% por agua. Tiene gran cantidad de nutrientes, rica en fibra (sobre todo el tallo) y muy poco aporte cal\u00f3rico. Es uno de los vegetales que m\u00e1s prote\u00ednas contiene. Si bien es cierto que contiene hierro, no es el mineral por el que destaca (ahora os cuento el falso mito de Popeye). S\u00ed es muy rica en vitaminas, sobretodo del grupo A, C y E y \u00e1cido f\u00f3lico (vitamina B9). Y tiene unas magn\u00edficas propiedades antioxidantes.<\/p>\n<p>Por todo ello, las las espinacas nos aportan grandes beneficios para nuestra salud:<\/p>\n<p>&#8211; Regulan el tr\u00e1nsito intestinal<br \/>\n&#8211; Beneficia a mujeres embarazas y a los ni\u00f1os<br \/>\n&#8211; Mejora la visi\u00f3n<br \/>\n&#8211; Ayuda a prevenir enfermedades como la arterioesclerosis y el c\u00e1ncer<br \/>\n&#8211; Nos aporta energ\u00eda y fuerza muscular (como a Popeye, pero no por el hierro, sino por los nitratos)<br \/>\n&#8211; Nos ayuda a adelgazar<\/p>\n<p>Y ahora voy con unos datos que a much@s sorprender\u00e1n, ya que creo que todos recordamos a Popeye con una fuerza sobrehumana y d\u00e1ndole pu\u00f1etazos a Brutus cada vez que com\u00eda una lata de espinacas. Nos remontamos a los a\u00f1os 30 en EEUU. Max Fleischer crea a Popeye m\u00edtico personaje de dibujos animados y c\u00f3mics, que com\u00eda espinacas para multiplicar su fuerza y salvar a Olivia (el nombre tampoco es al azar) de las fechor\u00edas de Brutus.<\/p>\n<div class=\"separator\" style=\"clear: both; text-align: center;\"><a style=\"margin-left: 1em; margin-right: 1em;\" href=\"https:\/\/2.bp.blogspot.com\/-OW0FVjt-Qwk\/V-TxUMKmlwI\/AAAAAAAAmBI\/gWchNmVO5i0kHEgPpFBtm4XotRiBKwbCgCLcB\/s1600\/popeye-film-v1-320559-1280x720.jpg\"><img decoding=\"async\" loading=\"lazy\" src=\"https:\/\/elcalaixetdelaiaia.es\/wp-content\/uploads\/2016\/09\/popeye-film-v1-320559-1280x720.jpg\" width=\"640\" height=\"360\" border=\"0\" \/><\/a><\/div>\n<p>Por aquella \u00e9poca, tras la I Guerra Mundial, las anemias por falta de hierro entre la poblaci\u00f3n eran muy comunes. Por eso Popeye fue utilizado por las autoridades sanitarias para la promoci\u00f3n del consumo de espinacas &#8211; ya que exist\u00eda la creencia popular de que eran muy ricas en hierro.<br \/>\nPero \u00bfde d\u00f3nde viene esa creencia? Es cierto que las espinacas tienen hierro, aunque desde luego no es la hortaliza que m\u00e1s contiene este mineral. Por un error en la coma, pensaron que 100 gramos de espinacas, en lugar de 1,7 mgr de hierro, conten\u00edan 17 mgr. As\u00ed se expandi\u00f3 el MITO de que las espinacas eran altamente ricas en hierro. Pero a\u00fan as\u00ed, aunque muchos a\u00f1os antes descubrieron el fallo, Popeye sigui\u00f3 durante muchos a\u00f1os usando este recurso para aumentar su fuerza. No fue hasta los a\u00f1os 80 que este error sali\u00f3 a la luz. Algo parecido ocurrre con el mito del hierro de las lentejas. A\u00fan as\u00ed, la promoci\u00f3n de la espinaca, o de cualquier verdura o legumbre, nunca es un error.<\/p>\n<p>As\u00ed que despu\u00e9s de \u00e9sta extensa explicaci\u00f3n vamos al l\u00edo, necesitaremos para cuatro comensales;<\/p>\n<div class=\"separator\" style=\"clear: both; text-align: center;\"><a style=\"margin-left: 1em; margin-right: 1em;\" href=\"https:\/\/4.bp.blogspot.com\/-nnp4JCGLr8s\/V-boJ53pDpI\/AAAAAAAAmLU\/qft2nJStplcuIh77dwEEXWELfwsX0JqygCLcB\/s1600\/IMG_4587.JPG\"><img decoding=\"async\" loading=\"lazy\" src=\"https:\/\/elcalaixetdelaiaia.es\/wp-content\/uploads\/2016\/09\/IMG_4587.jpg\" width=\"640\" height=\"480\" border=\"0\" \/><\/a><\/div>\n<ol>\n<li>400g judiones de la granja<\/li>\n<li>200g espinacas frescas<\/li>\n<li>Un codillo<\/li>\n<li>Costilla de ternera<\/li>\n<li>Una morcilla de carne<\/li>\n<li>Una morcilla de cebolla<\/li>\n<li>Un chorizo<\/li>\n<li>Una buena punta de jam\u00f3n<\/li>\n<li>Una patata grande<\/li>\n<li>Dos hojas de laurel<\/li>\n<li>Piment\u00f3n de la Vera<\/li>\n<li>Media cabeza de ajos<\/li>\n<li>Aceite de oliva virgen<\/li>\n<li>Agua mineral<\/li>\n<li>Una pizquita de bicarbonato<\/li>\n<li>Sal<\/li>\n<\/ol>\n<div class=\"separator\" style=\"clear: both; text-align: center;\"><a style=\"margin-left: 1em; margin-right: 1em;\" href=\"https:\/\/2.bp.blogspot.com\/-tczAZ6AAn44\/V-btmcKFAvI\/AAAAAAAAmLs\/GxcRzY8WJjwhpDUop6vugcyy_NRr_RPyQCLcB\/s1600\/IMG_4584.PNG\"><img decoding=\"async\" loading=\"lazy\" src=\"https:\/\/elcalaixetdelaiaia.es\/wp-content\/uploads\/2016\/09\/IMG_4584.png\" width=\"640\" height=\"480\" border=\"0\" \/><\/a><\/div>\n<p style=\"text-align: center;\">\u00a0Comenzaremos por poner la noche anterior los judiones a remojo en suficiente agua a temperatura ambiente.<\/p>\n<div style=\"text-align: center;\">\n<div style=\"text-align: center;\">\n<div class=\"separator\" style=\"clear: both; text-align: center;\"><a style=\"margin-left: 1em; margin-right: 1em;\" href=\"https:\/\/3.bp.blogspot.com\/-E1hwf6zQwls\/V-b4sDIJesI\/AAAAAAAAmMU\/lnw0Mi_D8XMuusiFoH3y657OfJXv9C1_ACLcB\/s1600\/IMG_4612.PNG\"><img decoding=\"async\" loading=\"lazy\" src=\"https:\/\/elcalaixetdelaiaia.es\/wp-content\/uploads\/2016\/09\/IMG_4612.png\" width=\"640\" height=\"480\" border=\"0\" \/><\/a><\/div>\n<p>Al d\u00eda siguiente, aprovechando tambi\u00e9n el agua del remojo, ponemos los judiones en una olla para cocerlos, pod\u00e9is hacerlo a la manera tradicional si ten\u00e9is tiempo en modo \u00abchup chup\u00bb que tardar\u00e9is como m\u00ednimo tres horas o con la olla r\u00e1pida que tardar\u00e1 en hacerse unos cuarenta minutos. Desde luego no hay color en cuanto a tiempo de cocci\u00f3n pero tampoco en sabor,porque se nota mucho de hacerlo de una forma o de otra. Pod\u00e9is hacerlo la noche antes y dejarlo reposar para el d\u00eda siguiente, estoy por decir que est\u00e1 much\u00edsimo m\u00e1s rico de un d\u00eda para otro, podemos poner las jud\u00edas a remojo al irnos al trabajo y por la noche, mientras hacemos la cena y la reposamos, preparar la olla al modo tradicional, \u00e9so ya a vuestra elecci\u00f3n.<\/p>\n<\/div>\n<\/div>\n<div style=\"text-align: center;\">\n<div class=\"separator\" style=\"clear: both; text-align: center;\"><a style=\"margin-left: 1em; margin-right: 1em;\" href=\"https:\/\/4.bp.blogspot.com\/-4bHyifyGwYQ\/V-b-CIJrRtI\/AAAAAAAAmMk\/XcPKdMFYn2gTevZxKWQ64tSmepFtOBF5ACLcB\/s1600\/IMG_4614.PNG\"><img decoding=\"async\" loading=\"lazy\" src=\"https:\/\/elcalaixetdelaiaia.es\/wp-content\/uploads\/2016\/09\/IMG_4614.png\" width=\"640\" height=\"480\" border=\"0\" \/><\/a><\/div>\n<div><\/div>\n<\/div>\n<div style=\"text-align: center;\">A\u00f1adiremos el codillo<\/div>\n<div><\/div>\n<div style=\"text-align: center;\">\n<div class=\"separator\" style=\"clear: both; text-align: center;\"><a style=\"margin-left: 1em; margin-right: 1em;\" href=\"https:\/\/2.bp.blogspot.com\/-dUsy4efk0bo\/V-cEPk_ONLI\/AAAAAAAAmNA\/lvVf5aotZaM3uNVUwRsr7Xfz9mM-YwvVQCLcB\/s1600\/IMG_4615.PNG\"><img decoding=\"async\" loading=\"lazy\" src=\"https:\/\/elcalaixetdelaiaia.es\/wp-content\/uploads\/2016\/09\/IMG_4615.png\" width=\"640\" height=\"480\" border=\"0\" \/><\/a><\/div>\n<p>la costilla de ternera<\/p>\n<\/div>\n<div style=\"text-align: center;\">\n<div class=\"separator\" style=\"clear: both; text-align: center;\"><a style=\"margin-left: 1em; margin-right: 1em;\" href=\"https:\/\/3.bp.blogspot.com\/-iabsx9xQIuo\/V-cihyzoIQI\/AAAAAAAAmOw\/jsa38MNfGlwphlqarq6u__qUGbLuiPLCgCLcB\/s1600\/IMG_4613.PNG\"><img decoding=\"async\" loading=\"lazy\" src=\"https:\/\/elcalaixetdelaiaia.es\/wp-content\/uploads\/2016\/09\/IMG_4613.png\" width=\"640\" height=\"480\" border=\"0\" \/><\/a><\/div>\n<p>la punta de jam\u00f3n<\/p>\n<div class=\"separator\" style=\"clear: both; text-align: center;\"><a style=\"margin-left: 1em; margin-right: 1em;\" href=\"https:\/\/3.bp.blogspot.com\/-J844CwnC66k\/V-cfnpkq1PI\/AAAAAAAAmOg\/UFgVdMLGt5UEt4Y2zeIH5Ek7OAL3KHoDACLcB\/s1600\/IMG_4616.PNG\"><img decoding=\"async\" loading=\"lazy\" src=\"https:\/\/elcalaixetdelaiaia.es\/wp-content\/uploads\/2016\/09\/IMG_4616.png\" width=\"640\" height=\"480\" border=\"0\" \/><\/a><\/div>\n<div class=\"separator\" style=\"clear: both; text-align: center;\"><\/div>\n<div style=\"text-align: center;\">y cubriremos con agua mineral o filtrada, para que el sabor a cloro no afecte el resultado final<\/div>\n<div style=\"text-align: center;\"><\/div>\n<div class=\"separator\" style=\"clear: both; text-align: center;\"><a style=\"margin-left: 1em; margin-right: 1em;\" href=\"https:\/\/4.bp.blogspot.com\/-WlY-DVGS5ks\/V-cilJdzoSI\/AAAAAAAAmO0\/UiU0ILrf9J0Hv5xQms3jmrOYp6ArLe8QgCLcB\/s1600\/IMG_4617.PNG\"><img decoding=\"async\" loading=\"lazy\" src=\"https:\/\/elcalaixetdelaiaia.es\/wp-content\/uploads\/2016\/09\/IMG_4617.png\" width=\"640\" height=\"480\" border=\"0\" \/><\/a><\/div>\n<p>y dos hojas de laurel enjuagadas<\/p>\n<div class=\"separator\" style=\"clear: both; text-align: center;\"><a style=\"margin-left: 1em; margin-right: 1em;\" href=\"https:\/\/2.bp.blogspot.com\/-bPgi2tbU898\/V-cp0Ft0hDI\/AAAAAAAAmPU\/3A9_L0MIResrCffQF2xtbPtb_E8c6nv_QCLcB\/s1600\/IMG_4618.PNG\"><img decoding=\"async\" loading=\"lazy\" src=\"https:\/\/elcalaixetdelaiaia.es\/wp-content\/uploads\/2016\/09\/IMG_4618.png\" width=\"640\" height=\"480\" border=\"0\" \/><\/a><\/div>\n<p>desespumamos bien,taparemos y dejaremos a fuego medio unas dos horas y\u00a0 media a<br \/>\ntres, controlando de vez en cuando el caldo, los judiones han de quedar tiernos pero no deshechos.<\/p>\n<div class=\"separator\" style=\"clear: both; text-align: center;\"><a style=\"margin-left: 1em; margin-right: 1em;\" href=\"https:\/\/2.bp.blogspot.com\/-uznlxVJ9GUk\/V-dGb8lcRCI\/AAAAAAAAmRs\/myVUxDvihHYn30hltcU9gPbYvqE_NT7IwCLcB\/s1600\/IMG_4619.PNG\"><img decoding=\"async\" loading=\"lazy\" src=\"https:\/\/elcalaixetdelaiaia.es\/wp-content\/uploads\/2016\/09\/IMG_4619.png\" width=\"640\" height=\"480\" border=\"0\" \/><\/a><\/div>\n<p>De vez en cuando daremos unos meneos a la olla movi\u00e9ndola en sentido<br \/>\ncircular, pero no removeremos con cuchar\u00f3n alguno para evitar que les<br \/>\nfabes se rompan<\/p>\n<div class=\"separator\" style=\"clear: both; text-align: center;\"><a style=\"margin-left: 1em; margin-right: 1em;\" href=\"https:\/\/2.bp.blogspot.com\/-If5BBhZw68g\/V-c33WeFzYI\/AAAAAAAAmQY\/bYip64H06C8NaygVQCuwmPjCPTTw9LJSgCLcB\/s1600\/IMG_4620.PNG\"><img decoding=\"async\" loading=\"lazy\" src=\"https:\/\/elcalaixetdelaiaia.es\/wp-content\/uploads\/2016\/09\/IMG_4620.png\" width=\"640\" height=\"480\" border=\"0\" \/><\/a><\/div>\n<p>cuando probemos las fabes y est\u00e9n tiernas, a\u00f1adiremos las espinacas, limpias y cortadas<\/p>\n<div class=\"separator\" style=\"clear: both; text-align: center;\"><a style=\"margin-left: 1em; margin-right: 1em;\" href=\"https:\/\/2.bp.blogspot.com\/-OQI_2NfIQtM\/V-cwptOQrtI\/AAAAAAAAmPs\/Dw5bX28gV7UwRAEpNhx-n80AYPHVvq-jQCLcB\/s1600\/IMG_4631.PNG\"><img decoding=\"async\" loading=\"lazy\" src=\"https:\/\/elcalaixetdelaiaia.es\/wp-content\/uploads\/2016\/09\/IMG_4631.png\" width=\"640\" height=\"480\" border=\"0\" \/><\/a><\/div>\n<div style=\"text-align: center;\">en una sart\u00e9n pondremos el aceite de oliva a calentar, pelaremos la<br \/>\npatata, y las chascaremos, las freiremos, pero s\u00f3lo apenas dorarlas, sin que cojan color<\/div>\n<div style=\"text-align: center;\"><\/div>\n<div class=\"separator\" style=\"clear: both; text-align: center;\"><a style=\"margin-left: 1em; margin-right: 1em;\" href=\"https:\/\/4.bp.blogspot.com\/-IXlrNIQZefk\/V-dC9QLqfrI\/AAAAAAAAmRQ\/WszaNiw4jYg5YhGqeUdg-f8eZCZqb0mcwCLcB\/s1600\/IMG_4632.PNG\"><img decoding=\"async\" loading=\"lazy\" src=\"https:\/\/elcalaixetdelaiaia.es\/wp-content\/uploads\/2016\/09\/IMG_4632.png\" width=\"640\" height=\"480\" border=\"0\" \/><\/a><\/div>\n<p>y las a\u00f1adiremos a la olla<\/p>\n<div class=\"separator\" style=\"clear: both; text-align: center;\"><a style=\"margin-left: 1em; margin-right: 1em;\" href=\"https:\/\/3.bp.blogspot.com\/-qkAZTyy4wS4\/V-dLOmAiobI\/AAAAAAAAmR4\/ugx767N8mCIjDu2BWV-tUYW36ffs_qBWwCLcB\/s1600\/IMG_4633.PNG\"><img decoding=\"async\" loading=\"lazy\" src=\"https:\/\/elcalaixetdelaiaia.es\/wp-content\/uploads\/2016\/09\/IMG_4633.png\" width=\"640\" height=\"480\" border=\"0\" \/><\/a><\/div>\n<p>lo mismo haremos con las morcillas y el chorizo<\/p>\n<div class=\"separator\" style=\"clear: both; text-align: center;\"><a style=\"margin-left: 1em; margin-right: 1em;\" href=\"https:\/\/4.bp.blogspot.com\/-YndsmXcbdvs\/V-dLej6sURI\/AAAAAAAAmR8\/oI9faE8mVsM5W4ZLEqUSviBFysrY9koGQCLcB\/s1600\/IMG_4634.PNG\"><img decoding=\"async\" loading=\"lazy\" src=\"https:\/\/elcalaixetdelaiaia.es\/wp-content\/uploads\/2016\/09\/IMG_4634.png\" width=\"640\" height=\"480\" border=\"0\" \/><\/a><\/div>\n<p>en el mismo aceite, pelamos media cabeza de ajos y los doramos,<\/p>\n<div class=\"separator\" style=\"clear: both; text-align: center;\"><a style=\"margin-left: 1em; margin-right: 1em;\" href=\"https:\/\/1.bp.blogspot.com\/-r6i2xyRdrVo\/V-dSID1kGNI\/AAAAAAAAmSg\/a8nUYiUAYF0uPc7BbY4Ss-fEGFROXylrgCLcB\/s1600\/IMG_4635.PNG\"><img decoding=\"async\" loading=\"lazy\" src=\"https:\/\/elcalaixetdelaiaia.es\/wp-content\/uploads\/2016\/09\/IMG_4635.png\" width=\"640\" height=\"480\" border=\"0\" \/><\/a><\/div>\n<p>cuando est\u00e9n dorados, a\u00f1adimos una cucharada de piment\u00f3n de la Vera<\/p>\n<div class=\"separator\" style=\"clear: both; text-align: center;\"><a style=\"margin-left: 1em; margin-right: 1em;\" href=\"https:\/\/2.bp.blogspot.com\/-KsAfeB8Tf40\/V-dRgLB4yxI\/AAAAAAAAmSY\/Mf1M0zOB3fctC9Pu586bFb6aFTdt2Z0OACLcB\/s1600\/IMG_4636.PNG\"><img decoding=\"async\" loading=\"lazy\" src=\"https:\/\/elcalaixetdelaiaia.es\/wp-content\/uploads\/2016\/09\/IMG_4636.png\" width=\"640\" height=\"480\" border=\"0\" \/><\/a><\/div>\n<p>y lo incorporamos todo a la olla, la tapamos de nuevo y dejamos cocer durante una hora media hora m\u00e1s,<br \/>\ntranscurrido \u00e9ste tiempo, sacaremos cinco judiones y tres trozos de patata y los pisaremos con un tenedor, eliminaremos las pieles y a\u00f1adiremos de nuevo a la olla,<\/p>\n<p><a style=\"margin-left: 1em; margin-right: 1em;\" href=\"https:\/\/4.bp.blogspot.com\/-1X_V-bquJrE\/V-d-6ZNjXfI\/AAAAAAAAmUE\/WM2WXX2qHL8jtRzcUkdV-bl2eWoqN2xJwCLcB\/s1600\/IMG_4637.PNG\"><img decoding=\"async\" loading=\"lazy\" src=\"https:\/\/elcalaixetdelaiaia.es\/wp-content\/uploads\/2016\/09\/IMG_4637.png\" width=\"640\" height=\"480\" border=\"0\" \/><\/a><\/p>\n<div class=\"separator\" style=\"clear: both; text-align: center;\">\u00a0sacaremos tambi\u00e9n las morcillas y chorizo, los trocearemos para que haya suficiente para cada comensal<\/div>\n<div><\/div>\n<div class=\"separator\" style=\"clear: both; text-align: center;\"><a style=\"margin-left: 1em; margin-right: 1em;\" href=\"https:\/\/2.bp.blogspot.com\/-OqF112Uzdj4\/V-efKSKhknI\/AAAAAAAAmUU\/BdcXHTwOJLM1RJOyN9wBGOW66gZ0e-YXACLcB\/s1600\/IMG_4638.PNG\"><img decoding=\"async\" loading=\"lazy\" src=\"https:\/\/elcalaixetdelaiaia.es\/wp-content\/uploads\/2016\/09\/IMG_4638.png\" width=\"640\" height=\"480\" border=\"0\" \/><\/a><\/div>\n<p>y los mismo haremos con el resto de las carnes que volveremos a la olla<\/p>\n<div class=\"separator\" style=\"clear: both; text-align: center;\"><a style=\"margin-left: 1em; margin-right: 1em;\" href=\"https:\/\/3.bp.blogspot.com\/-hco0cy-xF0A\/V-dTooCb5jI\/AAAAAAAAmSs\/lQizaaz9_pc5Ze4oR6hOtSwU-oaUQAdvACLcB\/s1600\/IMG_4639.PNG\"><img decoding=\"async\" loading=\"lazy\" src=\"https:\/\/elcalaixetdelaiaia.es\/wp-content\/uploads\/2016\/09\/IMG_4639.png\" width=\"640\" height=\"480\" border=\"0\" \/><\/a><\/div>\n<div><\/div>\n<div class=\"separator\" style=\"clear: both; text-align: center;\">\u00a0probaremos y rectificaremos de sal, puesto que no le hemos a\u00f1adido hasta el momento, debido a que al llevar el jam\u00f3n, depende de lo salado que \u00e9ste sea, puede necesitar muy poca y vale la pena esperar al final del guiso para incorporar, o no. Moveremos de nuevo la olla, con un par de movimientos circulares y si podemos dejar reposar otra media hora, con el fuego apagado, nuestro guiso ganar\u00e1 en textura y sabor.<\/div>\n<div><\/div>\n<div class=\"separator\" style=\"clear: both; text-align: center;\"><a style=\"margin-left: 1em; margin-right: 1em;\" href=\"https:\/\/4.bp.blogspot.com\/-Tg92-Zb3Y94\/V-dXCyEDivI\/AAAAAAAAmTA\/UdPpcy6vHsM7v6GetAoCEX1VJhJVSOOrgCLcB\/s1600\/IMG_4640.PNG\"><img decoding=\"async\" loading=\"lazy\" src=\"https:\/\/elcalaixetdelaiaia.es\/wp-content\/uploads\/2016\/09\/IMG_4640.png\" width=\"640\" height=\"480\" border=\"0\" \/><\/a><\/div>\n<p>e incluso est\u00e1 riquisimo de un d\u00eda para otro<\/p>\n<div class=\"separator\" style=\"clear: both; text-align: center;\"><a style=\"margin-left: 1em; margin-right: 1em;\" href=\"https:\/\/1.bp.blogspot.com\/-pnnS_vvKD4g\/V-daCdmNm1I\/AAAAAAAAmTI\/efOgPg1lJeQi4DRGZGbg3fZiCIpiJWJRgCLcB\/s1600\/IMG_4641.PNG\"><img decoding=\"async\" loading=\"lazy\" src=\"https:\/\/elcalaixetdelaiaia.es\/wp-content\/uploads\/2016\/09\/IMG_4641.png\" width=\"640\" height=\"480\" border=\"0\" \/><\/a><\/div>\n<\/div>\n<div style=\"text-align: center;\">\n<p>serviremos muy caliente<\/p>\n<div class=\"separator\" style=\"clear: both; text-align: center;\"><a style=\"margin-left: 1em; margin-right: 1em;\" href=\"https:\/\/3.bp.blogspot.com\/-BADChoMo_iY\/V-daHwH4CKI\/AAAAAAAAmTM\/1DpPzcmzlhEJGzvhAIyomrXVaGyniXIoQCLcB\/s1600\/IMG_4643.PNG\"><img decoding=\"async\" loading=\"lazy\" src=\"https:\/\/elcalaixetdelaiaia.es\/wp-content\/uploads\/2016\/09\/IMG_4643.png\" width=\"640\" height=\"476\" border=\"0\" \/><\/a><\/div>\n<p>y disfrutaremos<\/p>\n<div class=\"separator\" style=\"clear: both; text-align: center;\"><a style=\"margin-left: 1em; margin-right: 1em;\" href=\"https:\/\/2.bp.blogspot.com\/-YBJPV2U8yto\/V-dfACA0hRI\/AAAAAAAAmTk\/uOo1fTPVah8U_1VipzUT8ehYQG9SLFQPwCLcB\/s1600\/IMG_4646.PNG\"><img decoding=\"async\" loading=\"lazy\" src=\"https:\/\/elcalaixetdelaiaia.es\/wp-content\/uploads\/2016\/09\/IMG_4646.png\" width=\"640\" height=\"480\" border=\"0\" \/><\/a><\/div>\n<p>de un excelente y tradicional plato de cuchara<\/p>\n<div class=\"separator\" style=\"clear: both; text-align: center;\"><a style=\"margin-left: 1em; margin-right: 1em;\" href=\"https:\/\/3.bp.blogspot.com\/-j77KOJrQ358\/V-diUIzjaUI\/AAAAAAAAmT0\/CjUWgUsEwYAo2VBVMhrbJONkvUIqol9jwCLcB\/s1600\/IMG_4647.PNG\"><img decoding=\"async\" loading=\"lazy\" src=\"https:\/\/elcalaixetdelaiaia.es\/wp-content\/uploads\/2016\/09\/IMG_4647.png\" width=\"640\" height=\"480\" border=\"0\" \/><\/a><\/div>\n<p>que gustar\u00e1 a tod@s y si lo acompa\u00f1amos de una buena hogaza de pan, tu chico al lado y una copa de Tempranillo cavernet sauvignon valenciano con DO Utiel-Requena ya&#8230; paqu\u00e9 paqu\u00e9 mas&#8230; \u00bfquien dijo fr\u00edo?<\/p>\n<div class=\"separator\" style=\"clear: both; text-align: center;\"><a style=\"margin-left: 1em; margin-right: 1em;\" href=\"https:\/\/3.bp.blogspot.com\/-zrgLQFxl9y8\/V-k4szOdCmI\/AAAAAAAAmYc\/L3VGhApq3H0Ts-xMUlYGMJjbJHrS-x2EACLcB\/s1600\/IMG_4734.PNG\"><img decoding=\"async\" loading=\"lazy\" src=\"https:\/\/elcalaixetdelaiaia.es\/wp-content\/uploads\/2016\/09\/IMG_4734.png\" width=\"640\" height=\"460\" border=\"0\" \/><\/a><\/div>\n<p>\u00abA la taula i&#8230; BON PROFIT!!!\u00bb\u00a0 Espero tus comentarios, que para mi, son muy importantes. Gracias. Recuerda que tambi\u00e9n estoy en faceboock<\/p>\n<p><a href=\"https:\/\/www.facebook.com\/El-calaixet-de-la-iaia-533062140099386\/\">https:\/\/www.facebook.com\/El-calaixet-de-la-iaia-533062140099386\/<\/a><\/p>\n<\/div>\n","protected":false},"excerpt":{"rendered":"<p>\u00abRefrany; Els espinacs menja&#8217;ls a sacs\u00bb. Las espinacas, c\u00f3melas a sacos. Hoy he preparado una \u00abOlla muntanyesa amb espinacs\u00bb, se trata de un plato similar al cocido monta\u00f1\u00e9s, plato t\u00edpico de Cantabria, pero con variantes, que en la monta\u00f1a valenciana, tambi\u00e9n hace mucho fr\u00edo y se com\u00eda y se come, &hellip; <\/p>\n","protected":false},"author":2,"featured_media":3818,"comment_status":"open","ping_status":"open","sticky":false,"template":"","format":"standard","meta":[],"categories":[34,1,58],"tags":[],"_links":{"self":[{"href":"https:\/\/elcalaixetdelaiaia.es\/index.php?rest_route=\/wp\/v2\/posts\/236"}],"collection":[{"href":"https:\/\/elcalaixetdelaiaia.es\/index.php?rest_route=\/wp\/v2\/posts"}],"about":[{"href":"https:\/\/elcalaixetdelaiaia.es\/index.php?rest_route=\/wp\/v2\/types\/post"}],"author":[{"embeddable":true,"href":"https:\/\/elcalaixetdelaiaia.es\/index.php?rest_route=\/wp\/v2\/users\/2"}],"replies":[{"embeddable":true,"href":"https:\/\/elcalaixetdelaiaia.es\/index.php?rest_route=%2Fwp%2Fv2%2Fcomments&post=236"}],"version-history":[{"count":12,"href":"https:\/\/elcalaixetdelaiaia.es\/index.php?rest_route=\/wp\/v2\/posts\/236\/revisions"}],"predecessor-version":[{"id":26126,"href":"https:\/\/elcalaixetdelaiaia.es\/index.php?rest_route=\/wp\/v2\/posts\/236\/revisions\/26126"}],"wp:featuredmedia":[{"embeddable":true,"href":"https:\/\/elcalaixetdelaiaia.es\/index.php?rest_route=\/wp\/v2\/media\/3818"}],"wp:attachment":[{"href":"https:\/\/elcalaixetdelaiaia.es\/index.php?rest_route=%2Fwp%2Fv2%2Fmedia&parent=236"}],"wp:term":[{"taxonomy":"category","embeddable":true,"href":"https:\/\/elcalaixetdelaiaia.es\/index.php?rest_route=%2Fwp%2Fv2%2Fcategories&post=236"},{"taxonomy":"post_tag","embeddable":true,"href":"https:\/\/elcalaixetdelaiaia.es\/index.php?rest_route=%2Fwp%2Fv2%2Ftags&post=236"}],"curies":[{"name":"wp","href":"https:\/\/api.w.org\/{rel}","templated":true}]}}