{"id":22920,"date":"2021-01-27T13:39:50","date_gmt":"2021-01-27T13:39:50","guid":{"rendered":"http:\/\/elcalaixetdelaiaia.es\/?p=22920"},"modified":"2024-01-16T19:35:25","modified_gmt":"2024-01-16T19:35:25","slug":"carrilleras-con-patatas-al-vino-blanco-paso-a-paso","status":"publish","type":"post","link":"https:\/\/elcalaixetdelaiaia.es\/?p=22920","title":{"rendered":"Carrilleras con patatas al vino blanco paso a paso"},"content":{"rendered":"<p style=\"text-align: left;\">Refrany; \u00abDe vi, porc i amic, el millor \u00e9s el m\u00e9s antic\u00bb De vino, cerdo y amigo, el mejor es el mas antiguo.<\/p>\n<p style=\"text-align: left;\">C\u00f3mo la mayor\u00eda de veces, discrepo totalmente de este refr\u00e1n. Esta vez en lo que a amigos se refiere&#8230;<\/p>\n<p style=\"text-align: left;\">Hoy os traigo un guiso tradicional f\u00e1cil rico y cundidor. Tanto puede hacerse con carrillera \u00abgaltes\u00bb de cerdo com\u00fan, como de cerdo ib\u00e9rico, os aseguro que una vez cocinado, no aprecio la diferencia, aunque quiz\u00e1s\u00a0\u00a0 sea porque no tengo el gusto demasiado fino, no se, eso ya a gusto de cada cual, o del bolsillo.<\/p>\n<p style=\"text-align: left;\">Las carrilladas o carrilleras son unas piezas que tienen los animales junto a las mand\u00edbulas. Esta vez me refiero a las del cerdo y la ternera, que las tienen junto a la quijada, aunque tambi\u00e9n se llaman cocotxas cuando se trata de las de los peces, como el rape o el bacalao.<br \/>\nHay controversia en cuanto si son mejores las de cerdo ib\u00e9rico, o mas melosas las de ternera. Las he cocinado todas, las de ib\u00e9rico cuestan el doble y puedo aseguraros que las que he comprado hoy de cerdo com\u00fan, con \u00e9sta receta son absolutamente inmejorables. Talmente parec\u00edan agua en la boca, mas tiernas, melositas y sabrosas IMPOSIBLE, lo cual demuestra que se puede comer maravillosamente bien a un precio m\u00e1s que asequible.<\/p>\n<p style=\"text-align: left;\">Os doy cantidades para cuatro comensales aproximadamente. Tener en cuenta que las porciones que doy son orientativas, yo cocino para los de casa y se cuanto come cada uno, pero hay que tener en cuenta diversos factores;<\/p>\n<p style=\"text-align: left;\">lo comedores que sean, si son adultos o ni\u00f1os, los entrantes y el resto de platos a servir. No es lo mismo una ensalada, plato \u00fanico y postre, que aperitivo o entrantes, primero y segundo y postre.<\/p>\n<p style=\"text-align: center;\"><img decoding=\"async\" loading=\"lazy\" class=\"aligncenter wp-image-23026\" src=\"https:\/\/elcalaixetdelaiaia.es\/wp-content\/uploads\/2020\/10\/SAM_5804a-225x300.jpg\" alt=\"\" width=\"301\" height=\"401\" srcset=\"https:\/\/elcalaixetdelaiaia.es\/wp-content\/uploads\/2020\/10\/SAM_5804a-225x300.jpg 225w, https:\/\/elcalaixetdelaiaia.es\/wp-content\/uploads\/2020\/10\/SAM_5804a-768x1024.jpg 768w, https:\/\/elcalaixetdelaiaia.es\/wp-content\/uploads\/2020\/10\/SAM_5804a-1152x1536.jpg 1152w, https:\/\/elcalaixetdelaiaia.es\/wp-content\/uploads\/2020\/10\/SAM_5804a-1536x2048.jpg 1536w, https:\/\/elcalaixetdelaiaia.es\/wp-content\/uploads\/2020\/10\/SAM_5804a-scaled.jpg 1920w\" sizes=\"(max-width: 301px) 100vw, 301px\" \/><\/p>\n<p style=\"text-align: left;\">Necesitaremos;<\/p>\n<ol style=\"text-align: center;\">\n<li style=\"text-align: left;\">Una carrillera grande por persona o 2 medianas<\/li>\n<li style=\"text-align: left;\">Una patata hermosa por persona<\/li>\n<li style=\"text-align: left;\">Un tomate grandecito<\/li>\n<li style=\"text-align: left;\">Una cebolla<\/li>\n<li style=\"text-align: left;\">Una cabeza de ajos<\/li>\n<li style=\"text-align: left;\">Caldo de carne, o de verduras<\/li>\n<li style=\"text-align: left;\">Vino blanco<\/li>\n<li style=\"text-align: left;\">Una cabeza de ajos<\/li>\n<li style=\"text-align: left;\">Harina<\/li>\n<li style=\"text-align: left;\">Piment\u00f3n de la Vera<\/li>\n<li style=\"text-align: left;\">Sal y pimienta<\/li>\n<\/ol>\n<p style=\"text-align: center;\">Comenzaremos pelando y chascando las patatas, (en lugar de cortarlas), para que suelten el almid\u00f3n al cocerlas y engorden el guiso. Las enjuagamos, y escurrimos.<\/p>\n<p style=\"text-align: center;\"><img decoding=\"async\" loading=\"lazy\" class=\"aligncenter wp-image-23027\" src=\"https:\/\/elcalaixetdelaiaia.es\/wp-content\/uploads\/2020\/10\/SAM_5805a-300x225.jpg\" alt=\"\" width=\"401\" height=\"301\" srcset=\"https:\/\/elcalaixetdelaiaia.es\/wp-content\/uploads\/2020\/10\/SAM_5805a-300x225.jpg 300w, https:\/\/elcalaixetdelaiaia.es\/wp-content\/uploads\/2020\/10\/SAM_5805a-1024x768.jpg 1024w, https:\/\/elcalaixetdelaiaia.es\/wp-content\/uploads\/2020\/10\/SAM_5805a-768x576.jpg 768w, https:\/\/elcalaixetdelaiaia.es\/wp-content\/uploads\/2020\/10\/SAM_5805a-1536x1152.jpg 1536w, https:\/\/elcalaixetdelaiaia.es\/wp-content\/uploads\/2020\/10\/SAM_5805a-2048x1536.jpg 2048w\" sizes=\"(max-width: 401px) 100vw, 401px\" \/><\/p>\n<p style=\"text-align: center;\">Ponemos a calentar el aceite de oliva en la cazuela, echamos sal y sofreimos las patatas un poco. Las retiramos de la cazuela y reservamos.<\/p>\n<p style=\"text-align: center;\"><img decoding=\"async\" loading=\"lazy\" class=\"alignnone wp-image-23024\" src=\"https:\/\/elcalaixetdelaiaia.es\/wp-content\/uploads\/2020\/10\/SAM_5802-300x225.jpg\" alt=\"\" width=\"401\" height=\"301\" srcset=\"https:\/\/elcalaixetdelaiaia.es\/wp-content\/uploads\/2020\/10\/SAM_5802-300x225.jpg 300w, https:\/\/elcalaixetdelaiaia.es\/wp-content\/uploads\/2020\/10\/SAM_5802-1024x768.jpg 1024w, https:\/\/elcalaixetdelaiaia.es\/wp-content\/uploads\/2020\/10\/SAM_5802-768x576.jpg 768w, https:\/\/elcalaixetdelaiaia.es\/wp-content\/uploads\/2020\/10\/SAM_5802-1536x1152.jpg 1536w, https:\/\/elcalaixetdelaiaia.es\/wp-content\/uploads\/2020\/10\/SAM_5802-2048x1536.jpg 2048w\" sizes=\"(max-width: 401px) 100vw, 401px\" \/><\/p>\n<p style=\"text-align: center;\">Comenzaremos por quitar de las carilladas las telillas y el exceso de grasa que tengan. Las salpimentamos<\/p>\n<p style=\"text-align: center;\"><img decoding=\"async\" loading=\"lazy\" class=\"aligncenter wp-image-23025\" src=\"https:\/\/elcalaixetdelaiaia.es\/wp-content\/uploads\/2020\/10\/SAM_5803a-300x225.jpg\" alt=\"\" width=\"403\" height=\"302\" srcset=\"https:\/\/elcalaixetdelaiaia.es\/wp-content\/uploads\/2020\/10\/SAM_5803a-300x225.jpg 300w, https:\/\/elcalaixetdelaiaia.es\/wp-content\/uploads\/2020\/10\/SAM_5803a-1024x768.jpg 1024w, https:\/\/elcalaixetdelaiaia.es\/wp-content\/uploads\/2020\/10\/SAM_5803a-768x576.jpg 768w, https:\/\/elcalaixetdelaiaia.es\/wp-content\/uploads\/2020\/10\/SAM_5803a-1536x1152.jpg 1536w, https:\/\/elcalaixetdelaiaia.es\/wp-content\/uploads\/2020\/10\/SAM_5803a-2048x1536.jpg 2048w\" sizes=\"(max-width: 403px) 100vw, 403px\" \/><\/p>\n<p style=\"text-align: center;\">y las rebozamos en la harina. Las doramos en el aceite que hicimos las patatas y una vez selladas las retiramos y reservamos. Pelamos y rallamos la cebolla y la ponemos a pochar en el mismo aceite, junto a la cabeza de ajos, cuando comience a estar blanqueada, a\u00f1adimos el tomate rallado y sofre\u00edmos todo junto. Cuando ya no quede ag\u00fcilla del tomate, a\u00f1adimos el piment\u00f3n de la Vera, removemos y r\u00e1pidamente para que no se queme, a\u00f1adimos un vaso de nos 250ml de vino blanco. Hoy he usado un vino de brik que tengo para emergencias, pero aunque sea para cocinar, os recomiendo un vino que sea bueno, ya que aportar\u00e1 mas sabor al plato, pero no es necesario uno demasiado caro. Dejaremos evaporar el alcohol a\u00f1adiremos medio litro de caldo y rectificamos de sal.<\/p>\n<p style=\"text-align: center;\">Si us\u00e1is olla normal, lo dejaremos unos 30 minutos a fuego medio con la olla tapada y controlando que no se quede sin caldo, para si es necesario ir a\u00f1adiendo.<\/p>\n<div style=\"text-align: center;\">Si lo hac\u00e9is con olla r\u00e1pida, poniendo el numero dos y en cuanto empiece a salir el vapor dejaremos al fuego m\u00ednimo durante unos 15 minutos, pasados los cuales (por descontado abriremos la tapa, con la olla una vez fr\u00eda).<\/div>\n<p style=\"text-align: center;\"><img decoding=\"async\" loading=\"lazy\" class=\"alignnone wp-image-23028\" src=\"https:\/\/elcalaixetdelaiaia.es\/wp-content\/uploads\/2020\/10\/SAM_5806a-300x225.jpg\" alt=\"\" width=\"401\" height=\"301\" srcset=\"https:\/\/elcalaixetdelaiaia.es\/wp-content\/uploads\/2020\/10\/SAM_5806a-300x225.jpg 300w, https:\/\/elcalaixetdelaiaia.es\/wp-content\/uploads\/2020\/10\/SAM_5806a-1024x768.jpg 1024w, https:\/\/elcalaixetdelaiaia.es\/wp-content\/uploads\/2020\/10\/SAM_5806a-768x576.jpg 768w, https:\/\/elcalaixetdelaiaia.es\/wp-content\/uploads\/2020\/10\/SAM_5806a-1536x1152.jpg 1536w, https:\/\/elcalaixetdelaiaia.es\/wp-content\/uploads\/2020\/10\/SAM_5806a-2048x1536.jpg 2048w\" sizes=\"(max-width: 401px) 100vw, 401px\" \/><\/p>\n<p style=\"text-align: center;\">A\u00f1adiremos las patatas que ten\u00edamos reservadas y con las ollas destapadas en ambos casos, dejaremos a fuego medio otros diez\/doce minutos, para que las patatas se acaben de hacer y se evapore el caldo a vuestro gusto, podemos dejarlo mas tiempo, o a\u00f1adir mas caldo.<\/p>\n<p style=\"text-align: center;\">Si os ha quedado demasiado caldoso, incluso pod\u00e9is pasar la salsa por el chino \u00f3 minipimer. Dejaremos reposar, ya sab\u00e9is que \u00e9ste tipo de guiso mejora con el reposo.<\/p>\n<p style=\"text-align: center;\"><img decoding=\"async\" loading=\"lazy\" class=\"alignnone wp-image-23029\" src=\"https:\/\/elcalaixetdelaiaia.es\/wp-content\/uploads\/2020\/10\/SAM_5807a-300x225.jpg\" alt=\"\" width=\"407\" height=\"305\" srcset=\"https:\/\/elcalaixetdelaiaia.es\/wp-content\/uploads\/2020\/10\/SAM_5807a-300x225.jpg 300w, https:\/\/elcalaixetdelaiaia.es\/wp-content\/uploads\/2020\/10\/SAM_5807a-1024x768.jpg 1024w, https:\/\/elcalaixetdelaiaia.es\/wp-content\/uploads\/2020\/10\/SAM_5807a-768x576.jpg 768w, https:\/\/elcalaixetdelaiaia.es\/wp-content\/uploads\/2020\/10\/SAM_5807a-1536x1152.jpg 1536w, https:\/\/elcalaixetdelaiaia.es\/wp-content\/uploads\/2020\/10\/SAM_5807a-2048x1536.jpg 2048w\" sizes=\"(max-width: 407px) 100vw, 407px\" \/><\/p>\n<p style=\"text-align: center;\">Y servimos muy calentito. Esta muy bueno incluso un par de d\u00edas despu\u00e9s \ud83d\ude09 y la salsita, de toma pan y mojaaaa<\/p>\n<p style=\"text-align: center;\"><img decoding=\"async\" loading=\"lazy\" class=\"aligncenter wp-image-23030\" src=\"https:\/\/elcalaixetdelaiaia.es\/wp-content\/uploads\/2020\/10\/SAM_5808a-300x225.jpg\" alt=\"\" width=\"400\" height=\"300\" srcset=\"https:\/\/elcalaixetdelaiaia.es\/wp-content\/uploads\/2020\/10\/SAM_5808a-300x225.jpg 300w, https:\/\/elcalaixetdelaiaia.es\/wp-content\/uploads\/2020\/10\/SAM_5808a-1024x768.jpg 1024w, https:\/\/elcalaixetdelaiaia.es\/wp-content\/uploads\/2020\/10\/SAM_5808a-768x576.jpg 768w, https:\/\/elcalaixetdelaiaia.es\/wp-content\/uploads\/2020\/10\/SAM_5808a-1536x1152.jpg 1536w, https:\/\/elcalaixetdelaiaia.es\/wp-content\/uploads\/2020\/10\/SAM_5808a-2048x1536.jpg 2048w\" sizes=\"(max-width: 400px) 100vw, 400px\" \/><\/p>\n<p style=\"text-align: center;\">\u00abA la taula i&#8230; BON PROFIT!!!\u00bb<br \/>\nEspero vuestros comentarios, que para mi son MUY importantes. Si os gusta mi receta y compart\u00eds, me ayudar\u00e9is a llegar a m\u00e1s gente y recordad que tambi\u00e9n estoy en Facebook <a href=\"https:\/\/www.facebook.com\/El-calaixet-de-la-iaia-533062140099386\/\">https:\/\/www.facebook.com\/El-calaixet-de-la-iaia-533062140099386\/<\/a><\/p>\n","protected":false},"excerpt":{"rendered":"<p>Refrany; \u00abDe vi, porc i amic, el millor \u00e9s el m\u00e9s antic\u00bb De vino, cerdo y amigo, el mejor es el mas antiguo. C\u00f3mo la mayor\u00eda de veces, discrepo totalmente de este refr\u00e1n. Esta vez en lo que a amigos se refiere&#8230; Hoy os traigo un guiso tradicional f\u00e1cil rico &hellip; <\/p>\n","protected":false},"author":2,"featured_media":25824,"comment_status":"open","ping_status":"open","sticky":false,"template":"","format":"standard","meta":[],"categories":[1],"tags":[],"_links":{"self":[{"href":"https:\/\/elcalaixetdelaiaia.es\/index.php?rest_route=\/wp\/v2\/posts\/22920"}],"collection":[{"href":"https:\/\/elcalaixetdelaiaia.es\/index.php?rest_route=\/wp\/v2\/posts"}],"about":[{"href":"https:\/\/elcalaixetdelaiaia.es\/index.php?rest_route=\/wp\/v2\/types\/post"}],"author":[{"embeddable":true,"href":"https:\/\/elcalaixetdelaiaia.es\/index.php?rest_route=\/wp\/v2\/users\/2"}],"replies":[{"embeddable":true,"href":"https:\/\/elcalaixetdelaiaia.es\/index.php?rest_route=%2Fwp%2Fv2%2Fcomments&post=22920"}],"version-history":[{"count":7,"href":"https:\/\/elcalaixetdelaiaia.es\/index.php?rest_route=\/wp\/v2\/posts\/22920\/revisions"}],"predecessor-version":[{"id":26696,"href":"https:\/\/elcalaixetdelaiaia.es\/index.php?rest_route=\/wp\/v2\/posts\/22920\/revisions\/26696"}],"wp:featuredmedia":[{"embeddable":true,"href":"https:\/\/elcalaixetdelaiaia.es\/index.php?rest_route=\/wp\/v2\/media\/25824"}],"wp:attachment":[{"href":"https:\/\/elcalaixetdelaiaia.es\/index.php?rest_route=%2Fwp%2Fv2%2Fmedia&parent=22920"}],"wp:term":[{"taxonomy":"category","embeddable":true,"href":"https:\/\/elcalaixetdelaiaia.es\/index.php?rest_route=%2Fwp%2Fv2%2Fcategories&post=22920"},{"taxonomy":"post_tag","embeddable":true,"href":"https:\/\/elcalaixetdelaiaia.es\/index.php?rest_route=%2Fwp%2Fv2%2Ftags&post=22920"}],"curies":[{"name":"wp","href":"https:\/\/api.w.org\/{rel}","templated":true}]}}