{"id":22758,"date":"2020-07-25T17:29:15","date_gmt":"2020-07-25T17:29:15","guid":{"rendered":"http:\/\/elcalaixetdelaiaia.es\/?p=22758"},"modified":"2023-06-30T08:30:51","modified_gmt":"2023-06-30T08:30:51","slug":"como-hacer-ajoblanco-paso-a-paso-foto-a-foto","status":"publish","type":"post","link":"https:\/\/elcalaixetdelaiaia.es\/?p=22758","title":{"rendered":"Como hacer Ajoblanco malague\u00f1o paso a paso foto a foto"},"content":{"rendered":"<p>\u00abRefrany; All en dej\u00fa, remei segur\u00bb Ajo en ayunas, remedio seguro.<\/p>\n<p>Publico de nuevo otra receta que ha desaparecido de mi blog, (tras muchos a\u00f1os publicada) al hacer la migraci\u00f3n, de hecho solo hago nuevas las fotos y el resto lo ten\u00eda guardado y es exactamente, lo mismo. AJOBLANCO, una crema deliciosa y una receta antiqu\u00edsima aunque cada cocinero, claro est\u00e1, har\u00e1 sus variaciones conforme a su inspiraci\u00f3n, o su gusto y el de sus comensales.<\/p>\n<p>Esta receta comenc\u00e9 a hacerla hace ya mas de 40 a\u00f1os, cuando me cas\u00e9, por petici\u00f3n de mi marido. En casa de mis padres, no se hab\u00eda hecho nunca, y cuando mis padres la probaron, me la ped\u00edan continuamente. La primera vez la serv\u00ed con unas uvas negras, pero mi padre vino un d\u00eda con unas brevas (en mi casa, no faltaban nunca \u00ables figues\u00bb en temporada, mi iaio Antoniet en La Font D&#8217;Encarr\u00f2s, ya nos tra\u00eda de nuestra higuera y luego, fue mi padre quien procuraba que no faltaran en la mesa, nunca \u2764\ufe0f ) y se me ocurri\u00f3 ponerlas al ajoblanco al servirlo, fue tan grande el acierto, que desde entonces, y como en temporada de higos es cuando mas hago esta crema, lo sirvo siempre con higos.<\/p>\n<p>Parece que veo entrar al pap\u00e1 por la puerta de mi casa, de vuelta de paseo con las perritas , Nana y Lluna y con su gorra blanca en una mano, mi ramillete de flores silvestres o jazm\u00edn,o azahar, con romero y sus brevas \u00abbacores\u00bb en un paquetito, \u00abMensi, ja pots anar preparant Ajoblanco\u00bb&#8230;<\/p>\n<p>Al final de la entrada os pongo una peque\u00f1a explicaci\u00f3n de la diferencia de higos y brevas&#8230; aunque ambos salen de la higuera.<\/p>\n<p>Hoy he ido a mi fruter\u00eda en La Patacona y Bel\u00e9n y Agust\u00edn ten\u00edan unas brevas preciosas, as\u00ed que&#8230; para casa, y repito esta entrada, para que no falte en el blog, porque es tan rica, sencilla y tan f\u00e1cil de hacer que es una pena no prepararla.<\/p>\n<p>Para cuatro comensales necesitaremos;<\/p>\n<p style=\"text-align: center;\"><img decoding=\"async\" loading=\"lazy\" class=\"size-large wp-image-22766 aligncenter\" src=\"https:\/\/elcalaixetdelaiaia.es\/wp-content\/uploads\/2020\/07\/IMG_20200725_134625-1024x800.jpg\" alt=\"\" width=\"750\" height=\"586\" srcset=\"https:\/\/elcalaixetdelaiaia.es\/wp-content\/uploads\/2020\/07\/IMG_20200725_134625-1024x800.jpg 1024w, https:\/\/elcalaixetdelaiaia.es\/wp-content\/uploads\/2020\/07\/IMG_20200725_134625-300x234.jpg 300w, https:\/\/elcalaixetdelaiaia.es\/wp-content\/uploads\/2020\/07\/IMG_20200725_134625-768x600.jpg 768w, https:\/\/elcalaixetdelaiaia.es\/wp-content\/uploads\/2020\/07\/IMG_20200725_134625-1536x1200.jpg 1536w, https:\/\/elcalaixetdelaiaia.es\/wp-content\/uploads\/2020\/07\/IMG_20200725_134625-2048x1600.jpg 2048w\" sizes=\"(max-width: 750px) 100vw, 750px\" \/><\/p>\n<ol>\n<li>750ml de agua sin sabor a cloro<\/li>\n<li>220g de almendra molida sin piel<\/li>\n<li>40ml. de vinagre de vino blanco o de manzana<\/li>\n<li>80g de miga de pan del d\u00eda anterior<\/li>\n<li>120g de AOVE Aceite de oliva virgen extra<\/li>\n<li>Un diente de ajo sin el germen<\/li>\n<li>Sal<\/li>\n<li>Tres higos o brevas<\/li>\n<\/ol>\n<p>Hace a\u00f1os, estuvimos pasando las vacaciones de verano, en la Residencia de Tiempo libre de la L\u00ednea de la Concepci\u00f3n mi marido mis hijos y yo, y aprovechamos para hacer un recorrido por Gibraltar y Andaluc\u00eda que fue precioso, y del que guardamos un recuerdo especial ya que fue el \u00faltimo viaje en familia, los cuatro juntos \u2764\ufe0f. Por descontado que aparte de hacer turismo, paladeamos la gastronom\u00eda de toda la zona. Nos pusimos morados en un chiringuito muy limpio, con el espeto y los calamares de El Palo, en la preciosa M\u00e1laga. En un restaurante de Zahara de Los Atunes, probamos por primera vez vez un ajoblanco al que hab\u00edan incorporado ralladura de foie, y nos encant\u00f2, s\u00f3lo ten\u00e9is que ponerlo previamente en el congelador y rallarlo, si ten\u00e9is ocasi\u00f3n probarlo, est\u00e1 riqu\u00edsimo junto al ajoblanco y el contraste de sabor con las brevas es genial. Pena que hoy no tengo en casa, para ponerlo, pero \u00a1os lo recomiendo!<\/p>\n<p>En cuanto a las almendras, pod\u00e9is poner la marcona entera pelada si ten\u00e9is un robot de cocina muy potente, tipo Cecomix plus, Maxichef, <span class=\"st\">Monsieur Cusine<\/span> o el supercar\u00edsimo. En mi caso, uso la troceada o molida, porque me gusta m\u00e1s el resultado, ya que voy a prepararlo con una simple batidora de brazo, que de eso todos tenemos, para que ve\u00e1is que cualquiera puede preparar este plato, e incluso machacando con el mortero, como se hac\u00eda antiguamente.<\/p>\n<p><img decoding=\"async\" loading=\"lazy\" class=\"size-large wp-image-22767 aligncenter\" src=\"https:\/\/elcalaixetdelaiaia.es\/wp-content\/uploads\/2020\/07\/IMG_20200725_134915-1024x768.jpg\" alt=\"\" width=\"750\" height=\"563\" srcset=\"https:\/\/elcalaixetdelaiaia.es\/wp-content\/uploads\/2020\/07\/IMG_20200725_134915-1024x768.jpg 1024w, https:\/\/elcalaixetdelaiaia.es\/wp-content\/uploads\/2020\/07\/IMG_20200725_134915-300x225.jpg 300w, https:\/\/elcalaixetdelaiaia.es\/wp-content\/uploads\/2020\/07\/IMG_20200725_134915-768x576.jpg 768w, https:\/\/elcalaixetdelaiaia.es\/wp-content\/uploads\/2020\/07\/IMG_20200725_134915-1536x1152.jpg 1536w, https:\/\/elcalaixetdelaiaia.es\/wp-content\/uploads\/2020\/07\/IMG_20200725_134915-2048x1536.jpg 2048w\" sizes=\"(max-width: 750px) 100vw, 750px\" \/><\/p>\n<p>Lo primero, pondremos el agua en un cuenco y echaremos en la misma, la miga de pan, para que se vaya remojando, alguna vez que no he tenido miga de pan del horno , lo he puesto incluso pan de molde y sale muy rico.<\/p>\n<p><img decoding=\"async\" loading=\"lazy\" class=\"size-large wp-image-22768 aligncenter\" src=\"https:\/\/elcalaixetdelaiaia.es\/wp-content\/uploads\/2020\/07\/IMG_20200725_135354-1024x768.jpg\" alt=\"\" width=\"750\" height=\"563\" srcset=\"https:\/\/elcalaixetdelaiaia.es\/wp-content\/uploads\/2020\/07\/IMG_20200725_135354-1024x768.jpg 1024w, https:\/\/elcalaixetdelaiaia.es\/wp-content\/uploads\/2020\/07\/IMG_20200725_135354-300x225.jpg 300w, https:\/\/elcalaixetdelaiaia.es\/wp-content\/uploads\/2020\/07\/IMG_20200725_135354-768x576.jpg 768w, https:\/\/elcalaixetdelaiaia.es\/wp-content\/uploads\/2020\/07\/IMG_20200725_135354-1536x1152.jpg 1536w, https:\/\/elcalaixetdelaiaia.es\/wp-content\/uploads\/2020\/07\/IMG_20200725_135354-2048x1536.jpg 2048w\" sizes=\"(max-width: 750px) 100vw, 750px\" \/><\/p>\n<p style=\"text-align: center;\">Quitamos el germen al ajo, para que no repita y lo troceamos. Si os gusta fuerte, pod\u00e9is a\u00f1adir mas ajos.<\/p>\n<p><img decoding=\"async\" loading=\"lazy\" class=\"size-large wp-image-22769 aligncenter\" src=\"https:\/\/elcalaixetdelaiaia.es\/wp-content\/uploads\/2020\/07\/IMG_20200725_135534-1024x768.jpg\" alt=\"\" width=\"750\" height=\"563\" srcset=\"https:\/\/elcalaixetdelaiaia.es\/wp-content\/uploads\/2020\/07\/IMG_20200725_135534-1024x768.jpg 1024w, https:\/\/elcalaixetdelaiaia.es\/wp-content\/uploads\/2020\/07\/IMG_20200725_135534-300x225.jpg 300w, https:\/\/elcalaixetdelaiaia.es\/wp-content\/uploads\/2020\/07\/IMG_20200725_135534-768x576.jpg 768w, https:\/\/elcalaixetdelaiaia.es\/wp-content\/uploads\/2020\/07\/IMG_20200725_135534-1536x1152.jpg 1536w, https:\/\/elcalaixetdelaiaia.es\/wp-content\/uploads\/2020\/07\/IMG_20200725_135534-2048x1536.jpg 2048w\" sizes=\"(max-width: 750px) 100vw, 750px\" \/><\/p>\n<p style=\"text-align: center;\">En el vaso mezclador, ponemos la miga con el agua<\/p>\n<p style=\"text-align: center;\"><img decoding=\"async\" loading=\"lazy\" class=\"alignnone size-large wp-image-22770\" src=\"https:\/\/elcalaixetdelaiaia.es\/wp-content\/uploads\/2020\/07\/IMG_20200725_135710-1024x768.jpg\" alt=\"\" width=\"750\" height=\"563\" srcset=\"https:\/\/elcalaixetdelaiaia.es\/wp-content\/uploads\/2020\/07\/IMG_20200725_135710-1024x768.jpg 1024w, https:\/\/elcalaixetdelaiaia.es\/wp-content\/uploads\/2020\/07\/IMG_20200725_135710-300x225.jpg 300w, https:\/\/elcalaixetdelaiaia.es\/wp-content\/uploads\/2020\/07\/IMG_20200725_135710-768x576.jpg 768w, https:\/\/elcalaixetdelaiaia.es\/wp-content\/uploads\/2020\/07\/IMG_20200725_135710-1536x1152.jpg 1536w, https:\/\/elcalaixetdelaiaia.es\/wp-content\/uploads\/2020\/07\/IMG_20200725_135710-2048x1536.jpg 2048w\" sizes=\"(max-width: 750px) 100vw, 750px\" \/><\/p>\n<p style=\"text-align: center;\">la almendra<\/p>\n<p><img decoding=\"async\" loading=\"lazy\" class=\"size-large wp-image-22771 aligncenter\" src=\"https:\/\/elcalaixetdelaiaia.es\/wp-content\/uploads\/2020\/07\/IMG_20200725_135729-1024x768.jpg\" alt=\"\" width=\"750\" height=\"563\" srcset=\"https:\/\/elcalaixetdelaiaia.es\/wp-content\/uploads\/2020\/07\/IMG_20200725_135729-1024x768.jpg 1024w, https:\/\/elcalaixetdelaiaia.es\/wp-content\/uploads\/2020\/07\/IMG_20200725_135729-300x225.jpg 300w, https:\/\/elcalaixetdelaiaia.es\/wp-content\/uploads\/2020\/07\/IMG_20200725_135729-768x576.jpg 768w, https:\/\/elcalaixetdelaiaia.es\/wp-content\/uploads\/2020\/07\/IMG_20200725_135729-1536x1152.jpg 1536w, https:\/\/elcalaixetdelaiaia.es\/wp-content\/uploads\/2020\/07\/IMG_20200725_135729-2048x1536.jpg 2048w\" sizes=\"(max-width: 750px) 100vw, 750px\" \/><\/p>\n<p style=\"text-align: center;\">el ajo troceado<\/p>\n<p><img decoding=\"async\" loading=\"lazy\" class=\"size-large wp-image-22772 aligncenter\" src=\"https:\/\/elcalaixetdelaiaia.es\/wp-content\/uploads\/2020\/07\/IMG_20200725_140141-1024x768.jpg\" alt=\"\" width=\"750\" height=\"563\" srcset=\"https:\/\/elcalaixetdelaiaia.es\/wp-content\/uploads\/2020\/07\/IMG_20200725_140141-1024x768.jpg 1024w, https:\/\/elcalaixetdelaiaia.es\/wp-content\/uploads\/2020\/07\/IMG_20200725_140141-300x225.jpg 300w, https:\/\/elcalaixetdelaiaia.es\/wp-content\/uploads\/2020\/07\/IMG_20200725_140141-768x576.jpg 768w, https:\/\/elcalaixetdelaiaia.es\/wp-content\/uploads\/2020\/07\/IMG_20200725_140141-1536x1152.jpg 1536w, https:\/\/elcalaixetdelaiaia.es\/wp-content\/uploads\/2020\/07\/IMG_20200725_140141-2048x1536.jpg 2048w\" sizes=\"(max-width: 750px) 100vw, 750px\" \/><\/p>\n<p style=\"text-align: center;\">y el vinagre a vuestro gusto, en mi caso 40ml de vinagre de manzana, y sal al gusto. Batiremos todo, hasta conseguir una crema uniforme, sin grumos.<\/p>\n<p><img decoding=\"async\" loading=\"lazy\" class=\"size-large wp-image-22773 aligncenter\" src=\"https:\/\/elcalaixetdelaiaia.es\/wp-content\/uploads\/2020\/07\/IMG_20200725_140416-1024x768.jpg\" alt=\"\" width=\"750\" height=\"563\" srcset=\"https:\/\/elcalaixetdelaiaia.es\/wp-content\/uploads\/2020\/07\/IMG_20200725_140416-1024x768.jpg 1024w, https:\/\/elcalaixetdelaiaia.es\/wp-content\/uploads\/2020\/07\/IMG_20200725_140416-300x225.jpg 300w, https:\/\/elcalaixetdelaiaia.es\/wp-content\/uploads\/2020\/07\/IMG_20200725_140416-768x576.jpg 768w, https:\/\/elcalaixetdelaiaia.es\/wp-content\/uploads\/2020\/07\/IMG_20200725_140416-1536x1152.jpg 1536w, https:\/\/elcalaixetdelaiaia.es\/wp-content\/uploads\/2020\/07\/IMG_20200725_140416-2048x1536.jpg 2048w\" sizes=\"(max-width: 750px) 100vw, 750px\" \/><\/p>\n<p style=\"text-align: center;\">Iremos a\u00f1adiendo poco a poco, el aceite, para que se vaya integrando como una mayonesa. Si os parece muy caldosa, a\u00f1adir miga de pan. Si por el contrario os gusta menos espesa, a\u00f1adir agua sin sabor a cloro.<\/p>\n<p><img decoding=\"async\" loading=\"lazy\" class=\"size-large wp-image-22775 aligncenter\" src=\"https:\/\/elcalaixetdelaiaia.es\/wp-content\/uploads\/2020\/07\/IMG_20200725_140910-1024x768.jpg\" alt=\"\" width=\"750\" height=\"563\" srcset=\"https:\/\/elcalaixetdelaiaia.es\/wp-content\/uploads\/2020\/07\/IMG_20200725_140910-1024x768.jpg 1024w, https:\/\/elcalaixetdelaiaia.es\/wp-content\/uploads\/2020\/07\/IMG_20200725_140910-300x225.jpg 300w, https:\/\/elcalaixetdelaiaia.es\/wp-content\/uploads\/2020\/07\/IMG_20200725_140910-768x576.jpg 768w, https:\/\/elcalaixetdelaiaia.es\/wp-content\/uploads\/2020\/07\/IMG_20200725_140910-1536x1152.jpg 1536w, https:\/\/elcalaixetdelaiaia.es\/wp-content\/uploads\/2020\/07\/IMG_20200725_140910-2048x1536.jpg 2048w\" sizes=\"(max-width: 750px) 100vw, 750px\" \/><\/p>\n<p style=\"text-align: center;\">A\u00f1adiremos el AOVE al hilo, como si hici\u00e9ramos una mayonesa o all i oli<\/p>\n<p><img decoding=\"async\" loading=\"lazy\" class=\"size-large wp-image-22776 aligncenter\" src=\"https:\/\/elcalaixetdelaiaia.es\/wp-content\/uploads\/2020\/07\/IMG_20200725_141014-1024x768.jpg\" alt=\"\" width=\"750\" height=\"563\" srcset=\"https:\/\/elcalaixetdelaiaia.es\/wp-content\/uploads\/2020\/07\/IMG_20200725_141014-1024x768.jpg 1024w, https:\/\/elcalaixetdelaiaia.es\/wp-content\/uploads\/2020\/07\/IMG_20200725_141014-300x225.jpg 300w, https:\/\/elcalaixetdelaiaia.es\/wp-content\/uploads\/2020\/07\/IMG_20200725_141014-768x576.jpg 768w, https:\/\/elcalaixetdelaiaia.es\/wp-content\/uploads\/2020\/07\/IMG_20200725_141014-1536x1152.jpg 1536w, https:\/\/elcalaixetdelaiaia.es\/wp-content\/uploads\/2020\/07\/IMG_20200725_141014-2048x1536.jpg 2048w\" sizes=\"(max-width: 750px) 100vw, 750px\" \/><\/p>\n<p style=\"text-align: center;\">para que se vaya integrando poco a poco<\/p>\n<p style=\"text-align: center;\"><img decoding=\"async\" loading=\"lazy\" class=\"alignnone size-large wp-image-22777\" src=\"https:\/\/elcalaixetdelaiaia.es\/wp-content\/uploads\/2020\/07\/IMG_20200725_143317-1024x768.jpg\" alt=\"\" width=\"750\" height=\"563\" srcset=\"https:\/\/elcalaixetdelaiaia.es\/wp-content\/uploads\/2020\/07\/IMG_20200725_143317-1024x768.jpg 1024w, https:\/\/elcalaixetdelaiaia.es\/wp-content\/uploads\/2020\/07\/IMG_20200725_143317-300x225.jpg 300w, https:\/\/elcalaixetdelaiaia.es\/wp-content\/uploads\/2020\/07\/IMG_20200725_143317-768x576.jpg 768w, https:\/\/elcalaixetdelaiaia.es\/wp-content\/uploads\/2020\/07\/IMG_20200725_143317-1536x1152.jpg 1536w, https:\/\/elcalaixetdelaiaia.es\/wp-content\/uploads\/2020\/07\/IMG_20200725_143317-2048x1536.jpg 2048w\" sizes=\"(max-width: 750px) 100vw, 750px\" \/><\/p>\n<p>Cuando lo tengamos a nuestro gusto, taparemos el recipiente herm\u00e9ticamente y al frigo un m\u00ednimo de dos horas. En casa, nos gusta muy muy fresquito y lo tengo en el frigo, de un d\u00eda para otro. Las cantidades de los ingredientes que os he puesto en la lista, son los que pongo para hacerlo como nos gusta en casa, lo bueno de esta receta es que pod\u00e9is hacerla a vuestro gusto por completo.<\/p>\n<p><img decoding=\"async\" loading=\"lazy\" class=\"size-large wp-image-22779 aligncenter\" src=\"https:\/\/elcalaixetdelaiaia.es\/wp-content\/uploads\/2020\/07\/IMG_20200725_144525-2-1024x768.jpg\" alt=\"\" width=\"750\" height=\"563\" srcset=\"https:\/\/elcalaixetdelaiaia.es\/wp-content\/uploads\/2020\/07\/IMG_20200725_144525-2-1024x768.jpg 1024w, https:\/\/elcalaixetdelaiaia.es\/wp-content\/uploads\/2020\/07\/IMG_20200725_144525-2-300x225.jpg 300w, https:\/\/elcalaixetdelaiaia.es\/wp-content\/uploads\/2020\/07\/IMG_20200725_144525-2-768x576.jpg 768w, https:\/\/elcalaixetdelaiaia.es\/wp-content\/uploads\/2020\/07\/IMG_20200725_144525-2-1536x1152.jpg 1536w, https:\/\/elcalaixetdelaiaia.es\/wp-content\/uploads\/2020\/07\/IMG_20200725_144525-2-2048x1536.jpg 2048w\" sizes=\"(max-width: 750px) 100vw, 750px\" \/><\/p>\n<p style=\"text-align: center;\">Emplatamos, ponemos unos trozos de breva o de higo<\/p>\n<p><img decoding=\"async\" loading=\"lazy\" class=\"size-large wp-image-22780 aligncenter\" src=\"https:\/\/elcalaixetdelaiaia.es\/wp-content\/uploads\/2020\/07\/IMG_20200725_144540-2-1024x768.jpg\" alt=\"\" width=\"750\" height=\"563\" srcset=\"https:\/\/elcalaixetdelaiaia.es\/wp-content\/uploads\/2020\/07\/IMG_20200725_144540-2-1024x768.jpg 1024w, https:\/\/elcalaixetdelaiaia.es\/wp-content\/uploads\/2020\/07\/IMG_20200725_144540-2-300x225.jpg 300w, https:\/\/elcalaixetdelaiaia.es\/wp-content\/uploads\/2020\/07\/IMG_20200725_144540-2-768x576.jpg 768w, https:\/\/elcalaixetdelaiaia.es\/wp-content\/uploads\/2020\/07\/IMG_20200725_144540-2-1536x1152.jpg 1536w, https:\/\/elcalaixetdelaiaia.es\/wp-content\/uploads\/2020\/07\/IMG_20200725_144540-2-2048x1536.jpg 2048w\" sizes=\"(max-width: 750px) 100vw, 750px\" \/><\/p>\n<p style=\"text-align: center;\">Unas hojitas de perejil, os aconsejo encarecidamente que si pod\u00e9is poner un poco de foie rallado, lo hag\u00e1is en este momento, queda delicioso.<\/p>\n<p><img decoding=\"async\" loading=\"lazy\" class=\"size-large wp-image-22784 aligncenter\" src=\"https:\/\/elcalaixetdelaiaia.es\/wp-content\/uploads\/2020\/07\/IMG_20200725_154202-2-1024x768.jpg\" alt=\"\" width=\"750\" height=\"563\" srcset=\"https:\/\/elcalaixetdelaiaia.es\/wp-content\/uploads\/2020\/07\/IMG_20200725_154202-2-1024x768.jpg 1024w, https:\/\/elcalaixetdelaiaia.es\/wp-content\/uploads\/2020\/07\/IMG_20200725_154202-2-300x225.jpg 300w, https:\/\/elcalaixetdelaiaia.es\/wp-content\/uploads\/2020\/07\/IMG_20200725_154202-2-768x576.jpg 768w, https:\/\/elcalaixetdelaiaia.es\/wp-content\/uploads\/2020\/07\/IMG_20200725_154202-2-1536x1152.jpg 1536w, https:\/\/elcalaixetdelaiaia.es\/wp-content\/uploads\/2020\/07\/IMG_20200725_154202-2-2048x1536.jpg 2048w\" sizes=\"(max-width: 750px) 100vw, 750px\" \/><\/p>\n<p style=\"text-align: center;\">Y unas gotas de aceite de oliva virgen, en este caso, un verdial malague\u00f1o.<\/p>\n<p>Si no os gustan las brevas o higos, pod\u00e9is poner uvas blancas, uvas negras, gajos de naranja o mandarina, unos trozos de manzana, pistachos, almendras&#8230; lo que quer\u00e1is\u00a0 \ud83d\ude09<\/p>\n<h3 class=\"article-text\">Brevas<\/h3>\n<p style=\"text-align: center;\"><a href=\"http:\/\/1.bp.blogspot.com\/-qxlnMyg1SWM\/VgqeG99dzfI\/AAAAAAAAdRI\/JIwWhz7_uLU\/s1600\/fi.jpg\"><img decoding=\"async\" loading=\"lazy\" src=\"https:\/\/elcalaixetdelaiaia.es\/wp-content\/uploads\/2015\/09\/fi.jpg\" width=\"640\" height=\"480\" border=\"0\" \/><\/a><\/p>\n<p class=\"article-text\">Al llegar los primeros calores de finales de mayo del a\u00f1o siguiente, el fruto hibernado se reactiva y se desarrolla para dar las brevas, que son la cosecha de principios de verano: los frutos grandes y carnosos, morados por fuera y rojos vivos por dentro que generalmente denominamos higos pero que no lo son. Las brevas son de piel m\u00e1s fina y quebradiza, poco lechosas y menos arom\u00e1ticas aunque contienen mayor proporci\u00f3n de agua, ya que se han desarrollado en \u00e9poca primaveral.<\/p>\n<p style=\"text-align: center;\"><a href=\"https:\/\/lh3.googleusercontent.com\/-JVn1svwoWhY\/Vd8fmjiog7I\/AAAAAAAAc50\/9bdDP61yTj4\/s640\/blogger-image--1871763039.jpg\"><img decoding=\"async\" loading=\"lazy\" class=\"\" src=\"https:\/\/lh3.googleusercontent.com\/-JVn1svwoWhY\/Vd8fmjiog7I\/AAAAAAAAc50\/9bdDP61yTj4\/s640\/blogger-image--1871763039.jpg\" width=\"703\" height=\"527\" border=\"0\" \/><\/a><\/p>\n<figure><\/figure>\n<p class=\"article-text\">Se recogen de junio a julio en funci\u00f3n de cu\u00e1ndo haya llegado el calor y de los rigores del verano, e inmediatamente se comercializan, generalmente para consumo directo y en fresco, al tener menor concentraci\u00f3n de az\u00facares, o para hacer mermeladas al ser m\u00e1s melosas. No obstante, su cosecha puede ser larga, si el frio en el a\u00f1o anterior lleg\u00f3 pronto o en funci\u00f3n de c\u00f3mo evolucione el verano, por lo que incluso en agosto se pueden recoger en las regiones m\u00e1s frescas.<\/p>\n<h3 class=\"article-text\">Higos<\/h3>\n<p class=\"article-text\">Pero la verdadera fructificaci\u00f3n anual de las flores de las higueras -que en Espa\u00f1a suelen ser en su mayor\u00eda pies dioicos femeninos autof\u00e9rtiles, es decir que no necesitan polinizaci\u00f3n para fructificar,se produce en agosto y culmina en septiembre, ofreciendo el fruto que conocemos como higo \u00abfiga\u00bb y que no es el oscuro y rojo por dentro.<\/p>\n<figure id=\"attachment_24454\" aria-describedby=\"caption-attachment-24454\" style=\"width: 1706px\" class=\"wp-caption aligncenter\"><img decoding=\"async\" loading=\"lazy\" class=\"wp-image-24454 size-full\" src=\"https:\/\/elcalaixetdelaiaia.es\/wp-content\/uploads\/2020\/07\/higosybrevas.webp\" alt=\"imagen de El Espa\u00f1ol\" width=\"1706\" height=\"960\" srcset=\"https:\/\/elcalaixetdelaiaia.es\/wp-content\/uploads\/2020\/07\/higosybrevas.webp 1706w, https:\/\/elcalaixetdelaiaia.es\/wp-content\/uploads\/2020\/07\/higosybrevas-300x169.webp 300w, https:\/\/elcalaixetdelaiaia.es\/wp-content\/uploads\/2020\/07\/higosybrevas-1024x576.webp 1024w, https:\/\/elcalaixetdelaiaia.es\/wp-content\/uploads\/2020\/07\/higosybrevas-768x432.webp 768w, https:\/\/elcalaixetdelaiaia.es\/wp-content\/uploads\/2020\/07\/higosybrevas-1536x864.webp 1536w\" sizes=\"(max-width: 1706px) 100vw, 1706px\" \/><figcaption id=\"caption-attachment-24454\" class=\"wp-caption-text\">Imagen de El Espa\u00f1ol<\/figcaption><\/figure>\n<p class=\"article-text\">Al contrario, es otro m\u00e1s peque\u00f1o, ya que ha pasado por los rigores del verano, con una pluviometr\u00eda mucho menor, blanco por fuera, con una piel m\u00e1s gruesa y que se rompe soltando un l\u00edquido lechoso que huele a higuera. Por lo tanto, el higo, m\u00e1s peque\u00f1o y reconcentrado, es m\u00e1s arom\u00e1tico que la breva y se puede utilizar para desecar, para mermeladas o para comer fresco. De hecho es m\u00e1s apreciado que su hom\u00f3loga.<\/p>\n<p class=\"article-text\">Los higos que no fructifiquen a tiempo y que sean sorprendidos por los primeros fr\u00edos, en el caso de encontrarnos ante una higuera b\u00edfera quedar\u00e1n hibernando hasta el a\u00f1o que viene, en que al cabo de unos ocho meses dar\u00e1n las nuevas brevas. De ah\u00ed la expresi\u00f3n \u00abde higos a brevas\u00bb, es decir decir de temporada en temporada.<\/p>\n<p>Y hasta aqu\u00ed esta entrada de la receta de ajoblanco, los higos y las brevas, que conf\u00edo en que sea de tu gusto, si es as\u00ed y la compartes, llegar\u00e1 a m\u00e1s gente. Espero si quieres, tu comentario y te recuerdo que tambi\u00e9n estoy en Facebook <a href=\"https:\/\/www.facebook.com\/El-calaixet-de-la-iaia-533062140099386\/\">https:\/\/www.facebook.com\/El-calaixet-de-la-iaia-533062140099386\/ <\/a><\/p>\n","protected":false},"excerpt":{"rendered":"<p>\u00abRefrany; All en dej\u00fa, remei segur\u00bb Ajo en ayunas, remedio seguro. Publico de nuevo otra receta que ha desaparecido de mi blog, (tras muchos a\u00f1os publicada) al hacer la migraci\u00f3n, de hecho solo hago nuevas las fotos y el resto lo ten\u00eda guardado y es exactamente, lo mismo. AJOBLANCO, una &hellip; <\/p>\n","protected":false},"author":2,"featured_media":22779,"comment_status":"open","ping_status":"open","sticky":false,"template":"","format":"standard","meta":[],"categories":[38,1],"tags":[],"_links":{"self":[{"href":"https:\/\/elcalaixetdelaiaia.es\/index.php?rest_route=\/wp\/v2\/posts\/22758"}],"collection":[{"href":"https:\/\/elcalaixetdelaiaia.es\/index.php?rest_route=\/wp\/v2\/posts"}],"about":[{"href":"https:\/\/elcalaixetdelaiaia.es\/index.php?rest_route=\/wp\/v2\/types\/post"}],"author":[{"embeddable":true,"href":"https:\/\/elcalaixetdelaiaia.es\/index.php?rest_route=\/wp\/v2\/users\/2"}],"replies":[{"embeddable":true,"href":"https:\/\/elcalaixetdelaiaia.es\/index.php?rest_route=%2Fwp%2Fv2%2Fcomments&post=22758"}],"version-history":[{"count":24,"href":"https:\/\/elcalaixetdelaiaia.es\/index.php?rest_route=\/wp\/v2\/posts\/22758\/revisions"}],"predecessor-version":[{"id":25401,"href":"https:\/\/elcalaixetdelaiaia.es\/index.php?rest_route=\/wp\/v2\/posts\/22758\/revisions\/25401"}],"wp:featuredmedia":[{"embeddable":true,"href":"https:\/\/elcalaixetdelaiaia.es\/index.php?rest_route=\/wp\/v2\/media\/22779"}],"wp:attachment":[{"href":"https:\/\/elcalaixetdelaiaia.es\/index.php?rest_route=%2Fwp%2Fv2%2Fmedia&parent=22758"}],"wp:term":[{"taxonomy":"category","embeddable":true,"href":"https:\/\/elcalaixetdelaiaia.es\/index.php?rest_route=%2Fwp%2Fv2%2Fcategories&post=22758"},{"taxonomy":"post_tag","embeddable":true,"href":"https:\/\/elcalaixetdelaiaia.es\/index.php?rest_route=%2Fwp%2Fv2%2Ftags&post=22758"}],"curies":[{"name":"wp","href":"https:\/\/api.w.org\/{rel}","templated":true}]}}