{"id":22736,"date":"2017-08-05T16:34:54","date_gmt":"2017-08-05T16:34:54","guid":{"rendered":"http:\/\/elcalaixetdelaiaia.es\/?p=22736"},"modified":"2024-05-27T18:43:37","modified_gmt":"2024-05-27T18:43:37","slug":"tarta-fria-de-chocolate-blanco-caramelo-y-flores-de-pina-paso-a-paso-foto-a-foto","status":"publish","type":"post","link":"https:\/\/elcalaixetdelaiaia.es\/?p=22736","title":{"rendered":"Tarta fr\u00eda de chocolate blanco, caramelo y flores de pi\u00f1a paso a paso foto a foto"},"content":{"rendered":"<div>\u00abRefrany; A l\u2019agost, bull el mar i bull el most\u00bb \u00a0 En agosto, hierve el mar y hierve el mosto.<\/div>\n<div><\/div>\n<div>Tarta fr\u00eda de chocolate blanco y flores de pi\u00f1a.<\/div>\n<div><\/div>\n<div>Es una aut\u00e9ntica delicia, ideal para tomar tanto en invierno, como en verano, eso si, siempre muy muy fresquita.<\/div>\n<p>Una tarta fr\u00eda de mousse de chocolate blanco, con chocolate al caramelo, sobre una base de bizcocho de almendra y nueces y decorada con flores de pi\u00f1a natural.<\/p>\n<p>Necesitaremos:<\/p>\n<div class=\"separator\"><a href=\"https:\/\/2.bp.blogspot.com\/-6reE63tVKz0\/WYWaeN7kdkI\/AAAAAAAApSw\/nwLvvvBHC0wXAo3hoOUD4vR1eTjeK25KwCEwYBhgL\/s1600\/IMG_5730.PNG\"><img decoding=\"async\" loading=\"lazy\" class=\"aligncenter\" src=\"https:\/\/elcalaixetdelaiaia.es\/wp-content\/uploads\/2017\/08\/IMG_5730.png\" width=\"640\" height=\"480\" border=\"0\" data-original-height=\"1200\" data-original-width=\"1600\" \/><\/a><\/div>\n<p>Para la base de bizcocho;<\/p>\n<ol>\n<li>Un huevo<\/li>\n<li>Az\u00facar<\/li>\n<li>Harina<\/li>\n<li>Almendra molida<\/li>\n<li>Nueces picadas<\/li>\n<li>Un poco de mantequilla y harina para encamisar el molde<\/li>\n<\/ol>\n<p>Para la mousse;<\/p>\n<ol>\n<li>Cuatro yemas de huevo<\/li>\n<li>500ml de nata para montar<\/li>\n<li>50g de az\u00facar,<\/li>\n<li>200ml de leche3 entera<\/li>\n<li>200g de chocolate blanco<\/li>\n<li>200 g de chocolate al caramelo<\/li>\n<li>Cinco l\u00e1minas (hojas) de gelatina<\/li>\n<\/ol>\n<p>Para las flores;<\/p>\n<ol>\n<li>Una pi\u00f1a natural<\/li>\n<\/ol>\n<div class=\"separator\"><a href=\"https:\/\/2.bp.blogspot.com\/-L-0W3O6Cj7Q\/WYWafnu_sCI\/AAAAAAAApSw\/kW3G7Tm9jY05cnKdtZ8EEFk-5G9zIK2qwCEwYBhgL\/s1600\/IMG_5731.PNG\"><img decoding=\"async\" loading=\"lazy\" class=\"aligncenter\" src=\"https:\/\/elcalaixetdelaiaia.es\/wp-content\/uploads\/2017\/08\/IMG_5731.png\" width=\"640\" height=\"480\" border=\"0\" data-original-height=\"1200\" data-original-width=\"1600\" \/><\/a><\/div>\n<p style=\"text-align: center;\">Este tipo de tartas y con mi microminiiiiii cocina, (en la que no cabe mas de una persona y apenas tengo banco para trabajar ni para nada), prefiero hacerla en distintas fases, aparte de que el bizcocho es bueno que se repose al ser tan fino, as\u00ed que un d\u00eda preparo el bizcocho, las flores y los adornos y al siguiente el resto de la tarta. Comenzaremos abriendo y picando, (no mucho)\u00a0 unas cinco nueces para un molde de 19cm.<\/p>\n<div class=\"separator\" style=\"text-align: center;\"><a href=\"https:\/\/4.bp.blogspot.com\/-V9BgrrNTPv4\/WYWailLjKHI\/AAAAAAAApSw\/5ELPQFJOWGoV8ZihdzgxFzjvgcSVfK5YgCEwYBhgL\/s1600\/IMG_5732.PNG\"><img decoding=\"async\" loading=\"lazy\" src=\"https:\/\/elcalaixetdelaiaia.es\/wp-content\/uploads\/2017\/08\/IMG_5732.png\" width=\"640\" height=\"480\" border=\"0\" data-original-height=\"1200\" data-original-width=\"1600\" \/><\/a><\/div>\n<div style=\"text-align: center;\"><\/div>\n<div style=\"text-align: center;\">Blanquearemos un huevo con 40g de az\u00facar blanquilla, batiendo hasta doblar el volumen<\/div>\n<div style=\"text-align: center;\"><\/div>\n<div class=\"separator\" style=\"text-align: center;\"><a href=\"https:\/\/3.bp.blogspot.com\/-jxNo9oN0qTo\/WYWaoxvP41I\/AAAAAAAApTA\/qsPsNA69oHQv2qIprAs6cy35nxpCgp7EQCEwYBhgL\/s1600\/IMG_5733.PNG\"><img decoding=\"async\" loading=\"lazy\" src=\"https:\/\/elcalaixetdelaiaia.es\/wp-content\/uploads\/2017\/08\/IMG_5733.png\" width=\"640\" height=\"480\" border=\"0\" data-original-height=\"1200\" data-original-width=\"1600\" \/><\/a><\/div>\n<div style=\"text-align: center;\"><\/div>\n<div style=\"text-align: center;\">A\u00f1adiremos 25g de harina (yo suelo utilizar para casi todo harina de fuerza) tamiz\u00e1ndola sobre el bol<\/div>\n<div style=\"text-align: center;\"><a href=\"https:\/\/4.bp.blogspot.com\/-HE0bQwPzlm0\/WYWgwkOWpvI\/AAAAAAAApTg\/UQI3s19a-CsYvKjScYLXFkeU3tdWoyabgCEwYBhgL\/s1600\/IMG_5734.PNG\"><img decoding=\"async\" loading=\"lazy\" src=\"https:\/\/elcalaixetdelaiaia.es\/wp-content\/uploads\/2017\/08\/IMG_5734.png\" width=\"640\" height=\"480\" border=\"0\" data-original-height=\"1200\" data-original-width=\"1600\" \/><\/a><\/div>\n<div><\/div>\n<div style=\"text-align: center;\">y a continuaci\u00f3n incorporamos 25g de almendra molida cruda<\/div>\n<div><\/div>\n<div class=\"separator\" style=\"text-align: center;\"><a href=\"https:\/\/2.bp.blogspot.com\/-z7FSj2LTYNA\/WYWawzOuVtI\/AAAAAAAApSw\/IPNRzxSIBnkLg1XicCgmVKyJ7vIF7KJTgCEwYBhgL\/s1600\/IMG_5735.PNG\"><img decoding=\"async\" loading=\"lazy\" src=\"https:\/\/elcalaixetdelaiaia.es\/wp-content\/uploads\/2017\/08\/IMG_5735.png\" width=\"640\" height=\"480\" border=\"0\" data-original-height=\"1200\" data-original-width=\"1600\" \/><\/a><\/div>\n<div class=\"separator\" style=\"text-align: center;\"><\/div>\n<div style=\"text-align: center;\">mezclamos bien los ingredientes<\/div>\n<div style=\"text-align: center;\"><\/div>\n<div class=\"separator\" style=\"text-align: center;\"><a href=\"https:\/\/2.bp.blogspot.com\/-eCHcTSu8WqQ\/WYWa5JcCrtI\/AAAAAAAApSw\/6UpX4lYgOWAj7oyOJXV0G-e2T2rCzS7FgCEwYBhgL\/s1600\/IMG_5736.PNG\"><img decoding=\"async\" loading=\"lazy\" src=\"https:\/\/elcalaixetdelaiaia.es\/wp-content\/uploads\/2017\/08\/IMG_5736.png\" width=\"640\" height=\"480\" border=\"0\" data-original-height=\"1200\" data-original-width=\"1600\" \/><\/a><\/div>\n<div style=\"text-align: center;\"><\/div>\n<div style=\"text-align: center;\">Encamisamos un molde unt\u00e1ndolo de mantequilla primero y espolvoreando sobre ella la harina, cuyo exceso eliminamos volcando el recipiente boca abajo sobre la pila y golpeando en un lateral con la mano<\/div>\n<div style=\"text-align: center;\"><\/div>\n<div class=\"separator\" style=\"text-align: center;\"><a href=\"https:\/\/3.bp.blogspot.com\/-UG20ca_gD_Q\/WYWa_37Js5I\/AAAAAAAApSw\/Ks8pw40Ku04jR_9XSffwS3LYzxPU38kQgCEwYBhgL\/s1600\/IMG_5737.PNG\"><img decoding=\"async\" loading=\"lazy\" src=\"https:\/\/elcalaixetdelaiaia.es\/wp-content\/uploads\/2017\/08\/IMG_5737.png\" width=\"640\" height=\"480\" border=\"0\" data-original-height=\"1200\" data-original-width=\"1600\" \/><\/a><\/div>\n<div style=\"text-align: center;\"><\/div>\n<div style=\"text-align: center;\">esparciremos sobre el mismo la mezcla<\/div>\n<div style=\"text-align: center;\"><\/div>\n<div class=\"separator\" style=\"text-align: center;\"><a href=\"https:\/\/4.bp.blogspot.com\/-P7NQeDL92-w\/WYWbJeZAvhI\/AAAAAAAApSw\/3XV-6TmKf14mQJyf30eqNTIIhdPoOhbSgCEwYBhgL\/s1600\/IMG_5738.PNG\"><img decoding=\"async\" loading=\"lazy\" src=\"https:\/\/elcalaixetdelaiaia.es\/wp-content\/uploads\/2017\/08\/IMG_5738.png\" width=\"640\" height=\"480\" border=\"0\" data-original-height=\"1200\" data-original-width=\"1600\" \/><\/a><\/div>\n<div style=\"text-align: center;\"><\/div>\n<div style=\"text-align: center;\">y hornearemos con el horno precalentado a\u00a0 180\u00ba con calor arriba y abajo durante unos 20 minutos.<\/div>\n<div style=\"text-align: center;\">Como siempre os digo, cada horno va de una manera y necesita unos tiempos, controlad el vuestro porque al ser una capa tan fina se os puede quemar. Una vez est\u00e9 doradito, sacaremos a enfriar a la rejilla. So no lo us\u00e1is seguidamente (tal y como os aconsejo), pod\u00e9is envolverlo en papel film y dejarlo hasta el d\u00eda siguiente en el frigo.<\/div>\n<div style=\"text-align: center;\"><\/div>\n<div class=\"separator\" style=\"text-align: center;\"><a href=\"https:\/\/2.bp.blogspot.com\/-kITNJ5ChiMc\/WYWbSEmqPUI\/AAAAAAAApSw\/0I7XaOKKpwU6UOK-0drAFtyVkAFjy1IDACEwYBhgL\/s1600\/IMG_5739.PNG\"><img decoding=\"async\" loading=\"lazy\" src=\"https:\/\/elcalaixetdelaiaia.es\/wp-content\/uploads\/2017\/08\/IMG_5739.png\" width=\"640\" height=\"480\" border=\"0\" data-original-height=\"1200\" data-original-width=\"1600\" \/><\/a><\/div>\n<div style=\"text-align: center;\"><\/div>\n<div style=\"text-align: center;\">Para proceder a realizar las flores de pi\u00f1a natural, pelaremos<\/div>\n<div style=\"text-align: center;\"><\/div>\n<div class=\"separator\" style=\"text-align: center;\"><a href=\"https:\/\/4.bp.blogspot.com\/-PSHcDxGxKZ8\/WYWg27ukfNI\/AAAAAAAApTA\/cgBOo6oS59wCATLsN4su7O1-eOo5ZFVCgCEwYBhgL\/s1600\/IMG_5741.PNG\"><img decoding=\"async\" loading=\"lazy\" src=\"https:\/\/elcalaixetdelaiaia.es\/wp-content\/uploads\/2017\/08\/IMG_5741.png\" width=\"640\" height=\"480\" border=\"0\" data-original-height=\"1200\" data-original-width=\"1600\" \/><\/a><\/div>\n<div style=\"text-align: center;\"><\/div>\n<div style=\"text-align: center;\">la pi\u00f1a dej\u00e1ndola totalmente limpia y cortaremos en rodajas lo mas finas posible. Si tenemos una mandolina es lo ideal, pero si no, podremos hacerlo con un cuchillo extremando las precauciones<\/div>\n<div style=\"text-align: center;\"><\/div>\n<div class=\"separator\" style=\"text-align: center;\"><a href=\"https:\/\/2.bp.blogspot.com\/-gFO3wih7cz8\/WYWbah1rX3I\/AAAAAAAApSw\/gFdCy3gx6WA6VYYM8jVmY-KESszM1n7AgCEwYBhgL\/s1600\/IMG_5742.PNG\"><img decoding=\"async\" loading=\"lazy\" src=\"https:\/\/elcalaixetdelaiaia.es\/wp-content\/uploads\/2017\/08\/IMG_5742.png\" width=\"640\" height=\"480\" border=\"0\" data-original-height=\"1200\" data-original-width=\"1600\" \/><\/a><\/div>\n<div style=\"text-align: center;\"><\/div>\n<div style=\"text-align: center;\">Iremos colocando las rodajas de pi\u00f1a sobre papel de cocina absorbente con el fin de que quede en ellas el m\u00ednimo jugo de pi\u00f1a posible<\/div>\n<div style=\"text-align: center;\"><\/div>\n<div class=\"separator\" style=\"text-align: center;\"><a href=\"https:\/\/2.bp.blogspot.com\/-edMur6Ym_RQ\/WYWbj0XVioI\/AAAAAAAApSw\/WLS_dRVcdWUmVPqHewJrNVha6yTIjnOpwCEwYBhgL\/s1600\/IMG_5744.PNG\"><img decoding=\"async\" loading=\"lazy\" src=\"https:\/\/elcalaixetdelaiaia.es\/wp-content\/uploads\/2017\/08\/IMG_5744.png\" width=\"640\" height=\"480\" border=\"0\" data-original-height=\"1200\" data-original-width=\"1600\" \/><\/a><\/div>\n<div style=\"text-align: center;\"><\/div>\n<div style=\"text-align: center;\">Las pondremos en una bandeja de horno y la tendremos a unos 80\u00ba el tiempo necesario para deshidratarlas<\/div>\n<div style=\"text-align: center;\"><\/div>\n<div class=\"separator\" style=\"text-align: center;\"><a href=\"https:\/\/3.bp.blogspot.com\/-PlkmHbBkFJs\/WYWbusY_aaI\/AAAAAAAApTA\/G2EWZ-W5b-4G5r_qKV5Dm5wTMLPErIgNQCEwYBhgL\/s1600\/IMG_5745.PNG\"><img decoding=\"async\" loading=\"lazy\" src=\"https:\/\/elcalaixetdelaiaia.es\/wp-content\/uploads\/2017\/08\/IMG_5745.png\" width=\"640\" height=\"480\" border=\"0\" data-original-height=\"1200\" data-original-width=\"1600\" \/><\/a><\/div>\n<div style=\"text-align: center;\"><\/div>\n<div style=\"text-align: center;\">Transcurridos unos 45 minutos les daremos la vuelta y dejaremos el tiempo suficiente para que se sequen<\/div>\n<div style=\"text-align: center;\"><\/div>\n<div class=\"separator\" style=\"text-align: center;\"><a href=\"https:\/\/2.bp.blogspot.com\/-NYggaYBwzVE\/WYWb_S0PAxI\/AAAAAAAApTY\/m4ehkFAkT9o2ACBa9AqwpE6mA3tKDk1xACEwYBhgL\/s1600\/IMG_5747.PNG\"><img decoding=\"async\" loading=\"lazy\" src=\"https:\/\/elcalaixetdelaiaia.es\/wp-content\/uploads\/2017\/08\/IMG_5747.png\" width=\"480\" height=\"640\" border=\"0\" data-original-height=\"1600\" data-original-width=\"1200\" \/><\/a><\/div>\n<div style=\"text-align: center;\"><\/div>\n<div style=\"text-align: center;\">Hemos de ir controlando el horno<\/div>\n<div style=\"text-align: center;\"><\/div>\n<div class=\"separator\" style=\"text-align: center;\"><a href=\"https:\/\/4.bp.blogspot.com\/-E9hInbhXMUY\/WYWcHCSekaI\/AAAAAAAApSw\/hLOUqBLYdBA-DwMGEF9zlTev38JDvR_aQCEwYBhgL\/s1600\/IMG_5748.PNG\"><img decoding=\"async\" loading=\"lazy\" src=\"https:\/\/elcalaixetdelaiaia.es\/wp-content\/uploads\/2017\/08\/IMG_5748.png\" width=\"480\" height=\"640\" border=\"0\" data-original-height=\"1600\" data-original-width=\"1200\" \/><\/a><\/div>\n<div style=\"text-align: center;\"><\/div>\n<div style=\"text-align: center;\">porque es muy importante que se sequen y doren sin quemarse<\/div>\n<div style=\"text-align: center;\"><\/div>\n<div class=\"separator\" style=\"text-align: center;\"><a href=\"https:\/\/4.bp.blogspot.com\/-h3Vubc_4O5w\/WYWcPSuT9NI\/AAAAAAAApTs\/iUFt_3nE3I8VOnZu97FoQnZJlW2o1c4MwCEwYBhgL\/s1600\/IMG_5750.PNG\"><img decoding=\"async\" loading=\"lazy\" src=\"https:\/\/elcalaixetdelaiaia.es\/wp-content\/uploads\/2017\/08\/IMG_5750.png\" width=\"640\" height=\"480\" border=\"0\" data-original-height=\"1200\" data-original-width=\"1600\" \/><\/a><\/div>\n<div style=\"text-align: center;\"><\/div>\n<div style=\"text-align: center;\">A medida que se vayan deshidratando, las colocaremos sobre papeles de magdalena y dejaremos hasta el d\u00eda siguiente para que cojan forma de \u00abflor\u00bb.<\/div>\n<div style=\"text-align: center;\"><\/div>\n<div class=\"separator\" style=\"text-align: center;\"><a href=\"https:\/\/3.bp.blogspot.com\/-cNVZD5VWHqM\/WYWcYRZSzUI\/AAAAAAAApSw\/ihhBpbusE88H4obvZQD8pdRRvr2qC7hqACEwYBhgL\/s1600\/IMG_5752.PNG\"><img decoding=\"async\" loading=\"lazy\" src=\"https:\/\/elcalaixetdelaiaia.es\/wp-content\/uploads\/2017\/08\/IMG_5752.png\" width=\"640\" height=\"480\" border=\"0\" data-original-height=\"1200\" data-original-width=\"1600\" \/><\/a><\/div>\n<div style=\"text-align: center;\"><\/div>\n<div style=\"text-align: center;\">Cuando vayamos a proceder a preparar el resto de la tarta, pondremos unas hoja de papel sulfurizado sobre la base de un molde, pinzaremos, y colocaremos alrededor unas l\u00e1minas de acetato, \u00e9sto es opcional, yo suelo hacerlo para un mejor acabado y por si la mezcla sobresale del molde<\/div>\n<div style=\"text-align: center;\"><\/div>\n<div class=\"separator\" style=\"text-align: center;\"><a href=\"https:\/\/4.bp.blogspot.com\/-uEWjWYVISug\/WYWch9sx3II\/AAAAAAAApTA\/qpgGCx1jXsY5UedCcAgz-q6xqkrrdT4BACEwYBhgL\/s1600\/IMG_5753.PNG\"><img decoding=\"async\" loading=\"lazy\" src=\"https:\/\/elcalaixetdelaiaia.es\/wp-content\/uploads\/2017\/08\/IMG_5753.png\" width=\"640\" height=\"480\" border=\"0\" data-original-height=\"1200\" data-original-width=\"1600\" \/><\/a><\/div>\n<div style=\"text-align: center;\"><\/div>\n<div style=\"text-align: center;\">colocamos nuestra base de bizcocho en el fondo<\/div>\n<div style=\"text-align: center;\"><\/div>\n<div class=\"separator\" style=\"text-align: center;\"><a href=\"https:\/\/3.bp.blogspot.com\/-N8rOtx6T3Nw\/WYWcqU9khRI\/AAAAAAAApSw\/xUdTOKqkdoklpv_SuNVi3-c0BRNjkS7HQCEwYBhgL\/s1600\/IMG_5754.PNG\"><img decoding=\"async\" loading=\"lazy\" src=\"https:\/\/elcalaixetdelaiaia.es\/wp-content\/uploads\/2017\/08\/IMG_5754.png\" width=\"640\" height=\"480\" border=\"0\" data-original-height=\"1200\" data-original-width=\"1600\" \/><\/a><\/div>\n<div style=\"text-align: center;\"><\/div>\n<div style=\"text-align: center;\">ponemos a calentar en el microondas 100g de nata de montar<\/div>\n<div style=\"text-align: center;\"><\/div>\n<div class=\"separator\" style=\"text-align: center;\"><a href=\"https:\/\/3.bp.blogspot.com\/-iBimoUAnl20\/WYWczf1zzJI\/AAAAAAAApSw\/91rVtqQ2e0o20RoeqijkTlPdp-gMJyKjQCEwYBhgL\/s1600\/IMG_5755.PNG\"><img decoding=\"async\" loading=\"lazy\" src=\"https:\/\/elcalaixetdelaiaia.es\/wp-content\/uploads\/2017\/08\/IMG_5755.png\" width=\"640\" height=\"480\" border=\"0\" data-original-height=\"1200\" data-original-width=\"1600\" \/><\/a><\/div>\n<div style=\"text-align: center;\"><\/div>\n<div style=\"text-align: center;\">troceamos 200g de chocolate al caramelo<\/div>\n<div style=\"text-align: center;\"><\/div>\n<div class=\"separator\" style=\"text-align: center;\"><a href=\"https:\/\/2.bp.blogspot.com\/-uX27C_2dxvE\/WYWc81FzVGI\/AAAAAAAApSw\/PsfCTdYPqDIGufAP9mgKIu9_BL3vf-GKACEwYBhgL\/s1600\/IMG_5756.PNG\"><img decoding=\"async\" loading=\"lazy\" src=\"https:\/\/elcalaixetdelaiaia.es\/wp-content\/uploads\/2017\/08\/IMG_5756.png\" width=\"640\" height=\"480\" border=\"0\" data-original-height=\"1200\" data-original-width=\"1600\" \/><\/a><\/div>\n<div class=\"separator\" style=\"text-align: center;\"><\/div>\n<div class=\"separator\" style=\"text-align: center;\">y mezclamos en la nata caliente hasta que est\u00e9 totalmente integrado y dejamos reposar<\/div>\n<div class=\"separator\" style=\"text-align: center;\"><\/div>\n<div class=\"separator\" style=\"text-align: center;\"><a href=\"https:\/\/1.bp.blogspot.com\/-KcVnWZdGsMY\/WYWdHPXTXgI\/AAAAAAAApSw\/O3kncDNnANs_Pd6EKd9mrqIro6QNRlijwCEwYBhgL\/s1600\/IMG_5757.PNG\"><img decoding=\"async\" loading=\"lazy\" src=\"https:\/\/elcalaixetdelaiaia.es\/wp-content\/uploads\/2017\/08\/IMG_5757.png\" width=\"640\" height=\"480\" border=\"0\" data-original-height=\"1200\" data-original-width=\"1600\" \/><\/a><\/div>\n<div class=\"separator\" style=\"text-align: center;\"><\/div>\n<div style=\"text-align: center;\">En agua tibia ponemos cinco hojas de gelatina a hidratar, o seguimos las instrucciones del fabricante<\/div>\n<div style=\"text-align: center;\"><\/div>\n<div class=\"separator\" style=\"text-align: center;\"><a href=\"https:\/\/3.bp.blogspot.com\/-Y6hM1Evyrcw\/WYWdQdtDqdI\/AAAAAAAApTY\/NLPQlklk92YUzCsxZY9-WBrsMhXrAuHqQCEwYBhgL\/s1600\/IMG_5758.PNG\"><img decoding=\"async\" loading=\"lazy\" src=\"https:\/\/elcalaixetdelaiaia.es\/wp-content\/uploads\/2017\/08\/IMG_5758.png\" width=\"640\" height=\"480\" border=\"0\" data-original-height=\"1200\" data-original-width=\"1600\" \/><\/a><\/div>\n<div style=\"text-align: center;\"><\/div>\n<div style=\"text-align: center;\">Ponemos a calentar 100ml de leche entera, teniendo en cuenta que no debe llegar a hervir<\/div>\n<div style=\"text-align: center;\"><\/div>\n<div class=\"separator\" style=\"text-align: center;\"><a href=\"https:\/\/1.bp.blogspot.com\/-V7snuUbEkwM\/WYWdikvlRNI\/AAAAAAAApTY\/Op1XAK3vR8QFpzFfIQaLaMLWKs8TU9p3QCEwYBhgL\/s1600\/IMG_5760.PNG\"><img decoding=\"async\" loading=\"lazy\" src=\"https:\/\/elcalaixetdelaiaia.es\/wp-content\/uploads\/2017\/08\/IMG_5760.png\" width=\"640\" height=\"480\" border=\"0\" data-original-height=\"1200\" data-original-width=\"1600\" \/><\/a><\/div>\n<div style=\"text-align: center;\"><\/div>\n<div style=\"text-align: center;\">Separamos cuatro yemas de las claras, las ponemos en el mezclador<\/div>\n<div style=\"text-align: center;\"><\/div>\n<div class=\"separator\" style=\"text-align: center;\"><a href=\"https:\/\/3.bp.blogspot.com\/-4ZXqfbF2cIs\/WYWdZIfKTJI\/AAAAAAAApTA\/Y8td7QdVPZ4nihHVgA8GaAtPJtd_pv1FQCEwYBhgL\/s1600\/IMG_5759.PNG\"><img decoding=\"async\" loading=\"lazy\" src=\"https:\/\/elcalaixetdelaiaia.es\/wp-content\/uploads\/2017\/08\/IMG_5759.png\" width=\"640\" height=\"480\" border=\"0\" data-original-height=\"1200\" data-original-width=\"1600\" \/><\/a><\/div>\n<div style=\"text-align: center;\"><\/div>\n<div style=\"text-align: center;\">y a\u00f1adimos a las yemas 50g de az\u00facar blanquilla con varillas el\u00e9ctricas o a mano<\/div>\n<div style=\"text-align: center;\"><\/div>\n<div class=\"separator\" style=\"text-align: center;\"><a href=\"https:\/\/2.bp.blogspot.com\/-WDTOmsQhgdQ\/WYWdrVqpnlI\/AAAAAAAApTk\/gkrCDIbxQ6AV5uDKbxFp4tr1p8KvrGijACEwYBhgL\/s1600\/IMG_5761.PNG\"><img decoding=\"async\" loading=\"lazy\" src=\"https:\/\/elcalaixetdelaiaia.es\/wp-content\/uploads\/2017\/08\/IMG_5761.png\" width=\"640\" height=\"480\" border=\"0\" data-original-height=\"1200\" data-original-width=\"1600\" \/><\/a><\/div>\n<div style=\"text-align: center;\"><\/div>\n<div style=\"text-align: center;\">\u00a0una vez blanqueadas las yemas, iremos echando la leche caliente al hilo a la mezcla sin dejar de batir<\/div>\n<div style=\"text-align: center;\"><\/div>\n<div class=\"separator\" style=\"text-align: center;\"><a href=\"https:\/\/3.bp.blogspot.com\/-WGlrGvjpRB4\/WYWdz8qIPJI\/AAAAAAAApTk\/5nGgnYMzcuM1j23TXWJA9iTICji6ACNIQCEwYBhgL\/s1600\/IMG_5773.PNG\"><img decoding=\"async\" loading=\"lazy\" src=\"https:\/\/elcalaixetdelaiaia.es\/wp-content\/uploads\/2017\/08\/IMG_5773.png\" width=\"640\" height=\"480\" border=\"0\" data-original-height=\"1200\" data-original-width=\"1600\" \/><\/a><\/div>\n<div style=\"text-align: center;\"><\/div>\n<div style=\"text-align: center;\">un vez bien mezclado volcaremos todo en el cazo que hemos calentado la leche y dejaremos a fuego bajo, escurrimos bien la gelatina y a\u00f1adiremos al cazo, removiendo<\/div>\n<div style=\"text-align: center;\"><\/div>\n<div class=\"separator\" style=\"text-align: center;\"><a href=\"https:\/\/2.bp.blogspot.com\/-jIx0K8ZeiZ8\/WYWd9DG3ytI\/AAAAAAAApTY\/kkmrFrvutasBzu7w0lXyTUJ1q8vJK3jvgCEwYBhgL\/s1600\/IMG_5774.PNG\"><img decoding=\"async\" loading=\"lazy\" src=\"https:\/\/elcalaixetdelaiaia.es\/wp-content\/uploads\/2017\/08\/IMG_5774.png\" width=\"640\" height=\"480\" border=\"0\" data-original-height=\"1200\" data-original-width=\"1600\" \/><\/a><\/div>\n<div style=\"text-align: center;\"><\/div>\n<div style=\"text-align: center;\">mirad el calor que hace en mi cocina&#8230;.la tableta de chocolate parece plastilina. No vuelvo a hacer una tarta hasta que llegue el invierno jajajaja<\/div>\n<div style=\"text-align: center;\"><\/div>\n<div class=\"separator\" style=\"text-align: center;\"><a href=\"https:\/\/3.bp.blogspot.com\/-RvtfXVmo0c0\/WYWeFk0m8rI\/AAAAAAAApSw\/0TcVuhF651gYE6xfFE511KSHn7UiVCH_gCEwYBhgL\/s1600\/IMG_5775.PNG\"><img decoding=\"async\" loading=\"lazy\" src=\"https:\/\/elcalaixetdelaiaia.es\/wp-content\/uploads\/2017\/08\/IMG_5775.png\" width=\"640\" height=\"480\" border=\"0\" data-original-height=\"1200\" data-original-width=\"1600\" \/><\/a><\/div>\n<div style=\"text-align: center;\"><\/div>\n<div style=\"text-align: center;\">Mezclamos el chocolate sin dejar de batir, es importante que \u00e9sta mezcla espese pero CUIDADO que no se queme ni lo mas m\u00ednimo. Retiramos del fuego y dejaremos templar<\/div>\n<div style=\"text-align: center;\"><\/div>\n<div class=\"separator\" style=\"text-align: center;\"><a href=\"https:\/\/4.bp.blogspot.com\/-jswW5CpUWTA\/WYWeNslmrSI\/AAAAAAAApSw\/B7CcPxmOkto6AV61prfWIfUQ6zI9i730ACEwYBhgL\/s1600\/IMG_5776.PNG\"><img decoding=\"async\" loading=\"lazy\" src=\"https:\/\/elcalaixetdelaiaia.es\/wp-content\/uploads\/2017\/08\/IMG_5776.png\" width=\"640\" height=\"480\" border=\"0\" data-original-height=\"1200\" data-original-width=\"1600\" \/><\/a><\/div>\n<div style=\"text-align: center;\"><\/div>\n<div style=\"text-align: center;\">Ahora llega el momento de montar la nata, sin az\u00facar. Para ello, que est\u00e9 muy fr\u00eda de la nevera<\/div>\n<div style=\"text-align: center;\"><\/div>\n<div class=\"separator\" style=\"text-align: center;\"><a href=\"https:\/\/1.bp.blogspot.com\/-Pkb1vZSHtUA\/WYWeWhWhenI\/AAAAAAAApSw\/ZTwE9NwIEKESd7vaX65EyWcX2RxdtVHIwCEwYBhgL\/s1600\/IMG_5777.PNG\"><img decoding=\"async\" loading=\"lazy\" src=\"https:\/\/elcalaixetdelaiaia.es\/wp-content\/uploads\/2017\/08\/IMG_5777.png\" width=\"640\" height=\"480\" border=\"0\" data-original-height=\"1200\" data-original-width=\"1600\" \/><\/a><\/div>\n<div style=\"text-align: center;\"><\/div>\n<div style=\"text-align: center;\">Una vez templada la crema inglesa con la gelatina la volcaremos en un bol<\/div>\n<div style=\"text-align: center;\"><\/div>\n<div class=\"separator\" style=\"text-align: center;\"><a href=\"https:\/\/3.bp.blogspot.com\/-lXVWjHiGn10\/WYWezZNSVGI\/AAAAAAAApTA\/IGdZVjZPNUoHiURZOO7dgEak34cugsfnACEwYBhgL\/s1600\/IMG_5780.PNG\"><img decoding=\"async\" loading=\"lazy\" src=\"https:\/\/elcalaixetdelaiaia.es\/wp-content\/uploads\/2017\/08\/IMG_5780.png\" width=\"640\" height=\"480\" border=\"0\" data-original-height=\"1200\" data-original-width=\"1600\" \/><\/a><\/div>\n<div style=\"text-align: center;\"><\/div>\n<div style=\"text-align: center;\">y ha llegado el momento de poner en marcha todo nuestro cari\u00f1o y paciencia. Con movimientos envolventes de arriba hacia abajo iremos mezclando con mucha suavidad la nata montada con la crema inglesa con el fin de que baje lo m\u00ednimo<\/div>\n<div style=\"text-align: center;\"><\/div>\n<div class=\"separator\" style=\"text-align: center;\"><a href=\"https:\/\/1.bp.blogspot.com\/-2V3Fw0jivtE\/WYWe7nnwR1I\/AAAAAAAApSw\/6iWAlzCOqcMc1JW8ogdWAhbWncTdg4iMwCEwYBhgL\/s1600\/IMG_5782.PNG\"><img decoding=\"async\" loading=\"lazy\" src=\"https:\/\/elcalaixetdelaiaia.es\/wp-content\/uploads\/2017\/08\/IMG_5782.png\" width=\"640\" height=\"480\" border=\"0\" data-original-height=\"1200\" data-original-width=\"1600\" \/><\/a><\/div>\n<div style=\"text-align: center;\"><\/div>\n<div style=\"text-align: center;\">hasta que quede totalmente integrada<\/div>\n<div style=\"text-align: center;\"><\/div>\n<div class=\"separator\" style=\"text-align: center;\"><a href=\"https:\/\/1.bp.blogspot.com\/-sB2W9oLilZc\/WYWef1SZp0I\/AAAAAAAApSw\/LQVq3Y62mEga8W0KO8V-SnBMtfcepswJwCEwYBhgL\/s1600\/IMG_5778.PNG\"><img decoding=\"async\" loading=\"lazy\" src=\"https:\/\/elcalaixetdelaiaia.es\/wp-content\/uploads\/2017\/08\/IMG_5778.png\" width=\"640\" height=\"480\" border=\"0\" data-original-height=\"1200\" data-original-width=\"1600\" \/><\/a><\/div>\n<div style=\"text-align: center;\"><\/div>\n<div style=\"text-align: center;\">pondremos en un biber\u00f3n la crema de caramelo<\/div>\n<div style=\"text-align: center;\"><\/div>\n<div class=\"separator\" style=\"text-align: center;\"><a href=\"https:\/\/3.bp.blogspot.com\/-NExhqHUGQYM\/WYWepWcgatI\/AAAAAAAApSw\/VjEo7d7fpaAerNx5I-STNTuoaCLuLkGvgCEwYBhgL\/s1600\/IMG_5779.PNG\"><img decoding=\"async\" loading=\"lazy\" src=\"https:\/\/elcalaixetdelaiaia.es\/wp-content\/uploads\/2017\/08\/IMG_5779.png\" width=\"640\" height=\"480\" border=\"0\" data-original-height=\"1200\" data-original-width=\"1600\" \/><\/a><\/div>\n<div style=\"text-align: center;\"><\/div>\n<div style=\"text-align: center;\">y cubriremos la base de bizcocho con una capa decapa de chocolate al caramelo<\/div>\n<div style=\"text-align: center;\"><\/div>\n<div class=\"separator\" style=\"text-align: center;\"><a href=\"https:\/\/4.bp.blogspot.com\/-d0P5x34t4RE\/WYWfD9L1geI\/AAAAAAAApTs\/pzk4N69DvjIyeqhTdn5x6He7vpAgRTNsQCEwYBhgL\/s1600\/IMG_5783.PNG\"><img decoding=\"async\" loading=\"lazy\" src=\"https:\/\/elcalaixetdelaiaia.es\/wp-content\/uploads\/2017\/08\/IMG_5783.png\" width=\"640\" height=\"480\" border=\"0\" data-original-height=\"1200\" data-original-width=\"1600\" \/><\/a><\/div>\n<div style=\"text-align: center;\"><\/div>\n<div style=\"text-align: center;\">a continuaci\u00f3n y poniendo una cuchara boca abajo pondremos sobre la capa de caramelo la mezcla de crema con nata que ya estar\u00e1 casi fr\u00eda<\/div>\n<div style=\"text-align: center;\"><\/div>\n<div class=\"separator\" style=\"text-align: center;\"><a href=\"https:\/\/4.bp.blogspot.com\/-kP52YkLQ3Qs\/WYWfK-3zRaI\/AAAAAAAApSw\/PXwH7hNqT7AWzCtA3xrxnB5HgjZcmAeBACEwYBhgL\/s1600\/IMG_5784.PNG\"><img decoding=\"async\" loading=\"lazy\" src=\"https:\/\/elcalaixetdelaiaia.es\/wp-content\/uploads\/2017\/08\/IMG_5784.png\" width=\"640\" height=\"640\" border=\"0\" data-original-height=\"1600\" data-original-width=\"1600\" \/><\/a><\/div>\n<div style=\"text-align: center;\"><\/div>\n<div style=\"text-align: center;\">con el biber\u00f3n haremos sobre la crema unos dibujos en espiral<\/div>\n<div style=\"text-align: center;\"><\/div>\n<div class=\"separator\" style=\"text-align: center;\"><a href=\"https:\/\/1.bp.blogspot.com\/-HZnUqLlS_-8\/WYWfTmeIAcI\/AAAAAAAApTA\/MK7Yl0KNSDQDbI51Wa-ywG9XXcNr_FBowCEwYBhgL\/s1600\/IMG_5785.PNG\"><img decoding=\"async\" loading=\"lazy\" src=\"https:\/\/elcalaixetdelaiaia.es\/wp-content\/uploads\/2017\/08\/IMG_5785.png\" width=\"640\" height=\"480\" border=\"0\" data-original-height=\"1200\" data-original-width=\"1600\" \/><\/a><\/div>\n<div style=\"text-align: center;\"><\/div>\n<div style=\"text-align: center;\">y formaremos unos remolinos con un palo de brocheta o similar. Dejaremos 24 horas en la nevera o 6 horas en el congelador.<\/div>\n<div><img decoding=\"async\" loading=\"lazy\" class=\"size-full wp-image-27657 aligncenter\" src=\"https:\/\/elcalaixetdelaiaia.es\/wp-content\/uploads\/2017\/08\/WhatsApp-Image-2024-05-27-at-20.27.554.jpeg\" alt=\"\" width=\"387\" height=\"480\" srcset=\"https:\/\/elcalaixetdelaiaia.es\/wp-content\/uploads\/2017\/08\/WhatsApp-Image-2024-05-27-at-20.27.554.jpeg 387w, https:\/\/elcalaixetdelaiaia.es\/wp-content\/uploads\/2017\/08\/WhatsApp-Image-2024-05-27-at-20.27.554-242x300.jpeg 242w\" sizes=\"(max-width: 387px) 100vw, 387px\" \/><\/div>\n<div style=\"text-align: center;\"><\/div>\n<div><\/div>\n<div style=\"text-align: center;\">y acabaremos formando una guirnalda con las flores de la pi\u00f1a<\/div>\n<div><\/div>\n<div><img decoding=\"async\" loading=\"lazy\" class=\"size-full wp-image-27658 aligncenter\" src=\"https:\/\/elcalaixetdelaiaia.es\/wp-content\/uploads\/2017\/08\/WhatsApp-Image-2024-05-27-at-20.27.553.jpeg\" alt=\"\" width=\"326\" height=\"456\" srcset=\"https:\/\/elcalaixetdelaiaia.es\/wp-content\/uploads\/2017\/08\/WhatsApp-Image-2024-05-27-at-20.27.553.jpeg 326w, https:\/\/elcalaixetdelaiaia.es\/wp-content\/uploads\/2017\/08\/WhatsApp-Image-2024-05-27-at-20.27.553-214x300.jpeg 214w\" sizes=\"(max-width: 326px) 100vw, 326px\" \/><\/div>\n<div style=\"text-align: center;\"><\/div>\n<div style=\"text-align: center;\">La degustaremos muy muy fresquita<\/div>\n<div><\/div>\n<div><\/div>\n<div><img decoding=\"async\" loading=\"lazy\" class=\"size-full wp-image-27659 aligncenter\" src=\"https:\/\/elcalaixetdelaiaia.es\/wp-content\/uploads\/2017\/08\/WhatsApp-Image-2024-05-27-at-20.27.552.jpeg\" alt=\"\" width=\"435\" height=\"364\" srcset=\"https:\/\/elcalaixetdelaiaia.es\/wp-content\/uploads\/2017\/08\/WhatsApp-Image-2024-05-27-at-20.27.552.jpeg 435w, https:\/\/elcalaixetdelaiaia.es\/wp-content\/uploads\/2017\/08\/WhatsApp-Image-2024-05-27-at-20.27.552-300x251.jpeg 300w\" sizes=\"(max-width: 435px) 100vw, 435px\" \/><\/div>\n<div style=\"text-align: center;\"><\/div>\n<div><\/div>\n<div class=\"separator\" style=\"text-align: center;\"><a href=\"https:\/\/4.bp.blogspot.com\/-mysuq_Dnv6Y\/WYXno3H8AGI\/AAAAAAAApUI\/kf6LQhxzYW4vW33vr3EwrAM4xjR4JttPACEwYBhgL\/s1600\/IMG_5808.PNG\"><img decoding=\"async\" loading=\"lazy\" src=\"https:\/\/elcalaixetdelaiaia.es\/wp-content\/uploads\/2017\/08\/IMG_5808.png\" width=\"480\" height=\"640\" border=\"0\" data-original-height=\"1600\" data-original-width=\"1200\" \/><\/a><\/div>\n<div><\/div>\n<div style=\"text-align: center;\">Con un cava rosado por ejemplo, mmm&#8230;<\/div>\n<div style=\"text-align: center;\"><\/div>\n<div class=\"separator\" style=\"text-align: center;\"><a href=\"https:\/\/1.bp.blogspot.com\/-Bu-NkVe1kpY\/WYXnnk-_QEI\/AAAAAAAApUA\/5WhZJWU5xBso6HLRo5CzhdNtjB-1lHTegCEwYBhgL\/s1600\/IMG_5809.PNG\"><img decoding=\"async\" loading=\"lazy\" src=\"https:\/\/elcalaixetdelaiaia.es\/wp-content\/uploads\/2017\/08\/IMG_5809.png\" width=\"640\" height=\"480\" border=\"0\" data-original-height=\"1200\" data-original-width=\"1600\" \/><\/a><\/div>\n<div style=\"text-align: center;\"><\/div>\n<div>\n<div class=\"separator\">Ha merecido la pena hacer el paso a paso, para mostraros como hacer esta tarta fr\u00eda de mousse de chocolate blanco, con chocolate al caramelo, sobre una base de bizcocho de almendra y nueces y decorada con flores de pi\u00f1a natural.<\/div>\n<\/div>\n<div style=\"text-align: center;\"><\/div>\n<div class=\"separator\" style=\"text-align: center;\"><a href=\"https:\/\/2.bp.blogspot.com\/-7Vsf07YDC80\/WYXnlDCZiMI\/AAAAAAAApUA\/xIResHm5_bca7uKRetCaR94U6VkKySpxACEwYBhgL\/s1600\/IMG_5810.PNG\"><img decoding=\"async\" loading=\"lazy\" src=\"https:\/\/elcalaixetdelaiaia.es\/wp-content\/uploads\/2017\/08\/IMG_5810.png\" width=\"640\" height=\"480\" border=\"0\" data-original-height=\"1200\" data-original-width=\"1600\" \/><\/a><\/div>\n<div style=\"text-align: center;\">\n<p>La verdad es que me ha sido muy complicado prepararla, porque estamos en plena ola de calor, con la cal\u00edgula y humedad de Valencia, aunque mi casa est\u00e1 junto al mismo mar, ya que debido a mis problemas respiratorios, no he podido poner el aire acondicionado, pero ha valido la pena porque el resultado de esta tarta, es mas que FANT\u00c1STICO y estoy segura que os encantar\u00e1.<\/p>\n<p><img decoding=\"async\" loading=\"lazy\" class=\"alignnone size-full wp-image-27660\" src=\"https:\/\/elcalaixetdelaiaia.es\/wp-content\/uploads\/2017\/08\/WhatsApp-Image-2024-05-27-at-20.27.55.jpeg\" alt=\"\" width=\"1046\" height=\"1536\" srcset=\"https:\/\/elcalaixetdelaiaia.es\/wp-content\/uploads\/2017\/08\/WhatsApp-Image-2024-05-27-at-20.27.55.jpeg 1046w, https:\/\/elcalaixetdelaiaia.es\/wp-content\/uploads\/2017\/08\/WhatsApp-Image-2024-05-27-at-20.27.55-204x300.jpeg 204w, https:\/\/elcalaixetdelaiaia.es\/wp-content\/uploads\/2017\/08\/WhatsApp-Image-2024-05-27-at-20.27.55-697x1024.jpeg 697w, https:\/\/elcalaixetdelaiaia.es\/wp-content\/uploads\/2017\/08\/WhatsApp-Image-2024-05-27-at-20.27.55-768x1128.jpeg 768w\" sizes=\"(max-width: 1046px) 100vw, 1046px\" \/><\/p>\n<\/div>\n<div style=\"text-align: center;\">\u00abA la taula i&#8230; BON PROFIT!!!!\u00bb<\/div>\n<div>Si hab\u00e9is llegado hasta aqu\u00ed abajo, gracias por vuestra paciencia y si os gusta mi tarta, y no os hab\u00e9is aburrido de ver taaaaaanta explicaci\u00f3n jajajaja, pod\u00e9is compartirla, para que llegue a m\u00e1s gente.<\/div>\n<div>Espero vuestro comentarios que para mi son MUY importantes y recordad que tambi\u00e9n estoy en Facebook <a href=\"https:\/\/www.facebook.com\/El-calaixet-de-la-iaia-533062140099386\/\">https:\/\/www.facebook.com\/El-calaixet-de-la-iaia-533062140099386\/<\/a><\/div>\n","protected":false},"excerpt":{"rendered":"<p>\u00abRefrany; A l\u2019agost, bull el mar i bull el most\u00bb \u00a0 En agosto, hierve el mar y hierve el mosto. Tarta fr\u00eda de chocolate blanco y flores de pi\u00f1a. Es una aut\u00e9ntica delicia, ideal para tomar tanto en invierno, como en verano, eso si, siempre muy muy fresquita. Una tarta &hellip; <\/p>\n","protected":false},"author":2,"featured_media":27660,"comment_status":"open","ping_status":"open","sticky":false,"template":"","format":"standard","meta":[],"categories":[1],"tags":[],"_links":{"self":[{"href":"https:\/\/elcalaixetdelaiaia.es\/index.php?rest_route=\/wp\/v2\/posts\/22736"}],"collection":[{"href":"https:\/\/elcalaixetdelaiaia.es\/index.php?rest_route=\/wp\/v2\/posts"}],"about":[{"href":"https:\/\/elcalaixetdelaiaia.es\/index.php?rest_route=\/wp\/v2\/types\/post"}],"author":[{"embeddable":true,"href":"https:\/\/elcalaixetdelaiaia.es\/index.php?rest_route=\/wp\/v2\/users\/2"}],"replies":[{"embeddable":true,"href":"https:\/\/elcalaixetdelaiaia.es\/index.php?rest_route=%2Fwp%2Fv2%2Fcomments&post=22736"}],"version-history":[{"count":21,"href":"https:\/\/elcalaixetdelaiaia.es\/index.php?rest_route=\/wp\/v2\/posts\/22736\/revisions"}],"predecessor-version":[{"id":27665,"href":"https:\/\/elcalaixetdelaiaia.es\/index.php?rest_route=\/wp\/v2\/posts\/22736\/revisions\/27665"}],"wp:featuredmedia":[{"embeddable":true,"href":"https:\/\/elcalaixetdelaiaia.es\/index.php?rest_route=\/wp\/v2\/media\/27660"}],"wp:attachment":[{"href":"https:\/\/elcalaixetdelaiaia.es\/index.php?rest_route=%2Fwp%2Fv2%2Fmedia&parent=22736"}],"wp:term":[{"taxonomy":"category","embeddable":true,"href":"https:\/\/elcalaixetdelaiaia.es\/index.php?rest_route=%2Fwp%2Fv2%2Fcategories&post=22736"},{"taxonomy":"post_tag","embeddable":true,"href":"https:\/\/elcalaixetdelaiaia.es\/index.php?rest_route=%2Fwp%2Fv2%2Ftags&post=22736"}],"curies":[{"name":"wp","href":"https:\/\/api.w.org\/{rel}","templated":true}]}}