{"id":22634,"date":"2020-06-23T12:34:35","date_gmt":"2020-06-23T12:34:35","guid":{"rendered":"http:\/\/elcalaixetdelaiaia.es\/?p=22634"},"modified":"2020-06-23T12:34:35","modified_gmt":"2020-06-23T12:34:35","slug":"covid19-si-la-lias-nos-la-lias-concienciacion","status":"publish","type":"post","link":"https:\/\/elcalaixetdelaiaia.es\/?p=22634","title":{"rendered":"#Covid19 Si la l\u00edas, nos la l\u00edas. Concienciaci\u00f3n"},"content":{"rendered":"<p>&nbsp;<\/p>\n<p>Sencillo,f\u00e1cil y barato. Distancia de metro y medio, lavado frecuente de manos y mascarillas&#8230;.es taaaan f\u00e1cil&#8230;..Si la l\u00edas, nos la l\u00edas, seas ni\u00f1o, adolescente joven y no tan joven&#8230;&#8230;..<br \/>\n<a class=\"_58cn\" href=\"https:\/\/www.facebook.com\/hashtag\/covid19?__eep__=6&amp;source=feed_text&amp;epa=HASHTAG&amp;__xts__%5B0%5D=68.ARDq_wwdxudmrHKhRlGDMqO-8UEvhLYqL24jBZAVfXOYhdWKLC0pUZs036ixzutPaY7DHt3MmdtvvXvZxVkdWwkEAyH7EwQsZ_8cZhcKX2pFo24RvRLPA5aghsjAhzBHveN6eH0FL640KZgcBxvAlbLWV_nRzc4qr2sjGbyMznlQsCNQR3QaTnyCTQX3NxjJddyYZWSFSQ6vSQiHAKzcuExgTxzcvCVnWj6CI-7xa1HNEyLCYmZacHSxFePf1fQNbdEy86QI-MWNhzW484ffkePC982PFZoQdvbGAkaQc87CwyEeyY_uZm5KhYxUACXpFT8r90cXOtu_fA0&amp;__tn__=%2ANK-R\" data-ft=\"{&quot;type&quot;:104,&quot;tn&quot;:&quot;*N&quot;}\"><span class=\"_5afx\"><span class=\"_58cl _5afz\" aria-label=\"hashtag\">#<\/span><span class=\"_58cm\">Covid19<\/span><\/span><\/a> Si la l\u00edas, nos la l\u00edas. Concienciaci\u00f3n<\/p>\n<p>&nbsp;<\/p>\n<div style=\"width: 750px;\" class=\"wp-video\"><!--[if lt IE 9]><script>document.createElement('video');<\/script><![endif]-->\n<video class=\"wp-video-shortcode\" id=\"video-22634-1\" width=\"750\" height=\"395\" preload=\"metadata\" controls=\"controls\"><source type=\"video\/mp4\" src=\"https:\/\/elcalaixetdelaiaia.es\/wp-content\/uploads\/2020\/06\/campana-si-la-lias-nos-la-lias-a-todos-conprudencia.mp4?_=1\" \/><a href=\"https:\/\/elcalaixetdelaiaia.es\/wp-content\/uploads\/2020\/06\/campana-si-la-lias-nos-la-lias-a-todos-conprudencia.mp4\">https:\/\/elcalaixetdelaiaia.es\/wp-content\/uploads\/2020\/06\/campana-si-la-lias-nos-la-lias-a-todos-conprudencia.mp4<\/a><\/video><\/div>\n","protected":false},"excerpt":{"rendered":"<p>&nbsp; Sencillo,f\u00e1cil y barato. Distancia de metro y medio, lavado frecuente de manos y mascarillas&#8230;.es taaaan f\u00e1cil&#8230;..Si la l\u00edas, nos la l\u00edas, seas ni\u00f1o, adolescente joven y no tan joven&#8230;&#8230;.. #Covid19 Si la l\u00edas, nos la l\u00edas. Concienciaci\u00f3n &nbsp;<\/p>\n","protected":false},"author":2,"featured_media":0,"comment_status":"open","ping_status":"open","sticky":false,"template":"","format":"standard","meta":[],"categories":[23,1],"tags":[],"_links":{"self":[{"href":"https:\/\/elcalaixetdelaiaia.es\/index.php?rest_route=\/wp\/v2\/posts\/22634"}],"collection":[{"href":"https:\/\/elcalaixetdelaiaia.es\/index.php?rest_route=\/wp\/v2\/posts"}],"about":[{"href":"https:\/\/elcalaixetdelaiaia.es\/index.php?rest_route=\/wp\/v2\/types\/post"}],"author":[{"embeddable":true,"href":"https:\/\/elcalaixetdelaiaia.es\/index.php?rest_route=\/wp\/v2\/users\/2"}],"replies":[{"embeddable":true,"href":"https:\/\/elcalaixetdelaiaia.es\/index.php?rest_route=%2Fwp%2Fv2%2Fcomments&post=22634"}],"version-history":[{"count":1,"href":"https:\/\/elcalaixetdelaiaia.es\/index.php?rest_route=\/wp\/v2\/posts\/22634\/revisions"}],"predecessor-version":[{"id":22636,"href":"https:\/\/elcalaixetdelaiaia.es\/index.php?rest_route=\/wp\/v2\/posts\/22634\/revisions\/22636"}],"wp:attachment":[{"href":"https:\/\/elcalaixetdelaiaia.es\/index.php?rest_route=%2Fwp%2Fv2%2Fmedia&parent=22634"}],"wp:term":[{"taxonomy":"category","embeddable":true,"href":"https:\/\/elcalaixetdelaiaia.es\/index.php?rest_route=%2Fwp%2Fv2%2Fcategories&post=22634"},{"taxonomy":"post_tag","embeddable":true,"href":"https:\/\/elcalaixetdelaiaia.es\/index.php?rest_route=%2Fwp%2Fv2%2Ftags&post=22634"}],"curies":[{"name":"wp","href":"https:\/\/api.w.org\/{rel}","templated":true}]}}