{"id":22548,"date":"2022-12-08T13:35:03","date_gmt":"2022-12-08T13:35:03","guid":{"rendered":"http:\/\/elcalaixetdelaiaia.es\/?p=22548"},"modified":"2026-01-10T17:52:13","modified_gmt":"2026-01-10T17:52:13","slug":"como-hacer-jabon-en-gel-para-lavadora-paso-a-paso-foto-a-foto","status":"publish","type":"post","link":"https:\/\/elcalaixetdelaiaia.es\/?p=22548","title":{"rendered":"Como hacer jab\u00f3n en gel para lavadora paso a paso foto a foto"},"content":{"rendered":"<p>\u00abRefrany; Qui canta les seues penes espanta,\u00bb Quien canta sus penas espanta.<\/p>\n<p>Holaaaaaa, hoy d\u00eda de la Pur\u00edsima Concepci\u00f3n (santo que celebramos toda mi familia materna, por nuestro apellido) much\u00edsimas felicidades a las Conxetas, Inmas, Macus &#8230; y todas quienes hoy celebr\u00e1is vuestro santo, que teng\u00e1is un maravilloso y feliz d\u00eda. Y por supuesto, a todos los calaixers \ud83d\ude09<\/p>\n<p>El 8 de diciembre, siempre ha sido costumbre en casa, desde que tengo recuerdos, de iniciar en familia el montaje del Bel\u00e9n y del \u00e1rbol de Navidad, decorar la casa con luces, que simbolizan a las antiguas velas, lazos, como s\u00edmbolo de la uni\u00f3n familiar, y el resto de adornos, que permanec\u00edan hasta el siguiente d\u00eda de Reyes, pues justo hoy, ya estoy por aqu\u00ed de nuevo. Ante todo, os pido disculpas por haber permanecido durante tanto tiempo \u00abdesaparecida\u00bb. Los motivos han sido un c\u00famulo de problemas t\u00e9cnicos y f\u00edsicos, estoy segura de que entender\u00e9is que no entre en detalles&#8230;<\/p>\n<p>Cuando al final he podido recuperar mis cuentas, me he encontrado con que el sistema de publicaci\u00f3n, e incluso Facebook, ha cambiado todo, as\u00ed que voy un poco perdida, pero la alegr\u00eda, es que me han llegado todos vuestros mensajes, que agradezco de todo coraz\u00f3n. Yo os envi\u00e9 alguno, por medio de mi amiga Vanesa Ordu\u00f1a Civera, (que \u00fanicamente pudo a\u00f1adir en comentarios de recetas en Faceboock, ya que el sistema, no le permit\u00eda otra cosa) pero al parecer fuisteis muy pocos, quienes alcanzasteis a poderlos leer. Muchas gracias Vane, por tu esfuerzo y tu cari\u00f1o desde Alemania.<\/p>\n<p>Bueno, no voy a extenderme demasiado, mi agradecimiento a tod@s por vuestra paciencia, fidelidad y cari\u00f1o, sois los mejores seguidores del mundo mundial, y c\u00f3mo no, mi agradecimiento especial a las p\u00e1ginas;\u00a0 <strong><em>Voramar. La Val\u00e8ncia Mar\u00edtima i m\u00e8s<\/em><\/strong> y <strong><em>Valencia Bonita<\/em><\/strong>, por haber tenido la amabilidad de seguir compartiendo algunas de mis recetas publicadas.<\/p>\n<p>Hoy una receta, (aunque esta vez no es de comida) que qued\u00f3 en borradores el d\u00eda 24 de Septiembre de 2.020, y que realic\u00e9 en mi terraza de La Patacona, madre m\u00eda &#8230; como pasa el tiempo y cuantas cosas han pasado desde entonces.<\/p>\n<p>Se trata de una receta para facilitarnos el lavado de la ropa y economizar, en estos duros tiempos que estamos pasando, con los precios de todo por las nubes, cuidamos del medio ambiente y reutilizamos el aceite usado.<\/p>\n<p style=\"text-align: center;\"><img decoding=\"async\" loading=\"lazy\" class=\"alignnone wp-image-23478\" src=\"https:\/\/elcalaixetdelaiaia.es\/wp-content\/uploads\/2020\/06\/8-225x300.jpeg\" alt=\"\" width=\"332\" height=\"443\" srcset=\"https:\/\/elcalaixetdelaiaia.es\/wp-content\/uploads\/2020\/06\/8-225x300.jpeg 225w, https:\/\/elcalaixetdelaiaia.es\/wp-content\/uploads\/2020\/06\/8-768x1024.jpeg 768w, https:\/\/elcalaixetdelaiaia.es\/wp-content\/uploads\/2020\/06\/8-1152x1536.jpeg 1152w, https:\/\/elcalaixetdelaiaia.es\/wp-content\/uploads\/2020\/06\/8.jpeg 1536w\" sizes=\"(max-width: 332px) 100vw, 332px\" \/><\/p>\n<p>Es un jab\u00f3n l\u00edquido muy muy econ\u00f3mico, que se puede utilizar, tanto para fregar platos, como para lavar la ropa a mano o en lavadora y limpieza en general.<\/p>\n<p>Necesitaremos;<\/p>\n<p><img decoding=\"async\" loading=\"lazy\" class=\"aligncenter wp-image-23483\" src=\"https:\/\/elcalaixetdelaiaia.es\/wp-content\/uploads\/2020\/06\/a-300x225.jpg\" alt=\"\" width=\"606\" height=\"455\" srcset=\"https:\/\/elcalaixetdelaiaia.es\/wp-content\/uploads\/2020\/06\/a-300x225.jpg 300w, https:\/\/elcalaixetdelaiaia.es\/wp-content\/uploads\/2020\/06\/a-1024x768.jpg 1024w, https:\/\/elcalaixetdelaiaia.es\/wp-content\/uploads\/2020\/06\/a-768x576.jpg 768w, https:\/\/elcalaixetdelaiaia.es\/wp-content\/uploads\/2020\/06\/a-1536x1152.jpg 1536w, https:\/\/elcalaixetdelaiaia.es\/wp-content\/uploads\/2020\/06\/a.jpg 1600w\" sizes=\"(max-width: 606px) 100vw, 606px\" \/><\/p>\n<ol>\n<li style=\"text-align: left;\">300 g de jab\u00f3n de pastilla casero rallado<\/li>\n<\/ol>\n<ol style=\"text-align: left;\">\n<li>Agua potable<\/li>\n<\/ol>\n<ol>\n<li style=\"text-align: left;\">250 ml de Suavizante o perfumador<\/li>\n<\/ol>\n<p>El suavizante o perfumador es opcional, si vais a usar este jab\u00f3n para fregar los platos, el lavavajillas, fregar el suelo o la ropa, mejor no le pong\u00e1is nada y en la lavadora a\u00f1ad\u00eds el suavizante o perfumador, en el momento del lavado.<\/p>\n<p>A partir de este jab\u00f3n que hice con aceite reciclado; <a href=\"https:\/\/elcalaixetdelaiaia.es\/?p=18023\">https:\/\/elcalaixetdelaiaia.es\/?p=18023<\/a><\/p>\n<p><img decoding=\"async\" loading=\"lazy\" class=\"alignnone size-full wp-image-23483\" src=\"https:\/\/elcalaixetdelaiaia.es\/wp-content\/uploads\/2020\/06\/a.jpg\" alt=\"\" width=\"1600\" height=\"1200\" srcset=\"https:\/\/elcalaixetdelaiaia.es\/wp-content\/uploads\/2020\/06\/a.jpg 1600w, https:\/\/elcalaixetdelaiaia.es\/wp-content\/uploads\/2020\/06\/a-300x225.jpg 300w, https:\/\/elcalaixetdelaiaia.es\/wp-content\/uploads\/2020\/06\/a-1024x768.jpg 1024w, https:\/\/elcalaixetdelaiaia.es\/wp-content\/uploads\/2020\/06\/a-768x576.jpg 768w, https:\/\/elcalaixetdelaiaia.es\/wp-content\/uploads\/2020\/06\/a-1536x1152.jpg 1536w\" sizes=\"(max-width: 1600px) 100vw, 1600px\" \/><\/p>\n<p>Reserv\u00e9 dos pastillas y antes de que se endureciera demasiado, las rall\u00e9 con el rallador para conseguir los 300 g, pero vamos, que aunque est\u00e9 el jab\u00f3n duro, no hay problema en rallarlo.<\/p>\n<p><img decoding=\"async\" loading=\"lazy\" class=\"alignnone size-full wp-image-28610\" src=\"https:\/\/elcalaixetdelaiaia.es\/wp-content\/uploads\/2022\/12\/IMG_5212-scaled.jpg\" alt=\"\" width=\"2560\" height=\"1920\" srcset=\"https:\/\/elcalaixetdelaiaia.es\/wp-content\/uploads\/2022\/12\/IMG_5212-scaled.jpg 2560w, https:\/\/elcalaixetdelaiaia.es\/wp-content\/uploads\/2022\/12\/IMG_5212-300x225.jpg 300w, https:\/\/elcalaixetdelaiaia.es\/wp-content\/uploads\/2022\/12\/IMG_5212-1024x768.jpg 1024w, https:\/\/elcalaixetdelaiaia.es\/wp-content\/uploads\/2022\/12\/IMG_5212-768x576.jpg 768w, https:\/\/elcalaixetdelaiaia.es\/wp-content\/uploads\/2022\/12\/IMG_5212-1536x1152.jpg 1536w, https:\/\/elcalaixetdelaiaia.es\/wp-content\/uploads\/2022\/12\/IMG_5212-2048x1536.jpg 2048w\" sizes=\"(max-width: 2560px) 100vw, 2560px\" \/><\/p>\n<p>Lleva varios meses guardado y el blanco ha cambiado a un color miel, pero sigue sirviendo igual. Si no quer\u00e9is hacer en casa, el jab\u00f3n en pastillas, (aunque os lo recomiendo encarecidamente, porque es una pasada, que sirve igual para limpieza o lavado, que para higiene personal) pod\u00e9is usar para hacer el gel de lavadora, pastillas de jab\u00f3n Lagarto o similares.<\/p>\n<p>&nbsp;<\/p>\n<p>&nbsp;<\/p>\n<p style=\"text-align: center;\">En un cubo, ponemos el jab\u00f3n rallado<\/p>\n<p>&nbsp;<\/p>\n<p style=\"text-align: center;\">\u00a0y el doble de agua potable, y lo dejamos reposar un d\u00eda para que el jab\u00f3n se reblandezca.<\/p>\n<p style=\"text-align: center;\">Al d\u00eda siguiente veremos que al hidratarse el jab\u00f3n,<\/p>\n<p>&nbsp;<\/p>\n<p style=\"text-align: center;\">est\u00e1 reblandecido.<\/p>\n<p>&nbsp;<\/p>\n<p>&nbsp;<\/p>\n<p style=\"text-align: center;\">Lo pasaremos por la batidora hasta que el agua y el jab\u00f3n, se integren<\/p>\n<p style=\"text-align: center;\">y quede ya con aspecto cremoso. Y nos olvidaremos de \u00e9l, otro d\u00eda m\u00e1s.<\/p>\n<p>Con el fin de que fuerais viendo los cambios de aspecto que experimenta el jab\u00f3n durante el proceso, cambi\u00e9 la pasta a una garrafa de agua vac\u00eda que cort\u00e9, pero lamentablemente, me qued\u00e9 sin m\u00f3vil y sin las fotos.<\/p>\n<p>Despu\u00e9s de dejar reposar el jab\u00f3n un d\u00eda, ver\u00e9is c\u00f3mo se forman varias, capas, arriba s\u00f3lida en color caf\u00e9 con leche y abajo l\u00edquida, en color miel oscura, es correcto, as\u00ed debe ser.<\/p>\n<p>A\u00f1adiremos aproximadamente un litro de agua y si quer\u00e9is darle un toque de olor, a\u00f1adiremos 250 ml de suavizante o perfumador, y batimos de nuevo.<\/p>\n<p>Lo dejamos de nuevo reposar, otro d\u00eda m\u00e1s<\/p>\n<p>Al d\u00eda siguiente, reparto en tres botellas y a\u00f1ado medio litro de agua en cada una. Batiremos y veremos qu\u00e9 y va tomando una forma cremosa y m\u00e1s clara<\/p>\n<p><img decoding=\"async\" loading=\"lazy\" class=\"aligncenter wp-image-23500\" src=\"https:\/\/elcalaixetdelaiaia.es\/wp-content\/uploads\/2020\/06\/sabollavadora-225x300.jpg\" alt=\"\" width=\"401\" height=\"534\" \/><\/p>\n<p style=\"text-align: center;\">De nuevo lo dejamos 24 horas. Llevamos a\u00f1adido en total de momento unos 3,100 litros de agua<\/p>\n<p><img decoding=\"async\" loading=\"lazy\" class=\"aligncenter wp-image-23501\" src=\"https:\/\/elcalaixetdelaiaia.es\/wp-content\/uploads\/2020\/06\/sallavadora-225x300.jpg\" alt=\"\" width=\"400\" height=\"534\" \/><\/p>\n<p>Al d\u00eda siguiente, volvemos a comprobar la textura del jab\u00f3n, y repartimos en seis botellas para a\u00f1adir otro litro de agua, batir y dejar reposar 24 horas.<\/p>\n<p>Y as\u00ed seguiremos hasta que veamos una apariencia de gel y ya tendremos listo nuestro jab\u00f3n, para usarlo en la lavadora. Recordar que este jab\u00f3n tiene un alto poder de limpieza, pero apenas produce espuma, aunque es importante tener en cuenta que no por ello, limpia menos, muy al contrario.<\/p>\n<p><img decoding=\"async\" loading=\"lazy\" class=\"aligncenter wp-image-23480\" src=\"https:\/\/elcalaixetdelaiaia.es\/wp-content\/uploads\/2020\/06\/11-300x225.jpeg\" alt=\"\" width=\"604\" height=\"453\" srcset=\"https:\/\/elcalaixetdelaiaia.es\/wp-content\/uploads\/2020\/06\/11-300x225.jpeg 300w, https:\/\/elcalaixetdelaiaia.es\/wp-content\/uploads\/2020\/06\/11-1024x768.jpeg 1024w, https:\/\/elcalaixetdelaiaia.es\/wp-content\/uploads\/2020\/06\/11-768x576.jpeg 768w, https:\/\/elcalaixetdelaiaia.es\/wp-content\/uploads\/2020\/06\/11-1536x1152.jpeg 1536w, https:\/\/elcalaixetdelaiaia.es\/wp-content\/uploads\/2020\/06\/11.jpeg 2048w\" sizes=\"(max-width: 604px) 100vw, 604px\" \/><\/p>\n<p>Al final, he conseguido 9 litros de jab\u00f3n, con dos pastillas de 300 g en total, como veis es un ahorro muy considerable, y de apenas trabajo, eso si, varios d\u00edas de reposo, remover de vez en cuando y a\u00f1adir agua, si vemos que necesita, nada m\u00e1s.<\/p>\n<p><img decoding=\"async\" loading=\"lazy\" class=\"aligncenter wp-image-23477\" src=\"https:\/\/elcalaixetdelaiaia.es\/wp-content\/uploads\/2020\/06\/7-225x300.jpeg\" alt=\"\" width=\"501\" height=\"668\" srcset=\"https:\/\/elcalaixetdelaiaia.es\/wp-content\/uploads\/2020\/06\/7-225x300.jpeg 225w, https:\/\/elcalaixetdelaiaia.es\/wp-content\/uploads\/2020\/06\/7-768x1024.jpeg 768w, https:\/\/elcalaixetdelaiaia.es\/wp-content\/uploads\/2020\/06\/7-1152x1536.jpeg 1152w, https:\/\/elcalaixetdelaiaia.es\/wp-content\/uploads\/2020\/06\/7.jpeg 1536w\" sizes=\"(max-width: 501px) 100vw, 501px\" \/><\/p>\n<p>La dosificaci\u00f3n ser\u00e1 aproximadamente de un vaso de unos 150 ml por lavadora, aunque todo depende de la suciedad de la ropa, y de los grados a que se acostumbre lavar, en mi caso a 30\u00b0,<\/p>\n<p style=\"text-align: center;\"><img decoding=\"async\" loading=\"lazy\" class=\"alignnone wp-image-23479\" src=\"https:\/\/elcalaixetdelaiaia.es\/wp-content\/uploads\/2020\/06\/9-300x225.jpeg\" alt=\"\" width=\"608\" height=\"456\" srcset=\"https:\/\/elcalaixetdelaiaia.es\/wp-content\/uploads\/2020\/06\/9-300x225.jpeg 300w, https:\/\/elcalaixetdelaiaia.es\/wp-content\/uploads\/2020\/06\/9-1024x768.jpeg 1024w, https:\/\/elcalaixetdelaiaia.es\/wp-content\/uploads\/2020\/06\/9-768x576.jpeg 768w, https:\/\/elcalaixetdelaiaia.es\/wp-content\/uploads\/2020\/06\/9-1536x1152.jpeg 1536w, https:\/\/elcalaixetdelaiaia.es\/wp-content\/uploads\/2020\/06\/9.jpeg 2048w\" sizes=\"(max-width: 608px) 100vw, 608px\" \/><\/p>\n<p style=\"text-align: center;\">pero lo ideal, es ir ajustando seg\u00fan necesidad en cada lavado y vuestras preferencias<\/p>\n<p><img decoding=\"async\" loading=\"lazy\" class=\"aligncenter wp-image-23476\" src=\"https:\/\/elcalaixetdelaiaia.es\/wp-content\/uploads\/2020\/06\/6-300x225.jpeg\" alt=\"\" width=\"601\" height=\"451\" srcset=\"https:\/\/elcalaixetdelaiaia.es\/wp-content\/uploads\/2020\/06\/6-300x225.jpeg 300w, https:\/\/elcalaixetdelaiaia.es\/wp-content\/uploads\/2020\/06\/6-1024x768.jpeg 1024w, https:\/\/elcalaixetdelaiaia.es\/wp-content\/uploads\/2020\/06\/6-768x576.jpeg 768w, https:\/\/elcalaixetdelaiaia.es\/wp-content\/uploads\/2020\/06\/6-1536x1152.jpeg 1536w, https:\/\/elcalaixetdelaiaia.es\/wp-content\/uploads\/2020\/06\/6.jpeg 2048w\" sizes=\"(max-width: 601px) 100vw, 601px\" \/><\/p>\n<p style=\"text-align: center;\">Espero, a partir de ahora, poder seguir publicando con regularidad y que mis publicaciones, sigan siendo de vuestro agrado.<\/p>\n<p><span data-blogger-escaped-style=\"font-family: \">Si os gusta mi receta, pod\u00e9is compartirla para que llegue a m\u00e1s gente. Espero vuestros comentarios que para mi son MUY importantes y recordad que tambi\u00e9n estoy en Facebook <\/span><span data-blogger-escaped-style=\"font-family: \"><a href=\"https:\/\/www.facebook.com\/El-calaixet-de-la-iaia-533062140099386\/\">https:\/\/www.facebook.com\/El-calaixet-de-la-iaia-533062140099386\/<\/a><\/span><\/p>\n<p>Gracias calaixers, por acompa\u00f1arme siempre, al otro lado de la pantallita \ud83d\ude09<\/p>\n","protected":false},"excerpt":{"rendered":"<p>\u00abRefrany; Qui canta les seues penes espanta,\u00bb Quien canta sus penas espanta. Holaaaaaa, hoy d\u00eda de la Pur\u00edsima Concepci\u00f3n (santo que celebramos toda mi familia materna, por nuestro apellido) much\u00edsimas felicidades a las Conxetas, Inmas, Macus &#8230; y todas quienes hoy celebr\u00e1is vuestro santo, que teng\u00e1is un maravilloso y feliz &hellip; <\/p>\n","protected":false},"author":2,"featured_media":23481,"comment_status":"open","ping_status":"open","sticky":false,"template":"","format":"standard","meta":[],"categories":[1,95],"tags":[],"_links":{"self":[{"href":"https:\/\/elcalaixetdelaiaia.es\/index.php?rest_route=\/wp\/v2\/posts\/22548"}],"collection":[{"href":"https:\/\/elcalaixetdelaiaia.es\/index.php?rest_route=\/wp\/v2\/posts"}],"about":[{"href":"https:\/\/elcalaixetdelaiaia.es\/index.php?rest_route=\/wp\/v2\/types\/post"}],"author":[{"embeddable":true,"href":"https:\/\/elcalaixetdelaiaia.es\/index.php?rest_route=\/wp\/v2\/users\/2"}],"replies":[{"embeddable":true,"href":"https:\/\/elcalaixetdelaiaia.es\/index.php?rest_route=%2Fwp%2Fv2%2Fcomments&post=22548"}],"version-history":[{"count":33,"href":"https:\/\/elcalaixetdelaiaia.es\/index.php?rest_route=\/wp\/v2\/posts\/22548\/revisions"}],"predecessor-version":[{"id":28807,"href":"https:\/\/elcalaixetdelaiaia.es\/index.php?rest_route=\/wp\/v2\/posts\/22548\/revisions\/28807"}],"wp:featuredmedia":[{"embeddable":true,"href":"https:\/\/elcalaixetdelaiaia.es\/index.php?rest_route=\/wp\/v2\/media\/23481"}],"wp:attachment":[{"href":"https:\/\/elcalaixetdelaiaia.es\/index.php?rest_route=%2Fwp%2Fv2%2Fmedia&parent=22548"}],"wp:term":[{"taxonomy":"category","embeddable":true,"href":"https:\/\/elcalaixetdelaiaia.es\/index.php?rest_route=%2Fwp%2Fv2%2Fcategories&post=22548"},{"taxonomy":"post_tag","embeddable":true,"href":"https:\/\/elcalaixetdelaiaia.es\/index.php?rest_route=%2Fwp%2Fv2%2Ftags&post=22548"}],"curies":[{"name":"wp","href":"https:\/\/api.w.org\/{rel}","templated":true}]}}