{"id":22473,"date":"2020-06-09T16:36:37","date_gmt":"2020-06-09T16:36:37","guid":{"rendered":"http:\/\/elcalaixetdelaiaia.es\/?p=22473"},"modified":"2020-09-05T18:40:03","modified_gmt":"2020-09-05T18:40:03","slug":"pizza-con-masa-casera-de-queso-y-jamon-paso-a-paso-foto-a-foto","status":"publish","type":"post","link":"https:\/\/elcalaixetdelaiaia.es\/?p=22473","title":{"rendered":"Pizza con masa casera de queso, y  jam\u00f3n paso a paso foto a foto"},"content":{"rendered":"<p>\u00abRefrany; Pa, pernil i vi vell inflen la pell \u00bb Pan, jam\u00f3n y vino viejo, hinchan la piel (o el pellejo)<\/p>\n<p>Pues hoy vamos con una pizza, (que es pan) con jam\u00f3n, aunque es jam\u00f3n de York, pero seguro que si lo regamos con un buen vino mmmmm,rico rico<\/p>\n<p>Ayer publiqu\u00e9 una de mis recetas para hacer masa de pizza, muy muy muy f\u00e1cil, porque no se amasa apenas nada, y fermenta en el frigor\u00edfico, aqu\u00ed pod\u00e9is ver el paso a a paso <a href=\"https:\/\/elcalaixetdelaiaia.es\/2020\/06\/masa-casera-de-pizza-facil-sin-casi-amasado-paso-a-paso-foto-a-foto\/\">https:\/\/elcalaixetdelaiaia.es\/2020\/06\/masa-casera-de-pizza-facil-sin-casi-amasado-paso-a-paso-foto-a-foto\/<\/a><\/p>\n<p>As\u00ed que hoy os cuento como hago la pizza de jam\u00f3n de york y queso que es de la que mas gusta en casa a los peques.<\/p>\n<p>Necesitaremos;<\/p>\n<p style=\"text-align: center;\"><img decoding=\"async\" loading=\"lazy\" class=\"alignnone size-large wp-image-22453\" src=\"https:\/\/elcalaixetdelaiaia.es\/wp-content\/uploads\/2020\/06\/eZy_watermark_05-06-2020_09-01-04-1024x768.jpg\" alt=\"\" width=\"750\" height=\"563\" \/><\/p>\n<ol>\n<li>Masa casera de pizza<\/li>\n<li>Jam\u00f3n de york en tacos<\/li>\n<li>Tomate frito casero<\/li>\n<li>Queso mozarella<\/li>\n<li>Or\u00e9gano<\/li>\n<li>Harina de ma\u00edz (opcional)<\/li>\n<\/ol>\n<p>Si vais a cocinar una pizza con toda la masa, cubriendo la bandeja entera del horno, te har\u00e1n falta\u00a0 350g de jamon de york en taquitos, unos 200g de queso mozarella y tres cucharadas grandes de tomate frito casero, te doy estas cantidades orientativas \ud83d\ude09<\/p>\n<p>Precalentamos el horno al m\u00e1ximo el mio a 250\u00ba calor arriba y abajo y con aire si ten\u00e9is, si no&#8230;pues sin aire pero al m\u00e1ximo.<\/p>\n<p><img decoding=\"async\" loading=\"lazy\" class=\"size-large wp-image-22458 aligncenter\" src=\"https:\/\/elcalaixetdelaiaia.es\/wp-content\/uploads\/2020\/06\/eZy_watermark_05-06-2020_09-01-09-1024x768.jpg\" alt=\"\" width=\"750\" height=\"563\" srcset=\"https:\/\/elcalaixetdelaiaia.es\/wp-content\/uploads\/2020\/06\/eZy_watermark_05-06-2020_09-01-09-1024x768.jpg 1024w, https:\/\/elcalaixetdelaiaia.es\/wp-content\/uploads\/2020\/06\/eZy_watermark_05-06-2020_09-01-09-300x225.jpg 300w, https:\/\/elcalaixetdelaiaia.es\/wp-content\/uploads\/2020\/06\/eZy_watermark_05-06-2020_09-01-09-768x576.jpg 768w, https:\/\/elcalaixetdelaiaia.es\/wp-content\/uploads\/2020\/06\/eZy_watermark_05-06-2020_09-01-09-1536x1152.jpg 1536w, https:\/\/elcalaixetdelaiaia.es\/wp-content\/uploads\/2020\/06\/eZy_watermark_05-06-2020_09-01-09.jpg 1600w\" sizes=\"(max-width: 750px) 100vw, 750px\" \/><\/p>\n<p>damos forma a la masa, a nuestro gusto, recordad que si la masa se encoje, no pasa nada, tranquil@s, la tap\u00e1is con un trapo y la dej\u00e1is reposar unos 20\/30 minutos.<\/p>\n<p style=\"text-align: center;\"><img decoding=\"async\" loading=\"lazy\" class=\"alignnone size-large wp-image-22454\" src=\"https:\/\/elcalaixetdelaiaia.es\/wp-content\/uploads\/2020\/06\/eZy_watermark_05-06-2020_09-01-05-1024x768.jpg\" alt=\"\" width=\"750\" height=\"563\" data-temp-aztec-id=\"3be723c6-a5a5-4dae-9db3-dedd25f67fd5\" \/><\/p>\n<p style=\"text-align: center;\">Si quer\u00e9is un acabado con mas sabor de pizzer\u00eda, espolvoread el papel de horno con harina de ma\u00edz, pero esto es opcional.<\/p>\n<p><img decoding=\"async\" loading=\"lazy\" class=\"size-large wp-image-22461 aligncenter\" src=\"https:\/\/elcalaixetdelaiaia.es\/wp-content\/uploads\/2020\/06\/eZy_watermark_05-06-2020_09-01-12-768x1024.jpg\" alt=\"\" width=\"750\" height=\"1000\" srcset=\"https:\/\/elcalaixetdelaiaia.es\/wp-content\/uploads\/2020\/06\/eZy_watermark_05-06-2020_09-01-12-768x1024.jpg 768w, https:\/\/elcalaixetdelaiaia.es\/wp-content\/uploads\/2020\/06\/eZy_watermark_05-06-2020_09-01-12-225x300.jpg 225w, https:\/\/elcalaixetdelaiaia.es\/wp-content\/uploads\/2020\/06\/eZy_watermark_05-06-2020_09-01-12-1152x1536.jpg 1152w, https:\/\/elcalaixetdelaiaia.es\/wp-content\/uploads\/2020\/06\/eZy_watermark_05-06-2020_09-01-12.jpg 1200w\" sizes=\"(max-width: 750px) 100vw, 750px\" \/><\/p>\n<p style=\"text-align: center;\">Podemos formar la base en la bancada o directamente sobre el papel de horno, en la bandeja<\/p>\n<p><img decoding=\"async\" loading=\"lazy\" class=\"size-large wp-image-22467 aligncenter\" src=\"https:\/\/elcalaixetdelaiaia.es\/wp-content\/uploads\/2020\/06\/eZy_watermark_05-06-2020_09-01-18-1024x768.jpg\" alt=\"\" width=\"750\" height=\"563\" srcset=\"https:\/\/elcalaixetdelaiaia.es\/wp-content\/uploads\/2020\/06\/eZy_watermark_05-06-2020_09-01-18-1024x768.jpg 1024w, https:\/\/elcalaixetdelaiaia.es\/wp-content\/uploads\/2020\/06\/eZy_watermark_05-06-2020_09-01-18-300x225.jpg 300w, https:\/\/elcalaixetdelaiaia.es\/wp-content\/uploads\/2020\/06\/eZy_watermark_05-06-2020_09-01-18-768x576.jpg 768w, https:\/\/elcalaixetdelaiaia.es\/wp-content\/uploads\/2020\/06\/eZy_watermark_05-06-2020_09-01-18-1536x1152.jpg 1536w, https:\/\/elcalaixetdelaiaia.es\/wp-content\/uploads\/2020\/06\/eZy_watermark_05-06-2020_09-01-18.jpg 1600w\" sizes=\"(max-width: 750px) 100vw, 750px\" \/><\/p>\n<p style=\"text-align: center;\">Cubriremos la base con salsa de tomate frito casero, vale la pena el de casa, porque el resultado de sabor es abismal<\/p>\n<p style=\"text-align: center;\"><img decoding=\"async\" loading=\"lazy\" class=\"alignnone size-large wp-image-22468\" src=\"https:\/\/elcalaixetdelaiaia.es\/wp-content\/uploads\/2020\/06\/eZy_watermark_05-06-2020_09-01-19-1024x768.jpg\" alt=\"\" width=\"750\" height=\"563\" srcset=\"https:\/\/elcalaixetdelaiaia.es\/wp-content\/uploads\/2020\/06\/eZy_watermark_05-06-2020_09-01-19-1024x768.jpg 1024w, https:\/\/elcalaixetdelaiaia.es\/wp-content\/uploads\/2020\/06\/eZy_watermark_05-06-2020_09-01-19-300x225.jpg 300w, https:\/\/elcalaixetdelaiaia.es\/wp-content\/uploads\/2020\/06\/eZy_watermark_05-06-2020_09-01-19-768x576.jpg 768w, https:\/\/elcalaixetdelaiaia.es\/wp-content\/uploads\/2020\/06\/eZy_watermark_05-06-2020_09-01-19-1536x1152.jpg 1536w, https:\/\/elcalaixetdelaiaia.es\/wp-content\/uploads\/2020\/06\/eZy_watermark_05-06-2020_09-01-19.jpg 1600w\" sizes=\"(max-width: 750px) 100vw, 750px\" \/><\/p>\n<p style=\"text-align: center;\">espovloreamos al gusto con or\u00e9gano<\/p>\n<p style=\"text-align: center;\"><img decoding=\"async\" loading=\"lazy\" class=\"alignnone size-large wp-image-22469\" src=\"https:\/\/elcalaixetdelaiaia.es\/wp-content\/uploads\/2020\/06\/eZy_watermark_05-06-2020_09-01-20-1024x768.jpg\" alt=\"\" width=\"750\" height=\"563\" srcset=\"https:\/\/elcalaixetdelaiaia.es\/wp-content\/uploads\/2020\/06\/eZy_watermark_05-06-2020_09-01-20-1024x768.jpg 1024w, https:\/\/elcalaixetdelaiaia.es\/wp-content\/uploads\/2020\/06\/eZy_watermark_05-06-2020_09-01-20-300x225.jpg 300w, https:\/\/elcalaixetdelaiaia.es\/wp-content\/uploads\/2020\/06\/eZy_watermark_05-06-2020_09-01-20-768x576.jpg 768w, https:\/\/elcalaixetdelaiaia.es\/wp-content\/uploads\/2020\/06\/eZy_watermark_05-06-2020_09-01-20-1536x1152.jpg 1536w, https:\/\/elcalaixetdelaiaia.es\/wp-content\/uploads\/2020\/06\/eZy_watermark_05-06-2020_09-01-20.jpg 1600w\" sizes=\"(max-width: 750px) 100vw, 750px\" \/><\/p>\n<p style=\"text-align: center;\">esparcimos los taquitos de jam\u00f3n de york<\/p>\n<p><img decoding=\"async\" loading=\"lazy\" class=\"size-large wp-image-22470 aligncenter\" src=\"https:\/\/elcalaixetdelaiaia.es\/wp-content\/uploads\/2020\/06\/eZy_watermark_05-06-2020_09-01-21-1024x768.jpg\" alt=\"\" width=\"750\" height=\"563\" srcset=\"https:\/\/elcalaixetdelaiaia.es\/wp-content\/uploads\/2020\/06\/eZy_watermark_05-06-2020_09-01-21-1024x768.jpg 1024w, https:\/\/elcalaixetdelaiaia.es\/wp-content\/uploads\/2020\/06\/eZy_watermark_05-06-2020_09-01-21-300x225.jpg 300w, https:\/\/elcalaixetdelaiaia.es\/wp-content\/uploads\/2020\/06\/eZy_watermark_05-06-2020_09-01-21-768x576.jpg 768w, https:\/\/elcalaixetdelaiaia.es\/wp-content\/uploads\/2020\/06\/eZy_watermark_05-06-2020_09-01-21-1536x1152.jpg 1536w, https:\/\/elcalaixetdelaiaia.es\/wp-content\/uploads\/2020\/06\/eZy_watermark_05-06-2020_09-01-21.jpg 1600w\" sizes=\"(max-width: 750px) 100vw, 750px\" \/><\/p>\n<p style=\"text-align: center;\">y cubrimos con queso mozarella<\/p>\n<p><img decoding=\"async\" loading=\"lazy\" class=\"size-large wp-image-22471 aligncenter\" src=\"https:\/\/elcalaixetdelaiaia.es\/wp-content\/uploads\/2020\/06\/eZy_watermark_05-06-2020_09-01-22-1024x768.jpg\" alt=\"\" width=\"750\" height=\"563\" srcset=\"https:\/\/elcalaixetdelaiaia.es\/wp-content\/uploads\/2020\/06\/eZy_watermark_05-06-2020_09-01-22-1024x768.jpg 1024w, https:\/\/elcalaixetdelaiaia.es\/wp-content\/uploads\/2020\/06\/eZy_watermark_05-06-2020_09-01-22-300x225.jpg 300w, https:\/\/elcalaixetdelaiaia.es\/wp-content\/uploads\/2020\/06\/eZy_watermark_05-06-2020_09-01-22-768x576.jpg 768w, https:\/\/elcalaixetdelaiaia.es\/wp-content\/uploads\/2020\/06\/eZy_watermark_05-06-2020_09-01-22-1536x1152.jpg 1536w, https:\/\/elcalaixetdelaiaia.es\/wp-content\/uploads\/2020\/06\/eZy_watermark_05-06-2020_09-01-22.jpg 1600w\" sizes=\"(max-width: 750px) 100vw, 750px\" \/><\/p>\n<p>La ponemos en el horno en la segunda altura de abajo, unos unos 20\/25 minutos sin tocar la temperatura, eso es en mi horno, controlad el vuestro, porque cada horno es un mundo, depende como os guste de tostadita y lo gruesa que hay\u00e1is dejado al final la base.<\/p>\n<p><img decoding=\"async\" loading=\"lazy\" class=\"size-large wp-image-22480 aligncenter\" src=\"https:\/\/elcalaixetdelaiaia.es\/wp-content\/uploads\/2020\/06\/eZy_watermark_05-06-2020_09-01-23-2-1024x768.jpg\" alt=\"\" width=\"750\" height=\"563\" \/><\/p>\n<p style=\"text-align: center;\">No os despist\u00e9is como yo, o se os har\u00e1 demasiado el queso&#8230;&#8230;? normalmente lo pongo al rev\u00e9s, primero el queso y luego el jam\u00f3n, eso ya, a vuestro gusto<\/p>\n<p><img decoding=\"async\" loading=\"lazy\" class=\"size-large wp-image-22481 aligncenter\" src=\"https:\/\/elcalaixetdelaiaia.es\/wp-content\/uploads\/2020\/06\/eZy_watermark_05-06-2020_09-01-24-2-1024x768.jpg\" alt=\"\" width=\"750\" height=\"563\" \/><\/p>\n<p style=\"text-align: center;\">justo vino una vecina en ese momento \u00bfverdad Raquel?<\/p>\n<p><img decoding=\"async\" loading=\"lazy\" class=\"size-large wp-image-22482 aligncenter\" src=\"https:\/\/elcalaixetdelaiaia.es\/wp-content\/uploads\/2020\/06\/eZy_watermark_05-06-2020_09-01-25-2-1024x768.jpg\" alt=\"\" width=\"750\" height=\"563\" \/><\/p>\n<p style=\"text-align: center;\">Pero bueno, fueron solo dos minutos y para nada estaban quemadas,<\/p>\n<p><img decoding=\"async\" loading=\"lazy\" class=\"size-large wp-image-22483 aligncenter\" src=\"https:\/\/elcalaixetdelaiaia.es\/wp-content\/uploads\/2020\/06\/eZy_watermark_05-06-2020_09-01-26-2-1024x768.jpg\" alt=\"\" width=\"750\" height=\"563\" \/><\/p>\n<p style=\"text-align: center;\">tan solo el queso m\u00e1s morenito de lo normal, pero riquiiiiisiiimaaass ?<\/p>\n<p style=\"text-align: center;\">&#8230;.\u00bbA la taula i&#8230;.BON PROFIT!!!!\u00bb<\/p>\n<div style=\"text-align: center;\">Si te gusta mi receta, puedes compartirla para que llegue a m\u00e1s gente.<\/div>\n<p style=\"text-align: center;\">Espero tus comentarios y recuerda que tambi\u00e9n estoy en Facebook <a href=\"https:\/\/www.facebook.com\/El-calaixet-de-la-iaia-533062140099386\/\">https:\/\/www.facebook.com\/El-calaixet-de-la-iaia-533062140099386\/<\/a><\/p>\n<p>A prop\u00f3sito del \u00abconeiximent\u00bb como dice el refr\u00e1n quisiera deciros que veo muchiiiiiiisima, pero muchiiiisisisima gente SIN MASCARILLA,que veo muchisima gente demasiado relajada ya, que yo me pongo mascarilla y cumplo la distancia para protejerte, p\u00f3ntela tu, para protejerme a mi, EMPAT\u00cdA por favor, empat\u00eda ?, que esto no se ha terminado, que el #COVID19 ?sigue entre nosotros, que tenemos que aprender a convivir con \u00e9l, que nuestros sanitarios est\u00e1n agotados y no pueden m\u00e1s, pasaros por un hospital ya que no os llega el conocimiento para m\u00e1s a tod@s quienes pens\u00e1is que esto no va con vosotr@s, que no os puede tocar, porque esto desgraciadamente, no es as\u00ed, porque siguen habiendo contagios, que hemos perdido a muchisima gente, amigos, familia, conocidos, que es reponsabilidad de TODOS, cumplamos las normas, que lo que sigue en juego es LA VIDA ????? #mascarilla<\/p>\n","protected":false},"excerpt":{"rendered":"<p>\u00abRefrany; Pa, pernil i vi vell inflen la pell \u00bb Pan, jam\u00f3n y vino viejo, hinchan la piel (o el pellejo) Pues hoy vamos con una pizza, (que es pan) con jam\u00f3n, aunque es jam\u00f3n de York, pero seguro que si lo regamos con un buen vino mmmmm,rico rico Ayer &hellip; <\/p>\n","protected":false},"author":2,"featured_media":0,"comment_status":"open","ping_status":"open","sticky":false,"template":"","format":"standard","meta":[],"categories":[1],"tags":[],"_links":{"self":[{"href":"https:\/\/elcalaixetdelaiaia.es\/index.php?rest_route=\/wp\/v2\/posts\/22473"}],"collection":[{"href":"https:\/\/elcalaixetdelaiaia.es\/index.php?rest_route=\/wp\/v2\/posts"}],"about":[{"href":"https:\/\/elcalaixetdelaiaia.es\/index.php?rest_route=\/wp\/v2\/types\/post"}],"author":[{"embeddable":true,"href":"https:\/\/elcalaixetdelaiaia.es\/index.php?rest_route=\/wp\/v2\/users\/2"}],"replies":[{"embeddable":true,"href":"https:\/\/elcalaixetdelaiaia.es\/index.php?rest_route=%2Fwp%2Fv2%2Fcomments&post=22473"}],"version-history":[{"count":8,"href":"https:\/\/elcalaixetdelaiaia.es\/index.php?rest_route=\/wp\/v2\/posts\/22473\/revisions"}],"predecessor-version":[{"id":22888,"href":"https:\/\/elcalaixetdelaiaia.es\/index.php?rest_route=\/wp\/v2\/posts\/22473\/revisions\/22888"}],"wp:attachment":[{"href":"https:\/\/elcalaixetdelaiaia.es\/index.php?rest_route=%2Fwp%2Fv2%2Fmedia&parent=22473"}],"wp:term":[{"taxonomy":"category","embeddable":true,"href":"https:\/\/elcalaixetdelaiaia.es\/index.php?rest_route=%2Fwp%2Fv2%2Fcategories&post=22473"},{"taxonomy":"post_tag","embeddable":true,"href":"https:\/\/elcalaixetdelaiaia.es\/index.php?rest_route=%2Fwp%2Fv2%2Ftags&post=22473"}],"curies":[{"name":"wp","href":"https:\/\/api.w.org\/{rel}","templated":true}]}}