{"id":22407,"date":"2020-06-05T17:19:39","date_gmt":"2020-06-05T17:19:39","guid":{"rendered":"http:\/\/elcalaixetdelaiaia.es\/?p=22407"},"modified":"2021-09-18T14:24:46","modified_gmt":"2021-09-18T14:24:46","slug":"como-hacer-en-casa-azucar-vainillado-paso-a-paso","status":"publish","type":"post","link":"https:\/\/elcalaixetdelaiaia.es\/?p=22407","title":{"rendered":"como hacer en casa az\u00facar vainillado paso a paso foto a foto"},"content":{"rendered":"<p>\u00abRefrany; Cor dol\u00e7, llavis de sucre\u00bb Coraz\u00f3n dulce, labios de az\u00facar.<\/p>\n<p>Son muchas las recetas de reposter\u00eda, que incluyen entre sus ingredientes el az\u00facar vainillado.<\/p>\n<p>No hace falta comprarlo y pagar por algo que podemos preparar en casa, y que nos sale tan s\u00f3lo por el precio del az\u00facar blanquilla normal y que encima no cuesta absolutamente ning\u00fan trabajo, tan s\u00f3lo acordarnos de no desechar la vaina de la vainilla una vez usada, sin mas&#8230;&#8230;<\/p>\n<p>Necesitaremos;<\/p>\n<p>&nbsp;<\/p>\n<p><img decoding=\"async\" loading=\"lazy\" src=\"https:\/\/elcalaixetdelaiaia.es\/wp-content\/uploads\/2020\/06\/SAM_0588-1024x768.jpg\" class=\"aligncenter size-large wp-image-22410\" width=\"750\" height=\"563\" alt=\"\" srcset=\"https:\/\/elcalaixetdelaiaia.es\/wp-content\/uploads\/2020\/06\/SAM_0588-1024x768.jpg 1024w, https:\/\/elcalaixetdelaiaia.es\/wp-content\/uploads\/2020\/06\/SAM_0588-300x225.jpg 300w, https:\/\/elcalaixetdelaiaia.es\/wp-content\/uploads\/2020\/06\/SAM_0588-768x576.jpg 768w, https:\/\/elcalaixetdelaiaia.es\/wp-content\/uploads\/2020\/06\/SAM_0588-1536x1152.jpg 1536w, https:\/\/elcalaixetdelaiaia.es\/wp-content\/uploads\/2020\/06\/SAM_0588-2048x1536.jpg 2048w\" sizes=\"(max-width: 750px) 100vw, 750px\" \/><\/p>\n<p>&nbsp;<\/p>\n<ol>\n<li style=\"text-align: left\">Un bote limpio con tapa<\/li>\n<li>La vaina de una vainilla<\/li>\n<li>Az\u00facar blanquilla<\/li>\n<\/ol>\n<p style=\"text-align: center\">Entrando en \u00e9ste enlace podr\u00e9is ver detalladamente, paso a paso,c\u00f3mo sacar las semillas de la vaina de vainilla<a href=\"https:\/\/elcalaixetdelaiaia.es\/2014\/04\/como-sacar-las-semillas-de-la-vaina-de\/\">https:\/\/elcalaixetdelaiaia.es\/2014\/04\/como-sacar-las-semillas-de-la-vaina-de\/<\/a><\/p>\n<p><img decoding=\"async\" loading=\"lazy\" src=\"https:\/\/elcalaixetdelaiaia.es\/wp-content\/uploads\/2020\/06\/SAM_0589-1024x768.jpg\" class=\"aligncenter size-large wp-image-22411\" width=\"750\" height=\"563\" alt=\"\" srcset=\"https:\/\/elcalaixetdelaiaia.es\/wp-content\/uploads\/2020\/06\/SAM_0589-1024x768.jpg 1024w, https:\/\/elcalaixetdelaiaia.es\/wp-content\/uploads\/2020\/06\/SAM_0589-300x225.jpg 300w, https:\/\/elcalaixetdelaiaia.es\/wp-content\/uploads\/2020\/06\/SAM_0589-768x576.jpg 768w, https:\/\/elcalaixetdelaiaia.es\/wp-content\/uploads\/2020\/06\/SAM_0589-1536x1152.jpg 1536w, https:\/\/elcalaixetdelaiaia.es\/wp-content\/uploads\/2020\/06\/SAM_0589-2048x1536.jpg 2048w\" sizes=\"(max-width: 750px) 100vw, 750px\" \/><\/p>\n<p>&nbsp;<\/p>\n<p>Una vez sacadas las semillas, unicamente habr\u00e9is de llenar el bote con az\u00facar blanquilla, o az\u00facar glas, como quer\u00e1is, en mi caso, suelo hacer un bote de cada. Introducir en el mismo la vaina, en lugar de desecharla a la basura. Simplemente, as\u00ed de f\u00e1cil.<\/p>\n<p>&nbsp;<\/p>\n<p><img decoding=\"async\" loading=\"lazy\" src=\"https:\/\/elcalaixetdelaiaia.es\/wp-content\/uploads\/2020\/06\/SAM_0590-768x1024.jpg\" class=\"aligncenter size-large wp-image-22408\" width=\"750\" height=\"1000\" alt=\"\" srcset=\"https:\/\/elcalaixetdelaiaia.es\/wp-content\/uploads\/2020\/06\/SAM_0590-768x1024.jpg 768w, https:\/\/elcalaixetdelaiaia.es\/wp-content\/uploads\/2020\/06\/SAM_0590-225x300.jpg 225w, https:\/\/elcalaixetdelaiaia.es\/wp-content\/uploads\/2020\/06\/SAM_0590-1152x1536.jpg 1152w, https:\/\/elcalaixetdelaiaia.es\/wp-content\/uploads\/2020\/06\/SAM_0590-1536x2048.jpg 1536w, https:\/\/elcalaixetdelaiaia.es\/wp-content\/uploads\/2020\/06\/SAM_0590-scaled.jpg 1920w\" sizes=\"(max-width: 750px) 100vw, 750px\" \/><\/p>\n<p>Removeremos un poco las vainas y taparemos el bote, en un par de semanas podremos disfrutar de un az\u00facar con un estupendo sabor a vainilla.<\/p>\n<p>Cuando gastemos el az\u00facar lo podemos rellenar un par de veces o tres, con las mismas vainas, o cambiarlas cada vez que usemos unas, con lo cual siempre est\u00e1 el az\u00facar&nbsp; aromatizado \ud83d\ude09<\/p>\n<p>Y si lo que quer\u00e9is es preparar muy muy barata la esencia de vainilla, tambi\u00e9n pod\u00e9is hacerla en casa, como pod\u00e9is ver aqu\u00ed paso a paso detallado <a href=\"https:\/\/elcalaixetdelaiaia.es\/2015\/04\/esencia-de-vainilla-casera-paso-paso\/\">https:\/\/elcalaixetdelaiaia.es\/2015\/04\/esencia-de-vainilla-casera-paso-paso\/<\/a><\/p>\n<div>Espero tus comentarios que para mi son MUY importantes y recuerda que tambi\u00e9n estoy en Facebook <a href=\"https:\/\/www.facebook.com\/El-calaixet-de-la-iaia-533062140099386\/\">https:\/\/www.facebook.com\/El-calaixet-de-la-iaia-533062140099386\/<\/a><\/div>\n<div>Si quieres recibir mis actualizaciones por mail, al final de \u00e9sta p\u00e1gina a la izquierda tienes como hacer para introducir tu correo electr\u00f3nico y no perderte las actualizaciones de mis recetas \u00a1Gracias!<\/div>\n","protected":false},"excerpt":{"rendered":"<p>\u00abRefrany; Cor dol\u00e7, llavis de sucre\u00bb Coraz\u00f3n dulce, labios de az\u00facar. Son muchas las recetas de reposter\u00eda, que incluyen entre sus ingredientes el az\u00facar vainillado. No hace falta comprarlo y pagar por algo que podemos preparar en casa, y que nos sale tan s\u00f3lo por el precio del az\u00facar blanquilla &hellip; <\/p>\n","protected":false},"author":2,"featured_media":22408,"comment_status":"open","ping_status":"open","sticky":false,"template":"","format":"standard","meta":[],"categories":[6,54],"tags":[],"_links":{"self":[{"href":"https:\/\/elcalaixetdelaiaia.es\/index.php?rest_route=\/wp\/v2\/posts\/22407"}],"collection":[{"href":"https:\/\/elcalaixetdelaiaia.es\/index.php?rest_route=\/wp\/v2\/posts"}],"about":[{"href":"https:\/\/elcalaixetdelaiaia.es\/index.php?rest_route=\/wp\/v2\/types\/post"}],"author":[{"embeddable":true,"href":"https:\/\/elcalaixetdelaiaia.es\/index.php?rest_route=\/wp\/v2\/users\/2"}],"replies":[{"embeddable":true,"href":"https:\/\/elcalaixetdelaiaia.es\/index.php?rest_route=%2Fwp%2Fv2%2Fcomments&post=22407"}],"version-history":[{"count":3,"href":"https:\/\/elcalaixetdelaiaia.es\/index.php?rest_route=\/wp\/v2\/posts\/22407\/revisions"}],"predecessor-version":[{"id":23207,"href":"https:\/\/elcalaixetdelaiaia.es\/index.php?rest_route=\/wp\/v2\/posts\/22407\/revisions\/23207"}],"wp:featuredmedia":[{"embeddable":true,"href":"https:\/\/elcalaixetdelaiaia.es\/index.php?rest_route=\/wp\/v2\/media\/22408"}],"wp:attachment":[{"href":"https:\/\/elcalaixetdelaiaia.es\/index.php?rest_route=%2Fwp%2Fv2%2Fmedia&parent=22407"}],"wp:term":[{"taxonomy":"category","embeddable":true,"href":"https:\/\/elcalaixetdelaiaia.es\/index.php?rest_route=%2Fwp%2Fv2%2Fcategories&post=22407"},{"taxonomy":"post_tag","embeddable":true,"href":"https:\/\/elcalaixetdelaiaia.es\/index.php?rest_route=%2Fwp%2Fv2%2Ftags&post=22407"}],"curies":[{"name":"wp","href":"https:\/\/api.w.org\/{rel}","templated":true}]}}