{"id":22228,"date":"2020-06-02T15:09:12","date_gmt":"2020-06-02T15:09:12","guid":{"rendered":"http:\/\/elcalaixetdelaiaia.es\/?p=22228"},"modified":"2024-03-10T17:11:40","modified_gmt":"2024-03-10T17:11:40","slug":"pequeno-bizcocho-de-naranja-con-chocolate-paso-a-paso-foto-a-foto","status":"publish","type":"post","link":"https:\/\/elcalaixetdelaiaia.es\/?p=22228","title":{"rendered":"Peque\u00f1o bizcocho de naranja con chocolate paso a paso foto a foto"},"content":{"rendered":"<p>\u00abRefrany; Al pot xicotet, hi\u00e0 bona confitura\u00bb. En el bote peque\u00f1o, hay buena confitura.<\/p>\n<p>Pues en este bizcocho \u00abxicotet\u00bb peque\u00f1ito, tambi\u00e9n, porque el tama\u00f1o peque\u00f1o no quiere decir que no est\u00e9 rico riqu\u00edsimo.<\/p>\n<p>A veces, no hacemos bizcochos en casa porque estamos solo uno, o dos, o estamos a dieta y s\u00f3lo comen los ni\u00f1os, o nos aburrimos de comer muchos d\u00edas el mismo bizcocho, porque no nos gusta congelarlo, o mil cosas mas. Pues se acabaron las excusas, porque este bizcocho es para 5\/6 raciones, como mucho, y sale buen\u00edsimo, os aseguro que en cuanto lo prob\u00e9is, se quedar\u00e1 fijo en vuestro recetario personal, porque est\u00e1 muy muy bueno, jugoso y muy esponjoso.<\/p>\n<p><img decoding=\"async\" loading=\"lazy\" class=\"size-large wp-image-22353 aligncenter\" src=\"https:\/\/elcalaixetdelaiaia.es\/wp-content\/uploads\/2020\/06\/eZy_watermark_27-05-2020_07-08-34-1024x768.jpg\" alt=\"\" width=\"750\" height=\"563\" srcset=\"https:\/\/elcalaixetdelaiaia.es\/wp-content\/uploads\/2020\/06\/eZy_watermark_27-05-2020_07-08-34-1024x768.jpg 1024w, https:\/\/elcalaixetdelaiaia.es\/wp-content\/uploads\/2020\/06\/eZy_watermark_27-05-2020_07-08-34-300x225.jpg 300w, https:\/\/elcalaixetdelaiaia.es\/wp-content\/uploads\/2020\/06\/eZy_watermark_27-05-2020_07-08-34-768x576.jpg 768w, https:\/\/elcalaixetdelaiaia.es\/wp-content\/uploads\/2020\/06\/eZy_watermark_27-05-2020_07-08-34-1536x1152.jpg 1536w, https:\/\/elcalaixetdelaiaia.es\/wp-content\/uploads\/2020\/06\/eZy_watermark_27-05-2020_07-08-34.jpg 1600w\" sizes=\"(max-width: 750px) 100vw, 750px\" \/><\/p>\n<p>Os recomiendo para hacerlo un molde de 16cm. como estos, da igual que lleven o no, agujero en el centro. El de agujero, tiene 9 cm. de altura.<\/p>\n<p>Voy a la faena, para no perder m\u00e1s tiempo\ud83d\ude09<\/p>\n<p>Necesitaremos;<\/p>\n<p><img decoding=\"async\" loading=\"lazy\" class=\"size-large wp-image-22354 aligncenter\" src=\"https:\/\/elcalaixetdelaiaia.es\/wp-content\/uploads\/2020\/06\/IMG_20200527_163751-1024x768.jpg\" alt=\"\" width=\"750\" height=\"563\" srcset=\"https:\/\/elcalaixetdelaiaia.es\/wp-content\/uploads\/2020\/06\/IMG_20200527_163751-1024x768.jpg 1024w, https:\/\/elcalaixetdelaiaia.es\/wp-content\/uploads\/2020\/06\/IMG_20200527_163751-300x225.jpg 300w, https:\/\/elcalaixetdelaiaia.es\/wp-content\/uploads\/2020\/06\/IMG_20200527_163751-768x576.jpg 768w, https:\/\/elcalaixetdelaiaia.es\/wp-content\/uploads\/2020\/06\/IMG_20200527_163751-1536x1152.jpg 1536w, https:\/\/elcalaixetdelaiaia.es\/wp-content\/uploads\/2020\/06\/IMG_20200527_163751-2048x1536.jpg 2048w\" sizes=\"(max-width: 750px) 100vw, 750px\" \/><\/p>\n<ol>\n<li>120g de az\u00facar blanquilla<\/li>\n<li>135g de harina de trigo<\/li>\n<li>Dos huevos<\/li>\n<li>Las semillas de una vaina de vainilla<\/li>\n<li>100ml leche entera<\/li>\n<li>7g de levadura tipo royal<\/li>\n<li>80ml de aceite de oliva suave<\/li>\n<li>La ralladura de una naranja<\/li>\n<li>Un pu\u00f1adito de l\u00e1grimas, gotas, o perlas de chocolate puro<\/li>\n<li>Mantequilla<\/li>\n<\/ol>\n<p style=\"text-align: center;\">Los ingredientes, como en cada bizcocho, siempre a temperatura ambiente, esto es importante. Pondremos en un cuenco los huevos, y la raspadura de una vaina de vainilla<\/p>\n<p style=\"text-align: center;\"><img decoding=\"async\" loading=\"lazy\" class=\"alignnone size-large wp-image-22386\" src=\"https:\/\/elcalaixetdelaiaia.es\/wp-content\/uploads\/2020\/06\/eZy_watermark_27-05-2020_07-08-02-1024x768.jpg\" alt=\"\" width=\"750\" height=\"563\" srcset=\"https:\/\/elcalaixetdelaiaia.es\/wp-content\/uploads\/2020\/06\/eZy_watermark_27-05-2020_07-08-02-1024x768.jpg 1024w, https:\/\/elcalaixetdelaiaia.es\/wp-content\/uploads\/2020\/06\/eZy_watermark_27-05-2020_07-08-02-300x225.jpg 300w, https:\/\/elcalaixetdelaiaia.es\/wp-content\/uploads\/2020\/06\/eZy_watermark_27-05-2020_07-08-02-768x576.jpg 768w, https:\/\/elcalaixetdelaiaia.es\/wp-content\/uploads\/2020\/06\/eZy_watermark_27-05-2020_07-08-02-1536x1152.jpg 1536w, https:\/\/elcalaixetdelaiaia.es\/wp-content\/uploads\/2020\/06\/eZy_watermark_27-05-2020_07-08-02.jpg 1600w\" sizes=\"(max-width: 750px) 100vw, 750px\" \/><\/p>\n<p style=\"text-align: center;\">pesaremos 120g de az\u00facar blanquilla,<\/p>\n<p style=\"text-align: center;\"><img decoding=\"async\" loading=\"lazy\" class=\"alignnone size-large wp-image-22385\" src=\"https:\/\/elcalaixetdelaiaia.es\/wp-content\/uploads\/2020\/06\/eZy_watermark_27-05-2020_07-08-031-1024x768.jpg\" alt=\"\" width=\"750\" height=\"563\" srcset=\"https:\/\/elcalaixetdelaiaia.es\/wp-content\/uploads\/2020\/06\/eZy_watermark_27-05-2020_07-08-031-1024x768.jpg 1024w, https:\/\/elcalaixetdelaiaia.es\/wp-content\/uploads\/2020\/06\/eZy_watermark_27-05-2020_07-08-031-300x225.jpg 300w, https:\/\/elcalaixetdelaiaia.es\/wp-content\/uploads\/2020\/06\/eZy_watermark_27-05-2020_07-08-031-768x576.jpg 768w, https:\/\/elcalaixetdelaiaia.es\/wp-content\/uploads\/2020\/06\/eZy_watermark_27-05-2020_07-08-031-1536x1152.jpg 1536w, https:\/\/elcalaixetdelaiaia.es\/wp-content\/uploads\/2020\/06\/eZy_watermark_27-05-2020_07-08-031.jpg 1600w\" sizes=\"(max-width: 750px) 100vw, 750px\" \/><\/p>\n<p style=\"text-align: center;\">lo a\u00f1adiremos al bol y batiremos hasta blanquear y doblar volumen<\/p>\n<p><img decoding=\"async\" loading=\"lazy\" class=\"alignnone size-large wp-image-22373 aligncenter\" src=\"https:\/\/elcalaixetdelaiaia.es\/wp-content\/uploads\/2020\/06\/eZy_watermark_27-05-2020_07-08-16-1024x771.jpg\" alt=\"\" width=\"750\" height=\"565\" srcset=\"https:\/\/elcalaixetdelaiaia.es\/wp-content\/uploads\/2020\/06\/eZy_watermark_27-05-2020_07-08-16-1024x771.jpg 1024w, https:\/\/elcalaixetdelaiaia.es\/wp-content\/uploads\/2020\/06\/eZy_watermark_27-05-2020_07-08-16-300x226.jpg 300w, https:\/\/elcalaixetdelaiaia.es\/wp-content\/uploads\/2020\/06\/eZy_watermark_27-05-2020_07-08-16-768x578.jpg 768w, https:\/\/elcalaixetdelaiaia.es\/wp-content\/uploads\/2020\/06\/eZy_watermark_27-05-2020_07-08-16-1536x1157.jpg 1536w, https:\/\/elcalaixetdelaiaia.es\/wp-content\/uploads\/2020\/06\/eZy_watermark_27-05-2020_07-08-16.jpg 1600w\" sizes=\"(max-width: 750px) 100vw, 750px\" \/><\/p>\n<p style=\"text-align: center;\">a\u00f1adiremos el aceite de oliva suave, batiremos<\/p>\n<p style=\"text-align: center;\"><img decoding=\"async\" loading=\"lazy\" class=\"alignnone size-large wp-image-22384\" src=\"https:\/\/elcalaixetdelaiaia.es\/wp-content\/uploads\/2020\/06\/eZy_watermark_27-05-2020_07-08-05-1024x768.jpg\" alt=\"\" width=\"750\" height=\"563\" srcset=\"https:\/\/elcalaixetdelaiaia.es\/wp-content\/uploads\/2020\/06\/eZy_watermark_27-05-2020_07-08-05-1024x768.jpg 1024w, https:\/\/elcalaixetdelaiaia.es\/wp-content\/uploads\/2020\/06\/eZy_watermark_27-05-2020_07-08-05-300x225.jpg 300w, https:\/\/elcalaixetdelaiaia.es\/wp-content\/uploads\/2020\/06\/eZy_watermark_27-05-2020_07-08-05-768x576.jpg 768w, https:\/\/elcalaixetdelaiaia.es\/wp-content\/uploads\/2020\/06\/eZy_watermark_27-05-2020_07-08-05-1536x1152.jpg 1536w, https:\/\/elcalaixetdelaiaia.es\/wp-content\/uploads\/2020\/06\/eZy_watermark_27-05-2020_07-08-05.jpg 1600w\" sizes=\"(max-width: 750px) 100vw, 750px\" \/><\/p>\n<p style=\"text-align: center;\">y a continuaci\u00f3n la leche<\/p>\n<p style=\"text-align: center;\"><img decoding=\"async\" loading=\"lazy\" class=\"alignnone size-large wp-image-22382\" src=\"https:\/\/elcalaixetdelaiaia.es\/wp-content\/uploads\/2020\/06\/eZy_watermark_27-05-2020_07-08-07-1024x768.jpg\" alt=\"\" width=\"750\" height=\"563\" srcset=\"https:\/\/elcalaixetdelaiaia.es\/wp-content\/uploads\/2020\/06\/eZy_watermark_27-05-2020_07-08-07-1024x768.jpg 1024w, https:\/\/elcalaixetdelaiaia.es\/wp-content\/uploads\/2020\/06\/eZy_watermark_27-05-2020_07-08-07-300x225.jpg 300w, https:\/\/elcalaixetdelaiaia.es\/wp-content\/uploads\/2020\/06\/eZy_watermark_27-05-2020_07-08-07-768x576.jpg 768w, https:\/\/elcalaixetdelaiaia.es\/wp-content\/uploads\/2020\/06\/eZy_watermark_27-05-2020_07-08-07-1536x1152.jpg 1536w, https:\/\/elcalaixetdelaiaia.es\/wp-content\/uploads\/2020\/06\/eZy_watermark_27-05-2020_07-08-07.jpg 1600w\" sizes=\"(max-width: 750px) 100vw, 750px\" \/><\/p>\n<p style=\"text-align: center;\">Pesaremos la levadura<\/p>\n<p style=\"text-align: center;\"><img decoding=\"async\" loading=\"lazy\" class=\"alignnone size-large wp-image-22374\" src=\"https:\/\/elcalaixetdelaiaia.es\/wp-content\/uploads\/2020\/06\/eZy_watermark_27-05-2020_07-08-15-1024x829.jpg\" alt=\"\" width=\"750\" height=\"607\" srcset=\"https:\/\/elcalaixetdelaiaia.es\/wp-content\/uploads\/2020\/06\/eZy_watermark_27-05-2020_07-08-15-1024x829.jpg 1024w, https:\/\/elcalaixetdelaiaia.es\/wp-content\/uploads\/2020\/06\/eZy_watermark_27-05-2020_07-08-15-300x243.jpg 300w, https:\/\/elcalaixetdelaiaia.es\/wp-content\/uploads\/2020\/06\/eZy_watermark_27-05-2020_07-08-15-768x622.jpg 768w, https:\/\/elcalaixetdelaiaia.es\/wp-content\/uploads\/2020\/06\/eZy_watermark_27-05-2020_07-08-15-1536x1243.jpg 1536w, https:\/\/elcalaixetdelaiaia.es\/wp-content\/uploads\/2020\/06\/eZy_watermark_27-05-2020_07-08-15.jpg 1600w\" sizes=\"(max-width: 750px) 100vw, 750px\" \/><\/p>\n<p style=\"text-align: center;\">y la a\u00f1adiremos a la harina, mezclaremos<\/p>\n<p style=\"text-align: center;\"><img decoding=\"async\" loading=\"lazy\" class=\"alignnone size-large wp-image-22381\" src=\"https:\/\/elcalaixetdelaiaia.es\/wp-content\/uploads\/2020\/06\/eZy_watermark_27-05-2020_07-08-08-1024x768.jpg\" alt=\"\" width=\"750\" height=\"563\" srcset=\"https:\/\/elcalaixetdelaiaia.es\/wp-content\/uploads\/2020\/06\/eZy_watermark_27-05-2020_07-08-08-1024x768.jpg 1024w, https:\/\/elcalaixetdelaiaia.es\/wp-content\/uploads\/2020\/06\/eZy_watermark_27-05-2020_07-08-08-300x225.jpg 300w, https:\/\/elcalaixetdelaiaia.es\/wp-content\/uploads\/2020\/06\/eZy_watermark_27-05-2020_07-08-08-768x576.jpg 768w, https:\/\/elcalaixetdelaiaia.es\/wp-content\/uploads\/2020\/06\/eZy_watermark_27-05-2020_07-08-08-1536x1152.jpg 1536w, https:\/\/elcalaixetdelaiaia.es\/wp-content\/uploads\/2020\/06\/eZy_watermark_27-05-2020_07-08-08.jpg 1600w\" sizes=\"(max-width: 750px) 100vw, 750px\" \/><\/p>\n<p style=\"text-align: center;\">y a\u00f1adiremos al cuenco, poco a poco, tamiz\u00e1ndola con tamizador o con un colador dando golpecitos con el dorso de la mano. Removeremos bien, asegur\u00e1ndonos de que no quede ning\u00fan grumo<\/p>\n<p style=\"text-align: center;\"><img decoding=\"async\" loading=\"lazy\" class=\"alignnone size-large wp-image-22380\" src=\"https:\/\/elcalaixetdelaiaia.es\/wp-content\/uploads\/2020\/06\/eZy_watermark_27-05-2020_07-08-09-1024x768.jpg\" alt=\"\" width=\"750\" height=\"563\" srcset=\"https:\/\/elcalaixetdelaiaia.es\/wp-content\/uploads\/2020\/06\/eZy_watermark_27-05-2020_07-08-09-1024x768.jpg 1024w, https:\/\/elcalaixetdelaiaia.es\/wp-content\/uploads\/2020\/06\/eZy_watermark_27-05-2020_07-08-09-300x225.jpg 300w, https:\/\/elcalaixetdelaiaia.es\/wp-content\/uploads\/2020\/06\/eZy_watermark_27-05-2020_07-08-09-768x576.jpg 768w, https:\/\/elcalaixetdelaiaia.es\/wp-content\/uploads\/2020\/06\/eZy_watermark_27-05-2020_07-08-09-1536x1152.jpg 1536w, https:\/\/elcalaixetdelaiaia.es\/wp-content\/uploads\/2020\/06\/eZy_watermark_27-05-2020_07-08-09.jpg 1600w\" sizes=\"(max-width: 750px) 100vw, 750px\" \/><\/p>\n<p style=\"text-align: center;\">lavaremos bien la naranja, la secaremos y rallaremos la parte naranja (flavedo) procurando no cojer la blanca, (albedo) porque amarga. Incorporamos la ralladura a la masa<\/p>\n<p style=\"text-align: center;\"><img decoding=\"async\" loading=\"lazy\" class=\"alignnone size-large wp-image-22379\" src=\"https:\/\/elcalaixetdelaiaia.es\/wp-content\/uploads\/2020\/06\/eZy_watermark_27-05-2020_07-08-10-1024x768.jpg\" alt=\"\" width=\"750\" height=\"563\" srcset=\"https:\/\/elcalaixetdelaiaia.es\/wp-content\/uploads\/2020\/06\/eZy_watermark_27-05-2020_07-08-10-1024x768.jpg 1024w, https:\/\/elcalaixetdelaiaia.es\/wp-content\/uploads\/2020\/06\/eZy_watermark_27-05-2020_07-08-10-300x225.jpg 300w, https:\/\/elcalaixetdelaiaia.es\/wp-content\/uploads\/2020\/06\/eZy_watermark_27-05-2020_07-08-10-768x576.jpg 768w, https:\/\/elcalaixetdelaiaia.es\/wp-content\/uploads\/2020\/06\/eZy_watermark_27-05-2020_07-08-10-1536x1152.jpg 1536w, https:\/\/elcalaixetdelaiaia.es\/wp-content\/uploads\/2020\/06\/eZy_watermark_27-05-2020_07-08-10.jpg 1600w\" sizes=\"(max-width: 750px) 100vw, 750px\" \/><\/p>\n<p style=\"text-align: center;\">enharinamos las pepitas de chocolate, para que no se vayan todas al fondo y antes de encamisar el molde, precalentar horno a 180\u00ba calor arriba y abajo<\/p>\n<p style=\"text-align: center;\"><img decoding=\"async\" loading=\"lazy\" class=\"alignnone size-large wp-image-22378\" src=\"https:\/\/elcalaixetdelaiaia.es\/wp-content\/uploads\/2020\/06\/eZy_watermark_27-05-2020_07-08-11-1024x768.jpg\" alt=\"\" width=\"750\" height=\"563\" srcset=\"https:\/\/elcalaixetdelaiaia.es\/wp-content\/uploads\/2020\/06\/eZy_watermark_27-05-2020_07-08-11-1024x768.jpg 1024w, https:\/\/elcalaixetdelaiaia.es\/wp-content\/uploads\/2020\/06\/eZy_watermark_27-05-2020_07-08-11-300x225.jpg 300w, https:\/\/elcalaixetdelaiaia.es\/wp-content\/uploads\/2020\/06\/eZy_watermark_27-05-2020_07-08-11-768x576.jpg 768w, https:\/\/elcalaixetdelaiaia.es\/wp-content\/uploads\/2020\/06\/eZy_watermark_27-05-2020_07-08-11-1536x1152.jpg 1536w, https:\/\/elcalaixetdelaiaia.es\/wp-content\/uploads\/2020\/06\/eZy_watermark_27-05-2020_07-08-11.jpg 1600w\" sizes=\"(max-width: 750px) 100vw, 750px\" \/><\/p>\n<p style=\"text-align: center;\">Encamisaremos el molde, aunque sea antiadherente, porque hace que el desmoldado sea espectacularmente f\u00e1cil. Para ello embadurnaremos el interior del molde con mantequilla o margarina, espolvoreamos de harina, y poniendo el molde boca abajo, golpearemos para eliminar el exceso de harina que haya podido quedar.<\/p>\n<p style=\"text-align: center;\"><img decoding=\"async\" loading=\"lazy\" class=\"alignnone size-large wp-image-22377\" src=\"https:\/\/elcalaixetdelaiaia.es\/wp-content\/uploads\/2020\/06\/eZy_watermark_27-05-2020_07-08-13-1024x768.jpg\" alt=\"\" width=\"750\" height=\"563\" srcset=\"https:\/\/elcalaixetdelaiaia.es\/wp-content\/uploads\/2020\/06\/eZy_watermark_27-05-2020_07-08-13-1024x768.jpg 1024w, https:\/\/elcalaixetdelaiaia.es\/wp-content\/uploads\/2020\/06\/eZy_watermark_27-05-2020_07-08-13-300x225.jpg 300w, https:\/\/elcalaixetdelaiaia.es\/wp-content\/uploads\/2020\/06\/eZy_watermark_27-05-2020_07-08-13-768x576.jpg 768w, https:\/\/elcalaixetdelaiaia.es\/wp-content\/uploads\/2020\/06\/eZy_watermark_27-05-2020_07-08-13-1536x1152.jpg 1536w, https:\/\/elcalaixetdelaiaia.es\/wp-content\/uploads\/2020\/06\/eZy_watermark_27-05-2020_07-08-13.jpg 1600w\" sizes=\"(max-width: 750px) 100vw, 750px\" \/><\/p>\n<p style=\"text-align: center;\">volcamos la masa y las pepitas o l\u00e1grimas de chocolate en el molde,<\/p>\n<p><img decoding=\"async\" loading=\"lazy\" class=\"size-large wp-image-22375 aligncenter\" src=\"https:\/\/elcalaixetdelaiaia.es\/wp-content\/uploads\/2020\/06\/eZy_watermark_27-05-2020_07-08-14-1024x768.jpg\" alt=\"\" width=\"750\" height=\"563\" srcset=\"https:\/\/elcalaixetdelaiaia.es\/wp-content\/uploads\/2020\/06\/eZy_watermark_27-05-2020_07-08-14-1024x768.jpg 1024w, https:\/\/elcalaixetdelaiaia.es\/wp-content\/uploads\/2020\/06\/eZy_watermark_27-05-2020_07-08-14-300x225.jpg 300w, https:\/\/elcalaixetdelaiaia.es\/wp-content\/uploads\/2020\/06\/eZy_watermark_27-05-2020_07-08-14-768x576.jpg 768w, https:\/\/elcalaixetdelaiaia.es\/wp-content\/uploads\/2020\/06\/eZy_watermark_27-05-2020_07-08-14-1536x1152.jpg 1536w, https:\/\/elcalaixetdelaiaia.es\/wp-content\/uploads\/2020\/06\/eZy_watermark_27-05-2020_07-08-14.jpg 1600w\" sizes=\"(max-width: 750px) 100vw, 750px\" \/><\/p>\n<p style=\"text-align: center;\">y al horno que ya estar\u00e1 caliente y dejaremos a 180\u00ba calor arriba y abajo media altura. Cada horno es un mundo y funciona de una manera, no solo porque unos son de gas, incluso entre los el\u00e9ctricos, funcionan de distinta forma, los tiempos que os doy son orientativos, no os fi\u00e9is cuando hag\u00e1is una receta la primera vez, tomar nota y as\u00ed ya lo sab\u00e9is para las sucesivas. En este horno ha costado justo 35 minutos. os aconsejo pasado este tiempo<\/p>\n<p style=\"text-align: center;\"><img decoding=\"async\" loading=\"lazy\" class=\"alignnone size-large wp-image-22372\" src=\"https:\/\/elcalaixetdelaiaia.es\/wp-content\/uploads\/2020\/06\/eZy_watermark_27-05-2020_07-08-18-768x1024.jpg\" alt=\"\" width=\"750\" height=\"1000\" srcset=\"https:\/\/elcalaixetdelaiaia.es\/wp-content\/uploads\/2020\/06\/eZy_watermark_27-05-2020_07-08-18-768x1024.jpg 768w, https:\/\/elcalaixetdelaiaia.es\/wp-content\/uploads\/2020\/06\/eZy_watermark_27-05-2020_07-08-18-225x300.jpg 225w, https:\/\/elcalaixetdelaiaia.es\/wp-content\/uploads\/2020\/06\/eZy_watermark_27-05-2020_07-08-18-1152x1536.jpg 1152w, https:\/\/elcalaixetdelaiaia.es\/wp-content\/uploads\/2020\/06\/eZy_watermark_27-05-2020_07-08-18.jpg 1200w\" sizes=\"(max-width: 750px) 100vw, 750px\" \/><\/p>\n<p style=\"text-align: center;\">hacer la prueba del palillo, si sale limpio, est\u00e1 listo, de lo contrario dejar 5minutos mas, pero con precauci\u00f3n de que no se reseque<\/p>\n<p style=\"text-align: center;\"><img decoding=\"async\" loading=\"lazy\" class=\"size-large wp-image-22370 aligncenter\" src=\"https:\/\/elcalaixetdelaiaia.es\/wp-content\/uploads\/2020\/06\/eZy_watermark_27-05-2020_07-08-19-1024x768.jpg\" alt=\"\" width=\"750\" height=\"563\" srcset=\"https:\/\/elcalaixetdelaiaia.es\/wp-content\/uploads\/2020\/06\/eZy_watermark_27-05-2020_07-08-19-1024x768.jpg 1024w, https:\/\/elcalaixetdelaiaia.es\/wp-content\/uploads\/2020\/06\/eZy_watermark_27-05-2020_07-08-19-300x225.jpg 300w, https:\/\/elcalaixetdelaiaia.es\/wp-content\/uploads\/2020\/06\/eZy_watermark_27-05-2020_07-08-19-768x576.jpg 768w, https:\/\/elcalaixetdelaiaia.es\/wp-content\/uploads\/2020\/06\/eZy_watermark_27-05-2020_07-08-19-1536x1152.jpg 1536w, https:\/\/elcalaixetdelaiaia.es\/wp-content\/uploads\/2020\/06\/eZy_watermark_27-05-2020_07-08-19.jpg 1600w\" sizes=\"(max-width: 750px) 100vw, 750px\" \/><\/p>\n<p style=\"text-align: center;\">Sacaremos con cuidado el molde del horno y lo dejaremos enfriar sobre una rejilla<\/p>\n<p style=\"text-align: center;\"><img decoding=\"async\" loading=\"lazy\" class=\"alignnone size-large wp-image-22368\" src=\"https:\/\/elcalaixetdelaiaia.es\/wp-content\/uploads\/2020\/06\/eZy_watermark_27-05-2020_07-08-20-1024x768.jpg\" alt=\"\" width=\"750\" height=\"563\" srcset=\"https:\/\/elcalaixetdelaiaia.es\/wp-content\/uploads\/2020\/06\/eZy_watermark_27-05-2020_07-08-20-1024x768.jpg 1024w, https:\/\/elcalaixetdelaiaia.es\/wp-content\/uploads\/2020\/06\/eZy_watermark_27-05-2020_07-08-20-300x225.jpg 300w, https:\/\/elcalaixetdelaiaia.es\/wp-content\/uploads\/2020\/06\/eZy_watermark_27-05-2020_07-08-20-768x576.jpg 768w, https:\/\/elcalaixetdelaiaia.es\/wp-content\/uploads\/2020\/06\/eZy_watermark_27-05-2020_07-08-20-1536x1152.jpg 1536w, https:\/\/elcalaixetdelaiaia.es\/wp-content\/uploads\/2020\/06\/eZy_watermark_27-05-2020_07-08-20.jpg 1600w\" sizes=\"(max-width: 750px) 100vw, 750px\" \/><\/p>\n<p style=\"text-align: center;\">cuando est\u00e9 tibio, listo para desmoldar<\/p>\n<p><img decoding=\"async\" loading=\"lazy\" class=\"size-large wp-image-22367 aligncenter\" src=\"https:\/\/elcalaixetdelaiaia.es\/wp-content\/uploads\/2020\/06\/eZy_watermark_27-05-2020_07-08-22-1024x768.jpg\" alt=\"\" width=\"750\" height=\"563\" srcset=\"https:\/\/elcalaixetdelaiaia.es\/wp-content\/uploads\/2020\/06\/eZy_watermark_27-05-2020_07-08-22-1024x768.jpg 1024w, https:\/\/elcalaixetdelaiaia.es\/wp-content\/uploads\/2020\/06\/eZy_watermark_27-05-2020_07-08-22-300x225.jpg 300w, https:\/\/elcalaixetdelaiaia.es\/wp-content\/uploads\/2020\/06\/eZy_watermark_27-05-2020_07-08-22-768x576.jpg 768w, https:\/\/elcalaixetdelaiaia.es\/wp-content\/uploads\/2020\/06\/eZy_watermark_27-05-2020_07-08-22-1536x1152.jpg 1536w, https:\/\/elcalaixetdelaiaia.es\/wp-content\/uploads\/2020\/06\/eZy_watermark_27-05-2020_07-08-22.jpg 1600w\" sizes=\"(max-width: 750px) 100vw, 750px\" \/><\/p>\n<p style=\"text-align: center;\">Lo voltearemos con cuidado sobre la rejilla y gracias a haberlo encamisado,<\/p>\n<p style=\"text-align: center;\"><img decoding=\"async\" loading=\"lazy\" class=\"alignnone size-large wp-image-22366\" src=\"https:\/\/elcalaixetdelaiaia.es\/wp-content\/uploads\/2020\/06\/eZy_watermark_27-05-2020_07-08-23-1024x768.jpg\" alt=\"\" width=\"750\" height=\"563\" srcset=\"https:\/\/elcalaixetdelaiaia.es\/wp-content\/uploads\/2020\/06\/eZy_watermark_27-05-2020_07-08-23-1024x768.jpg 1024w, https:\/\/elcalaixetdelaiaia.es\/wp-content\/uploads\/2020\/06\/eZy_watermark_27-05-2020_07-08-23-300x225.jpg 300w, https:\/\/elcalaixetdelaiaia.es\/wp-content\/uploads\/2020\/06\/eZy_watermark_27-05-2020_07-08-23-768x576.jpg 768w, https:\/\/elcalaixetdelaiaia.es\/wp-content\/uploads\/2020\/06\/eZy_watermark_27-05-2020_07-08-23-1536x1152.jpg 1536w, https:\/\/elcalaixetdelaiaia.es\/wp-content\/uploads\/2020\/06\/eZy_watermark_27-05-2020_07-08-23.jpg 1600w\" sizes=\"(max-width: 750px) 100vw, 750px\" \/><\/p>\n<p style=\"text-align: center;\">se deslizara con toda suavidad en la rejilla,<\/p>\n<p><img decoding=\"async\" loading=\"lazy\" class=\"alignnone size-large wp-image-22363\" src=\"https:\/\/elcalaixetdelaiaia.es\/wp-content\/uploads\/2020\/06\/eZy_watermark_27-05-2020_07-08-24-1024x768.jpg\" alt=\"\" width=\"750\" height=\"563\" srcset=\"https:\/\/elcalaixetdelaiaia.es\/wp-content\/uploads\/2020\/06\/eZy_watermark_27-05-2020_07-08-24-1024x768.jpg 1024w, https:\/\/elcalaixetdelaiaia.es\/wp-content\/uploads\/2020\/06\/eZy_watermark_27-05-2020_07-08-24-300x225.jpg 300w, https:\/\/elcalaixetdelaiaia.es\/wp-content\/uploads\/2020\/06\/eZy_watermark_27-05-2020_07-08-24-768x576.jpg 768w, https:\/\/elcalaixetdelaiaia.es\/wp-content\/uploads\/2020\/06\/eZy_watermark_27-05-2020_07-08-24-1536x1152.jpg 1536w, https:\/\/elcalaixetdelaiaia.es\/wp-content\/uploads\/2020\/06\/eZy_watermark_27-05-2020_07-08-24.jpg 1600w\" sizes=\"(max-width: 750px) 100vw, 750px\" \/><\/p>\n<p style=\"text-align: center;\">donde dejaremos hasta que se enfr\u00ede por completo<\/p>\n<p><img decoding=\"async\" loading=\"lazy\" class=\"alignnone size-large wp-image-22362 aligncenter\" src=\"https:\/\/elcalaixetdelaiaia.es\/wp-content\/uploads\/2020\/06\/eZy_watermark_27-05-2020_07-08-25-1024x768.jpg\" alt=\"\" width=\"750\" height=\"563\" srcset=\"https:\/\/elcalaixetdelaiaia.es\/wp-content\/uploads\/2020\/06\/eZy_watermark_27-05-2020_07-08-25-1024x768.jpg 1024w, https:\/\/elcalaixetdelaiaia.es\/wp-content\/uploads\/2020\/06\/eZy_watermark_27-05-2020_07-08-25-300x225.jpg 300w, https:\/\/elcalaixetdelaiaia.es\/wp-content\/uploads\/2020\/06\/eZy_watermark_27-05-2020_07-08-25-768x576.jpg 768w, https:\/\/elcalaixetdelaiaia.es\/wp-content\/uploads\/2020\/06\/eZy_watermark_27-05-2020_07-08-25-1536x1152.jpg 1536w, https:\/\/elcalaixetdelaiaia.es\/wp-content\/uploads\/2020\/06\/eZy_watermark_27-05-2020_07-08-25.jpg 1600w\" sizes=\"(max-width: 750px) 100vw, 750px\" \/><\/p>\n<p style=\"text-align: center;\">una vez fr\u00edo,lo podremos \u00abnevar\u00bb, espolvoreando con az\u00facar glass<\/p>\n<p style=\"text-align: center;\"><img decoding=\"async\" loading=\"lazy\" class=\"alignnone size-large wp-image-22365\" src=\"https:\/\/elcalaixetdelaiaia.es\/wp-content\/uploads\/2020\/06\/eZy_watermark_27-05-2020_07-08-27-1024x768.jpg\" alt=\"\" width=\"750\" height=\"563\" srcset=\"https:\/\/elcalaixetdelaiaia.es\/wp-content\/uploads\/2020\/06\/eZy_watermark_27-05-2020_07-08-27-1024x768.jpg 1024w, https:\/\/elcalaixetdelaiaia.es\/wp-content\/uploads\/2020\/06\/eZy_watermark_27-05-2020_07-08-27-300x225.jpg 300w, https:\/\/elcalaixetdelaiaia.es\/wp-content\/uploads\/2020\/06\/eZy_watermark_27-05-2020_07-08-27-768x576.jpg 768w, https:\/\/elcalaixetdelaiaia.es\/wp-content\/uploads\/2020\/06\/eZy_watermark_27-05-2020_07-08-27-1536x1152.jpg 1536w, https:\/\/elcalaixetdelaiaia.es\/wp-content\/uploads\/2020\/06\/eZy_watermark_27-05-2020_07-08-27.jpg 1600w\" sizes=\"(max-width: 750px) 100vw, 750px\" \/><\/p>\n<p style=\"text-align: center;\">y tendremos un delicioso bizcocho<\/p>\n<p style=\"text-align: center;\"><img decoding=\"async\" loading=\"lazy\" class=\"size-large wp-image-22364 aligncenter\" src=\"https:\/\/elcalaixetdelaiaia.es\/wp-content\/uploads\/2020\/06\/eZy_watermark_27-05-2020_07-08-26-1024x768.jpg\" alt=\"\" width=\"750\" height=\"563\" srcset=\"https:\/\/elcalaixetdelaiaia.es\/wp-content\/uploads\/2020\/06\/eZy_watermark_27-05-2020_07-08-26-1024x768.jpg 1024w, https:\/\/elcalaixetdelaiaia.es\/wp-content\/uploads\/2020\/06\/eZy_watermark_27-05-2020_07-08-26-300x225.jpg 300w, https:\/\/elcalaixetdelaiaia.es\/wp-content\/uploads\/2020\/06\/eZy_watermark_27-05-2020_07-08-26-768x576.jpg 768w, https:\/\/elcalaixetdelaiaia.es\/wp-content\/uploads\/2020\/06\/eZy_watermark_27-05-2020_07-08-26-1536x1152.jpg 1536w, https:\/\/elcalaixetdelaiaia.es\/wp-content\/uploads\/2020\/06\/eZy_watermark_27-05-2020_07-08-26.jpg 1600w\" sizes=\"(max-width: 750px) 100vw, 750px\" \/><\/p>\n<p style=\"text-align: center;\">listo para disfrutar en una deliciosa merienda<\/p>\n<p style=\"text-align: center;\"><img decoding=\"async\" loading=\"lazy\" class=\"alignnone size-large wp-image-22361\" src=\"https:\/\/elcalaixetdelaiaia.es\/wp-content\/uploads\/2020\/06\/eZy_watermark_27-05-2020_07-08-28-1024x768.jpg\" alt=\"\" width=\"750\" height=\"563\" srcset=\"https:\/\/elcalaixetdelaiaia.es\/wp-content\/uploads\/2020\/06\/eZy_watermark_27-05-2020_07-08-28-1024x768.jpg 1024w, https:\/\/elcalaixetdelaiaia.es\/wp-content\/uploads\/2020\/06\/eZy_watermark_27-05-2020_07-08-28-300x225.jpg 300w, https:\/\/elcalaixetdelaiaia.es\/wp-content\/uploads\/2020\/06\/eZy_watermark_27-05-2020_07-08-28-768x576.jpg 768w, https:\/\/elcalaixetdelaiaia.es\/wp-content\/uploads\/2020\/06\/eZy_watermark_27-05-2020_07-08-28-1536x1152.jpg 1536w, https:\/\/elcalaixetdelaiaia.es\/wp-content\/uploads\/2020\/06\/eZy_watermark_27-05-2020_07-08-28.jpg 1600w\" sizes=\"(max-width: 750px) 100vw, 750px\" \/><\/p>\n<p style=\"text-align: center;\">o desayuno<\/p>\n<p><img decoding=\"async\" loading=\"lazy\" class=\"size-large wp-image-22358 aligncenter\" src=\"https:\/\/elcalaixetdelaiaia.es\/wp-content\/uploads\/2020\/06\/eZy_watermark_27-05-2020_07-08-31-1024x768.jpg\" alt=\"\" width=\"750\" height=\"563\" srcset=\"https:\/\/elcalaixetdelaiaia.es\/wp-content\/uploads\/2020\/06\/eZy_watermark_27-05-2020_07-08-31-1024x768.jpg 1024w, https:\/\/elcalaixetdelaiaia.es\/wp-content\/uploads\/2020\/06\/eZy_watermark_27-05-2020_07-08-31-300x225.jpg 300w, https:\/\/elcalaixetdelaiaia.es\/wp-content\/uploads\/2020\/06\/eZy_watermark_27-05-2020_07-08-31-768x576.jpg 768w, https:\/\/elcalaixetdelaiaia.es\/wp-content\/uploads\/2020\/06\/eZy_watermark_27-05-2020_07-08-31-1536x1152.jpg 1536w, https:\/\/elcalaixetdelaiaia.es\/wp-content\/uploads\/2020\/06\/eZy_watermark_27-05-2020_07-08-31.jpg 1600w\" sizes=\"(max-width: 750px) 100vw, 750px\" \/><\/p>\n<p style=\"text-align: center;\">aqu\u00ed pod\u00e9is ver el interior del bizcocho<\/p>\n<p style=\"text-align: center;\"><img decoding=\"async\" loading=\"lazy\" class=\"alignnone size-large wp-image-22360\" src=\"https:\/\/elcalaixetdelaiaia.es\/wp-content\/uploads\/2020\/06\/eZy_watermark_27-05-2020_07-08-30-1024x768.jpg\" alt=\"\" width=\"750\" height=\"563\" srcset=\"https:\/\/elcalaixetdelaiaia.es\/wp-content\/uploads\/2020\/06\/eZy_watermark_27-05-2020_07-08-30-1024x768.jpg 1024w, https:\/\/elcalaixetdelaiaia.es\/wp-content\/uploads\/2020\/06\/eZy_watermark_27-05-2020_07-08-30-300x225.jpg 300w, https:\/\/elcalaixetdelaiaia.es\/wp-content\/uploads\/2020\/06\/eZy_watermark_27-05-2020_07-08-30-768x576.jpg 768w, https:\/\/elcalaixetdelaiaia.es\/wp-content\/uploads\/2020\/06\/eZy_watermark_27-05-2020_07-08-30-1536x1152.jpg 1536w, https:\/\/elcalaixetdelaiaia.es\/wp-content\/uploads\/2020\/06\/eZy_watermark_27-05-2020_07-08-30.jpg 1600w\" sizes=\"(max-width: 750px) 100vw, 750px\" \/><\/p>\n<p style=\"text-align: center;\">que es sumamente jugoso y esponjoso<\/p>\n<p style=\"text-align: center;\"><img decoding=\"async\" loading=\"lazy\" class=\"alignnone size-large wp-image-22359\" src=\"https:\/\/elcalaixetdelaiaia.es\/wp-content\/uploads\/2020\/06\/eZy_watermark_27-05-2020_07-08-29-1024x768.jpg\" alt=\"\" width=\"750\" height=\"563\" srcset=\"https:\/\/elcalaixetdelaiaia.es\/wp-content\/uploads\/2020\/06\/eZy_watermark_27-05-2020_07-08-29-1024x768.jpg 1024w, https:\/\/elcalaixetdelaiaia.es\/wp-content\/uploads\/2020\/06\/eZy_watermark_27-05-2020_07-08-29-300x225.jpg 300w, https:\/\/elcalaixetdelaiaia.es\/wp-content\/uploads\/2020\/06\/eZy_watermark_27-05-2020_07-08-29-768x576.jpg 768w, https:\/\/elcalaixetdelaiaia.es\/wp-content\/uploads\/2020\/06\/eZy_watermark_27-05-2020_07-08-29-1536x1152.jpg 1536w, https:\/\/elcalaixetdelaiaia.es\/wp-content\/uploads\/2020\/06\/eZy_watermark_27-05-2020_07-08-29.jpg 1600w\" sizes=\"(max-width: 750px) 100vw, 750px\" \/><\/p>\n<p style=\"text-align: center;\">y que os aconsejo, de verdad, que lo prob\u00e9is. Con estas medidas, ya no ten\u00e9is excusa para cocinaros un rico bizcocho, casero, sano y natural.<\/p>\n<p>Si no pod\u00e9is tomar az\u00facar suprimir el espolvoreado de az\u00facar glass y cambiar el az\u00facar blanquilla por Tagatese, mi mami era diab\u00e9tica y se lo hac\u00eda as\u00ed, pero con trocitos de chocolate para diab\u00e9ticos.<\/p>\n<p><img decoding=\"async\" loading=\"lazy\" class=\"size-large wp-image-22355 aligncenter\" src=\"https:\/\/elcalaixetdelaiaia.es\/wp-content\/uploads\/2020\/06\/eZy_watermark_27-05-2020_07-08-33-1024x768.jpg\" alt=\"\" width=\"750\" height=\"563\" srcset=\"https:\/\/elcalaixetdelaiaia.es\/wp-content\/uploads\/2020\/06\/eZy_watermark_27-05-2020_07-08-33-1024x768.jpg 1024w, https:\/\/elcalaixetdelaiaia.es\/wp-content\/uploads\/2020\/06\/eZy_watermark_27-05-2020_07-08-33-300x225.jpg 300w, https:\/\/elcalaixetdelaiaia.es\/wp-content\/uploads\/2020\/06\/eZy_watermark_27-05-2020_07-08-33-768x576.jpg 768w, https:\/\/elcalaixetdelaiaia.es\/wp-content\/uploads\/2020\/06\/eZy_watermark_27-05-2020_07-08-33-1536x1152.jpg 1536w, https:\/\/elcalaixetdelaiaia.es\/wp-content\/uploads\/2020\/06\/eZy_watermark_27-05-2020_07-08-33.jpg 1600w\" sizes=\"(max-width: 750px) 100vw, 750px\" \/><\/p>\n<div style=\"text-align: center;\">\u00abA la taula i&#8230; BON PROFIT!!!\u00bb<\/div>\n<div style=\"text-align: center;\">Si te gusta mi receta, podr\u00edas compartirla y para que la pueda ver mas gente. Gracias.<\/div>\n<div style=\"text-align: center;\">Espero tus comentarios y recuerda que tambi\u00e9n estoy en Facebook <a href=\"https:\/\/www.facebook.com\/El-calaixet-de-la-iaia-533062140099386\/\">https:\/\/www.facebook.com\/El-calaixet-de-la-iaia-533062140099386\/<\/a><\/div>\n","protected":false},"excerpt":{"rendered":"<p>\u00abRefrany; Al pot xicotet, hi\u00e0 bona confitura\u00bb. En el bote peque\u00f1o, hay buena confitura. Pues en este bizcocho \u00abxicotet\u00bb peque\u00f1ito, tambi\u00e9n, porque el tama\u00f1o peque\u00f1o no quiere decir que no est\u00e9 rico riqu\u00edsimo. A veces, no hacemos bizcochos en casa porque estamos solo uno, o dos, o estamos a dieta &hellip; <\/p>\n","protected":false},"author":2,"featured_media":22355,"comment_status":"open","ping_status":"open","sticky":false,"template":"","format":"standard","meta":[],"categories":[6,1],"tags":[],"_links":{"self":[{"href":"https:\/\/elcalaixetdelaiaia.es\/index.php?rest_route=\/wp\/v2\/posts\/22228"}],"collection":[{"href":"https:\/\/elcalaixetdelaiaia.es\/index.php?rest_route=\/wp\/v2\/posts"}],"about":[{"href":"https:\/\/elcalaixetdelaiaia.es\/index.php?rest_route=\/wp\/v2\/types\/post"}],"author":[{"embeddable":true,"href":"https:\/\/elcalaixetdelaiaia.es\/index.php?rest_route=\/wp\/v2\/users\/2"}],"replies":[{"embeddable":true,"href":"https:\/\/elcalaixetdelaiaia.es\/index.php?rest_route=%2Fwp%2Fv2%2Fcomments&post=22228"}],"version-history":[{"count":15,"href":"https:\/\/elcalaixetdelaiaia.es\/index.php?rest_route=\/wp\/v2\/posts\/22228\/revisions"}],"predecessor-version":[{"id":27254,"href":"https:\/\/elcalaixetdelaiaia.es\/index.php?rest_route=\/wp\/v2\/posts\/22228\/revisions\/27254"}],"wp:featuredmedia":[{"embeddable":true,"href":"https:\/\/elcalaixetdelaiaia.es\/index.php?rest_route=\/wp\/v2\/media\/22355"}],"wp:attachment":[{"href":"https:\/\/elcalaixetdelaiaia.es\/index.php?rest_route=%2Fwp%2Fv2%2Fmedia&parent=22228"}],"wp:term":[{"taxonomy":"category","embeddable":true,"href":"https:\/\/elcalaixetdelaiaia.es\/index.php?rest_route=%2Fwp%2Fv2%2Fcategories&post=22228"},{"taxonomy":"post_tag","embeddable":true,"href":"https:\/\/elcalaixetdelaiaia.es\/index.php?rest_route=%2Fwp%2Fv2%2Ftags&post=22228"}],"curies":[{"name":"wp","href":"https:\/\/api.w.org\/{rel}","templated":true}]}}