{"id":21996,"date":"2020-01-06T18:56:55","date_gmt":"2020-01-06T18:56:55","guid":{"rendered":"http:\/\/elcalaixetdelaiaia.es\/?p=21996"},"modified":"2024-01-05T18:03:17","modified_gmt":"2024-01-05T18:03:17","slug":"suenos-de-iaia-nina","status":"publish","type":"post","link":"https:\/\/elcalaixetdelaiaia.es\/?p=21996","title":{"rendered":"sue\u00f1os de iaia\/ni\u00f1a"},"content":{"rendered":"<p style=\"text-align: center;\"><img decoding=\"async\" loading=\"lazy\" class=\"alignnone size-medium wp-image-23975\" src=\"https:\/\/elcalaixetdelaiaia.es\/wp-content\/uploads\/2020\/01\/xiquetsibustia-300x300.jpg\" alt=\"\" width=\"300\" height=\"300\" srcset=\"https:\/\/elcalaixetdelaiaia.es\/wp-content\/uploads\/2020\/01\/xiquetsibustia-300x300.jpg 300w, https:\/\/elcalaixetdelaiaia.es\/wp-content\/uploads\/2020\/01\/xiquetsibustia-150x150.jpg 150w, https:\/\/elcalaixetdelaiaia.es\/wp-content\/uploads\/2020\/01\/xiquetsibustia-60x60.jpg 60w, https:\/\/elcalaixetdelaiaia.es\/wp-content\/uploads\/2020\/01\/xiquetsibustia-235x235.jpg 235w, https:\/\/elcalaixetdelaiaia.es\/wp-content\/uploads\/2020\/01\/xiquetsibustia-255x255.jpg 255w, https:\/\/elcalaixetdelaiaia.es\/wp-content\/uploads\/2020\/01\/xiquetsibustia.jpg 706w\" sizes=\"(max-width: 300px) 100vw, 300px\" \/><\/p>\n<blockquote class=\"wp-block-quote\">\n<p style=\"text-align: center;\">Agranda la puerta, Padre<br \/>\nporque no puedo pasar;<br \/>\nla hiciste para los ni\u00f1os,<br \/>\nyo he crecido a mi pesar.<br \/>\nSi no me agrandas la puerta,<br \/>\nach\u00edcame por piedad;<br \/>\nvu\u00e9lveme a la edad bendita<br \/>\nen que vivir es so\u00f1ar.<br \/>\nGracias Padre, que ya siento<br \/>\nque se va mi pubertad;<br \/>\nvuelvo a los d\u00edas rosados<br \/>\nen que era hija no m\u00e1s.<\/p>\n<p style=\"text-align: center;\"><cite>Miguel de Unamuno, Cancionero<\/cite><\/p>\n<p><img decoding=\"async\" loading=\"lazy\" class=\"alignnone size-full wp-image-26604\" src=\"https:\/\/elcalaixetdelaiaia.es\/wp-content\/uploads\/2020\/01\/xiquetesreis.jpg\" alt=\"\" width=\"564\" height=\"386\" \/><\/p>\n<p style=\"text-align: center;\">\n<\/blockquote>\n<p>&nbsp;<\/p>\n","protected":false},"excerpt":{"rendered":"<p>Agranda la puerta, Padre porque no puedo pasar; la hiciste para los ni\u00f1os, yo he crecido a mi pesar. Si no me agrandas la puerta, ach\u00edcame por piedad; vu\u00e9lveme a la edad bendita en que vivir es so\u00f1ar. Gracias Padre, que ya siento que se va mi pubertad; vuelvo a &hellip; <\/p>\n","protected":false},"author":2,"featured_media":0,"comment_status":"open","ping_status":"open","sticky":false,"template":"","format":"standard","meta":[],"categories":[23,1],"tags":[],"_links":{"self":[{"href":"https:\/\/elcalaixetdelaiaia.es\/index.php?rest_route=\/wp\/v2\/posts\/21996"}],"collection":[{"href":"https:\/\/elcalaixetdelaiaia.es\/index.php?rest_route=\/wp\/v2\/posts"}],"about":[{"href":"https:\/\/elcalaixetdelaiaia.es\/index.php?rest_route=\/wp\/v2\/types\/post"}],"author":[{"embeddable":true,"href":"https:\/\/elcalaixetdelaiaia.es\/index.php?rest_route=\/wp\/v2\/users\/2"}],"replies":[{"embeddable":true,"href":"https:\/\/elcalaixetdelaiaia.es\/index.php?rest_route=%2Fwp%2Fv2%2Fcomments&post=21996"}],"version-history":[{"count":6,"href":"https:\/\/elcalaixetdelaiaia.es\/index.php?rest_route=\/wp\/v2\/posts\/21996\/revisions"}],"predecessor-version":[{"id":26607,"href":"https:\/\/elcalaixetdelaiaia.es\/index.php?rest_route=\/wp\/v2\/posts\/21996\/revisions\/26607"}],"wp:attachment":[{"href":"https:\/\/elcalaixetdelaiaia.es\/index.php?rest_route=%2Fwp%2Fv2%2Fmedia&parent=21996"}],"wp:term":[{"taxonomy":"category","embeddable":true,"href":"https:\/\/elcalaixetdelaiaia.es\/index.php?rest_route=%2Fwp%2Fv2%2Fcategories&post=21996"},{"taxonomy":"post_tag","embeddable":true,"href":"https:\/\/elcalaixetdelaiaia.es\/index.php?rest_route=%2Fwp%2Fv2%2Ftags&post=21996"}],"curies":[{"name":"wp","href":"https:\/\/api.w.org\/{rel}","templated":true}]}}