{"id":21650,"date":"2020-05-08T07:09:25","date_gmt":"2020-05-08T07:09:25","guid":{"rendered":"http:\/\/elcalaixetdelaiaia.es\/?p=21650"},"modified":"2020-05-08T08:49:58","modified_gmt":"2020-05-08T08:49:58","slug":"54-dia-de-confinamiento-ix-paso-bizcocho-padre-pio-8-5-2020","status":"publish","type":"post","link":"https:\/\/elcalaixetdelaiaia.es\/?p=21650","title":{"rendered":"54 d\u00eda de confinamiento IX paso bizcocho Padre Pio 8-5-2020"},"content":{"rendered":"<p>Refrany; Paci\u00e8ncia amb pa, \u00e9s bona de passar\u00bb Paciencia con pan,es buena de pasar.<\/p>\n<p>Hoy 8 de Mayo del 2020 y 54\u00ba d\u00eda de confinamiento oficial<\/p>\n<p>Vamos a por el paso n\u00ba 9 de la preparaci\u00f3n de bizcocho de Padre P\u00edo o las Carmelitas Descalzas de Sevilla<\/p>\n<p><img decoding=\"async\" loading=\"lazy\" class=\"wp-image-21653 alignnone size-full\" src=\"https:\/\/elcalaixetdelaiaia.es\/wp-content\/uploads\/2020\/05\/ezy_watermark_07-05-2020_11-41-101898687183077307580.jpg\" width=\"1600\" height=\"1200\" srcset=\"https:\/\/elcalaixetdelaiaia.es\/wp-content\/uploads\/2020\/05\/ezy_watermark_07-05-2020_11-41-101898687183077307580.jpg 1600w, https:\/\/elcalaixetdelaiaia.es\/wp-content\/uploads\/2020\/05\/ezy_watermark_07-05-2020_11-41-101898687183077307580-300x225.jpg 300w, https:\/\/elcalaixetdelaiaia.es\/wp-content\/uploads\/2020\/05\/ezy_watermark_07-05-2020_11-41-101898687183077307580-1024x768.jpg 1024w, https:\/\/elcalaixetdelaiaia.es\/wp-content\/uploads\/2020\/05\/ezy_watermark_07-05-2020_11-41-101898687183077307580-768x576.jpg 768w, https:\/\/elcalaixetdelaiaia.es\/wp-content\/uploads\/2020\/05\/ezy_watermark_07-05-2020_11-41-101898687183077307580-1536x1152.jpg 1536w\" sizes=\"(max-width: 1600px) 100vw, 1600px\" \/><\/p>\n<p>Pues nada&#8230;.hoy no toca hacer NADA, lo dejaremos reposando en el lugar mas fresquito de la casa, que hemos elegido para \u00e9l.<\/p>\n<p>Continuar\u00e1 ma\u00f1ana&#8230;&#8230;.<\/p>\n<p>Y para ma\u00f1ana, recordar que son estos ingredientes los que necesitaremos;<\/p>\n<div>Hasta hora era pr\u00e1cticamente imposible encontrar levadura, pero parece ser que la marca Hacendado, ha preparado un formato especial y Mercadona, ya tiene a la venta de momento.<\/div>\n<div><\/div>\n<div><img decoding=\"async\" loading=\"lazy\" class=\"size-large wp-image-21325 aligncenter\" src=\"https:\/\/elcalaixetdelaiaia.es\/wp-content\/uploads\/2013\/09\/b22-1024x683.jpg\" alt=\"\" width=\"750\" height=\"500\" srcset=\"https:\/\/elcalaixetdelaiaia.es\/wp-content\/uploads\/2013\/09\/b22-1024x683.jpg 1024w, https:\/\/elcalaixetdelaiaia.es\/wp-content\/uploads\/2013\/09\/b22-300x200.jpg 300w, https:\/\/elcalaixetdelaiaia.es\/wp-content\/uploads\/2013\/09\/b22-768x512.jpg 768w, https:\/\/elcalaixetdelaiaia.es\/wp-content\/uploads\/2013\/09\/b22-600x400.jpg 600w, https:\/\/elcalaixetdelaiaia.es\/wp-content\/uploads\/2013\/09\/b22.jpg 1200w\" sizes=\"(max-width: 750px) 100vw, 750px\" \/><\/div>\n<div><\/div>\n<div>Estos son los ingredientes que a\u00f1adir\u00e9:<\/div>\n<ol>\n<li>\u00b7 2 Vasos de harina<\/li>\n<li>\u00b7 1 Vaso de aceite de girasol o de oliva, suave<\/li>\n<li>\u00b7 1 Vaso de az\u00facar (en mi caso, yo no voy a poner, ya que la amiga que me regal\u00f3 la masa, me advirti\u00f3 que quedaba demasiado dulce y las cosas empalagosas no me gustan&#8230;ya os dir\u00e9 el resultado)<\/li>\n<li>\u00b7 1 Vaso de leche entera<\/li>\n<li>\u00b7 1 Vaso de frutos secos (nueces, pasas, pistachos, avellanas,almendras, etc.), los frutos secos que os gusten, un poco enharinados antes de incorporar a la mezcla para que no se nos vayan al fondo.<\/li>\n<li>\u00b7 1 Sobre de levadura<\/li>\n<li>\u00b7 2 Huevos enteros<\/li>\n<li>\u00b7 2 Manzanas en trocitos enharinadas<\/li>\n<li>La ralladura de una naranja o un lim\u00f3n<\/li>\n<li>Gotas de chocolate puro<\/li>\n<li>\u00b7 1 Pizca de sal<\/li>\n<li>\u00b7 1 cucharada sopera rasa de az\u00facar vainillado (con \u00e9ste az\u00facar y el que ya he ido poniendo d\u00edas anterior, pienso que ser\u00e1 suficiente),\u00f3 esencia de vainilla, \u00f3 ralladura de vaina de vainilla.<\/li>\n<li>\u00b7 1 Pizca de canela molida<\/li>\n<li>\u00b7 Todo el amor del mundo, mis mayores deseos de felicidad, paz, amor y salud y con las mejores y mas positivas vibraciones&#8230;.<\/li>\n<\/ol>\n<p>Continuar\u00e1 y terminar\u00e1&#8230;..ma\u00f1ana.<\/p>\n<div>Si te gusta esta idea, puedes compartirla para que llegue a m\u00e1s gente. Espero tus comentarios, que para mi son MUY importantes y prometo contestar lo antes posible. Gracias por tu visita. Y recuerda que tambi\u00e9n estoy en Facebook <a href=\"https:\/\/www.facebook.com\/El-calaixet-de-la-iaia-533062140099386\/\">https:\/\/www.facebook.com\/El-calaixet-de-la-iaia-533062140099386\/<\/a><\/div>\n","protected":false},"excerpt":{"rendered":"<p>Refrany; Paci\u00e8ncia amb pa, \u00e9s bona de passar\u00bb Paciencia con pan,es buena de pasar. Hoy 8 de Mayo del 2020 y 54\u00ba d\u00eda de confinamiento oficial Vamos a por el paso n\u00ba 9 de la preparaci\u00f3n de bizcocho de Padre P\u00edo o las Carmelitas Descalzas de Sevilla Pues nada&#8230;.hoy no &hellip; <\/p>\n","protected":false},"author":2,"featured_media":21653,"comment_status":"open","ping_status":"open","sticky":false,"template":"","format":"standard","meta":[],"categories":[1],"tags":[],"_links":{"self":[{"href":"https:\/\/elcalaixetdelaiaia.es\/index.php?rest_route=\/wp\/v2\/posts\/21650"}],"collection":[{"href":"https:\/\/elcalaixetdelaiaia.es\/index.php?rest_route=\/wp\/v2\/posts"}],"about":[{"href":"https:\/\/elcalaixetdelaiaia.es\/index.php?rest_route=\/wp\/v2\/types\/post"}],"author":[{"embeddable":true,"href":"https:\/\/elcalaixetdelaiaia.es\/index.php?rest_route=\/wp\/v2\/users\/2"}],"replies":[{"embeddable":true,"href":"https:\/\/elcalaixetdelaiaia.es\/index.php?rest_route=%2Fwp%2Fv2%2Fcomments&post=21650"}],"version-history":[{"count":4,"href":"https:\/\/elcalaixetdelaiaia.es\/index.php?rest_route=\/wp\/v2\/posts\/21650\/revisions"}],"predecessor-version":[{"id":21662,"href":"https:\/\/elcalaixetdelaiaia.es\/index.php?rest_route=\/wp\/v2\/posts\/21650\/revisions\/21662"}],"wp:featuredmedia":[{"embeddable":true,"href":"https:\/\/elcalaixetdelaiaia.es\/index.php?rest_route=\/wp\/v2\/media\/21653"}],"wp:attachment":[{"href":"https:\/\/elcalaixetdelaiaia.es\/index.php?rest_route=%2Fwp%2Fv2%2Fmedia&parent=21650"}],"wp:term":[{"taxonomy":"category","embeddable":true,"href":"https:\/\/elcalaixetdelaiaia.es\/index.php?rest_route=%2Fwp%2Fv2%2Fcategories&post=21650"},{"taxonomy":"post_tag","embeddable":true,"href":"https:\/\/elcalaixetdelaiaia.es\/index.php?rest_route=%2Fwp%2Fv2%2Ftags&post=21650"}],"curies":[{"name":"wp","href":"https:\/\/api.w.org\/{rel}","templated":true}]}}