{"id":21605,"date":"2020-05-07T07:59:45","date_gmt":"2020-05-07T07:59:45","guid":{"rendered":"http:\/\/elcalaixetdelaiaia.es\/?p=21605"},"modified":"2020-05-07T08:00:23","modified_gmt":"2020-05-07T08:00:23","slug":"53-dia-de-confinamiento-vlll-paso-bizcocho-padre-pio-7-5-2020","status":"publish","type":"post","link":"https:\/\/elcalaixetdelaiaia.es\/?p=21605","title":{"rendered":"53 d\u00eda de confinamiento Vlll paso bizcocho Padre P\u00edo 7-5-2020"},"content":{"rendered":"<p>\u00abRefrany; La paci\u00e8ncia \u00e9s\u00a0 amarga, per\u00f2 els seus fruits s\u00f3n dol\u00e7os\u00bb La paciencia es amarga, pero sus frutos son dulces.<\/p>\n<p>&nbsp;<\/p>\n<p>Hoy, jueves 7 de Mayo del 20202 53\u00ba d\u00eda de confinamiento y llegamos al paso 8\u00ba de la preparaci\u00f3n del bizcocho del Padre P\u00edo o las Carmelitas descalzas de Sevilla.<\/p>\n<p>&nbsp;<\/p>\n<p><img decoding=\"async\" loading=\"lazy\" class=\"size-large wp-image-21634 aligncenter\" src=\"https:\/\/elcalaixetdelaiaia.es\/wp-content\/uploads\/2020\/05\/IMG_20200506_092742-1024x768.jpg\" alt=\"\" width=\"750\" height=\"563\" srcset=\"https:\/\/elcalaixetdelaiaia.es\/wp-content\/uploads\/2020\/05\/IMG_20200506_092742-1024x768.jpg 1024w, https:\/\/elcalaixetdelaiaia.es\/wp-content\/uploads\/2020\/05\/IMG_20200506_092742-300x225.jpg 300w, https:\/\/elcalaixetdelaiaia.es\/wp-content\/uploads\/2020\/05\/IMG_20200506_092742-768x576.jpg 768w, https:\/\/elcalaixetdelaiaia.es\/wp-content\/uploads\/2020\/05\/IMG_20200506_092742-1536x1152.jpg 1536w, https:\/\/elcalaixetdelaiaia.es\/wp-content\/uploads\/2020\/05\/IMG_20200506_092742-2048x1536.jpg 2048w\" sizes=\"(max-width: 750px) 100vw, 750px\" \/><\/p>\n<p>Hoy, como dice el refr\u00e1n, tenemos que practicar la paciencia, para tener frutos dulces.<\/p>\n<p>NO se hace nada, se deja descansar en el rinc\u00f3n mas fresco de nuestra casa y NO va al frigo.<\/p>\n<p>Ma\u00f1ana m\u00e1s&#8230;.<\/p>\n<p>Como os dije, cada d\u00eda pondr\u00e9 la relaci\u00f3n de ingredientes que necesitaremos para su horneado el proximo s\u00e1bado d\u00eda 9,\u00a0 ya que es muy complicado hacer la compra de v\u00edveres, as\u00ed con tiempo, los podr\u00e9is conseguir, y aqu\u00ed la ten\u00e9is;<\/p>\n<div>Como ahora a causa del confinamiento, tenemos muchos problemas en conseguir provisiones, os pondre todos d\u00edas, los ingredientes que necesitaremos para el horneado del s\u00e1bado d\u00eda 9, con el fin de que pod\u00e1is tener opci\u00f3n a conseguirlos y para que no se os olviden.<\/div>\n<div>Los pondr\u00e9 todos los d\u00edas, pero que quede claro que s\u00f3lo son para el d\u00eda del horneado final.<\/div>\n<div>Hasta hora era pr\u00e1cticamente imposible encontrar levadura, pero parece ser que la marca Hacendado, ha preparado un formato especial y Mercadona, ya tiene a la venta de momento.<\/div>\n<div><\/div>\n<div><img decoding=\"async\" loading=\"lazy\" class=\"size-large wp-image-21325 aligncenter\" src=\"https:\/\/elcalaixetdelaiaia.es\/wp-content\/uploads\/2013\/09\/b22-1024x683.jpg\" alt=\"\" width=\"750\" height=\"500\" srcset=\"https:\/\/elcalaixetdelaiaia.es\/wp-content\/uploads\/2013\/09\/b22-1024x683.jpg 1024w, https:\/\/elcalaixetdelaiaia.es\/wp-content\/uploads\/2013\/09\/b22-300x200.jpg 300w, https:\/\/elcalaixetdelaiaia.es\/wp-content\/uploads\/2013\/09\/b22-768x512.jpg 768w, https:\/\/elcalaixetdelaiaia.es\/wp-content\/uploads\/2013\/09\/b22-600x400.jpg 600w, https:\/\/elcalaixetdelaiaia.es\/wp-content\/uploads\/2013\/09\/b22.jpg 1200w\" sizes=\"(max-width: 750px) 100vw, 750px\" \/><\/div>\n<div><\/div>\n<div>Estos son los ingredientes que a\u00f1adir\u00e9:<\/div>\n<ol>\n<li>\u00b7 2 Vasos de harina<\/li>\n<li>\u00b7 1 Vaso de aceite de girasol o de oliva, suave<\/li>\n<li>\u00b7 1 Vaso de az\u00facar (en mi caso, yo no voy a poner, ya que la amiga que me regal\u00f3 la masa, me advirti\u00f3 que quedaba demasiado dulce y las cosas empalagosas no me gustan&#8230;ya os dir\u00e9 el resultado)<\/li>\n<li>\u00b7 1 Vaso de leche entera<\/li>\n<li>\u00b7 1 Vaso de frutos secos (nueces, pasas, pistachos, avellanas,almendras, etc.), los frutos secos que os gusten, un poco enharinados antes de incorporar a la mezcla para que no se nos vayan al fondo.<\/li>\n<li>\u00b7 1 Sobre de levadura<\/li>\n<li>\u00b7 2 Huevos enteros<\/li>\n<li>\u00b7 2 Manzanas en trocitos enharinadas<\/li>\n<li>\u00a0 La ralladura de una naranja o un lim\u00f3n<\/li>\n<li>\u00a0 Gotas de chocolate puro<\/li>\n<li>\u00b7 1 Pizca de sal<\/li>\n<li>\u00b7 1 cucharada sopera rasa de az\u00facar vainillado (con \u00e9ste az\u00facar y el que ya he ido poniendo d\u00edas anterior, pienso que ser\u00e1 suficiente),\u00f3 esencia de vainilla, \u00f3 ralladura de vaina de vainilla.<\/li>\n<li>\u00b7 1 Pizca de canela molida<\/li>\n<li>\u00b7 Todo el amor del mundo, mis mayores deseos de felicidad, paz, amor y salud\u00a0 y con las mejores y mas positivas vibraciones&#8230;.<\/li>\n<\/ol>\n<p>Continuar\u00e1 ma\u00f1ana.<\/p>\n<div>Si te gusta esta idea, puedes compartirla para que llegue a m\u00e1s gente. Espero tus comentarios, que para mi son MUY importantes y prometo contestar lo antes posible. Gracias por tu visita. Y recuerda que tambi\u00e9n estoy en Facebook\u00a0<a href=\"https:\/\/www.facebook.com\/El-calaixet-de-la-iaia-533062140099386\/\">https:\/\/www.facebook.com\/El-calaixet-de-la-iaia-533062140099386\/<\/a><\/div>\n","protected":false},"excerpt":{"rendered":"<p>\u00abRefrany; La paci\u00e8ncia \u00e9s\u00a0 amarga, per\u00f2 els seus fruits s\u00f3n dol\u00e7os\u00bb La paciencia es amarga, pero sus frutos son dulces. &nbsp; Hoy, jueves 7 de Mayo del 20202 53\u00ba d\u00eda de confinamiento y llegamos al paso 8\u00ba de la preparaci\u00f3n del bizcocho del Padre P\u00edo o las Carmelitas descalzas de &hellip; <\/p>\n","protected":false},"author":2,"featured_media":21634,"comment_status":"open","ping_status":"open","sticky":false,"template":"","format":"standard","meta":[],"categories":[131,6,1],"tags":[],"_links":{"self":[{"href":"https:\/\/elcalaixetdelaiaia.es\/index.php?rest_route=\/wp\/v2\/posts\/21605"}],"collection":[{"href":"https:\/\/elcalaixetdelaiaia.es\/index.php?rest_route=\/wp\/v2\/posts"}],"about":[{"href":"https:\/\/elcalaixetdelaiaia.es\/index.php?rest_route=\/wp\/v2\/types\/post"}],"author":[{"embeddable":true,"href":"https:\/\/elcalaixetdelaiaia.es\/index.php?rest_route=\/wp\/v2\/users\/2"}],"replies":[{"embeddable":true,"href":"https:\/\/elcalaixetdelaiaia.es\/index.php?rest_route=%2Fwp%2Fv2%2Fcomments&post=21605"}],"version-history":[{"count":2,"href":"https:\/\/elcalaixetdelaiaia.es\/index.php?rest_route=\/wp\/v2\/posts\/21605\/revisions"}],"predecessor-version":[{"id":21649,"href":"https:\/\/elcalaixetdelaiaia.es\/index.php?rest_route=\/wp\/v2\/posts\/21605\/revisions\/21649"}],"wp:featuredmedia":[{"embeddable":true,"href":"https:\/\/elcalaixetdelaiaia.es\/index.php?rest_route=\/wp\/v2\/media\/21634"}],"wp:attachment":[{"href":"https:\/\/elcalaixetdelaiaia.es\/index.php?rest_route=%2Fwp%2Fv2%2Fmedia&parent=21605"}],"wp:term":[{"taxonomy":"category","embeddable":true,"href":"https:\/\/elcalaixetdelaiaia.es\/index.php?rest_route=%2Fwp%2Fv2%2Fcategories&post=21605"},{"taxonomy":"post_tag","embeddable":true,"href":"https:\/\/elcalaixetdelaiaia.es\/index.php?rest_route=%2Fwp%2Fv2%2Ftags&post=21605"}],"curies":[{"name":"wp","href":"https:\/\/api.w.org\/{rel}","templated":true}]}}