{"id":21575,"date":"2020-05-04T08:44:13","date_gmt":"2020-05-04T08:44:13","guid":{"rendered":"http:\/\/elcalaixetdelaiaia.es\/?p=21575"},"modified":"2024-06-24T09:16:23","modified_gmt":"2024-06-24T09:16:23","slug":"50-dia-de-confinamiento-paso-v-del-bizcocho-del-padre-pio-4-5-2020","status":"publish","type":"post","link":"https:\/\/elcalaixetdelaiaia.es\/?p=21575","title":{"rendered":"50 d\u00eda de confinamiento paso V del bizcocho del Padre P\u00edo 4-5-2020"},"content":{"rendered":"<p>\u00abRefrany;\u00a0 La fusta de maig fa m\u00e9s bona m\u00fasica\u00bb La madera de mayo, hace m\u00e1s buena m\u00fasica.<\/p>\n<p>hoy 50\u00ba d\u00eda de confinamiento, 4 de Mayo del 20202, y vamos con el paso 5\u00ba de la preparaci\u00f3n del bizocho del Padre P\u00edo y las Carmelitas Descalzas de Sevilla.<\/p>\n<p>Tras dos d\u00edas de reposo absoluto hoy si, vamos a seguir alimentando nuestro preparado. Hoy s\u00ed a\u00f1adimos ingredientes.<\/p>\n<p><img decoding=\"async\" loading=\"lazy\" class=\"size-large wp-image-21583 aligncenter\" src=\"https:\/\/elcalaixetdelaiaia.es\/wp-content\/uploads\/2020\/05\/IMG_20200504_095031-768x1024.jpg\" alt=\"\" width=\"750\" height=\"1000\" srcset=\"https:\/\/elcalaixetdelaiaia.es\/wp-content\/uploads\/2020\/05\/IMG_20200504_095031-768x1024.jpg 768w, https:\/\/elcalaixetdelaiaia.es\/wp-content\/uploads\/2020\/05\/IMG_20200504_095031-225x300.jpg 225w, https:\/\/elcalaixetdelaiaia.es\/wp-content\/uploads\/2020\/05\/IMG_20200504_095031-1152x1536.jpg 1152w, https:\/\/elcalaixetdelaiaia.es\/wp-content\/uploads\/2020\/05\/IMG_20200504_095031-1536x2048.jpg 1536w, https:\/\/elcalaixetdelaiaia.es\/wp-content\/uploads\/2020\/05\/IMG_20200504_095031-scaled.jpg 1920w\" sizes=\"(max-width: 750px) 100vw, 750px\" \/><\/p>\n<ol>\n<li>\u00a0Un vaso de harina de trigo o de fuerza<\/li>\n<li>\u00a0Un vaso de az\u00facar blanquilla<\/li>\n<li>\u00a0Un vaso de leche a temperatura ambiente<\/li>\n<\/ol>\n<p><img decoding=\"async\" loading=\"lazy\" class=\"size-large wp-image-21582 aligncenter\" src=\"https:\/\/elcalaixetdelaiaia.es\/wp-content\/uploads\/2020\/05\/IMG_20200504_095219-1024x768.jpg\" alt=\"\" width=\"750\" height=\"563\" srcset=\"https:\/\/elcalaixetdelaiaia.es\/wp-content\/uploads\/2020\/05\/IMG_20200504_095219-1024x768.jpg 1024w, https:\/\/elcalaixetdelaiaia.es\/wp-content\/uploads\/2020\/05\/IMG_20200504_095219-300x225.jpg 300w, https:\/\/elcalaixetdelaiaia.es\/wp-content\/uploads\/2020\/05\/IMG_20200504_095219-768x576.jpg 768w, https:\/\/elcalaixetdelaiaia.es\/wp-content\/uploads\/2020\/05\/IMG_20200504_095219-1536x1152.jpg 1536w, https:\/\/elcalaixetdelaiaia.es\/wp-content\/uploads\/2020\/05\/IMG_20200504_095219-2048x1536.jpg 2048w\" sizes=\"(max-width: 750px) 100vw, 750px\" \/><\/p>\n<p>Recordar\u00e9is que os coment\u00e9 que un vaso de los normales de agua vienen a ser aproximada mente 200g o 200ml (aproximadamente) podemos usar todo el proceso un mismo vaso de medida, pero que sea siempre el mismo a ser posible, o igual.<\/p>\n<p>Destapamos el cuenco y veremos que sigue haciendo burbujitas, toma un color oscuro, pero en absoluto huele mal.<\/p>\n<p>Y a\u00f1adimos un vaso de harina.<\/p>\n<p><img decoding=\"async\" loading=\"lazy\" class=\"size-large wp-image-21584 aligncenter\" src=\"https:\/\/elcalaixetdelaiaia.es\/wp-content\/uploads\/2020\/05\/IMG_20200504_095405-1024x768.jpg\" alt=\"\" width=\"750\" height=\"563\" srcset=\"https:\/\/elcalaixetdelaiaia.es\/wp-content\/uploads\/2020\/05\/IMG_20200504_095405-1024x768.jpg 1024w, https:\/\/elcalaixetdelaiaia.es\/wp-content\/uploads\/2020\/05\/IMG_20200504_095405-300x225.jpg 300w, https:\/\/elcalaixetdelaiaia.es\/wp-content\/uploads\/2020\/05\/IMG_20200504_095405-768x576.jpg 768w, https:\/\/elcalaixetdelaiaia.es\/wp-content\/uploads\/2020\/05\/IMG_20200504_095405-1536x1152.jpg 1536w, https:\/\/elcalaixetdelaiaia.es\/wp-content\/uploads\/2020\/05\/IMG_20200504_095405-2048x1536.jpg 2048w\" sizes=\"(max-width: 750px) 100vw, 750px\" \/><\/p>\n<p style=\"text-align: center;\">a\u00f1adimos tambi\u00e9n un vaso de az\u00facar blanquilla<\/p>\n<p><img decoding=\"async\" loading=\"lazy\" class=\"size-large wp-image-21581 aligncenter\" src=\"https:\/\/elcalaixetdelaiaia.es\/wp-content\/uploads\/2020\/05\/IMG_20200504_095538-1024x768.jpg\" alt=\"\" width=\"750\" height=\"563\" srcset=\"https:\/\/elcalaixetdelaiaia.es\/wp-content\/uploads\/2020\/05\/IMG_20200504_095538-1024x768.jpg 1024w, https:\/\/elcalaixetdelaiaia.es\/wp-content\/uploads\/2020\/05\/IMG_20200504_095538-300x225.jpg 300w, https:\/\/elcalaixetdelaiaia.es\/wp-content\/uploads\/2020\/05\/IMG_20200504_095538-768x576.jpg 768w, https:\/\/elcalaixetdelaiaia.es\/wp-content\/uploads\/2020\/05\/IMG_20200504_095538-1536x1152.jpg 1536w, https:\/\/elcalaixetdelaiaia.es\/wp-content\/uploads\/2020\/05\/IMG_20200504_095538-2048x1536.jpg 2048w\" sizes=\"(max-width: 750px) 100vw, 750px\" \/><\/p>\n<p style=\"text-align: center;\">\u00a0\u00a0\u00a0\u00a0\u00a0\u00a0\u00a0\u00a0 y un vaso de leche, puede ser sin lactosa, pero a temperatura ambiente, todos los ingredientes se agregan a temperatura ambiente, y el preparado se mantiene a temperatura ambiente. En el lugar m\u00e1s fresquito de la casa.<\/p>\n<p>y&#8230; \u00a1au cacau! \u00a1listo! \u00a1no hacemos nada mas! porque hoy<strong> NO SE REMUEVE.<\/strong><\/p>\n<p><img decoding=\"async\" loading=\"lazy\" class=\"size-large wp-image-21580 aligncenter\" src=\"https:\/\/elcalaixetdelaiaia.es\/wp-content\/uploads\/2020\/05\/IMG_20200504_095651-1024x768.jpg\" alt=\"\" width=\"750\" height=\"563\" srcset=\"https:\/\/elcalaixetdelaiaia.es\/wp-content\/uploads\/2020\/05\/IMG_20200504_095651-1024x768.jpg 1024w, https:\/\/elcalaixetdelaiaia.es\/wp-content\/uploads\/2020\/05\/IMG_20200504_095651-300x225.jpg 300w, https:\/\/elcalaixetdelaiaia.es\/wp-content\/uploads\/2020\/05\/IMG_20200504_095651-768x576.jpg 768w, https:\/\/elcalaixetdelaiaia.es\/wp-content\/uploads\/2020\/05\/IMG_20200504_095651-1536x1152.jpg 1536w, https:\/\/elcalaixetdelaiaia.es\/wp-content\/uploads\/2020\/05\/IMG_20200504_095651-2048x1536.jpg 2048w\" sizes=\"(max-width: 750px) 100vw, 750px\" \/><\/p>\n<p style=\"text-align: center;\">Taparemos el cuenco con papel film, un gorro de cocina, o una tapa que ajuste al cuenco.<\/p>\n<p><img decoding=\"async\" loading=\"lazy\" class=\"size-large wp-image-21579 aligncenter\" src=\"https:\/\/elcalaixetdelaiaia.es\/wp-content\/uploads\/2020\/05\/IMG_20200504_095739-1024x768.jpg\" alt=\"\" width=\"750\" height=\"563\" srcset=\"https:\/\/elcalaixetdelaiaia.es\/wp-content\/uploads\/2020\/05\/IMG_20200504_095739-1024x768.jpg 1024w, https:\/\/elcalaixetdelaiaia.es\/wp-content\/uploads\/2020\/05\/IMG_20200504_095739-300x225.jpg 300w, https:\/\/elcalaixetdelaiaia.es\/wp-content\/uploads\/2020\/05\/IMG_20200504_095739-768x576.jpg 768w, https:\/\/elcalaixetdelaiaia.es\/wp-content\/uploads\/2020\/05\/IMG_20200504_095739-1536x1152.jpg 1536w, https:\/\/elcalaixetdelaiaia.es\/wp-content\/uploads\/2020\/05\/IMG_20200504_095739-2048x1536.jpg 2048w\" sizes=\"(max-width: 750px) 100vw, 750px\" \/><\/p>\n<p style=\"text-align: center;\">y lo dejaremos tranquilito, en un rinconcito de la casa, que sea el mas fresco (puede ser incluso en una habitaci\u00f3n que no usemos, debajo de una cama, est\u00e1 tapado y no pasa nada)<\/p>\n<p>NO VA AL FRIGO, recordar, <strong>NADA DE FRIGO<\/strong><\/p>\n<p>Estoy haciendo con vosotros todos los pasos en tiempo real, lo hago, tomo las fotos, las edito, las subo al ordenador, escribo el post, publico en el blog y comparto en el face, TODO EN TIEMPO REAL \ud83d\ude09<\/p>\n<div>Feliz semana, continuar\u00e1 ma\u00f1ana&#8230;..<\/div>\n<div>\n<p>Como os dije, cada d\u00eda pondr\u00e9 la relaci\u00f3n de ingredientes que necesitaremos para su horneado el proximo s\u00e1bado d\u00eda 9,\u00a0 ya que es muy complicado hacer la compra de v\u00edveres, as\u00ed con tiempo, los podr\u00e9is conseguir, y aqu\u00ed la ten\u00e9is;<\/p>\n<div>Como ahora a causa del cofinamiento, tenemos muchos problemas en conseguir provisiones, os pondre todos d\u00edas, los ingredientes que necesitaremos para el horneado del s\u00e1bado d\u00eda 9, con el fin de que pod\u00e1is tener opci\u00f3n a conseguirlos y para que no se os olviden.<\/div>\n<div>Los pondr\u00e9 todos los d\u00edas, pero que quede claro que s\u00f3lo son para el d\u00eda del horneado final.<\/div>\n<div>Hasta hora era pr\u00e1cticamente imposible encontrar levadura, pero parece ser que la marca Hacendado, ha preparado un formato especial y Mercadona, ya tiene a la venta de momento.<\/div>\n<div><\/div>\n<div><img decoding=\"async\" loading=\"lazy\" class=\"size-large wp-image-21325 aligncenter\" src=\"https:\/\/elcalaixetdelaiaia.es\/wp-content\/uploads\/2013\/09\/b22-1024x683.jpg\" alt=\"\" width=\"750\" height=\"500\" srcset=\"https:\/\/elcalaixetdelaiaia.es\/wp-content\/uploads\/2013\/09\/b22-1024x683.jpg 1024w, https:\/\/elcalaixetdelaiaia.es\/wp-content\/uploads\/2013\/09\/b22-300x200.jpg 300w, https:\/\/elcalaixetdelaiaia.es\/wp-content\/uploads\/2013\/09\/b22-768x512.jpg 768w, https:\/\/elcalaixetdelaiaia.es\/wp-content\/uploads\/2013\/09\/b22-600x400.jpg 600w, https:\/\/elcalaixetdelaiaia.es\/wp-content\/uploads\/2013\/09\/b22.jpg 1200w\" sizes=\"(max-width: 750px) 100vw, 750px\" \/><\/div>\n<div><\/div>\n<div>Estos son los ingredientes que a\u00f1adir\u00e9:<\/div>\n<ol>\n<li>\u00b7 2 Vasos de harina<\/li>\n<li>\u00b7 1 Vaso de aceite de girasol o de oliva, suave<\/li>\n<li>\u00b7 1 Vaso de az\u00facar (en mi caso, yo no voy a poner, ya que la amiga que me regal\u00f3 la masa, me advirti\u00f3 que quedaba demasiado dulce y las cosas empalagosas no me gustan&#8230;ya os dir\u00e9 el resultado)<\/li>\n<li>\u00b7 1 Vaso de leche entera<\/li>\n<li>\u00b7 1 Vaso de frutos secos (nueces, pasas, pistachos, avellanas,almendras, etc.), los frutos secos que os gusten, un poco enharinados antes de incorporar a la mezcla para que no se nos vayan al fondo.<\/li>\n<li>\u00b7 1 Sobre de levadura<\/li>\n<li>\u00b7 2 Huevos enteros<\/li>\n<li>\u00b7 2 Manzanas en trocitos enharinadas<\/li>\n<li>\u00a0 La ralladura de una naranja o un lim\u00f3n<\/li>\n<li>\u00a0 Gotas de chocolate puro<\/li>\n<li>\u00b7 1 Pizca de sal<\/li>\n<li>\u00b7 1 cucharada sopera rasa de az\u00facar vainillado (con \u00e9ste az\u00facar y el que ya he ido poniendo d\u00edas anterior, pienso que ser\u00e1 suficiente),\u00f3 esencia de vainilla, \u00f3 ralladura de vaina de vainilla.<\/li>\n<li>\u00b7 1 Pizca de canela molida<\/li>\n<li>\u00b7 Todo el amor del mundo, mis mayores deseos de felicidad, paz, amor y salud\u00a0 y con las mejores y mas positivas vibraciones&#8230;.<\/li>\n<\/ol>\n<p>Continuar\u00e1 ma\u00f1ana.<\/p>\n<div>Si te gusta esta idea, puedes compartirla para que llegue a m\u00e1s gente. Espero tus comentarios, que para mi son MUY importantes y prometo contestar lo antes posible. Gracias por tu visita. Y recuerda que tambi\u00e9n estoy en Facebook\u00a0<a href=\"https:\/\/www.facebook.com\/El-calaixet-de-la-iaia-533062140099386\/\">https:\/\/www.facebook.com\/El-calaixet-de-la-iaia-533062140099386\/<\/a><\/div>\n<\/div>\n","protected":false},"excerpt":{"rendered":"<p>\u00abRefrany;\u00a0 La fusta de maig fa m\u00e9s bona m\u00fasica\u00bb La madera de mayo, hace m\u00e1s buena m\u00fasica. hoy 50\u00ba d\u00eda de confinamiento, 4 de Mayo del 20202, y vamos con el paso 5\u00ba de la preparaci\u00f3n del bizocho del Padre P\u00edo y las Carmelitas Descalzas de Sevilla. Tras dos d\u00edas &hellip; <\/p>\n","protected":false},"author":2,"featured_media":21583,"comment_status":"open","ping_status":"open","sticky":false,"template":"","format":"standard","meta":[],"categories":[131,6],"tags":[],"_links":{"self":[{"href":"https:\/\/elcalaixetdelaiaia.es\/index.php?rest_route=\/wp\/v2\/posts\/21575"}],"collection":[{"href":"https:\/\/elcalaixetdelaiaia.es\/index.php?rest_route=\/wp\/v2\/posts"}],"about":[{"href":"https:\/\/elcalaixetdelaiaia.es\/index.php?rest_route=\/wp\/v2\/types\/post"}],"author":[{"embeddable":true,"href":"https:\/\/elcalaixetdelaiaia.es\/index.php?rest_route=\/wp\/v2\/users\/2"}],"replies":[{"embeddable":true,"href":"https:\/\/elcalaixetdelaiaia.es\/index.php?rest_route=%2Fwp%2Fv2%2Fcomments&post=21575"}],"version-history":[{"count":10,"href":"https:\/\/elcalaixetdelaiaia.es\/index.php?rest_route=\/wp\/v2\/posts\/21575\/revisions"}],"predecessor-version":[{"id":27811,"href":"https:\/\/elcalaixetdelaiaia.es\/index.php?rest_route=\/wp\/v2\/posts\/21575\/revisions\/27811"}],"wp:featuredmedia":[{"embeddable":true,"href":"https:\/\/elcalaixetdelaiaia.es\/index.php?rest_route=\/wp\/v2\/media\/21583"}],"wp:attachment":[{"href":"https:\/\/elcalaixetdelaiaia.es\/index.php?rest_route=%2Fwp%2Fv2%2Fmedia&parent=21575"}],"wp:term":[{"taxonomy":"category","embeddable":true,"href":"https:\/\/elcalaixetdelaiaia.es\/index.php?rest_route=%2Fwp%2Fv2%2Fcategories&post=21575"},{"taxonomy":"post_tag","embeddable":true,"href":"https:\/\/elcalaixetdelaiaia.es\/index.php?rest_route=%2Fwp%2Fv2%2Ftags&post=21575"}],"curies":[{"name":"wp","href":"https:\/\/api.w.org\/{rel}","templated":true}]}}