{"id":21472,"date":"2020-04-30T08:09:44","date_gmt":"2020-04-30T08:09:44","guid":{"rendered":"http:\/\/elcalaixetdelaiaia.es\/?p=21472"},"modified":"2024-06-20T08:43:19","modified_gmt":"2024-06-20T08:43:19","slug":"46-dia-de-confinamiento-paso1-bizcocho-padre-pio-30-4-2020","status":"publish","type":"post","link":"https:\/\/elcalaixetdelaiaia.es\/?p=21472","title":{"rendered":"46 d\u00eda de confinamiento paso 1 bizcocho Padre P\u00edo 30-4-2020"},"content":{"rendered":"<div class=\"wp-menu-arrow\">\n<div>\u00abRefrany; Abril mullat, de va be carregat\u00bb Abril mojado, de pan viene cargado.<\/div>\n<\/div>\n<div><\/div>\n<div>Hola calaixers, vamos a comenzar hoy, el proceso de preparaci\u00f3n para cocinar el pr\u00f3ximo s\u00e1bado 9 de Mayo, nuestro especial bizcocho, como os contaba ayer aqu\u00ed ;<\/div>\n<div><a href=\"https:\/\/elcalaixetdelaiaia.es\/?p=21260\">https:\/\/elcalaixetdelaiaia.es\/?p=21260<\/a><\/div>\n<p>cuando compart\u00ed la preparaci\u00f3n de la masa madre para el mismo.<\/p>\n<p>Para el paso de hoy vamos a necesitar;<\/p>\n<p><img decoding=\"async\" loading=\"lazy\" class=\"size-large wp-image-21473 aligncenter\" src=\"https:\/\/elcalaixetdelaiaia.es\/wp-content\/uploads\/2020\/04\/IMG_20200430_085935-1024x768.jpg\" alt=\"\" width=\"750\" height=\"563\" srcset=\"https:\/\/elcalaixetdelaiaia.es\/wp-content\/uploads\/2020\/04\/IMG_20200430_085935-1024x768.jpg 1024w, https:\/\/elcalaixetdelaiaia.es\/wp-content\/uploads\/2020\/04\/IMG_20200430_085935-300x225.jpg 300w, https:\/\/elcalaixetdelaiaia.es\/wp-content\/uploads\/2020\/04\/IMG_20200430_085935-768x576.jpg 768w, https:\/\/elcalaixetdelaiaia.es\/wp-content\/uploads\/2020\/04\/IMG_20200430_085935-1536x1152.jpg 1536w, https:\/\/elcalaixetdelaiaia.es\/wp-content\/uploads\/2020\/04\/IMG_20200430_085935-2048x1536.jpg 2048w\" sizes=\"(max-width: 750px) 100vw, 750px\" \/><\/p>\n<ol>\n<li>Un vaso de az\u00facar blanquilla (200g)<\/li>\n<li>Un vaso de harina de trigo o de fuerza (200g)<\/li>\n<\/ol>\n<p><img decoding=\"async\" loading=\"lazy\" class=\"size-large wp-image-21474 aligncenter\" src=\"https:\/\/elcalaixetdelaiaia.es\/wp-content\/uploads\/2020\/04\/IMG_20200430_090306-1024x768.jpg\" alt=\"\" width=\"750\" height=\"563\" srcset=\"https:\/\/elcalaixetdelaiaia.es\/wp-content\/uploads\/2020\/04\/IMG_20200430_090306-1024x768.jpg 1024w, https:\/\/elcalaixetdelaiaia.es\/wp-content\/uploads\/2020\/04\/IMG_20200430_090306-300x225.jpg 300w, https:\/\/elcalaixetdelaiaia.es\/wp-content\/uploads\/2020\/04\/IMG_20200430_090306-768x576.jpg 768w, https:\/\/elcalaixetdelaiaia.es\/wp-content\/uploads\/2020\/04\/IMG_20200430_090306-1536x1152.jpg 1536w, https:\/\/elcalaixetdelaiaia.es\/wp-content\/uploads\/2020\/04\/IMG_20200430_090306-2048x1536.jpg 2048w\" sizes=\"(max-width: 750px) 100vw, 750px\" \/><\/p>\n<p>Las medidas antiguas, son por vasos, pero claro, hoy d\u00eda los vasos son mucho mas grandes y de distintas medidas, por eso os lo pongo en gramos tambi\u00e9n porque\u00a0 he hecho la prueba para asegurarme y 200g<\/p>\n<p><img decoding=\"async\" loading=\"lazy\" class=\"size-large wp-image-21475 aligncenter\" src=\"https:\/\/elcalaixetdelaiaia.es\/wp-content\/uploads\/2020\/04\/IMG_20200430_090347-1024x768.jpg\" alt=\"\" width=\"750\" height=\"563\" srcset=\"https:\/\/elcalaixetdelaiaia.es\/wp-content\/uploads\/2020\/04\/IMG_20200430_090347-1024x768.jpg 1024w, https:\/\/elcalaixetdelaiaia.es\/wp-content\/uploads\/2020\/04\/IMG_20200430_090347-300x225.jpg 300w, https:\/\/elcalaixetdelaiaia.es\/wp-content\/uploads\/2020\/04\/IMG_20200430_090347-768x576.jpg 768w, https:\/\/elcalaixetdelaiaia.es\/wp-content\/uploads\/2020\/04\/IMG_20200430_090347-1536x1152.jpg 1536w, https:\/\/elcalaixetdelaiaia.es\/wp-content\/uploads\/2020\/04\/IMG_20200430_090347-2048x1536.jpg 2048w\" sizes=\"(max-width: 750px) 100vw, 750px\" \/><\/p>\n<p style=\"text-align: center;\">es exactamente la medida de un vaso normal, pero claro \u00bfque es un vaso \u00abnormal\u00bb? (\u00a1como me acuerdo de mi marido con lo de, \u00bfque es normal?!)<\/p>\n<p><img decoding=\"async\" loading=\"lazy\" class=\"size-large wp-image-21476 aligncenter\" src=\"https:\/\/elcalaixetdelaiaia.es\/wp-content\/uploads\/2020\/04\/IMG_20200430_090608-1024x768.jpg\" alt=\"\" width=\"750\" height=\"563\" srcset=\"https:\/\/elcalaixetdelaiaia.es\/wp-content\/uploads\/2020\/04\/IMG_20200430_090608-1024x768.jpg 1024w, https:\/\/elcalaixetdelaiaia.es\/wp-content\/uploads\/2020\/04\/IMG_20200430_090608-300x225.jpg 300w, https:\/\/elcalaixetdelaiaia.es\/wp-content\/uploads\/2020\/04\/IMG_20200430_090608-768x576.jpg 768w, https:\/\/elcalaixetdelaiaia.es\/wp-content\/uploads\/2020\/04\/IMG_20200430_090608-1536x1152.jpg 1536w, https:\/\/elcalaixetdelaiaia.es\/wp-content\/uploads\/2020\/04\/IMG_20200430_090608-2048x1536.jpg 2048w\" sizes=\"(max-width: 750px) 100vw, 750px\" \/><\/p>\n<p style=\"text-align: center;\">\u00a0 pues, como en cada casa y para cada uno la normalidad es distinta&#8230; ser\u00e1n aproximadamente 200g. por eso lo he medido y lo he puesto en gramos, por si ten\u00e9is alguna duda, pero vamos que es un vaso, de los de agua o Nocilla<\/p>\n<p><img decoding=\"async\" loading=\"lazy\" class=\"size-large wp-image-21477 aligncenter\" src=\"https:\/\/elcalaixetdelaiaia.es\/wp-content\/uploads\/2020\/04\/IMG_20200430_090621-1024x768.jpg\" alt=\"\" width=\"750\" height=\"563\" srcset=\"https:\/\/elcalaixetdelaiaia.es\/wp-content\/uploads\/2020\/04\/IMG_20200430_090621-1024x768.jpg 1024w, https:\/\/elcalaixetdelaiaia.es\/wp-content\/uploads\/2020\/04\/IMG_20200430_090621-300x225.jpg 300w, https:\/\/elcalaixetdelaiaia.es\/wp-content\/uploads\/2020\/04\/IMG_20200430_090621-768x576.jpg 768w, https:\/\/elcalaixetdelaiaia.es\/wp-content\/uploads\/2020\/04\/IMG_20200430_090621-1536x1152.jpg 1536w, https:\/\/elcalaixetdelaiaia.es\/wp-content\/uploads\/2020\/04\/IMG_20200430_090621-2048x1536.jpg 2048w\" sizes=\"(max-width: 750px) 100vw, 750px\" \/><\/p>\n<p style=\"text-align: center;\">En el cuenco donde tenemos la masa madre, a\u00f1adiremos un vaso o 200g de harina<\/p>\n<p style=\"text-align: center;\"><img decoding=\"async\" loading=\"lazy\" class=\"size-large wp-image-21478 aligncenter\" src=\"https:\/\/elcalaixetdelaiaia.es\/wp-content\/uploads\/2020\/04\/IMG_20200430_090713-1024x768.jpg\" alt=\"\" width=\"750\" height=\"563\" srcset=\"https:\/\/elcalaixetdelaiaia.es\/wp-content\/uploads\/2020\/04\/IMG_20200430_090713-1024x768.jpg 1024w, https:\/\/elcalaixetdelaiaia.es\/wp-content\/uploads\/2020\/04\/IMG_20200430_090713-300x225.jpg 300w, https:\/\/elcalaixetdelaiaia.es\/wp-content\/uploads\/2020\/04\/IMG_20200430_090713-768x576.jpg 768w, https:\/\/elcalaixetdelaiaia.es\/wp-content\/uploads\/2020\/04\/IMG_20200430_090713-1536x1152.jpg 1536w, https:\/\/elcalaixetdelaiaia.es\/wp-content\/uploads\/2020\/04\/IMG_20200430_090713-2048x1536.jpg 2048w\" sizes=\"(max-width: 750px) 100vw, 750px\" \/><\/p>\n<p style=\"text-align: center;\">y un vaso o 200g de az\u00facar blanquilla \u00a1Y ya est\u00e1! <strong>NO HACEMOS NADA MAS<\/strong><\/p>\n<p><img decoding=\"async\" loading=\"lazy\" class=\"size-large wp-image-21481 aligncenter\" src=\"https:\/\/elcalaixetdelaiaia.es\/wp-content\/uploads\/2020\/04\/IMG_20200430_091545-1024x768.jpg\" alt=\"\" width=\"750\" height=\"563\" srcset=\"https:\/\/elcalaixetdelaiaia.es\/wp-content\/uploads\/2020\/04\/IMG_20200430_091545-1024x768.jpg 1024w, https:\/\/elcalaixetdelaiaia.es\/wp-content\/uploads\/2020\/04\/IMG_20200430_091545-300x225.jpg 300w, https:\/\/elcalaixetdelaiaia.es\/wp-content\/uploads\/2020\/04\/IMG_20200430_091545-768x576.jpg 768w, https:\/\/elcalaixetdelaiaia.es\/wp-content\/uploads\/2020\/04\/IMG_20200430_091545-1536x1152.jpg 1536w, https:\/\/elcalaixetdelaiaia.es\/wp-content\/uploads\/2020\/04\/IMG_20200430_091545-2048x1536.jpg 2048w\" sizes=\"(max-width: 750px) 100vw, 750px\" \/><\/p>\n<p style=\"text-align: center;\"><strong>NO SE REMUEVE, NI SE MEZCLA, se deja tal cual<\/strong><\/p>\n<p><img decoding=\"async\" loading=\"lazy\" class=\"size-large wp-image-21479 aligncenter\" src=\"https:\/\/elcalaixetdelaiaia.es\/wp-content\/uploads\/2020\/04\/IMG_20200430_090835-1024x768.jpg\" alt=\"\" width=\"750\" height=\"563\" srcset=\"https:\/\/elcalaixetdelaiaia.es\/wp-content\/uploads\/2020\/04\/IMG_20200430_090835-1024x768.jpg 1024w, https:\/\/elcalaixetdelaiaia.es\/wp-content\/uploads\/2020\/04\/IMG_20200430_090835-300x225.jpg 300w, https:\/\/elcalaixetdelaiaia.es\/wp-content\/uploads\/2020\/04\/IMG_20200430_090835-768x576.jpg 768w, https:\/\/elcalaixetdelaiaia.es\/wp-content\/uploads\/2020\/04\/IMG_20200430_090835-1536x1152.jpg 1536w, https:\/\/elcalaixetdelaiaia.es\/wp-content\/uploads\/2020\/04\/IMG_20200430_090835-2048x1536.jpg 2048w\" sizes=\"(max-width: 750px) 100vw, 750px\" \/><\/p>\n<p style=\"text-align: center;\">tapamos el cuenco con papel film, o gorro de cocina, o tapa&#8230;<\/p>\n<p><img decoding=\"async\" loading=\"lazy\" class=\"size-large wp-image-21480 aligncenter\" src=\"https:\/\/elcalaixetdelaiaia.es\/wp-content\/uploads\/2020\/04\/IMG_20200430_090920-1024x768.jpg\" alt=\"\" width=\"750\" height=\"563\" srcset=\"https:\/\/elcalaixetdelaiaia.es\/wp-content\/uploads\/2020\/04\/IMG_20200430_090920-1024x768.jpg 1024w, https:\/\/elcalaixetdelaiaia.es\/wp-content\/uploads\/2020\/04\/IMG_20200430_090920-300x225.jpg 300w, https:\/\/elcalaixetdelaiaia.es\/wp-content\/uploads\/2020\/04\/IMG_20200430_090920-768x576.jpg 768w, https:\/\/elcalaixetdelaiaia.es\/wp-content\/uploads\/2020\/04\/IMG_20200430_090920-1536x1152.jpg 1536w, https:\/\/elcalaixetdelaiaia.es\/wp-content\/uploads\/2020\/04\/IMG_20200430_090920-2048x1536.jpg 2048w\" sizes=\"(max-width: 750px) 100vw, 750px\" \/><\/p>\n<p style=\"text-align: center;\">y dejamos reposando hasta ma\u00f1ana, en el sitio mas fresco de nuestra casa. <strong>NO VA AL FRIGO.<\/strong><\/p>\n<p>Como ahora a causa del confinamiento, tenemos muchos problemas en conseguir la compra, os pondr\u00e9 todos los d\u00edas los ingredientes que necesitaremos para el horneado del s\u00e1bado d\u00eda 9, con el fin de que pod\u00e1is tener opci\u00f3n a conseguirlos.<\/p>\n<div><img decoding=\"async\" loading=\"lazy\" class=\"size-large wp-image-21325 aligncenter\" src=\"https:\/\/elcalaixetdelaiaia.es\/wp-content\/uploads\/2013\/09\/b22-1024x683.jpg\" alt=\"\" width=\"750\" height=\"500\" srcset=\"https:\/\/elcalaixetdelaiaia.es\/wp-content\/uploads\/2013\/09\/b22-1024x683.jpg 1024w, https:\/\/elcalaixetdelaiaia.es\/wp-content\/uploads\/2013\/09\/b22-300x200.jpg 300w, https:\/\/elcalaixetdelaiaia.es\/wp-content\/uploads\/2013\/09\/b22-768x512.jpg 768w, https:\/\/elcalaixetdelaiaia.es\/wp-content\/uploads\/2013\/09\/b22-600x400.jpg 600w, https:\/\/elcalaixetdelaiaia.es\/wp-content\/uploads\/2013\/09\/b22.jpg 1200w\" sizes=\"(max-width: 750px) 100vw, 750px\" \/><\/div>\n<div><\/div>\n<div>Estos son los ingredientes que a\u00f1adiremos el d\u00eda del horneado:<\/div>\n<ol>\n<li>\u00b7 2 Vasos de harina de trigo de todo uso o de fuerza<\/li>\n<li>\u00b7 1 Vaso de aceite de girasol o de oliva, suave<\/li>\n<li>\u00b7 1 Vaso de az\u00facar blanquilla (en mi caso, yo no voy a poner, ya que la amiga que me regal\u00f3 la masa, me advirti\u00f3 que quedaba demasiado dulce y las cosas empalagosas no me gustan&#8230;ya os dir\u00e9 el resultado)<\/li>\n<li>\u00b7 1 Vaso de leche entera<\/li>\n<li>\u00b7 1 Vaso de frutos secos (nueces, pasas, almendras, etc.), los frutos secos que os gusten, un poco enharinados antes de incorporar a la mezcla para que no se nos vayan al fondo.<\/li>\n<li>\u00b7 1 Sobre de levadura<\/li>\n<li>\u00b7 2 Huevos enteros<\/li>\n<li>\u00b7 2 Manzanas en trocitos enharinadas<\/li>\n<li>\u00a0 La ralladura de una naranja o un lim\u00f3n<\/li>\n<li>\u00a0 Gotas de chocolate puro<\/li>\n<li>\u00b7 1 Pizca de sal<\/li>\n<li>\u00b7 1 cucharada sopera rasa de az\u00facar vainillado (con \u00e9ste az\u00facar y el que ya he ido poniendo d\u00edas anterior, pienso que ser\u00e1 suficiente),\u00f3 esencia de vainilla, \u00f3 ralladura de vaina de vainilla.<\/li>\n<li>\u00b7 1 Pizca de canela molida<\/li>\n<li>\u00b7 Todo el amor del mundo, mis mejores deseos de felicidad, paz, amor y salud y con las mejores y mas positivas vibraciones&#8230;<\/li>\n<\/ol>\n<p>Continuar\u00e1 ma\u00f1ana&#8230;<\/p>\n<p>Os recuerdo, que este blog, es seguro, no ten\u00e9is que aceptar cookis, ni hay publicidad de ning\u00fan tipo, para todos mis seguidores, es completamente gratuito y sin trampas.<\/p>\n<p>Espero tus comentarios que para mi son MUY importantes y recuerda que tambi\u00e9n estoy en Facebook <a href=\"https:\/\/www.facebook.com\/El-calaixet-de-la-iaia-533062140099386\/\">https:\/\/www.facebook.com\/El-calaixet-de-la-iaia-533062140099386\/<\/a><\/p>\n<div>\n<div>Si quieres recibir mis actualizaciones por mail, al final de \u00e9sta p\u00e1gina a la izquierda tienes como hacer para introducir tu correo electr\u00f3nico y no perderte las actualizaciones de mis recetas \u00a1Gracias!<\/div>\n<\/div>\n","protected":false},"excerpt":{"rendered":"<p>\u00abRefrany; Abril mullat, de va be carregat\u00bb Abril mojado, de pan viene cargado. Hola calaixers, vamos a comenzar hoy, el proceso de preparaci\u00f3n para cocinar el pr\u00f3ximo s\u00e1bado 9 de Mayo, nuestro especial bizcocho, como os contaba ayer aqu\u00ed ; https:\/\/elcalaixetdelaiaia.es\/?p=21260 cuando compart\u00ed la preparaci\u00f3n de la masa madre para &hellip; <\/p>\n","protected":false},"author":2,"featured_media":21481,"comment_status":"open","ping_status":"open","sticky":false,"template":"","format":"standard","meta":[],"categories":[131,6,1],"tags":[],"_links":{"self":[{"href":"https:\/\/elcalaixetdelaiaia.es\/index.php?rest_route=\/wp\/v2\/posts\/21472"}],"collection":[{"href":"https:\/\/elcalaixetdelaiaia.es\/index.php?rest_route=\/wp\/v2\/posts"}],"about":[{"href":"https:\/\/elcalaixetdelaiaia.es\/index.php?rest_route=\/wp\/v2\/types\/post"}],"author":[{"embeddable":true,"href":"https:\/\/elcalaixetdelaiaia.es\/index.php?rest_route=\/wp\/v2\/users\/2"}],"replies":[{"embeddable":true,"href":"https:\/\/elcalaixetdelaiaia.es\/index.php?rest_route=%2Fwp%2Fv2%2Fcomments&post=21472"}],"version-history":[{"count":30,"href":"https:\/\/elcalaixetdelaiaia.es\/index.php?rest_route=\/wp\/v2\/posts\/21472\/revisions"}],"predecessor-version":[{"id":27799,"href":"https:\/\/elcalaixetdelaiaia.es\/index.php?rest_route=\/wp\/v2\/posts\/21472\/revisions\/27799"}],"wp:featuredmedia":[{"embeddable":true,"href":"https:\/\/elcalaixetdelaiaia.es\/index.php?rest_route=\/wp\/v2\/media\/21481"}],"wp:attachment":[{"href":"https:\/\/elcalaixetdelaiaia.es\/index.php?rest_route=%2Fwp%2Fv2%2Fmedia&parent=21472"}],"wp:term":[{"taxonomy":"category","embeddable":true,"href":"https:\/\/elcalaixetdelaiaia.es\/index.php?rest_route=%2Fwp%2Fv2%2Fcategories&post=21472"},{"taxonomy":"post_tag","embeddable":true,"href":"https:\/\/elcalaixetdelaiaia.es\/index.php?rest_route=%2Fwp%2Fv2%2Ftags&post=21472"}],"curies":[{"name":"wp","href":"https:\/\/api.w.org\/{rel}","templated":true}]}}