{"id":21284,"date":"2020-04-26T18:38:26","date_gmt":"2020-04-26T18:38:26","guid":{"rendered":"http:\/\/elcalaixetdelaiaia.es\/?p=21284"},"modified":"2023-05-11T12:22:12","modified_gmt":"2023-05-11T12:22:12","slug":"patatas-guisadas-con-mejillones-y-guisantes-paso-a-paso-foto-a-foto","status":"publish","type":"post","link":"https:\/\/elcalaixetdelaiaia.es\/?p=21284","title":{"rendered":"Patatas guisadas con clochinas o mejillones y guisantes paso a paso foto a foto"},"content":{"rendered":"<p>\u00abRefrany; Sembra el julivert pel maig, i tot l\u2019any en tindr\u00e0s\u00bb Siembra perejil por mayo, y rodo el a\u00f1o tendr\u00e1s.<\/p>\n<p>Pues en cuanto pueda, lo sembrar\u00e9 porque el de mi maceta, no ha resitido,\u00a0 y ya no tengo.<\/p>\n<p>Me encanta experimentar en la cocina, y no es por aburrimiento, ya que yo no me aburro jam\u00e1s, al contrario, me faltan horas en el d\u00eda para llevar a cabo todos mis proyectos. Soy una mente inquieta y no paro de \u00abmaquinar ideas\u00bb, ni dumiendo. Ser\u00e1 por haber llevado siempre una vida muy, muy ocupada, la verdad es que no lo se, pero siempre tengo algo entre manos, no se estarme quieta ni viendo una peli, ni una serie, tengo que estar haciendo algo m\u00e1s al mismo tiempo, y esa inquietud en estos momentos de confinamiento, hace que est\u00e9 cocinando con lo que tengo en casa, (o puede conseguir que me env\u00eden, tarea NADA f\u00e1cil) como se hac\u00eda antiguamente, con lo que hay a mano, y saco platos que la verdad, est\u00e1n muy ricos.<\/p>\n<p><img decoding=\"async\" loading=\"lazy\" class=\"size-large wp-image-21360 aligncenter\" src=\"https:\/\/elcalaixetdelaiaia.es\/wp-content\/uploads\/2020\/04\/IMG_20200422_1300502-1024x928.jpg\" alt=\"\" width=\"750\" height=\"680\" srcset=\"https:\/\/elcalaixetdelaiaia.es\/wp-content\/uploads\/2020\/04\/IMG_20200422_1300502-1024x928.jpg 1024w, https:\/\/elcalaixetdelaiaia.es\/wp-content\/uploads\/2020\/04\/IMG_20200422_1300502-300x272.jpg 300w, https:\/\/elcalaixetdelaiaia.es\/wp-content\/uploads\/2020\/04\/IMG_20200422_1300502-768x696.jpg 768w, https:\/\/elcalaixetdelaiaia.es\/wp-content\/uploads\/2020\/04\/IMG_20200422_1300502-1536x1392.jpg 1536w, https:\/\/elcalaixetdelaiaia.es\/wp-content\/uploads\/2020\/04\/IMG_20200422_1300502-2048x1856.jpg 2048w, https:\/\/elcalaixetdelaiaia.es\/wp-content\/uploads\/2020\/04\/IMG_20200422_1300502-280x255.jpg 280w\" sizes=\"(max-width: 750px) 100vw, 750px\" \/><\/p>\n<p>Necesitaremos;<\/p>\n<ol>\n<li>Unas cl\u00f3chinas o a unas malas, mejillones<\/li>\n<li>Dos patatas grandes<\/li>\n<li>Media cebolla<\/li>\n<li>Un tomate maduro<\/li>\n<li>Guisantes<\/li>\n<li>Una zanahoria<\/li>\n<li>Un diente de ajo<\/li>\n<li>Piment\u00f3n de la Vera<\/li>\n<li>Medio vaso de vino blanco<\/li>\n<li>Fumet<\/li>\n<li>Aceite de oliva<\/li>\n<li>Sal<\/li>\n<\/ol>\n<p style=\"text-align: center;\">Os aconsejo tener siempre en el congelador, un fondo de pollo y un fumet de pescado, que nos pueden arreglar una comida, de una forma maravillosa.<\/p>\n<p style=\"text-align: center;\">Aqu\u00ed el paso a paso para hacer un fumet \u00a0 <a href=\"https:\/\/elcalaixetdelaiaia.es\/?p=977\">https:\/\/elcalaixetdelaiaia.es\/?p=977<\/a><\/p>\n<p style=\"text-align: center;\">Limpiaremos a fondo \u00ables cl\u00f2txines\u00bb, aprovechemos que es temporada, pues ya sab\u00e9is que no tienen nada que ver su sabor, con el mejill\u00f3n.<\/p>\n<div class=\"separator\" style=\"text-align: center;\"><a href=\"http:\/\/3.bp.blogspot.com\/-5-CfUpHhQP0\/UzMFDyYhn4I\/AAAAAAAAGws\/ayhbSJeghcw\/s1600\/fi.jpg\"><img decoding=\"async\" loading=\"lazy\" class=\"aligncenter\" src=\"https:\/\/elcalaixetdelaiaia.es\/wp-content\/uploads\/2014\/03\/fi.jpg\" width=\"640\" height=\"426\" border=\"0\" \/><\/a><\/div>\n<div style=\"text-align: center;\">Comenzaremos por limpiarlas como es debido. Les quitaremos con un cuchillo los bigotes, lapas o filamentos y rasparemos todo lo que lleve adherido a la concha \u00bfveis esa especie de volc\u00e1n o cuevecita) pues en ella se alojan a veces peque\u00f1os gusanitos, por tanto eliminarlas bien para no tener que acabar echando a la basura tan delicioso molusco, \u00a0a veces simplemente golpe\u00e1ndolas unas contra otra, salen sin problema.<br \/>\nUn truco superefectivo, es fregarlos con un estropajo de acero tipo nanas&#8230; se quedan perfectooooosss<br \/>\n<img decoding=\"async\" loading=\"lazy\" class=\"alignnone size-full wp-image-25192\" src=\"https:\/\/elcalaixetdelaiaia.es\/wp-content\/uploads\/2020\/04\/WhatsApp-Image-2023-05-11-at-14.05.361.jpeg\" alt=\"\" width=\"768\" height=\"1024\" srcset=\"https:\/\/elcalaixetdelaiaia.es\/wp-content\/uploads\/2020\/04\/WhatsApp-Image-2023-05-11-at-14.05.361.jpeg 768w, https:\/\/elcalaixetdelaiaia.es\/wp-content\/uploads\/2020\/04\/WhatsApp-Image-2023-05-11-at-14.05.361-225x300.jpeg 225w\" sizes=\"(max-width: 768px) 100vw, 768px\" \/><\/div>\n<div><\/div>\n<div style=\"text-align: center;\">Para distinguir que sean Cl\u00f2txinas o no, os recordar\u00e9 que en la malla debe de ir una etiqueta\u00a0 con la D.O. de \u201cCl\u00f3txina de Val\u00e8ncia\u201d y una se\u00f1era.\u00a0 Si no lleva \u00e9sto, son mejillones.<\/div>\n<div style=\"text-align: center;\"><\/div>\n<div class=\"separator\" style=\"text-align: center;\"><a href=\"http:\/\/3.bp.blogspot.com\/-Ue4-HNPKhtI\/UzMFD0OI4HI\/AAAAAAAAGw0\/m2MlVzCb-Iw\/s1600\/fide.jpg\"><img decoding=\"async\" loading=\"lazy\" src=\"https:\/\/elcalaixetdelaiaia.es\/wp-content\/uploads\/2014\/03\/fide.jpg\" width=\"640\" height=\"426\" border=\"0\" \/><\/a><\/div>\n<div style=\"text-align: center;\"><\/div>\n<div style=\"text-align: center;\">Hay que desechar \u00a0los mejillones que presenten la c\u00e1scara rota y si alguno se ha abierto, golp\u00e9alo y si no se cierra hay que tirarlo pues quiere decir que est\u00e1 en mal estado. Los enjuagaremos bien, pero sin sumergirlos en agua y reservaremos.<\/div>\n<div style=\"text-align: center;\">\n<div class=\"separator\">\n<div><\/div>\n<\/div>\n<div><img decoding=\"async\" loading=\"lazy\" class=\"alignnone wp-image-21361\" src=\"https:\/\/elcalaixetdelaiaia.es\/wp-content\/uploads\/2020\/04\/IMG_20200422_131426-1024x768.jpg\" alt=\"\" width=\"633\" height=\"475\" srcset=\"https:\/\/elcalaixetdelaiaia.es\/wp-content\/uploads\/2020\/04\/IMG_20200422_131426-1024x768.jpg 1024w, https:\/\/elcalaixetdelaiaia.es\/wp-content\/uploads\/2020\/04\/IMG_20200422_131426-300x225.jpg 300w, https:\/\/elcalaixetdelaiaia.es\/wp-content\/uploads\/2020\/04\/IMG_20200422_131426-768x576.jpg 768w, https:\/\/elcalaixetdelaiaia.es\/wp-content\/uploads\/2020\/04\/IMG_20200422_131426-1536x1152.jpg 1536w, https:\/\/elcalaixetdelaiaia.es\/wp-content\/uploads\/2020\/04\/IMG_20200422_131426-2048x1536.jpg 2048w\" sizes=\"(max-width: 633px) 100vw, 633px\" \/><\/div>\n<div class=\"separator\">\n<div><\/div>\n<\/div>\n<div>Cortamos la zanahoria, la cebolla y el tomate en trozos pero no muy peque\u00f1os peque\u00f1o, lo que llaman en Bruniose no, un poquito mas grandes. Ponemos a calentar aceite y sofre\u00edmos las verduras, junto a dos hojitas de laurel enjuagadas<\/div>\n<\/div>\n<div style=\"text-align: center;\"><\/div>\n<div style=\"text-align: center;\"><img decoding=\"async\" loading=\"lazy\" class=\" wp-image-21362 aligncenter\" src=\"https:\/\/elcalaixetdelaiaia.es\/wp-content\/uploads\/2020\/04\/IMG_20200422_132149-1024x768.jpg\" alt=\"\" width=\"630\" height=\"473\" srcset=\"https:\/\/elcalaixetdelaiaia.es\/wp-content\/uploads\/2020\/04\/IMG_20200422_132149-1024x768.jpg 1024w, https:\/\/elcalaixetdelaiaia.es\/wp-content\/uploads\/2020\/04\/IMG_20200422_132149-300x225.jpg 300w, https:\/\/elcalaixetdelaiaia.es\/wp-content\/uploads\/2020\/04\/IMG_20200422_132149-768x576.jpg 768w, https:\/\/elcalaixetdelaiaia.es\/wp-content\/uploads\/2020\/04\/IMG_20200422_132149-1536x1152.jpg 1536w, https:\/\/elcalaixetdelaiaia.es\/wp-content\/uploads\/2020\/04\/IMG_20200422_132149-2048x1536.jpg 2048w\" sizes=\"(max-width: 630px) 100vw, 630px\" \/><\/div>\n<div style=\"text-align: center;\"><\/div>\n<div style=\"text-align: center;\">Mientras tanto, pelamos y chascamos las patatas, las enjuagamos y escurrimos y las a\u00f1adimos al sofrito<\/div>\n<div style=\"text-align: center;\"><\/div>\n<div style=\"text-align: center;\"><img decoding=\"async\" loading=\"lazy\" class=\"wp-image-21363 aligncenter\" src=\"https:\/\/elcalaixetdelaiaia.es\/wp-content\/uploads\/2020\/04\/IMG_20200422_132747-1024x768.jpg\" alt=\"\" width=\"625\" height=\"469\" srcset=\"https:\/\/elcalaixetdelaiaia.es\/wp-content\/uploads\/2020\/04\/IMG_20200422_132747-1024x768.jpg 1024w, https:\/\/elcalaixetdelaiaia.es\/wp-content\/uploads\/2020\/04\/IMG_20200422_132747-300x225.jpg 300w, https:\/\/elcalaixetdelaiaia.es\/wp-content\/uploads\/2020\/04\/IMG_20200422_132747-768x576.jpg 768w, https:\/\/elcalaixetdelaiaia.es\/wp-content\/uploads\/2020\/04\/IMG_20200422_132747-1536x1152.jpg 1536w, https:\/\/elcalaixetdelaiaia.es\/wp-content\/uploads\/2020\/04\/IMG_20200422_132747-2048x1536.jpg 2048w\" sizes=\"(max-width: 625px) 100vw, 625px\" \/><\/div>\n<div style=\"text-align: center;\"><\/div>\n<div style=\"text-align: center;\">Pelamos y rallamos el tomate y el ajo, y lo a\u00f1adimos a la olla,<\/div>\n<div style=\"text-align: center;\"><\/div>\n<div style=\"text-align: center;\"><img decoding=\"async\" loading=\"lazy\" class=\"wp-image-21364 aligncenter\" src=\"https:\/\/elcalaixetdelaiaia.es\/wp-content\/uploads\/2020\/04\/IMG_20200422_133220-1024x768.jpg\" alt=\"\" width=\"619\" height=\"464\" srcset=\"https:\/\/elcalaixetdelaiaia.es\/wp-content\/uploads\/2020\/04\/IMG_20200422_133220-1024x768.jpg 1024w, https:\/\/elcalaixetdelaiaia.es\/wp-content\/uploads\/2020\/04\/IMG_20200422_133220-300x225.jpg 300w, https:\/\/elcalaixetdelaiaia.es\/wp-content\/uploads\/2020\/04\/IMG_20200422_133220-768x576.jpg 768w, https:\/\/elcalaixetdelaiaia.es\/wp-content\/uploads\/2020\/04\/IMG_20200422_133220-1536x1152.jpg 1536w, https:\/\/elcalaixetdelaiaia.es\/wp-content\/uploads\/2020\/04\/IMG_20200422_133220-2048x1536.jpg 2048w\" sizes=\"(max-width: 619px) 100vw, 619px\" \/><\/div>\n<div style=\"text-align: center;\"><\/div>\n<div style=\"text-align: center;\">\u00a0 cuando evapore el aguilla del tomate, a\u00f1adimos el piment\u00f3n de la vera, removemos,<\/div>\n<div style=\"text-align: center;\"><\/div>\n<div style=\"text-align: center;\"><img decoding=\"async\" loading=\"lazy\" class=\"wp-image-21365 aligncenter\" src=\"https:\/\/elcalaixetdelaiaia.es\/wp-content\/uploads\/2020\/04\/IMG_20200422_133308-1024x768.jpg\" alt=\"\" width=\"630\" height=\"473\" srcset=\"https:\/\/elcalaixetdelaiaia.es\/wp-content\/uploads\/2020\/04\/IMG_20200422_133308-1024x768.jpg 1024w, https:\/\/elcalaixetdelaiaia.es\/wp-content\/uploads\/2020\/04\/IMG_20200422_133308-300x225.jpg 300w, https:\/\/elcalaixetdelaiaia.es\/wp-content\/uploads\/2020\/04\/IMG_20200422_133308-768x576.jpg 768w, https:\/\/elcalaixetdelaiaia.es\/wp-content\/uploads\/2020\/04\/IMG_20200422_133308-1536x1152.jpg 1536w, https:\/\/elcalaixetdelaiaia.es\/wp-content\/uploads\/2020\/04\/IMG_20200422_133308-2048x1536.jpg 2048w\" sizes=\"(max-width: 630px) 100vw, 630px\" \/><\/div>\n<div style=\"text-align: center;\"><\/div>\n<div style=\"text-align: center;\">a\u00f1adimos los guisantes, y acto seguido<\/div>\n<div style=\"text-align: center;\"><\/div>\n<div style=\"text-align: center;\"><img decoding=\"async\" loading=\"lazy\" class=\"wp-image-21366 aligncenter\" src=\"https:\/\/elcalaixetdelaiaia.es\/wp-content\/uploads\/2020\/04\/IMG_20200422_133358-1024x768.jpg\" alt=\"\" width=\"630\" height=\"473\" srcset=\"https:\/\/elcalaixetdelaiaia.es\/wp-content\/uploads\/2020\/04\/IMG_20200422_133358-1024x768.jpg 1024w, https:\/\/elcalaixetdelaiaia.es\/wp-content\/uploads\/2020\/04\/IMG_20200422_133358-300x225.jpg 300w, https:\/\/elcalaixetdelaiaia.es\/wp-content\/uploads\/2020\/04\/IMG_20200422_133358-768x576.jpg 768w, https:\/\/elcalaixetdelaiaia.es\/wp-content\/uploads\/2020\/04\/IMG_20200422_133358-1536x1152.jpg 1536w, https:\/\/elcalaixetdelaiaia.es\/wp-content\/uploads\/2020\/04\/IMG_20200422_133358-2048x1536.jpg 2048w\" sizes=\"(max-width: 630px) 100vw, 630px\" \/><\/div>\n<div style=\"text-align: center;\"><\/div>\n<div style=\"text-align: center;\">\u00a0refrescamos con medio vaso de vino, dejamos que se evapore el alcohol<\/div>\n<div style=\"text-align: center;\"><\/div>\n<div style=\"text-align: center;\"><img decoding=\"async\" loading=\"lazy\" class=\"wp-image-21367 aligncenter\" src=\"https:\/\/elcalaixetdelaiaia.es\/wp-content\/uploads\/2020\/04\/IMG_20200422_133614-1024x768.jpg\" alt=\"\" width=\"627\" height=\"470\" srcset=\"https:\/\/elcalaixetdelaiaia.es\/wp-content\/uploads\/2020\/04\/IMG_20200422_133614-1024x768.jpg 1024w, https:\/\/elcalaixetdelaiaia.es\/wp-content\/uploads\/2020\/04\/IMG_20200422_133614-300x225.jpg 300w, https:\/\/elcalaixetdelaiaia.es\/wp-content\/uploads\/2020\/04\/IMG_20200422_133614-768x576.jpg 768w, https:\/\/elcalaixetdelaiaia.es\/wp-content\/uploads\/2020\/04\/IMG_20200422_133614-1536x1152.jpg 1536w, https:\/\/elcalaixetdelaiaia.es\/wp-content\/uploads\/2020\/04\/IMG_20200422_133614-2048x1536.jpg 2048w\" sizes=\"(max-width: 627px) 100vw, 627px\" \/><\/div>\n<div style=\"text-align: center;\"><\/div>\n<div style=\"text-align: center;\">y cubrimos con el fumet. Cocinamos durante unos 15 minutos. A media cocci\u00f3n rectificamos de sal.<\/div>\n<div style=\"text-align: center;\"><\/div>\n<div style=\"text-align: center;\"><img decoding=\"async\" loading=\"lazy\" class=\"wp-image-21370 aligncenter\" src=\"https:\/\/elcalaixetdelaiaia.es\/wp-content\/uploads\/2020\/04\/IMG_20200422_140250-1024x768.jpg\" alt=\"\" width=\"639\" height=\"479\" srcset=\"https:\/\/elcalaixetdelaiaia.es\/wp-content\/uploads\/2020\/04\/IMG_20200422_140250-1024x768.jpg 1024w, https:\/\/elcalaixetdelaiaia.es\/wp-content\/uploads\/2020\/04\/IMG_20200422_140250-300x225.jpg 300w, https:\/\/elcalaixetdelaiaia.es\/wp-content\/uploads\/2020\/04\/IMG_20200422_140250-768x576.jpg 768w, https:\/\/elcalaixetdelaiaia.es\/wp-content\/uploads\/2020\/04\/IMG_20200422_140250-1536x1152.jpg 1536w, https:\/\/elcalaixetdelaiaia.es\/wp-content\/uploads\/2020\/04\/IMG_20200422_140250-2048x1536.jpg 2048w\" sizes=\"(max-width: 639px) 100vw, 639px\" \/><\/div>\n<div style=\"text-align: center;\"><\/div>\n<div style=\"text-align: center;\">Si queremos el caldo mas espesito, lo podemos engordar pisando con una cuchara y un tenedor alg\u00fan trocito de patata.<\/div>\n<div style=\"text-align: center;\"><img decoding=\"async\" loading=\"lazy\" class=\"wp-image-21371 aligncenter\" src=\"https:\/\/elcalaixetdelaiaia.es\/wp-content\/uploads\/2020\/04\/IMG_20200422_140442-1024x768.jpg\" alt=\"\" width=\"642\" height=\"482\" srcset=\"https:\/\/elcalaixetdelaiaia.es\/wp-content\/uploads\/2020\/04\/IMG_20200422_140442-1024x768.jpg 1024w, https:\/\/elcalaixetdelaiaia.es\/wp-content\/uploads\/2020\/04\/IMG_20200422_140442-300x225.jpg 300w, https:\/\/elcalaixetdelaiaia.es\/wp-content\/uploads\/2020\/04\/IMG_20200422_140442-768x576.jpg 768w, https:\/\/elcalaixetdelaiaia.es\/wp-content\/uploads\/2020\/04\/IMG_20200422_140442-1536x1152.jpg 1536w, https:\/\/elcalaixetdelaiaia.es\/wp-content\/uploads\/2020\/04\/IMG_20200422_140442-2048x1536.jpg 2048w\" sizes=\"(max-width: 642px) 100vw, 642px\" \/><\/div>\n<div style=\"text-align: center;\"><\/div>\n<div style=\"text-align: center;\">\u00a0\u00a0\u00a0\u00a0\u00a0\u00a0\u00a0\u00a0\u00a0\u00a0\u00a0\u00a0 A\u00f1adimos los mejillones y dejamos cocer un par de minutos.<\/div>\n<div style=\"text-align: center;\"><img decoding=\"async\" loading=\"lazy\" class=\"alignnone size-large wp-image-21379\" src=\"https:\/\/elcalaixetdelaiaia.es\/wp-content\/uploads\/2020\/04\/IMG_20200423_212850-1024x818.jpg\" alt=\"\" width=\"750\" height=\"599\" srcset=\"https:\/\/elcalaixetdelaiaia.es\/wp-content\/uploads\/2020\/04\/IMG_20200423_212850-1024x818.jpg 1024w, https:\/\/elcalaixetdelaiaia.es\/wp-content\/uploads\/2020\/04\/IMG_20200423_212850-300x240.jpg 300w, https:\/\/elcalaixetdelaiaia.es\/wp-content\/uploads\/2020\/04\/IMG_20200423_212850-768x613.jpg 768w, https:\/\/elcalaixetdelaiaia.es\/wp-content\/uploads\/2020\/04\/IMG_20200423_212850-1536x1226.jpg 1536w, https:\/\/elcalaixetdelaiaia.es\/wp-content\/uploads\/2020\/04\/IMG_20200423_212850-2048x1635.jpg 2048w\" sizes=\"(max-width: 750px) 100vw, 750px\" \/><\/div>\n<div style=\"text-align: center;\"><\/div>\n<div style=\"text-align: center;\">Le quitamos las valvas a algunos mejillones, y otros los dejamos tal cual, para emplatar<\/div>\n<div style=\"text-align: center;\"><\/div>\n<div style=\"text-align: center;\"><img decoding=\"async\" loading=\"lazy\" class=\"alignnone size-large wp-image-21372\" src=\"https:\/\/elcalaixetdelaiaia.es\/wp-content\/uploads\/2020\/04\/IMG_20200422_142610-1024x768.jpg\" alt=\"\" width=\"750\" height=\"563\" srcset=\"https:\/\/elcalaixetdelaiaia.es\/wp-content\/uploads\/2020\/04\/IMG_20200422_142610-1024x768.jpg 1024w, https:\/\/elcalaixetdelaiaia.es\/wp-content\/uploads\/2020\/04\/IMG_20200422_142610-300x225.jpg 300w, https:\/\/elcalaixetdelaiaia.es\/wp-content\/uploads\/2020\/04\/IMG_20200422_142610-768x576.jpg 768w, https:\/\/elcalaixetdelaiaia.es\/wp-content\/uploads\/2020\/04\/IMG_20200422_142610-1536x1152.jpg 1536w, https:\/\/elcalaixetdelaiaia.es\/wp-content\/uploads\/2020\/04\/IMG_20200422_142610-2048x1536.jpg 2048w\" sizes=\"(max-width: 750px) 100vw, 750px\" \/><\/div>\n<div style=\"text-align: center;\"><\/div>\n<div style=\"text-align: center;\">Es una pena, que se me haya muerto la planta de perejil, porque a este plato le ir\u00eda de maravilla un poquito de perejil fresco, pero como no hay&#8230;&#8230;servimos as\u00ed<\/div>\n<div style=\"text-align: center;\"><\/div>\n<div style=\"text-align: center;\">\n<div class=\"separator\"><img decoding=\"async\" loading=\"lazy\" class=\"alignnone size-large wp-image-21374\" src=\"https:\/\/elcalaixetdelaiaia.es\/wp-content\/uploads\/2020\/04\/IMG_20200422_142655-1024x768.jpg\" alt=\"\" width=\"750\" height=\"563\" srcset=\"https:\/\/elcalaixetdelaiaia.es\/wp-content\/uploads\/2020\/04\/IMG_20200422_142655-1024x768.jpg 1024w, https:\/\/elcalaixetdelaiaia.es\/wp-content\/uploads\/2020\/04\/IMG_20200422_142655-300x225.jpg 300w, https:\/\/elcalaixetdelaiaia.es\/wp-content\/uploads\/2020\/04\/IMG_20200422_142655-768x576.jpg 768w, https:\/\/elcalaixetdelaiaia.es\/wp-content\/uploads\/2020\/04\/IMG_20200422_142655-1536x1152.jpg 1536w, https:\/\/elcalaixetdelaiaia.es\/wp-content\/uploads\/2020\/04\/IMG_20200422_142655-2048x1536.jpg 2048w\" sizes=\"(max-width: 750px) 100vw, 750px\" \/><\/div>\n<\/div>\n<div><\/div>\n<div style=\"text-align: center;\">Bien calentitas, este guiso, aguanta perfectamente de un d\u00eda para otro.<\/div>\n<div><\/div>\n<div style=\"text-align: center;\">\n<div><\/div>\n<div class=\"separator\"><img decoding=\"async\" loading=\"lazy\" class=\"alignnone size-large wp-image-21375\" src=\"https:\/\/elcalaixetdelaiaia.es\/wp-content\/uploads\/2020\/04\/IMG_20200422_142703-1024x768.jpg\" alt=\"\" width=\"750\" height=\"563\" srcset=\"https:\/\/elcalaixetdelaiaia.es\/wp-content\/uploads\/2020\/04\/IMG_20200422_142703-1024x768.jpg 1024w, https:\/\/elcalaixetdelaiaia.es\/wp-content\/uploads\/2020\/04\/IMG_20200422_142703-300x225.jpg 300w, https:\/\/elcalaixetdelaiaia.es\/wp-content\/uploads\/2020\/04\/IMG_20200422_142703-768x576.jpg 768w, https:\/\/elcalaixetdelaiaia.es\/wp-content\/uploads\/2020\/04\/IMG_20200422_142703-1536x1152.jpg 1536w, https:\/\/elcalaixetdelaiaia.es\/wp-content\/uploads\/2020\/04\/IMG_20200422_142703-2048x1536.jpg 2048w\" sizes=\"(max-width: 750px) 100vw, 750px\" \/><\/div>\n<\/div>\n<div><\/div>\n<div style=\"text-align: center;\">Por supuesto que pod\u00e9is a\u00f1adir cualquier tipo de marisco o de pescado,<\/div>\n<div style=\"text-align: center;\"><\/div>\n<div style=\"text-align: center;\"><img decoding=\"async\" loading=\"lazy\" class=\"alignnone size-large wp-image-21376\" src=\"https:\/\/elcalaixetdelaiaia.es\/wp-content\/uploads\/2020\/04\/IMG_20200423_212601-1024x768.jpg\" alt=\"\" width=\"750\" height=\"563\" srcset=\"https:\/\/elcalaixetdelaiaia.es\/wp-content\/uploads\/2020\/04\/IMG_20200423_212601-1024x768.jpg 1024w, https:\/\/elcalaixetdelaiaia.es\/wp-content\/uploads\/2020\/04\/IMG_20200423_212601-300x225.jpg 300w, https:\/\/elcalaixetdelaiaia.es\/wp-content\/uploads\/2020\/04\/IMG_20200423_212601-768x576.jpg 768w, https:\/\/elcalaixetdelaiaia.es\/wp-content\/uploads\/2020\/04\/IMG_20200423_212601-1536x1152.jpg 1536w, https:\/\/elcalaixetdelaiaia.es\/wp-content\/uploads\/2020\/04\/IMG_20200423_212601-2048x1536.jpg 2048w\" sizes=\"(max-width: 750px) 100vw, 750px\" \/><\/div>\n<div style=\"text-align: center;\"><\/div>\n<div style=\"text-align: center;\">pero os aseguro que as\u00ed, sin mas, resulta un plato delicioso, sano y barato<\/div>\n<div style=\"text-align: center;\"><\/div>\n<div style=\"text-align: center;\"><img decoding=\"async\" loading=\"lazy\" class=\"alignnone size-large wp-image-21377\" src=\"https:\/\/elcalaixetdelaiaia.es\/wp-content\/uploads\/2020\/04\/IMG_20200423_212717-1024x768.jpg\" alt=\"\" width=\"750\" height=\"563\" srcset=\"https:\/\/elcalaixetdelaiaia.es\/wp-content\/uploads\/2020\/04\/IMG_20200423_212717-1024x768.jpg 1024w, https:\/\/elcalaixetdelaiaia.es\/wp-content\/uploads\/2020\/04\/IMG_20200423_212717-300x225.jpg 300w, https:\/\/elcalaixetdelaiaia.es\/wp-content\/uploads\/2020\/04\/IMG_20200423_212717-768x576.jpg 768w, https:\/\/elcalaixetdelaiaia.es\/wp-content\/uploads\/2020\/04\/IMG_20200423_212717-1536x1152.jpg 1536w, https:\/\/elcalaixetdelaiaia.es\/wp-content\/uploads\/2020\/04\/IMG_20200423_212717-2048x1536.jpg 2048w\" sizes=\"(max-width: 750px) 100vw, 750px\" \/><\/div>\n<div>\n<div style=\"text-align: center;\">\n<p>\u00abAla taula i&#8230; BON PROFIT!!!\u00bb\u00a0 Si la cocin\u00e1is, ser\u00e1 estupendo ver vuestras fotos. Cualquier duda o apunte&#8230; en comentarios. Gracias por leerme.<\/p>\n<div>Si te gusta mi receta, puedes compartirla para que llegue a m\u00e1s gente.Espero tus comentarios, que para mi son MUY importantes y prometo contestar lo antes posible. Gracias por tu visita. Y recuerda que tambi\u00e9n estoy en Facebook\u00a0<a href=\"https:\/\/www.facebook.com\/El-calaixet-de-la-iaia-533062140099386\/\">https:\/\/www.facebook.com\/El-calaixet-de-la-iaia-533062140099386\/<\/a><\/div>\n<\/div>\n<div style=\"text-align: center;\"><\/div>\n<\/div>\n","protected":false},"excerpt":{"rendered":"<p>\u00abRefrany; Sembra el julivert pel maig, i tot l\u2019any en tindr\u00e0s\u00bb Siembra perejil por mayo, y rodo el a\u00f1o tendr\u00e1s. Pues en cuanto pueda, lo sembrar\u00e9 porque el de mi maceta, no ha resitido,\u00a0 y ya no tengo. Me encanta experimentar en la cocina, y no es por aburrimiento, ya &hellip; <\/p>\n","protected":false},"author":2,"featured_media":21377,"comment_status":"open","ping_status":"open","sticky":false,"template":"","format":"standard","meta":[],"categories":[40,37,1],"tags":[],"_links":{"self":[{"href":"https:\/\/elcalaixetdelaiaia.es\/index.php?rest_route=\/wp\/v2\/posts\/21284"}],"collection":[{"href":"https:\/\/elcalaixetdelaiaia.es\/index.php?rest_route=\/wp\/v2\/posts"}],"about":[{"href":"https:\/\/elcalaixetdelaiaia.es\/index.php?rest_route=\/wp\/v2\/types\/post"}],"author":[{"embeddable":true,"href":"https:\/\/elcalaixetdelaiaia.es\/index.php?rest_route=\/wp\/v2\/users\/2"}],"replies":[{"embeddable":true,"href":"https:\/\/elcalaixetdelaiaia.es\/index.php?rest_route=%2Fwp%2Fv2%2Fcomments&post=21284"}],"version-history":[{"count":9,"href":"https:\/\/elcalaixetdelaiaia.es\/index.php?rest_route=\/wp\/v2\/posts\/21284\/revisions"}],"predecessor-version":[{"id":25199,"href":"https:\/\/elcalaixetdelaiaia.es\/index.php?rest_route=\/wp\/v2\/posts\/21284\/revisions\/25199"}],"wp:featuredmedia":[{"embeddable":true,"href":"https:\/\/elcalaixetdelaiaia.es\/index.php?rest_route=\/wp\/v2\/media\/21377"}],"wp:attachment":[{"href":"https:\/\/elcalaixetdelaiaia.es\/index.php?rest_route=%2Fwp%2Fv2%2Fmedia&parent=21284"}],"wp:term":[{"taxonomy":"category","embeddable":true,"href":"https:\/\/elcalaixetdelaiaia.es\/index.php?rest_route=%2Fwp%2Fv2%2Fcategories&post=21284"},{"taxonomy":"post_tag","embeddable":true,"href":"https:\/\/elcalaixetdelaiaia.es\/index.php?rest_route=%2Fwp%2Fv2%2Ftags&post=21284"}],"curies":[{"name":"wp","href":"https:\/\/api.w.org\/{rel}","templated":true}]}}