{"id":21122,"date":"2020-04-17T11:04:05","date_gmt":"2020-04-17T11:04:05","guid":{"rendered":"http:\/\/elcalaixetdelaiaia.es\/2020\/04\/contra-las-penas-del-coronavirus-alegria-no-queda-otra\/"},"modified":"2020-04-17T13:21:32","modified_gmt":"2020-04-17T13:21:32","slug":"contra-las-penas-del-coronavirus-alegria-no-queda-otra","status":"publish","type":"post","link":"https:\/\/elcalaixetdelaiaia.es\/?p=21122","title":{"rendered":"Contra las penas del coronavirus, alegr\u00eda, no queda otra"},"content":{"rendered":"\r\n<p>\u00abRefrany; \u00abEl que canta el seu mal espanta i el que plora s&#8217;el augmenta\u00bb Quien canta, su mal espanta, y el que llora se lo aumenta.<\/p>\r\n\r\n\r\n\r\n<p>Bon d\u00eda calaixers.<\/p>\r\n\r\n\r\n\r\n<p>Mi iaia Conxeta, siempre estaba cantando, (y eso que la pobrecita, no tuvo una vida, como para cantar mucho), pero ella dec\u00eda, que \u00abEl que canta el seu mal espanta i el que plora s&#8217;el augmenta\u00bb, el asunto, no est\u00e1 para cantes ni bailes, pero contra las penas, alegr\u00eda. Mirad y escuchad este video. Luego voy con recetas para el est\u00f3mago, esta es para el \u00e1nimo ?????<\/p>\r\n\r\n\r\n\r\n<figure class=\"wp-block-video\">\r\n<p>Esta canci\u00f3n es de; Salvador Blasco Peris y familia<\/p>\r\n<p>Les panaeres del coronavirus<\/p>\r\n<div style=\"width: 750px;\" class=\"wp-video\"><!--[if lt IE 9]><script>document.createElement('video');<\/script><![endif]-->\n<video class=\"wp-video-shortcode\" id=\"video-21122-1\" width=\"750\" height=\"422\" preload=\"metadata\" controls=\"controls\"><source type=\"video\/mp4\" src=\"https:\/\/elcalaixetdelaiaia.es\/wp-content\/uploads\/2020\/04\/10000000_153908186102183_409070833075538489_n.mp4?_=1\" \/><a href=\"https:\/\/elcalaixetdelaiaia.es\/wp-content\/uploads\/2020\/04\/10000000_153908186102183_409070833075538489_n.mp4\">https:\/\/elcalaixetdelaiaia.es\/wp-content\/uploads\/2020\/04\/10000000_153908186102183_409070833075538489_n.mp4<\/a><\/video><\/div>\r\n<p>&nbsp;<\/p>\r\n<\/figure>\r\n\r\n\r\n\r\n<p>Os sigo recordando que somos un engranaje, y nos tenemos que ayudar unos a otros, hacer las compras en vuestras tiendas de barrio y mercados m\u00e1s pr\u00f3ximos, nos necesitamos todos. Y por favor\u2026..salir s\u00f3lo si es NECESARIO, no a dar paseos, no a estirar las piernas, hay muchos arriesg\u00e1ndose por nosotros\u2026.por favor, nos jugamos la VIDA de TODOS. Gracias.<\/p>\r\n\r\n\r\n\r\n<div id=\"id_5e998da91a92f0e20981865\" class=\"text_exposed_root text_exposed\"><span class=\"text_exposed_show\"><a class=\"_58cn\" href=\"https:\/\/www.facebook.com\/hashtag\/mercatcabanyal?epa=HASHTAG\" data-ft=\"{&quot;type&quot;:104,&quot;tn&quot;:&quot;*N&quot;}\">#MercatCabanyal<\/a> <a class=\"_58cn\" href=\"https:\/\/www.facebook.com\/hashtag\/qu\u00e9dateencasa?epa=HASHTAG\" data-ft=\"{&quot;type&quot;:104,&quot;tn&quot;:&quot;*N&quot;}\">#Qu\u00e9dateEnCasa<\/a> <a class=\"_58cn\" href=\"https:\/\/www.facebook.com\/hashtag\/quedatacasa?epa=HASHTAG\" data-ft=\"{&quot;type&quot;:104,&quot;tn&quot;:&quot;*N&quot;}\">#QuedatACasa<\/a> <a class=\"_58cn\" href=\"https:\/\/www.facebook.com\/hashtag\/compraentubarrioyhazlocrecer?epa=HASHTAG\" data-ft=\"{&quot;type&quot;:104,&quot;tn&quot;:&quot;*N&quot;}\">#CompraEnTuBarrioYHazloCre<wbr \/>cer<\/a> <a class=\"_58cn\" href=\"https:\/\/www.facebook.com\/hashtag\/alimentosdeproximidad?epa=HASHTAG\" data-ft=\"{&quot;type&quot;:104,&quot;tn&quot;:&quot;*N&quot;}\">#AlimentosDeProximidad<\/a><br \/><a class=\"_58cn\" href=\"https:\/\/www.facebook.com\/hashtag\/mercatderussafa?epa=HASHTAG\" data-ft=\"{&quot;type&quot;:104,&quot;tn&quot;:&quot;*N&quot;}\">#mercatderussafa<\/a> <a class=\"_58cn\" href=\"https:\/\/www.facebook.com\/hashtag\/mercatcentral?epa=HASHTAG\" data-ft=\"{&quot;type&quot;:104,&quot;tn&quot;:&quot;*N&quot;}\">#MercatCentral<\/a> <a class=\"_58cn\" href=\"https:\/\/www.facebook.com\/hashtag\/aisladosperonosolos?epa=HASHTAG\" data-ft=\"{&quot;type&quot;:104,&quot;tn&quot;:&quot;*N&quot;}\">#AisladosPeroNoSolos<\/a> <a class=\"_58cn\" href=\"https:\/\/www.facebook.com\/hashtag\/estevirusloparamosunidos?epa=HASHTAG\" data-ft=\"{&quot;type&quot;:104,&quot;tn&quot;:&quot;*N&quot;}\">#EsteVirusLoParamosUnidos<\/a> <a class=\"_58cn\" href=\"https:\/\/www.facebook.com\/hashtag\/a\u00e7\u00f2tamb\u00e8passar\u00e0?epa=HASHTAG\" data-ft=\"{&quot;type&quot;:104,&quot;tn&quot;:&quot;*N&quot;}\">#A\u00e7\u00f2Tamb\u00e8Passar\u00e0<\/a><br \/><a class=\"_58cn\" href=\"https:\/\/www.facebook.com\/hashtag\/yomequedoencasa?epa=HASHTAG\" data-ft=\"{&quot;type&quot;:104,&quot;tn&quot;:&quot;*N&quot;}\">#YoMeQuedoEnCasa<\/a> <a class=\"_58cn\" href=\"https:\/\/www.facebook.com\/hashtag\/frenarlacurva?epa=HASHTAG\" data-ft=\"{&quot;type&quot;:104,&quot;tn&quot;:&quot;*N&quot;}\">#FrenarLaCurva<\/a> <a class=\"_58cn\" href=\"https:\/\/www.facebook.com\/hashtag\/nosonvacaciones?epa=HASHTAG\" data-ft=\"{&quot;type&quot;:104,&quot;tn&quot;:&quot;*N&quot;}\">#NoSonVacaciones<\/a><\/span><\/div>\r\n","protected":false},"excerpt":{"rendered":"<p>\u00abRefrany; \u00abEl que canta el seu mal espanta i el que plora s&#8217;el augmenta\u00bb Quien canta, su mal espanta, y el que llora se lo aumenta. Bon d\u00eda calaixers. Mi iaia Conxeta, siempre estaba cantando, (y eso que la pobrecita, no tuvo una vida, como para cantar mucho), pero ella &hellip; <\/p>\n","protected":false},"author":2,"featured_media":0,"comment_status":"open","ping_status":"open","sticky":false,"template":"","format":"standard","meta":[],"categories":[23,1,47],"tags":[],"_links":{"self":[{"href":"https:\/\/elcalaixetdelaiaia.es\/index.php?rest_route=\/wp\/v2\/posts\/21122"}],"collection":[{"href":"https:\/\/elcalaixetdelaiaia.es\/index.php?rest_route=\/wp\/v2\/posts"}],"about":[{"href":"https:\/\/elcalaixetdelaiaia.es\/index.php?rest_route=\/wp\/v2\/types\/post"}],"author":[{"embeddable":true,"href":"https:\/\/elcalaixetdelaiaia.es\/index.php?rest_route=\/wp\/v2\/users\/2"}],"replies":[{"embeddable":true,"href":"https:\/\/elcalaixetdelaiaia.es\/index.php?rest_route=%2Fwp%2Fv2%2Fcomments&post=21122"}],"version-history":[{"count":6,"href":"https:\/\/elcalaixetdelaiaia.es\/index.php?rest_route=\/wp\/v2\/posts\/21122\/revisions"}],"predecessor-version":[{"id":21129,"href":"https:\/\/elcalaixetdelaiaia.es\/index.php?rest_route=\/wp\/v2\/posts\/21122\/revisions\/21129"}],"wp:attachment":[{"href":"https:\/\/elcalaixetdelaiaia.es\/index.php?rest_route=%2Fwp%2Fv2%2Fmedia&parent=21122"}],"wp:term":[{"taxonomy":"category","embeddable":true,"href":"https:\/\/elcalaixetdelaiaia.es\/index.php?rest_route=%2Fwp%2Fv2%2Fcategories&post=21122"},{"taxonomy":"post_tag","embeddable":true,"href":"https:\/\/elcalaixetdelaiaia.es\/index.php?rest_route=%2Fwp%2Fv2%2Ftags&post=21122"}],"curies":[{"name":"wp","href":"https:\/\/api.w.org\/{rel}","templated":true}]}}