{"id":21,"date":"2018-05-15T23:09:23","date_gmt":"2018-05-15T23:09:23","guid":{"rendered":"http:\/\/elcalaixetdelaiaia.es\/?p=21"},"modified":"2019-11-09T16:17:23","modified_gmt":"2019-11-09T16:17:23","slug":"tarta-de-frutas-rapida-y-superfaci","status":"publish","type":"post","link":"https:\/\/elcalaixetdelaiaia.es\/?p=21","title":{"rendered":"Tarta de frutas r\u00e1pida y superf\u00e1cil paso a paso foto a foto"},"content":{"rendered":"<p>\u00abRefrany;<br \/>\nPel Gener floreix el romer\u00bb<br \/>\nPor Enero, florece el romero.<\/p>\n<p>&#8230;.Y contin\u00fao publicando recetas que ten\u00eda en borrador desde primeros del a\u00f1o pasado&#8230;..<\/p>\n<p><img decoding=\"async\" loading=\"lazy\" class=\"alignnone size-large wp-image-17156\" src=\"https:\/\/elcalaixetdelaiaia.es\/wp-content\/uploads\/2018\/05\/IMG_5658-1024x726.jpg\" alt=\"\" width=\"750\" height=\"532\" srcset=\"https:\/\/elcalaixetdelaiaia.es\/wp-content\/uploads\/2018\/05\/IMG_5658-1024x726.jpg 1024w, https:\/\/elcalaixetdelaiaia.es\/wp-content\/uploads\/2018\/05\/IMG_5658-300x213.jpg 300w, https:\/\/elcalaixetdelaiaia.es\/wp-content\/uploads\/2018\/05\/IMG_5658-768x545.jpg 768w\" sizes=\"(max-width: 750px) 100vw, 750px\" \/><\/p>\n<p>Este es el resultado de la necesidad urgente de comer algo dulce para merendar\u00a0\u00a0 (jijijii mis ni\u00f1as y yo, soomos unas golosonas) explorando el frigor\u00edfico en busca de \u00abalgo\u00bb que aunque dulce, fuera como m\u00ednimo sano.<br \/>\nTuvo tanto \u00e9xito que lo sigo haciendo a lo largo de a\u00f1os y a\u00f1os, ya que puedes combinarlo con las frutas que prefieras, que tengas en casa en \u00e9se momento e incluso hacerlo solo con una de ellas.<\/p>\n<p><img decoding=\"async\" loading=\"lazy\" class=\"alignnone size-large wp-image-17152\" src=\"https:\/\/elcalaixetdelaiaia.es\/wp-content\/uploads\/2018\/05\/IMG_5654-1024x768.jpg\" alt=\"\" width=\"750\" height=\"563\" srcset=\"https:\/\/elcalaixetdelaiaia.es\/wp-content\/uploads\/2018\/05\/IMG_5654-1024x768.jpg 1024w, https:\/\/elcalaixetdelaiaia.es\/wp-content\/uploads\/2018\/05\/IMG_5654-300x225.jpg 300w, https:\/\/elcalaixetdelaiaia.es\/wp-content\/uploads\/2018\/05\/IMG_5654-768x576.jpg 768w\" sizes=\"(max-width: 750px) 100vw, 750px\" \/><\/p>\n<p>Con manzanas est\u00e1 incre\u00edble, y con manzanas y peras, y con mandarinas y fresones y con melocot\u00f3n y fresas mmmmm bueno, no te queda m\u00e1s remedio que experimentar a ver cual es tu fruta preferida para \u00e9sta merienda, postre o tentempi\u00e9, porque es tan sencillo y f\u00e1cil de preparar que estoy segura de que \u00e9sta receta la vais a hacer una y mil veces jajajaja.<\/p>\n<p>Est\u00e1bamos en el pueblo y mientras la peque hac\u00eda la siesta, mi nieta mayor me dijo; iaia \u00bfpreparamos nuestra tarta f\u00e1cil para la merienda? y dicho y hecho, miramos lo que ten\u00edamos en el frutero y en el frigo y manos a la obra. Lo malo fue que al despertar la peque se \u00abenfad\u00f3\u00bb porque no la hab\u00edamos levantado para poner tambi\u00e9n ella las manos en la masa&#8230;.<\/p>\n<p>Necesitaremos;<\/p>\n<div class=\"separator\" style=\"clear: both; text-align: center;\"><a style=\"margin-left: 1em; margin-right: 1em;\" href=\"https:\/\/1.bp.blogspot.com\/-vvoF2wzJh1k\/WI21L-E1uuI\/AAAAAAAAozQ\/LBK7Bx4F1EwV4ERQxllGSS6Pb35jyioNQCEw\/s1600\/IMG_5610.JPG\"><img decoding=\"async\" loading=\"lazy\" src=\"https:\/\/elcalaixetdelaiaia.es\/wp-content\/uploads\/2017\/11\/IMG_5610.jpg\" width=\"640\" height=\"480\" border=\"0\" \/><\/a><\/div>\n<ol>\n<li>Frutas a nuestro gusto, yo kiwi, pl\u00e1tano y unas frambuesas<\/li>\n<li>Medio vasito de agua<\/li>\n<li>Un vasito de az\u00facar blanquilla<\/li>\n<li>Mantequilla o spray antiadherente para moldes<\/li>\n<li>Un huevo<\/li>\n<li>Una l\u00e1mina de gelatina<\/li>\n<li>Una plancha de hojaldre fresco<\/li>\n<li>Crema pastelera<\/li>\n<\/ol>\n<p>Lo primero, sacaremos del frigo la masa de hojaldre para que coja temperatura ambiente.<\/p>\n<p>Para hacer la crema pastelera pod\u00e9is seguir el paso a paso que os detallo pinchando en el enlace <a href=\"https:\/\/elcalaixetdelaiaia.es\/2014\/11\/crema-pastelera-facil-paso-paso\/\">https:\/\/elcalaixetdelaiaia.es\/2014\/11\/crema-pastelera-facil-paso-paso\/<\/a><\/p>\n<p><img decoding=\"async\" loading=\"lazy\" class=\"alignnone size-large wp-image-17141\" src=\"https:\/\/elcalaixetdelaiaia.es\/wp-content\/uploads\/2018\/05\/IMG_5611-1024x768.jpg\" alt=\"\" width=\"750\" height=\"563\" srcset=\"https:\/\/elcalaixetdelaiaia.es\/wp-content\/uploads\/2018\/05\/IMG_5611-1024x768.jpg 1024w, https:\/\/elcalaixetdelaiaia.es\/wp-content\/uploads\/2018\/05\/IMG_5611-300x225.jpg 300w, https:\/\/elcalaixetdelaiaia.es\/wp-content\/uploads\/2018\/05\/IMG_5611-768x576.jpg 768w\" sizes=\"(max-width: 750px) 100vw, 750px\" \/><\/p>\n<p style=\"text-align: center;\">pintamos el molde con mantequilla o spray antiadherente<\/p>\n<p><img decoding=\"async\" loading=\"lazy\" class=\"alignnone size-large wp-image-17142\" src=\"https:\/\/elcalaixetdelaiaia.es\/wp-content\/uploads\/2018\/05\/IMG_5618-1024x728.jpg\" alt=\"\" width=\"750\" height=\"533\" srcset=\"https:\/\/elcalaixetdelaiaia.es\/wp-content\/uploads\/2018\/05\/IMG_5618-1024x728.jpg 1024w, https:\/\/elcalaixetdelaiaia.es\/wp-content\/uploads\/2018\/05\/IMG_5618-300x213.jpg 300w, https:\/\/elcalaixetdelaiaia.es\/wp-content\/uploads\/2018\/05\/IMG_5618-768x546.jpg 768w\" sizes=\"(max-width: 750px) 100vw, 750px\" \/><\/p>\n<p>Desenrollamos con cuidado la masa, la colocamos sobre el molde, pintamos los bordes con el huevo batido y pinchamos toda la masa con un tenedor, para que no suba al hornearse, exceptuando los bordes, que no pincharemos para que suban<\/p>\n<p><img decoding=\"async\" loading=\"lazy\" class=\"alignnone size-large wp-image-17139\" src=\"https:\/\/elcalaixetdelaiaia.es\/wp-content\/uploads\/2018\/05\/fornfirmada-1024x689.jpg\" alt=\"\" width=\"750\" height=\"505\" srcset=\"https:\/\/elcalaixetdelaiaia.es\/wp-content\/uploads\/2018\/05\/fornfirmada-1024x689.jpg 1024w, https:\/\/elcalaixetdelaiaia.es\/wp-content\/uploads\/2018\/05\/fornfirmada-300x202.jpg 300w, https:\/\/elcalaixetdelaiaia.es\/wp-content\/uploads\/2018\/05\/fornfirmada-768x517.jpg 768w\" sizes=\"(max-width: 750px) 100vw, 750px\" \/><\/p>\n<p>la ponemos en el horno precalentado a 200\u00ba sin aire a media altura durante 8\/10 minutos<\/p>\n<p><img decoding=\"async\" loading=\"lazy\" class=\"alignnone size-large wp-image-17143\" src=\"https:\/\/elcalaixetdelaiaia.es\/wp-content\/uploads\/2018\/05\/IMG_5619-1024x768.jpg\" alt=\"\" width=\"750\" height=\"563\" srcset=\"https:\/\/elcalaixetdelaiaia.es\/wp-content\/uploads\/2018\/05\/IMG_5619-1024x768.jpg 1024w, https:\/\/elcalaixetdelaiaia.es\/wp-content\/uploads\/2018\/05\/IMG_5619-300x225.jpg 300w, https:\/\/elcalaixetdelaiaia.es\/wp-content\/uploads\/2018\/05\/IMG_5619-768x576.jpg 768w\" sizes=\"(max-width: 750px) 100vw, 750px\" \/><\/p>\n<p>mientras tanto pero sin descuidar el horno en ning\u00fan momento, pelamos y troceamos la fruta que vayamos a usar<\/p>\n<p><img decoding=\"async\" loading=\"lazy\" class=\"alignnone size-large wp-image-17144\" src=\"https:\/\/elcalaixetdelaiaia.es\/wp-content\/uploads\/2018\/05\/IMG_5625-1024x768.jpg\" alt=\"\" width=\"750\" height=\"563\" srcset=\"https:\/\/elcalaixetdelaiaia.es\/wp-content\/uploads\/2018\/05\/IMG_5625-1024x768.jpg 1024w, https:\/\/elcalaixetdelaiaia.es\/wp-content\/uploads\/2018\/05\/IMG_5625-300x225.jpg 300w, https:\/\/elcalaixetdelaiaia.es\/wp-content\/uploads\/2018\/05\/IMG_5625-768x576.jpg 768w\" sizes=\"(max-width: 750px) 100vw, 750px\" \/><\/p>\n<p>pasado 8\/10 minutos de horneado, sacamos la tarta del horno, bajando el horno a 180\u00ba pero manteni\u00e9ndolo en marcha. Esparcimos la crema pastelera<\/p>\n<p><img decoding=\"async\" loading=\"lazy\" class=\"alignnone size-large wp-image-17145\" src=\"https:\/\/elcalaixetdelaiaia.es\/wp-content\/uploads\/2018\/05\/IMG_5626-1024x768.jpg\" alt=\"\" width=\"750\" height=\"563\" srcset=\"https:\/\/elcalaixetdelaiaia.es\/wp-content\/uploads\/2018\/05\/IMG_5626-1024x768.jpg 1024w, https:\/\/elcalaixetdelaiaia.es\/wp-content\/uploads\/2018\/05\/IMG_5626-300x225.jpg 300w, https:\/\/elcalaixetdelaiaia.es\/wp-content\/uploads\/2018\/05\/IMG_5626-768x576.jpg 768w\" sizes=\"(max-width: 750px) 100vw, 750px\" \/><\/p>\n<p style=\"text-align: center;\">repartimos la fruta a nuestro gusto<\/p>\n<p><img decoding=\"async\" loading=\"lazy\" class=\"alignnone size-large wp-image-17157 aligncenter\" src=\"https:\/\/elcalaixetdelaiaia.es\/wp-content\/uploads\/2018\/05\/IMG_5896-1024x731.png\" alt=\"\" width=\"750\" height=\"535\" srcset=\"https:\/\/elcalaixetdelaiaia.es\/wp-content\/uploads\/2018\/05\/IMG_5896-1024x731.png 1024w, https:\/\/elcalaixetdelaiaia.es\/wp-content\/uploads\/2018\/05\/IMG_5896-300x214.png 300w, https:\/\/elcalaixetdelaiaia.es\/wp-content\/uploads\/2018\/05\/IMG_5896-768x548.png 768w\" sizes=\"(max-width: 750px) 100vw, 750px\" \/><\/p>\n<p style=\"text-align: center;\">y horneamos de nuevo, tan solo 4\/5 minutos m\u00e1s. Con \u00e9stos pocos minutos conseguiremos una tarta mas crujiente. Sacaremos del horno y dejaremos enfriar sobre una rejilla<\/p>\n<p><img decoding=\"async\" loading=\"lazy\" class=\"alignnone size-large wp-image-17146\" src=\"https:\/\/elcalaixetdelaiaia.es\/wp-content\/uploads\/2018\/05\/IMG_5628-1024x768.jpg\" alt=\"\" width=\"750\" height=\"563\" srcset=\"https:\/\/elcalaixetdelaiaia.es\/wp-content\/uploads\/2018\/05\/IMG_5628-1024x768.jpg 1024w, https:\/\/elcalaixetdelaiaia.es\/wp-content\/uploads\/2018\/05\/IMG_5628-300x225.jpg 300w, https:\/\/elcalaixetdelaiaia.es\/wp-content\/uploads\/2018\/05\/IMG_5628-768x576.jpg 768w\" sizes=\"(max-width: 750px) 100vw, 750px\" \/><\/p>\n<p>Para hacer el toque final del brillo y como esta vez no ten\u00eda peladuras ni corazones de manzana, (suelo hacer una gelatina casera que est\u00e1 de miedo con restos de manzanas,y cuyo paso a paso, pod\u00e9is ver pinchando aqui<\/p>\n<p><a href=\"https:\/\/elcalaixetdelaiaia.es\/2014\/11\/brillo-para-pasteles-casero-y-barato\/\">https:\/\/elcalaixetdelaiaia.es\/2014\/11\/brillo-para-pasteles-casero-y-barato\/<\/a>,<\/p>\n<p>pero como hoy no ten\u00eda manzana que pelar) he preparado un alm\u00edbar denso, pondremos a hidratar una hoja de gelatina durante 5 minutos, o como indique el fabricante<\/p>\n<p><img decoding=\"async\" loading=\"lazy\" class=\"alignnone size-large wp-image-17147\" src=\"https:\/\/elcalaixetdelaiaia.es\/wp-content\/uploads\/2018\/05\/IMG_5629-1024x768.jpg\" alt=\"\" width=\"750\" height=\"563\" srcset=\"https:\/\/elcalaixetdelaiaia.es\/wp-content\/uploads\/2018\/05\/IMG_5629-1024x768.jpg 1024w, https:\/\/elcalaixetdelaiaia.es\/wp-content\/uploads\/2018\/05\/IMG_5629-300x225.jpg 300w, https:\/\/elcalaixetdelaiaia.es\/wp-content\/uploads\/2018\/05\/IMG_5629-768x576.jpg 768w\" sizes=\"(max-width: 750px) 100vw, 750px\" \/><\/p>\n<p style=\"text-align: center;\">Calentaremos el vaso de agua con el az\u00facar hasta que se disuelva.<\/p>\n<p><img decoding=\"async\" loading=\"lazy\" class=\"alignnone size-large wp-image-15747\" src=\"https:\/\/i2.wp.com\/elcalaixetdelaiaia.es\/wp-content\/uploads\/2018\/02\/THHU6373.png?resize=750%2C563\" sizes=\"(max-width: 750px) 100vw, 750px\" srcset=\"https:\/\/i2.wp.com\/elcalaixetdelaiaia.es\/wp-content\/uploads\/2018\/02\/THHU6373.png?resize=1024%2C768 1024w, https:\/\/i2.wp.com\/elcalaixetdelaiaia.es\/wp-content\/uploads\/2018\/02\/THHU6373.png?resize=300%2C225 300w, https:\/\/i2.wp.com\/elcalaixetdelaiaia.es\/wp-content\/uploads\/2018\/02\/THHU6373.png?resize=768%2C576 768w, https:\/\/i2.wp.com\/elcalaixetdelaiaia.es\/wp-content\/uploads\/2018\/02\/THHU6373.png?w=1500 1500w, https:\/\/i2.wp.com\/elcalaixetdelaiaia.es\/wp-content\/uploads\/2018\/02\/THHU6373.png?w=2250 2250w\" alt=\"\" width=\"750\" height=\"563\" \/><\/p>\n<p style=\"text-align: center;\">Dejaremos a fuego bajo durante 5 min para que se forme una especie de jarabe<\/p>\n<p>&nbsp;<\/p>\n<p><img decoding=\"async\" loading=\"lazy\" class=\"alignnone size-large wp-image-17148\" src=\"https:\/\/elcalaixetdelaiaia.es\/wp-content\/uploads\/2018\/05\/IMG_5630-1024x768.jpg\" alt=\"\" width=\"750\" height=\"563\" srcset=\"https:\/\/elcalaixetdelaiaia.es\/wp-content\/uploads\/2018\/05\/IMG_5630-1024x768.jpg 1024w, https:\/\/elcalaixetdelaiaia.es\/wp-content\/uploads\/2018\/05\/IMG_5630-300x225.jpg 300w, https:\/\/elcalaixetdelaiaia.es\/wp-content\/uploads\/2018\/05\/IMG_5630-768x576.jpg 768w\" sizes=\"(max-width: 750px) 100vw, 750px\" \/><\/p>\n<p>pasado el tiempo necesario, escurriremos muy bien la gelatina ya hidratada, y la mezclaremos con el alm\u00edbar preparado, removemos, dejamos enfriar un poco<\/p>\n<p><img decoding=\"async\" loading=\"lazy\" class=\"alignnone size-large wp-image-17150\" src=\"https:\/\/elcalaixetdelaiaia.es\/wp-content\/uploads\/2018\/05\/IMG_5632-1024x768.jpg\" alt=\"\" width=\"750\" height=\"563\" srcset=\"https:\/\/elcalaixetdelaiaia.es\/wp-content\/uploads\/2018\/05\/IMG_5632-1024x768.jpg 1024w, https:\/\/elcalaixetdelaiaia.es\/wp-content\/uploads\/2018\/05\/IMG_5632-300x225.jpg 300w, https:\/\/elcalaixetdelaiaia.es\/wp-content\/uploads\/2018\/05\/IMG_5632-768x576.jpg 768w\" sizes=\"(max-width: 750px) 100vw, 750px\" \/><\/p>\n<p>y pintaremos la tarta insistiendo si usamos kiwi, porque tanto cuando uso el kiwi, como la pi\u00f1a, les cuesta un poco m\u00e1s coger el brillo y que quede denso.<\/p>\n<p><img decoding=\"async\" loading=\"lazy\" class=\"alignnone size-large wp-image-17151\" src=\"https:\/\/elcalaixetdelaiaia.es\/wp-content\/uploads\/2018\/05\/IMG_5633-1024x768.jpg\" alt=\"\" width=\"750\" height=\"563\" srcset=\"https:\/\/elcalaixetdelaiaia.es\/wp-content\/uploads\/2018\/05\/IMG_5633-1024x768.jpg 1024w, https:\/\/elcalaixetdelaiaia.es\/wp-content\/uploads\/2018\/05\/IMG_5633-300x225.jpg 300w, https:\/\/elcalaixetdelaiaia.es\/wp-content\/uploads\/2018\/05\/IMG_5633-768x576.jpg 768w\" sizes=\"(max-width: 750px) 100vw, 750px\" \/><\/p>\n<p style=\"text-align: center;\">colocamos en la bandeja de servir, \u00e9sta vez, sobre una blonda de papel<\/p>\n<p><img decoding=\"async\" loading=\"lazy\" class=\"alignnone size-large wp-image-17152\" src=\"https:\/\/elcalaixetdelaiaia.es\/wp-content\/uploads\/2018\/05\/IMG_5654-1024x768.jpg\" alt=\"\" width=\"750\" height=\"563\" srcset=\"https:\/\/elcalaixetdelaiaia.es\/wp-content\/uploads\/2018\/05\/IMG_5654-1024x768.jpg 1024w, https:\/\/elcalaixetdelaiaia.es\/wp-content\/uploads\/2018\/05\/IMG_5654-300x225.jpg 300w, https:\/\/elcalaixetdelaiaia.es\/wp-content\/uploads\/2018\/05\/IMG_5654-768x576.jpg 768w\" sizes=\"(max-width: 750px) 100vw, 750px\" \/><\/p>\n<p style=\"text-align: center;\">dejaremos enfriar<\/p>\n<p><img decoding=\"async\" loading=\"lazy\" class=\"alignnone size-large wp-image-17153\" src=\"https:\/\/elcalaixetdelaiaia.es\/wp-content\/uploads\/2018\/05\/IMG_5655-768x1024.jpg\" alt=\"\" width=\"750\" height=\"1000\" srcset=\"https:\/\/elcalaixetdelaiaia.es\/wp-content\/uploads\/2018\/05\/IMG_5655-768x1024.jpg 768w, https:\/\/elcalaixetdelaiaia.es\/wp-content\/uploads\/2018\/05\/IMG_5655-225x300.jpg 225w\" sizes=\"(max-width: 750px) 100vw, 750px\" \/><\/p>\n<p style=\"text-align: center;\">y listo para disfrutar<\/p>\n<p><img decoding=\"async\" loading=\"lazy\" class=\"alignnone size-large wp-image-17154\" src=\"https:\/\/elcalaixetdelaiaia.es\/wp-content\/uploads\/2018\/05\/IMG_5656-1024x768.jpg\" alt=\"\" width=\"750\" height=\"563\" srcset=\"https:\/\/elcalaixetdelaiaia.es\/wp-content\/uploads\/2018\/05\/IMG_5656-1024x768.jpg 1024w, https:\/\/elcalaixetdelaiaia.es\/wp-content\/uploads\/2018\/05\/IMG_5656-300x225.jpg 300w, https:\/\/elcalaixetdelaiaia.es\/wp-content\/uploads\/2018\/05\/IMG_5656-768x576.jpg 768w\" sizes=\"(max-width: 750px) 100vw, 750px\" \/><\/p>\n<p style=\"text-align: center;\">de \u00e9sta deliciosa y f\u00e1cil tarta<\/p>\n<p><img decoding=\"async\" loading=\"lazy\" class=\"alignnone size-large wp-image-17155\" src=\"https:\/\/elcalaixetdelaiaia.es\/wp-content\/uploads\/2018\/05\/IMG_5657-1024x768.jpg\" alt=\"\" width=\"750\" height=\"563\" srcset=\"https:\/\/elcalaixetdelaiaia.es\/wp-content\/uploads\/2018\/05\/IMG_5657-1024x768.jpg 1024w, https:\/\/elcalaixetdelaiaia.es\/wp-content\/uploads\/2018\/05\/IMG_5657-300x225.jpg 300w, https:\/\/elcalaixetdelaiaia.es\/wp-content\/uploads\/2018\/05\/IMG_5657-768x576.jpg 768w\" sizes=\"(max-width: 750px) 100vw, 750px\" \/><\/p>\n<p>\u201cA la taula i\u2026.BON PROFIT!!!\u201d<br \/>\nSi \u00e9ste plato es de vuestro gusto y quer\u00e9is compartirlo ser\u00e1 estupendo, m\u00e1s gente podr\u00e1 ver la receta. Gracias por anticipado.<br \/>\nEspero vuestros comentarios que para mi son MUY importantes y recordad que tambi\u00e9n estoy en Facebook <a href=\"https:\/\/www.facebook.com\/El-calaixet-de-la-iaia-533062140099386\/\">https:\/\/www.facebook.com\/El-calaixet-de-la-iaia-533062140099386\/<\/a><\/p>\n","protected":false},"excerpt":{"rendered":"<p>\u00abRefrany; Pel Gener floreix el romer\u00bb Por Enero, florece el romero. &#8230;.Y contin\u00fao publicando recetas que ten\u00eda en borrador desde primeros del a\u00f1o pasado&#8230;.. Este es el resultado de la necesidad urgente de comer algo dulce para merendar\u00a0\u00a0 (jijijii mis ni\u00f1as y yo, soomos unas golosonas) explorando el frigor\u00edfico en &hellip; <\/p>\n","protected":false},"author":2,"featured_media":17155,"comment_status":"open","ping_status":"open","sticky":false,"template":"","format":"standard","meta":[],"categories":[6,1],"tags":[],"_links":{"self":[{"href":"https:\/\/elcalaixetdelaiaia.es\/index.php?rest_route=\/wp\/v2\/posts\/21"}],"collection":[{"href":"https:\/\/elcalaixetdelaiaia.es\/index.php?rest_route=\/wp\/v2\/posts"}],"about":[{"href":"https:\/\/elcalaixetdelaiaia.es\/index.php?rest_route=\/wp\/v2\/types\/post"}],"author":[{"embeddable":true,"href":"https:\/\/elcalaixetdelaiaia.es\/index.php?rest_route=\/wp\/v2\/users\/2"}],"replies":[{"embeddable":true,"href":"https:\/\/elcalaixetdelaiaia.es\/index.php?rest_route=%2Fwp%2Fv2%2Fcomments&post=21"}],"version-history":[{"count":11,"href":"https:\/\/elcalaixetdelaiaia.es\/index.php?rest_route=\/wp\/v2\/posts\/21\/revisions"}],"predecessor-version":[{"id":19768,"href":"https:\/\/elcalaixetdelaiaia.es\/index.php?rest_route=\/wp\/v2\/posts\/21\/revisions\/19768"}],"wp:featuredmedia":[{"embeddable":true,"href":"https:\/\/elcalaixetdelaiaia.es\/index.php?rest_route=\/wp\/v2\/media\/17155"}],"wp:attachment":[{"href":"https:\/\/elcalaixetdelaiaia.es\/index.php?rest_route=%2Fwp%2Fv2%2Fmedia&parent=21"}],"wp:term":[{"taxonomy":"category","embeddable":true,"href":"https:\/\/elcalaixetdelaiaia.es\/index.php?rest_route=%2Fwp%2Fv2%2Fcategories&post=21"},{"taxonomy":"post_tag","embeddable":true,"href":"https:\/\/elcalaixetdelaiaia.es\/index.php?rest_route=%2Fwp%2Fv2%2Ftags&post=21"}],"curies":[{"name":"wp","href":"https:\/\/api.w.org\/{rel}","templated":true}]}}