{"id":20999,"date":"2020-04-02T07:55:53","date_gmt":"2020-04-02T07:55:53","guid":{"rendered":"http:\/\/elcalaixetdelaiaia.es\/2020\/04\/son-las-8-de-la-tarde\/"},"modified":"2020-04-02T12:55:47","modified_gmt":"2020-04-02T12:55:47","slug":"son-las-8-de-la-tarde","status":"publish","type":"post","link":"https:\/\/elcalaixetdelaiaia.es\/?p=20999","title":{"rendered":"Son las 8 de la tarde"},"content":{"rendered":"\r\n<p>\u00a1Buenos d\u00edas, bon d\u00eda calaixers!<br \/><br \/>Vamos a por el segundo d\u00eda de abril, hoy no va aplauso, va mi recuerdo, y una luz, a todos los que se han ido, y mi abrazo en la distancia a todos esos familiares y amigos, es muy pobre este p\u00e9same, pero es el \u00fanico que puedo dar. ?<\/p>\r\n\r\n\r\n\r\n<p><br \/>Comparto esta canci\u00f3n de Alberto Navarro, en memoria de todos ellos.<\/p>\r\n<p><a href=\"https:\/\/www.youtube.com\/watch?v=50lesiWMr0w&amp;feature=youtu.be\">https:\/\/www.youtube.com\/watch?v=50lesiWMr0w&amp;feature=youtu.be<\/a><br \/><br \/><\/p>\r\n\r\n\r\n\r\n<figure class=\"wp-block-image size-large\"><img decoding=\"async\" loading=\"lazy\" width=\"1024\" height=\"597\" class=\"wp-image-20998\" src=\"https:\/\/elcalaixetdelaiaia.es\/wp-content\/uploads\/2020\/04\/img_20200402_0954491429066759665202729-1024x597.jpg\" alt=\"\" srcset=\"https:\/\/elcalaixetdelaiaia.es\/wp-content\/uploads\/2020\/04\/img_20200402_0954491429066759665202729-1024x597.jpg 1024w, https:\/\/elcalaixetdelaiaia.es\/wp-content\/uploads\/2020\/04\/img_20200402_0954491429066759665202729-300x175.jpg 300w, https:\/\/elcalaixetdelaiaia.es\/wp-content\/uploads\/2020\/04\/img_20200402_0954491429066759665202729-768x447.jpg 768w, https:\/\/elcalaixetdelaiaia.es\/wp-content\/uploads\/2020\/04\/img_20200402_0954491429066759665202729.jpg 1054w\" sizes=\"(max-width: 1024px) 100vw, 1024px\" \/><\/figure>\r\n\r\n\r\n\r\n<p><a class=\"_58cn\" href=\"https:\/\/www.facebook.com\/hashtag\/d\u00edamundialautismo?source=feed_text&amp;epa=HASHTAG&amp;__xts__%5B0%5D=68.ARBR76XnM4rKheKFidntPTSRnqqFJWGcLMkczxWPM2E80NzqPvQUuDG4gLfT0YOMUXwnHA8Y9m5TT5sF-hlGkWfPYOw0iZARjzTjFsqmLQkGoqCWY99f4AbKQesyonqm9n7YY7PBnsf0OKVr8jTTbjZjNknM5-9FwHDdASqaij2-4LqkBikiSifAVkU2B6xIhS0Xw0ufv-u1dGLgF6-PXKmPxjl5jgskbeITzRTKTDDHYKwE_pJkvjL5Uunkt9trig_Z5ACMo-B1PZasfodJYE0wlXTK3qA3dAdRQaearDVtv56o_Wa2_O312wBMAf8Ct2vd6WPogGupTStpfNFocaOS6A&amp;__tn__=%2ANK-R\" data-ft=\"{&quot;type&quot;:104,&quot;tn&quot;:&quot;*N&quot;}\"><span class=\"_5afx\"><span class=\"_58cl _5afz\" aria-label=\"hashtag\">#<\/span><span class=\"_58cm\">D\u00edaMundialAutismo\u00a0<\/span><\/span><\/a><br \/><a class=\"_58cn\" href=\"https:\/\/www.facebook.com\/hashtag\/aisladosperonosolos?source=feed_text&amp;epa=HASHTAG&amp;__xts__%5B0%5D=68.ARBR76XnM4rKheKFidntPTSRnqqFJWGcLMkczxWPM2E80NzqPvQUuDG4gLfT0YOMUXwnHA8Y9m5TT5sF-hlGkWfPYOw0iZARjzTjFsqmLQkGoqCWY99f4AbKQesyonqm9n7YY7PBnsf0OKVr8jTTbjZjNknM5-9FwHDdASqaij2-4LqkBikiSifAVkU2B6xIhS0Xw0ufv-u1dGLgF6-PXKmPxjl5jgskbeITzRTKTDDHYKwE_pJkvjL5Uunkt9trig_Z5ACMo-B1PZasfodJYE0wlXTK3qA3dAdRQaearDVtv56o_Wa2_O312wBMAf8Ct2vd6WPogGupTStpfNFocaOS6A&amp;__tn__=%2ANK-R\" data-ft=\"{&quot;type&quot;:104,&quot;tn&quot;:&quot;*N&quot;}\"><span class=\"_5afx\"><span class=\"_58cm\">#AisladosPeroNoSolos<\/span><\/span><\/a> <a class=\"_58cn\" href=\"https:\/\/www.facebook.com\/hashtag\/yomequedoencasa?source=feed_text&amp;epa=HASHTAG&amp;__xts__%5B0%5D=68.ARBMNMHwkss3riIM0MyQRQi_dnDQMIdYIOkGTmWgffMLVgVj2eoXmWNjnjoJOyF9RUK6Ns1zkh7Gj1QkplwkNROJ0atu59r1x9MJ8VCBKN19e3DQE3d-5u92owOrFJiJuV9DslcFMutM_zVFDab8KvMipRvNIFMaXKmDSKPxvnpcBGj3hsIAVf-1VxkqySfi7wWiJc8kZYyXac2UmY3EJ08MFLMDatKX3fXAj5dpf-TvM_BmBt_z8hXzKLTcqePtONgYhjB404SjdqFOYOSkzsY4AWEnPI1YhH896SAz4GwTT12yl1Fut2NoglRMBBcWT9N2d2k1JJMC026bHU6K5W3Fyg&amp;__tn__=%2ANK-R\" data-ft=\"{&quot;type&quot;:104,&quot;tn&quot;:&quot;*N&quot;}\"><span class=\"_5afx\"><span class=\"_58cl _5afz\" aria-label=\"hashtag\">#<\/span><span class=\"_58cm\">YoMeQuedoEnCasa<\/span><\/span><\/a> <a class=\"_58cn\" href=\"https:\/\/www.facebook.com\/hashtag\/frenarlacurva?source=feed_text&amp;epa=HASHTAG&amp;__xts__%5B0%5D=68.ARBMNMHwkss3riIM0MyQRQi_dnDQMIdYIOkGTmWgffMLVgVj2eoXmWNjnjoJOyF9RUK6Ns1zkh7Gj1QkplwkNROJ0atu59r1x9MJ8VCBKN19e3DQE3d-5u92owOrFJiJuV9DslcFMutM_zVFDab8KvMipRvNIFMaXKmDSKPxvnpcBGj3hsIAVf-1VxkqySfi7wWiJc8kZYyXac2UmY3EJ08MFLMDatKX3fXAj5dpf-TvM_BmBt_z8hXzKLTcqePtONgYhjB404SjdqFOYOSkzsY4AWEnPI1YhH896SAz4GwTT12yl1Fut2NoglRMBBcWT9N2d2k1JJMC026bHU6K5W3Fyg&amp;__tn__=%2ANK-R\" data-ft=\"{&quot;type&quot;:104,&quot;tn&quot;:&quot;*N&quot;}\"><span class=\"_5afx\"><span class=\"_58cl _5afz\" aria-label=\"hashtag\">#<\/span><span class=\"_58cm\">FrenarLaCurva<\/span><\/span><\/a> <a class=\"_58cn\" href=\"https:\/\/www.facebook.com\/hashtag\/nosonvacaciones?source=feed_text&amp;epa=HASHTAG&amp;__xts__%5B0%5D=68.ARBMNMHwkss3riIM0MyQRQi_dnDQMIdYIOkGTmWgffMLVgVj2eoXmWNjnjoJOyF9RUK6Ns1zkh7Gj1QkplwkNROJ0atu59r1x9MJ8VCBKN19e3DQE3d-5u92owOrFJiJuV9DslcFMutM_zVFDab8KvMipRvNIFMaXKmDSKPxvnpcBGj3hsIAVf-1VxkqySfi7wWiJc8kZYyXac2UmY3EJ08MFLMDatKX3fXAj5dpf-TvM_BmBt_z8hXzKLTcqePtONgYhjB404SjdqFOYOSkzsY4AWEnPI1YhH896SAz4GwTT12yl1Fut2NoglRMBBcWT9N2d2k1JJMC026bHU6K5W3Fyg&amp;__tn__=%2ANK-R\" data-ft=\"{&quot;type&quot;:104,&quot;tn&quot;:&quot;*N&quot;}\"><span class=\"_5afx\"><span class=\"_58cl _5afz\" aria-label=\"hashtag\">#<\/span><span class=\"_58cm\">NoSonVacaciones<\/span><\/span><\/a><br \/><a class=\"_58cn\" href=\"https:\/\/www.facebook.com\/hashtag\/juntospodremos?source=feed_text&amp;epa=HASHTAG&amp;__xts__%5B0%5D=68.ARBMNMHwkss3riIM0MyQRQi_dnDQMIdYIOkGTmWgffMLVgVj2eoXmWNjnjoJOyF9RUK6Ns1zkh7Gj1QkplwkNROJ0atu59r1x9MJ8VCBKN19e3DQE3d-5u92owOrFJiJuV9DslcFMutM_zVFDab8KvMipRvNIFMaXKmDSKPxvnpcBGj3hsIAVf-1VxkqySfi7wWiJc8kZYyXac2UmY3EJ08MFLMDatKX3fXAj5dpf-TvM_BmBt_z8hXzKLTcqePtONgYhjB404SjdqFOYOSkzsY4AWEnPI1YhH896SAz4GwTT12yl1Fut2NoglRMBBcWT9N2d2k1JJMC026bHU6K5W3Fyg&amp;__tn__=%2ANK-R\" data-ft=\"{&quot;type&quot;:104,&quot;tn&quot;:&quot;*N&quot;}\"><span class=\"_5afx\"><span class=\"_58cl _5afz\" aria-label=\"hashtag\">#<\/span><span class=\"_58cm\">JuntosPodremos<\/span><\/span><\/a> <a class=\"_58cn\" href=\"https:\/\/www.facebook.com\/hashtag\/resistiremosjuntos?source=feed_text&amp;epa=HASHTAG&amp;__xts__%5B0%5D=68.ARBMNMHwkss3riIM0MyQRQi_dnDQMIdYIOkGTmWgffMLVgVj2eoXmWNjnjoJOyF9RUK6Ns1zkh7Gj1QkplwkNROJ0atu59r1x9MJ8VCBKN19e3DQE3d-5u92owOrFJiJuV9DslcFMutM_zVFDab8KvMipRvNIFMaXKmDSKPxvnpcBGj3hsIAVf-1VxkqySfi7wWiJc8kZYyXac2UmY3EJ08MFLMDatKX3fXAj5dpf-TvM_BmBt_z8hXzKLTcqePtONgYhjB404SjdqFOYOSkzsY4AWEnPI1YhH896SAz4GwTT12yl1Fut2NoglRMBBcWT9N2d2k1JJMC026bHU6K5W3Fyg&amp;__tn__=%2ANK-R\" data-ft=\"{&quot;type&quot;:104,&quot;tn&quot;:&quot;*N&quot;}\"><span class=\"_5afx\"><span class=\"_58cl _5afz\" aria-label=\"hashtag\">#<\/span><span class=\"_58cm\">ResistiremosJuntos<\/span><\/span><\/a><\/p>\r\n<p>&nbsp;<\/p>\r\n\r\n\r\n\r\n\r\n\r\n<p>&nbsp;<\/p>\r\n","protected":false},"excerpt":{"rendered":"<p>\u00a1Buenos d\u00edas, bon d\u00eda calaixers! Vamos a por el segundo d\u00eda de abril, hoy no va aplauso, va mi recuerdo, y una luz, a todos los que se han ido, y mi abrazo en la distancia a todos esos familiares y amigos, es muy pobre este p\u00e9same, pero es el &hellip; <\/p>\n","protected":false},"author":2,"featured_media":0,"comment_status":"open","ping_status":"open","sticky":false,"template":"","format":"standard","meta":[],"categories":[23,1],"tags":[],"_links":{"self":[{"href":"https:\/\/elcalaixetdelaiaia.es\/index.php?rest_route=\/wp\/v2\/posts\/20999"}],"collection":[{"href":"https:\/\/elcalaixetdelaiaia.es\/index.php?rest_route=\/wp\/v2\/posts"}],"about":[{"href":"https:\/\/elcalaixetdelaiaia.es\/index.php?rest_route=\/wp\/v2\/types\/post"}],"author":[{"embeddable":true,"href":"https:\/\/elcalaixetdelaiaia.es\/index.php?rest_route=\/wp\/v2\/users\/2"}],"replies":[{"embeddable":true,"href":"https:\/\/elcalaixetdelaiaia.es\/index.php?rest_route=%2Fwp%2Fv2%2Fcomments&post=20999"}],"version-history":[{"count":7,"href":"https:\/\/elcalaixetdelaiaia.es\/index.php?rest_route=\/wp\/v2\/posts\/20999\/revisions"}],"predecessor-version":[{"id":21006,"href":"https:\/\/elcalaixetdelaiaia.es\/index.php?rest_route=\/wp\/v2\/posts\/20999\/revisions\/21006"}],"wp:attachment":[{"href":"https:\/\/elcalaixetdelaiaia.es\/index.php?rest_route=%2Fwp%2Fv2%2Fmedia&parent=20999"}],"wp:term":[{"taxonomy":"category","embeddable":true,"href":"https:\/\/elcalaixetdelaiaia.es\/index.php?rest_route=%2Fwp%2Fv2%2Fcategories&post=20999"},{"taxonomy":"post_tag","embeddable":true,"href":"https:\/\/elcalaixetdelaiaia.es\/index.php?rest_route=%2Fwp%2Fv2%2Ftags&post=20999"}],"curies":[{"name":"wp","href":"https:\/\/api.w.org\/{rel}","templated":true}]}}