{"id":20934,"date":"2020-03-13T08:18:01","date_gmt":"2020-03-13T08:18:01","guid":{"rendered":"http:\/\/elcalaixetdelaiaia.es\/?p=20934"},"modified":"2020-03-13T08:58:29","modified_gmt":"2020-03-13T08:58:29","slug":"quedateencasa-frenalacurvayomequedoencasa","status":"publish","type":"post","link":"https:\/\/elcalaixetdelaiaia.es\/?p=20934","title":{"rendered":"#QuedateenCasa #FrenaLaCurva#YoMeQuedoEnCasa"},"content":{"rendered":"<p><img decoding=\"async\" loading=\"lazy\" class=\"size-full wp-image-20935 aligncenter\" src=\"https:\/\/elcalaixetdelaiaia.es\/wp-content\/uploads\/2020\/03\/eZy_watermark_12-03-2020_10-32-49.jpg\" alt=\"\" width=\"960\" height=\"950\" srcset=\"https:\/\/elcalaixetdelaiaia.es\/wp-content\/uploads\/2020\/03\/eZy_watermark_12-03-2020_10-32-49.jpg 960w, https:\/\/elcalaixetdelaiaia.es\/wp-content\/uploads\/2020\/03\/eZy_watermark_12-03-2020_10-32-49-300x297.jpg 300w, https:\/\/elcalaixetdelaiaia.es\/wp-content\/uploads\/2020\/03\/eZy_watermark_12-03-2020_10-32-49-768x760.jpg 768w, https:\/\/elcalaixetdelaiaia.es\/wp-content\/uploads\/2020\/03\/eZy_watermark_12-03-2020_10-32-49-60x60.jpg 60w\" sizes=\"(max-width: 960px) 100vw, 960px\" \/><\/p>\n<ul>\n<li>\u00bfPorque me tengo que quedar en casa, si no estoy enfermo ni conozco a nadie que lo est\u00e9?<\/li>\n<\/ul>\n<p>&nbsp;<\/p>\n<ul>\n<li>Es muy sencillo, porque los <strong>NO enfermos<\/strong> somos la <strong>BARRERA<\/strong> de contenci\u00f3n que impide una explosi\u00f3n de contagios.<\/li>\n<\/ul>\n<p>&nbsp;<\/p>\n<ul>\n<li>Esto no son unas vacaciones, no te vayas a tu apartamento en la playa, o tu casa en el pueblo, seamos conscientes, y emp\u00e1ticos y colaboremos.<\/li>\n<\/ul>\n<p>&nbsp;<\/p>\n<ul>\n<li>Dejemos atr\u00e1s de si se ha tardado en tomar decisiones , o no, ABRAMOS LOS OJOS, ya ser\u00e1 tiempo de cr\u00edticas, tomar cartas en otros asuntos, celebraciones, reuniones y fiestas.<\/li>\n<\/ul>\n<p>Quienes teng\u00e1is la posibilidad de trabajar desde casa, por favor, hacerlo. Y si no, al salir del trabajo, quedaros en casa.<\/p>\n<p>Y gracias, gracias, mil gracias todossss nuestros SANITARIOS, que os estais dejando la vida en cuidarnos y atendernos, sois maravillosos, sois lo MEJOR de lo MEJOR <span class=\"_5mfr\"><span class=\"_6qdm\">\u2764\ufe0f<\/span><\/span><span class=\"_5mfr\"><span class=\"_6qdm\">?<\/span><\/span><\/p>\n<p>Por supuesto no puedo olvidarme de Policia, Guardia Civil etc. por darnos la seguridad que ahora mismo tanto necesitamos.<br \/>\n\u00abA\u00e7\u00f2 tamb\u00e8 passar\u00e1\u00bb pero debemos estar unidos y colaborar todos.<br \/>\nNo compartas bulos, no crees alarmas innecesarias, seamos realistas y conscientes.<\/p>\n<p>LA SALUD ESTA POR ENCIMA DE TODO.<\/p>\n<p>SEAMOS RESPONSABLES<\/p>\n<p>PENSEMOS EN LOS DEM\u00c1S.<\/p>\n<p>Si te cuidas, me cuidas, si me cuido te cuido.<\/p>\n<p>#QuedateenCasa<\/p>\n<p>#FrenaLaCurva<\/p>\n<p>#YoMeQuedoEnCasa<\/p>\n<p>&nbsp;<\/p>\n","protected":false},"excerpt":{"rendered":"<p>\u00bfPorque me tengo que quedar en casa, si no estoy enfermo ni conozco a nadie que lo est\u00e9? &nbsp; Es muy sencillo, porque los NO enfermos somos la BARRERA de contenci\u00f3n que impide una explosi\u00f3n de contagios. &nbsp; Esto no son unas vacaciones, no te vayas a tu apartamento en &hellip; <\/p>\n","protected":false},"author":2,"featured_media":20935,"comment_status":"open","ping_status":"open","sticky":false,"template":"","format":"standard","meta":[],"categories":[23,1],"tags":[],"_links":{"self":[{"href":"https:\/\/elcalaixetdelaiaia.es\/index.php?rest_route=\/wp\/v2\/posts\/20934"}],"collection":[{"href":"https:\/\/elcalaixetdelaiaia.es\/index.php?rest_route=\/wp\/v2\/posts"}],"about":[{"href":"https:\/\/elcalaixetdelaiaia.es\/index.php?rest_route=\/wp\/v2\/types\/post"}],"author":[{"embeddable":true,"href":"https:\/\/elcalaixetdelaiaia.es\/index.php?rest_route=\/wp\/v2\/users\/2"}],"replies":[{"embeddable":true,"href":"https:\/\/elcalaixetdelaiaia.es\/index.php?rest_route=%2Fwp%2Fv2%2Fcomments&post=20934"}],"version-history":[{"count":3,"href":"https:\/\/elcalaixetdelaiaia.es\/index.php?rest_route=\/wp\/v2\/posts\/20934\/revisions"}],"predecessor-version":[{"id":20938,"href":"https:\/\/elcalaixetdelaiaia.es\/index.php?rest_route=\/wp\/v2\/posts\/20934\/revisions\/20938"}],"wp:featuredmedia":[{"embeddable":true,"href":"https:\/\/elcalaixetdelaiaia.es\/index.php?rest_route=\/wp\/v2\/media\/20935"}],"wp:attachment":[{"href":"https:\/\/elcalaixetdelaiaia.es\/index.php?rest_route=%2Fwp%2Fv2%2Fmedia&parent=20934"}],"wp:term":[{"taxonomy":"category","embeddable":true,"href":"https:\/\/elcalaixetdelaiaia.es\/index.php?rest_route=%2Fwp%2Fv2%2Fcategories&post=20934"},{"taxonomy":"post_tag","embeddable":true,"href":"https:\/\/elcalaixetdelaiaia.es\/index.php?rest_route=%2Fwp%2Fv2%2Ftags&post=20934"}],"curies":[{"name":"wp","href":"https:\/\/api.w.org\/{rel}","templated":true}]}}