{"id":20881,"date":"2020-03-08T13:22:28","date_gmt":"2020-03-08T13:22:28","guid":{"rendered":"http:\/\/elcalaixetdelaiaia.es\/?p=20881"},"modified":"2024-03-08T10:14:59","modified_gmt":"2024-03-08T10:14:59","slug":"8-de-marzo-dia-de-conmemoracion-no-de-celebracion","status":"publish","type":"post","link":"https:\/\/elcalaixetdelaiaia.es\/?p=20881","title":{"rendered":"8 de Marzo, d\u00eda de conmemoraci\u00f3n, no de celebraci\u00f3n"},"content":{"rendered":"<p>\u00abRefrany ;L&#8217;home fa a la dona, i la dona fa a l&#8217;home.\u00bbEl hombre hace a la mujer, y la mujer hace al hombre.<\/p>\n<p><b>&#8216;Mantener lo conseguido, afrontar los desaf\u00edos&#8217;<\/b><\/p>\n<p>Imagino que si eres mujer, os habr\u00e1 pasado como a mi, desde buena ma\u00f1ana felicitaciones por ser el d\u00eda de la mujer&#8230;<\/p>\n<p><img decoding=\"async\" loading=\"lazy\" class=\"size-large wp-image-20885 aligncenter\" src=\"https:\/\/elcalaixetdelaiaia.es\/wp-content\/uploads\/2020\/03\/eZy_watermark_08-03-2020_01-22-33-1024x757.jpg\" alt=\"\" width=\"750\" height=\"554\" srcset=\"https:\/\/elcalaixetdelaiaia.es\/wp-content\/uploads\/2020\/03\/eZy_watermark_08-03-2020_01-22-33-1024x757.jpg 1024w, https:\/\/elcalaixetdelaiaia.es\/wp-content\/uploads\/2020\/03\/eZy_watermark_08-03-2020_01-22-33-300x222.jpg 300w, https:\/\/elcalaixetdelaiaia.es\/wp-content\/uploads\/2020\/03\/eZy_watermark_08-03-2020_01-22-33-768x568.jpg 768w, https:\/\/elcalaixetdelaiaia.es\/wp-content\/uploads\/2020\/03\/eZy_watermark_08-03-2020_01-22-33-1536x1136.jpg 1536w, https:\/\/elcalaixetdelaiaia.es\/wp-content\/uploads\/2020\/03\/eZy_watermark_08-03-2020_01-22-33.jpg 1600w\" sizes=\"(max-width: 750px) 100vw, 750px\" \/><\/p>\n<p>Hechas con la mejor intenci\u00f3n, si, de eso no cabe duda, pero&#8230; hoy no es d\u00eda de felicitaci\u00f3n, sencillamente porque no es d\u00eda de celebraci\u00f3n, sino d\u00eda de CONMEMORACI\u00d3N.<\/p>\n<p><img decoding=\"async\" loading=\"lazy\" class=\"size-large wp-image-20893 aligncenter\" src=\"https:\/\/elcalaixetdelaiaia.es\/wp-content\/uploads\/2020\/03\/eZy_watermark_08-03-2020_02-09-42-768x1024.jpg\" alt=\"\" width=\"750\" height=\"1000\" srcset=\"https:\/\/elcalaixetdelaiaia.es\/wp-content\/uploads\/2020\/03\/eZy_watermark_08-03-2020_02-09-42-768x1024.jpg 768w, https:\/\/elcalaixetdelaiaia.es\/wp-content\/uploads\/2020\/03\/eZy_watermark_08-03-2020_02-09-42-225x300.jpg 225w, https:\/\/elcalaixetdelaiaia.es\/wp-content\/uploads\/2020\/03\/eZy_watermark_08-03-2020_02-09-42-1152x1536.jpg 1152w, https:\/\/elcalaixetdelaiaia.es\/wp-content\/uploads\/2020\/03\/eZy_watermark_08-03-2020_02-09-42.jpg 1200w\" sizes=\"(max-width: 750px) 100vw, 750px\" \/><\/p>\n<p>No es una fiesta,<strong> es una conmemoraci\u00f3n de todo lo que han logrado muchas mujeres valientes para que \u00a0t\u00fa y yo estemos como hoy estamos<\/strong>. Conmemoramos\u00a0 tambi\u00e9n nuestra lucha actual\u00a0 por tus hijas, las m\u00edas y nuestras nietas, <span class=\"css-901oao css-16my406 r-1qd0xha r-ad9z0x r-bcqeeo r-qvutc0\">respeto y coraje para superar barreras, hoy seguiremos con m\u00e1s fuerza y por todas.<\/span><span class=\"css-901oao css-16my406 r-1qd0xha r-ad9z0x r-bcqeeo r-qvutc0\"> En el D\u00eda Internacional de la Mujer debemos reconocer a quienes nos abrieron camino, a las que lo hacen hoy y a las que seguir\u00e1n ma\u00f1ana.<\/span><\/p>\n<p><img decoding=\"async\" loading=\"lazy\" class=\"alignnone size-full wp-image-24716\" src=\"https:\/\/elcalaixetdelaiaia.es\/wp-content\/uploads\/2020\/03\/WhatsApp-Image-2023-03-08-at-10.09.30.jpeg\" alt=\"\" width=\"1024\" height=\"786\" srcset=\"https:\/\/elcalaixetdelaiaia.es\/wp-content\/uploads\/2020\/03\/WhatsApp-Image-2023-03-08-at-10.09.30.jpeg 1024w, https:\/\/elcalaixetdelaiaia.es\/wp-content\/uploads\/2020\/03\/WhatsApp-Image-2023-03-08-at-10.09.30-300x230.jpeg 300w, https:\/\/elcalaixetdelaiaia.es\/wp-content\/uploads\/2020\/03\/WhatsApp-Image-2023-03-08-at-10.09.30-768x590.jpeg 768w\" sizes=\"(max-width: 1024px) 100vw, 1024px\" \/><\/p>\n<p>Hay datos, que nunca debemos olvidar:<\/p>\n<ul>\n<li><strong>Mayo de 1908<\/strong> un grupo de mujeres socialistas norteamericanas <strong>celebr\u00f3 en un teatro de Chicago un acto denominado D\u00eda de la Mujer.<\/strong><\/li>\n<\/ul>\n<ul>\n<li><strong>En febrero 1909<\/strong> New York, las mujeres del Partido Socialista de los Estados Unidos conmemoraron el D\u00eda Nacional de la Mujer Trabajadora, que pretend\u00eda ser un <strong>homenaje a las trabajadores textiles que el a\u00f1o anterior hab\u00edan protagonizado una huelga contra las duras condiciones laborales que sufr\u00edan<\/strong>, adem\u00e1s de reclamar una mejora salarial y el derecho al voto. Al parecer, siguieron celebr\u00e1ndolo hasta 1913.<\/li>\n<\/ul>\n<ul>\n<li><strong>En 1910<\/strong>, la Conferencia Internacional de Mujeres Socialistas, la organizaci\u00f3n que reun\u00eda a las mujeres de la Segunda Internacional, y que hab\u00eda sido creada en 1907, decidi\u00f3 a propuesta de\u00a0<strong>Clara Zetkin<\/strong><strong>\u00a0<\/strong>aprobar por unanimidad que el <strong>d\u00eda 8 de marzo ser\u00eda el D\u00eda Internacional de la Mujer Trabajadora<\/strong>. Esta segunda Conferencia, que se celebr\u00f3 en Copenhague, pretend\u00eda luchar por la igualdad de los derechos de la mujer y muy especialmente por el reconocimiento del derecho al voto.<\/li>\n<\/ul>\n<ul>\n<li><strong>1911<\/strong>\u00a0l<strong><em>a primera conmemoraci\u00f3n del D\u00eda Internacional de la Mujer Trabajadora<\/em><\/strong>, aunque el d\u00eda 11 de marzo se celebraron en diversos pa\u00edses del centro de Europa \u00a0m\u00edtines en los que se exigieron el derecho al voto, el acceso de las mujeres a los cargos p\u00fablicos, a la formaci\u00f3n profesional y el fin de la discriminaci\u00f3n laboral.<\/li>\n<\/ul>\n<ul>\n<li>A los pocos d\u00edas de esta celebraci\u00f3n, <strong>el 25 de marzo 1911<\/strong>, tuvo lugar un terrible hecho en New York en una f\u00e1brica de camisas. Un incendio en la\u00a0<em>Triangle Shirtwaist<\/em> provoc\u00f3 la muerte de m\u00e1s de 140 trabajadoras, muchas de ellas inmigrantes, murieron quemadas vivas <span dir=\"ltr\"><span class=\"_3l3x\">Quemadas vivas por pedir una reducci\u00f3n de horario, se quem\u00f3 la f\u00e1brica y con las puertas cerradas con cadenas las dejaron morir<\/span><\/span>.<\/li>\n<\/ul>\n<p><strong>\u00a0\u00a0\u00a0\u00a0\u00a0\u00a0\u00a0\u00a0 El impacto del hecho fue tal que ocasion\u00f3 cambios legislativos laborales en Estados Unidos<\/strong> y que\u00a0 su memoria fuera recordada en las posteriores celebraciones del <strong>D\u00eda de la Mujer Trabajadora<\/strong>.<\/p>\n<p><img decoding=\"async\" loading=\"lazy\" class=\"alignnone size-full wp-image-20886\" src=\"https:\/\/elcalaixetdelaiaia.es\/wp-content\/uploads\/2020\/03\/eZy_watermark_08-03-2020_01-23-41.jpg\" alt=\"\" width=\"1200\" height=\"1600\" srcset=\"https:\/\/elcalaixetdelaiaia.es\/wp-content\/uploads\/2020\/03\/eZy_watermark_08-03-2020_01-23-41.jpg 1200w, https:\/\/elcalaixetdelaiaia.es\/wp-content\/uploads\/2020\/03\/eZy_watermark_08-03-2020_01-23-41-225x300.jpg 225w, https:\/\/elcalaixetdelaiaia.es\/wp-content\/uploads\/2020\/03\/eZy_watermark_08-03-2020_01-23-41-768x1024.jpg 768w, https:\/\/elcalaixetdelaiaia.es\/wp-content\/uploads\/2020\/03\/eZy_watermark_08-03-2020_01-23-41-1152x1536.jpg 1152w\" sizes=\"(max-width: 1200px) 100vw, 1200px\" \/><\/p>\n<p>En v\u00edsperas de la Gran Guerra la celebraci\u00f3n se fue extendiendo por el mundo. Las mujeres rusas lo celebraron el \u00faltimo d\u00eda de febrero en el a\u00f1o 1913. Al a\u00f1o siguiente las celebraciones se oficializaron el d\u00eda 8 de marzo en Alemania, Suecia y la propia Rusia. En China se comenz\u00f3 a celebrar en 1922. En nuestro pa\u00eds, Espa\u00f1a, \u00a0la primera celebraci\u00f3n tuvo lugar en el a\u00f1o 1936.<\/p>\n<p><strong>La ONU declar\u00f3 el 8 de marzo como D\u00eda Internacional de la Mujer en 1975<\/strong>. Dos a\u00f1os despu\u00e9s se convirti\u00f3 en el D\u00eda Internacional de la Mujer y la Paz Internacional. En Estados Unidos se celebra oficialmente desde 1994, a pesar de que en aquel pa\u00eds se encuentran los or\u00edgenes de esta conmemoraci\u00f3n.<\/p>\n<p><img decoding=\"async\" loading=\"lazy\" class=\"alignnone size-full wp-image-27228\" src=\"https:\/\/elcalaixetdelaiaia.es\/wp-content\/uploads\/2020\/03\/WhatsApp-Image-2024-03-08-at-11.11.181.jpeg\" alt=\"\" width=\"1536\" height=\"1152\" srcset=\"https:\/\/elcalaixetdelaiaia.es\/wp-content\/uploads\/2020\/03\/WhatsApp-Image-2024-03-08-at-11.11.181.jpeg 1536w, https:\/\/elcalaixetdelaiaia.es\/wp-content\/uploads\/2020\/03\/WhatsApp-Image-2024-03-08-at-11.11.181-300x225.jpeg 300w, https:\/\/elcalaixetdelaiaia.es\/wp-content\/uploads\/2020\/03\/WhatsApp-Image-2024-03-08-at-11.11.181-1024x768.jpeg 1024w, https:\/\/elcalaixetdelaiaia.es\/wp-content\/uploads\/2020\/03\/WhatsApp-Image-2024-03-08-at-11.11.181-768x576.jpeg 768w\" sizes=\"(max-width: 1536px) 100vw, 1536px\" \/><\/p>\n<p style=\"text-align: center;\"><em>Gracias por vuestro apoyo. Ojal\u00e1 llegue el d\u00eda que no haga falta este carpa, estos voluntarios, estas chapas y pulseras reinvindicativas.<\/em><\/p>\n<p>No te sumes a la frivolizaci\u00f3n del 8 de Marzo enviando felicitaciones a las mujeres, eso invisibiliza las desigualdades que a diario vivimos millones de mujeres, en todo el planeta.<\/p>\n<p>El D\u00eda Internacional de las Mujeres un buen d\u00eda para evaluar la condici\u00f3n y la posici\u00f3n de las mujeres en cada pa\u00eds, estado, municipio, ciudad\u2026 para exigir a las autoridades que cumplan con los compromisos de salvaguardar nuestras vidas y nuestros derechos, para exigirnos como sociedad garantizar los derechos humanos a todas las personas y la igualdad en todos los \u00e1mbitos. Mientras eso no se logre, <strong>no hay nada que felicitar y s\u00ed mucho que reivindicar<\/strong>.<\/p>\n<p><img decoding=\"async\" loading=\"lazy\" class=\"alignnone size-full wp-image-20883\" src=\"https:\/\/elcalaixetdelaiaia.es\/wp-content\/uploads\/2020\/03\/eZy_watermark_08-03-2020_01-22-34.jpg\" alt=\"\" width=\"1335\" height=\"1600\" srcset=\"https:\/\/elcalaixetdelaiaia.es\/wp-content\/uploads\/2020\/03\/eZy_watermark_08-03-2020_01-22-34.jpg 1335w, https:\/\/elcalaixetdelaiaia.es\/wp-content\/uploads\/2020\/03\/eZy_watermark_08-03-2020_01-22-34-250x300.jpg 250w, https:\/\/elcalaixetdelaiaia.es\/wp-content\/uploads\/2020\/03\/eZy_watermark_08-03-2020_01-22-34-854x1024.jpg 854w, https:\/\/elcalaixetdelaiaia.es\/wp-content\/uploads\/2020\/03\/eZy_watermark_08-03-2020_01-22-34-768x920.jpg 768w, https:\/\/elcalaixetdelaiaia.es\/wp-content\/uploads\/2020\/03\/eZy_watermark_08-03-2020_01-22-34-1282x1536.jpg 1282w\" sizes=\"(max-width: 1335px) 100vw, 1335px\" \/><\/p>\n<p>Este 8 de Marzo <strong>no regales flores, ni chocolates, ni postales, ni felicitaciones<\/strong>: <strong>Difunde los derechos humanos de las mujeres, cuestiona, apoya a las mujeres, necesitamos la igualdad reconocida, porque somos iguales.<br \/>\n<\/strong><\/p>\n<p><strong>\u00abEs imposible imaginar una mujer de los tiempos modernos que no aspire a la libertad.\u00bb<\/strong>\u00a0Clara Campoamor (1888-1972), abogada, escritora y pol\u00edtica espa\u00f1ola.<\/p>\n<p><img decoding=\"async\" loading=\"lazy\" class=\"size-large wp-image-20887 aligncenter\" src=\"https:\/\/elcalaixetdelaiaia.es\/wp-content\/uploads\/2020\/03\/eZy_watermark_08-03-2020_01-15-21-1024x768.jpg\" alt=\"\" width=\"750\" height=\"563\" srcset=\"https:\/\/elcalaixetdelaiaia.es\/wp-content\/uploads\/2020\/03\/eZy_watermark_08-03-2020_01-15-21-1024x768.jpg 1024w, https:\/\/elcalaixetdelaiaia.es\/wp-content\/uploads\/2020\/03\/eZy_watermark_08-03-2020_01-15-21-300x225.jpg 300w, https:\/\/elcalaixetdelaiaia.es\/wp-content\/uploads\/2020\/03\/eZy_watermark_08-03-2020_01-15-21-768x576.jpg 768w, https:\/\/elcalaixetdelaiaia.es\/wp-content\/uploads\/2020\/03\/eZy_watermark_08-03-2020_01-15-21-1536x1152.jpg 1536w, https:\/\/elcalaixetdelaiaia.es\/wp-content\/uploads\/2020\/03\/eZy_watermark_08-03-2020_01-15-21.jpg 1600w\" sizes=\"(max-width: 750px) 100vw, 750px\" \/><\/p>\n<p>Ojal\u00e1 que llegue un d\u00eda que no haya que conmemorar el d\u00eda de la mujer, c\u00f3mo no se conmemora el d\u00eda del hombre&#8230;\u00bbtan de b\u00f2 aix\u00ec fora&#8230;\u00bb<\/p>\n","protected":false},"excerpt":{"rendered":"<p>\u00abRefrany ;L&#8217;home fa a la dona, i la dona fa a l&#8217;home.\u00bbEl hombre hace a la mujer, y la mujer hace al hombre. &#8216;Mantener lo conseguido, afrontar los desaf\u00edos&#8217; Imagino que si eres mujer, os habr\u00e1 pasado como a mi, desde buena ma\u00f1ana felicitaciones por ser el d\u00eda de la &hellip; <\/p>\n","protected":false},"author":2,"featured_media":20887,"comment_status":"open","ping_status":"open","sticky":false,"template":"","format":"standard","meta":[],"categories":[23,1],"tags":[],"_links":{"self":[{"href":"https:\/\/elcalaixetdelaiaia.es\/index.php?rest_route=\/wp\/v2\/posts\/20881"}],"collection":[{"href":"https:\/\/elcalaixetdelaiaia.es\/index.php?rest_route=\/wp\/v2\/posts"}],"about":[{"href":"https:\/\/elcalaixetdelaiaia.es\/index.php?rest_route=\/wp\/v2\/types\/post"}],"author":[{"embeddable":true,"href":"https:\/\/elcalaixetdelaiaia.es\/index.php?rest_route=\/wp\/v2\/users\/2"}],"replies":[{"embeddable":true,"href":"https:\/\/elcalaixetdelaiaia.es\/index.php?rest_route=%2Fwp%2Fv2%2Fcomments&post=20881"}],"version-history":[{"count":11,"href":"https:\/\/elcalaixetdelaiaia.es\/index.php?rest_route=\/wp\/v2\/posts\/20881\/revisions"}],"predecessor-version":[{"id":27230,"href":"https:\/\/elcalaixetdelaiaia.es\/index.php?rest_route=\/wp\/v2\/posts\/20881\/revisions\/27230"}],"wp:featuredmedia":[{"embeddable":true,"href":"https:\/\/elcalaixetdelaiaia.es\/index.php?rest_route=\/wp\/v2\/media\/20887"}],"wp:attachment":[{"href":"https:\/\/elcalaixetdelaiaia.es\/index.php?rest_route=%2Fwp%2Fv2%2Fmedia&parent=20881"}],"wp:term":[{"taxonomy":"category","embeddable":true,"href":"https:\/\/elcalaixetdelaiaia.es\/index.php?rest_route=%2Fwp%2Fv2%2Fcategories&post=20881"},{"taxonomy":"post_tag","embeddable":true,"href":"https:\/\/elcalaixetdelaiaia.es\/index.php?rest_route=%2Fwp%2Fv2%2Ftags&post=20881"}],"curies":[{"name":"wp","href":"https:\/\/api.w.org\/{rel}","templated":true}]}}