{"id":20875,"date":"2024-02-18T16:18:40","date_gmt":"2024-02-18T16:18:40","guid":{"rendered":"http:\/\/elcalaixetdelaiaia.es\/?p=20875"},"modified":"2026-03-03T09:32:34","modified_gmt":"2026-03-03T09:32:34","slug":"hacer-lligacames-para-valenciano-a-fallera-o","status":"publish","type":"post","link":"https:\/\/elcalaixetdelaiaia.es\/?p=20875","title":{"rendered":"Hacer \u00ablligacames\u00bb para indumentaria valenciano\/a"},"content":{"rendered":"<p>\u00abRefrany; Lliga cames de seda, calcet\u00ed en terra\u00bb Ata piernas de seda, calcet\u00edn a tierra.<\/p>\n<p>Esta entrada tambi\u00e9n hab\u00eda desaparecido, y eso que estaba desde principios del blog. Afortunadamente, ten\u00eda copia y puedo publicarla de nuevo.<\/p>\n<p>Y cuanta raz\u00f3n tiene este dicho o refr\u00e1n, aunque tambi\u00e9n es necesaria la t\u00e9cnica adecuada para trenzarlos, atarlos y hacer el nudo. En esto, son expertos los pertenecientes a grupo de bailes, que afortunadamente, cada vez hay m\u00e1s.<\/p>\n<p>Os voy a hablar un poquito de los atapiernas o \u00ablligacames\u00bb, una peque\u00f1a introducci\u00f3n, de anotaciones que me han aparecido en una libretita, y que escrib\u00ed ya hace unos cuantos a\u00f1os, cuando estuve haciendo atapiernas para regalar.<\/p>\n<p><img decoding=\"async\" loading=\"lazy\" class=\"alignnone size-full wp-image-27032\" src=\"https:\/\/elcalaixetdelaiaia.es\/wp-content\/uploads\/2024\/02\/WhatsApp-Image-2024-02-17-at-12.26.43.jpeg\" alt=\"\" width=\"1125\" height=\"838\" srcset=\"https:\/\/elcalaixetdelaiaia.es\/wp-content\/uploads\/2024\/02\/WhatsApp-Image-2024-02-17-at-12.26.43.jpeg 1125w, https:\/\/elcalaixetdelaiaia.es\/wp-content\/uploads\/2024\/02\/WhatsApp-Image-2024-02-17-at-12.26.43-300x223.jpeg 300w, https:\/\/elcalaixetdelaiaia.es\/wp-content\/uploads\/2024\/02\/WhatsApp-Image-2024-02-17-at-12.26.43-1024x763.jpeg 1024w, https:\/\/elcalaixetdelaiaia.es\/wp-content\/uploads\/2024\/02\/WhatsApp-Image-2024-02-17-at-12.26.43-768x572.jpeg 768w\" sizes=\"(max-width: 1125px) 100vw, 1125px\" \/><\/p>\n<p>Estos son chiquitines que le hice a mi nieta mayor, cuando era peque\u00f1ita, con tira bordada muy sencillitas, y pompones en los remates. Els \u00ablligacames\u00bb o atapiernas, son un complemento tradicional que se utilizaba y se utiliza, para fijar y atar el calcet\u00edn y\/o media a la pantorrilla, y de este modo evitar que caiga. Aunque ahora, la mayor\u00eda de medias van con goma no son imprescindibles, no obstante, personalmente me gusta llevarlos.<\/p>\n<p><img decoding=\"async\" loading=\"lazy\" class=\"alignnone size-full wp-image-27031\" src=\"https:\/\/elcalaixetdelaiaia.es\/wp-content\/uploads\/2024\/02\/lligacamesDafneFirm-scaled.jpg\" alt=\"\" width=\"2560\" height=\"1707\" srcset=\"https:\/\/elcalaixetdelaiaia.es\/wp-content\/uploads\/2024\/02\/lligacamesDafneFirm-scaled.jpg 2560w, https:\/\/elcalaixetdelaiaia.es\/wp-content\/uploads\/2024\/02\/lligacamesDafneFirm-300x200.jpg 300w, https:\/\/elcalaixetdelaiaia.es\/wp-content\/uploads\/2024\/02\/lligacamesDafneFirm-1024x683.jpg 1024w, https:\/\/elcalaixetdelaiaia.es\/wp-content\/uploads\/2024\/02\/lligacamesDafneFirm-768x512.jpg 768w, https:\/\/elcalaixetdelaiaia.es\/wp-content\/uploads\/2024\/02\/lligacamesDafneFirm-1536x1024.jpg 1536w, https:\/\/elcalaixetdelaiaia.es\/wp-content\/uploads\/2024\/02\/lligacamesDafneFirm-2048x1365.jpg 2048w, https:\/\/elcalaixetdelaiaia.es\/wp-content\/uploads\/2024\/02\/lligacamesDafneFirm-600x400.jpg 600w\" sizes=\"(max-width: 2560px) 100vw, 2560px\" \/><\/p>\n<p>Un buen calcet\u00edn de algod\u00f3n, es mucho m\u00e1s c\u00f3modo que una media de seda, porque el algod\u00f3n no resbala, es mucho m\u00e1s higi\u00e9nico, y por tanto no escalda o irritan los pies, que tanto sufren durante los pasacalles y en general los d\u00edas de fallas. Y se pueden poner con cualquier traje, ya sea de verano, de invierno, m\u00e1s de mudar&#8230;etc. Compr\u00e9 una cinta estrechita muy sencilla de tira bordada,\u00a0 y le cos\u00ed unas terminaciones que me quedaron muy bien, no es necesario que sean met\u00e1licas, incluso pod\u00e9is hacer vosotros mismos unas borlitas.\u00a0 Lo \u00fanico a tener en cuenta es que las cintas, no deben ser de materiales resbaladizos, c\u00f3mo bien dice el refr\u00e1n.<\/p>\n<p><img decoding=\"async\" loading=\"lazy\" class=\"alignnone size-full wp-image-27035\" src=\"https:\/\/elcalaixetdelaiaia.es\/wp-content\/uploads\/2024\/02\/lligacames-1Manuelamofirm-scaled.jpg\" alt=\"\" width=\"2560\" height=\"1707\" srcset=\"https:\/\/elcalaixetdelaiaia.es\/wp-content\/uploads\/2024\/02\/lligacames-1Manuelamofirm-scaled.jpg 2560w, https:\/\/elcalaixetdelaiaia.es\/wp-content\/uploads\/2024\/02\/lligacames-1Manuelamofirm-300x200.jpg 300w, https:\/\/elcalaixetdelaiaia.es\/wp-content\/uploads\/2024\/02\/lligacames-1Manuelamofirm-1024x683.jpg 1024w, https:\/\/elcalaixetdelaiaia.es\/wp-content\/uploads\/2024\/02\/lligacames-1Manuelamofirm-768x512.jpg 768w, https:\/\/elcalaixetdelaiaia.es\/wp-content\/uploads\/2024\/02\/lligacames-1Manuelamofirm-1536x1024.jpg 1536w, https:\/\/elcalaixetdelaiaia.es\/wp-content\/uploads\/2024\/02\/lligacames-1Manuelamofirm-2048x1365.jpg 2048w, https:\/\/elcalaixetdelaiaia.es\/wp-content\/uploads\/2024\/02\/lligacames-1Manuelamofirm-600x400.jpg 600w\" sizes=\"(max-width: 2560px) 100vw, 2560px\" \/><\/p>\n<p>Hice unos, con unas betas de algod\u00f3n y unas frases en valenciano, rematadas con bolitas de hilo, hace ya unos cuantos a\u00f1os, que en su d\u00eda gustaron mucho, peeero he perdido casi todas las fotos, os pongo, alguna que conservo, aunque de este tipo he hecho muchas, algunas para uno de mis sobrinos, cuando fue presidente infantil en Torrent, aunque ahora, casi tengo que subirme a una silla, para besarlo o brazarlo \u2764\ufe0f<\/p>\n<p><img decoding=\"async\" loading=\"lazy\" class=\"alignnone size-full wp-image-27033\" src=\"https:\/\/elcalaixetdelaiaia.es\/wp-content\/uploads\/2024\/02\/lligacamesManuel-president-firm-scaled.jpg\" alt=\"\" width=\"2560\" height=\"1707\" srcset=\"https:\/\/elcalaixetdelaiaia.es\/wp-content\/uploads\/2024\/02\/lligacamesManuel-president-firm-scaled.jpg 2560w, https:\/\/elcalaixetdelaiaia.es\/wp-content\/uploads\/2024\/02\/lligacamesManuel-president-firm-300x200.jpg 300w, https:\/\/elcalaixetdelaiaia.es\/wp-content\/uploads\/2024\/02\/lligacamesManuel-president-firm-1024x683.jpg 1024w, https:\/\/elcalaixetdelaiaia.es\/wp-content\/uploads\/2024\/02\/lligacamesManuel-president-firm-768x512.jpg 768w, https:\/\/elcalaixetdelaiaia.es\/wp-content\/uploads\/2024\/02\/lligacamesManuel-president-firm-1536x1024.jpg 1536w, https:\/\/elcalaixetdelaiaia.es\/wp-content\/uploads\/2024\/02\/lligacamesManuel-president-firm-2048x1365.jpg 2048w, https:\/\/elcalaixetdelaiaia.es\/wp-content\/uploads\/2024\/02\/lligacamesManuel-president-firm-600x400.jpg 600w\" sizes=\"(max-width: 2560px) 100vw, 2560px\" \/><\/p>\n<div class=\"mia_bloque mia_cite\">\n<p>Las piezas met\u00e1licas se llaman terminales, o tambi\u00e9n \u00abcaireles\u00bb, hay de variedad de precios, los m\u00e1s caros los terminales de bellota, los hay en plateado, dorado, oro envejecido. En el \u00ablligacames\u00bb se hace un nudo en cada final, se coloca el terminal cerrando como una bolita, que parece un bot\u00f3n de filigrana redondo, alrededor del nudo, que necesariamente se debe fijar con unas cuantas puntadas, algunas veces, los he rematado con cascabeles y quedan bonitos.<\/p>\n<p><img decoding=\"async\" loading=\"lazy\" class=\"alignnone size-full wp-image-27052\" src=\"https:\/\/elcalaixetdelaiaia.es\/wp-content\/uploads\/2024\/02\/WhatsApp-Image-2024-02-20-at-16.54.40.jpeg\" alt=\"\" width=\"1442\" height=\"1014\" srcset=\"https:\/\/elcalaixetdelaiaia.es\/wp-content\/uploads\/2024\/02\/WhatsApp-Image-2024-02-20-at-16.54.40.jpeg 1442w, https:\/\/elcalaixetdelaiaia.es\/wp-content\/uploads\/2024\/02\/WhatsApp-Image-2024-02-20-at-16.54.40-300x211.jpeg 300w, https:\/\/elcalaixetdelaiaia.es\/wp-content\/uploads\/2024\/02\/WhatsApp-Image-2024-02-20-at-16.54.40-1024x720.jpeg 1024w, https:\/\/elcalaixetdelaiaia.es\/wp-content\/uploads\/2024\/02\/WhatsApp-Image-2024-02-20-at-16.54.40-768x540.jpeg 768w\" sizes=\"(max-width: 1442px) 100vw, 1442px\" \/><\/p>\n<p>Incluso los hay de forma c\u00f3nica, que quedan preciosos, la verdad es que hay mucho donde elegir.<\/p>\n<p><img decoding=\"async\" loading=\"lazy\" class=\"alignnone size-full wp-image-27034\" src=\"https:\/\/elcalaixetdelaiaia.es\/wp-content\/uploads\/2024\/02\/252406_156485884491811_635616090_n-copia.jpg\" alt=\"\" width=\"804\" height=\"590\" srcset=\"https:\/\/elcalaixetdelaiaia.es\/wp-content\/uploads\/2024\/02\/252406_156485884491811_635616090_n-copia.jpg 804w, https:\/\/elcalaixetdelaiaia.es\/wp-content\/uploads\/2024\/02\/252406_156485884491811_635616090_n-copia-300x220.jpg 300w, https:\/\/elcalaixetdelaiaia.es\/wp-content\/uploads\/2024\/02\/252406_156485884491811_635616090_n-copia-768x564.jpg 768w\" sizes=\"(max-width: 804px) 100vw, 804px\" \/><\/p>\n<p>En alguno de los libros que he le\u00eddo, dicen que era costumbre hacerlos o encargarlos, para los enamorados, con frases dedicadas o con sus nombres. Un detalle muy bonito y que no cuesta nada hacer. Venden en algunas mercer\u00edas borlitas chiquitinas de hilo de seda, que si no tienen el color que quieres te los hacen para ti.<\/p>\n<p><img decoding=\"async\" loading=\"lazy\" class=\"alignnone size-full wp-image-27050\" src=\"https:\/\/elcalaixetdelaiaia.es\/wp-content\/uploads\/2024\/02\/WhatsApp-Image-2024-02-20-at-16.51.55.jpeg\" alt=\"\" width=\"1600\" height=\"1200\" srcset=\"https:\/\/elcalaixetdelaiaia.es\/wp-content\/uploads\/2024\/02\/WhatsApp-Image-2024-02-20-at-16.51.55.jpeg 1600w, https:\/\/elcalaixetdelaiaia.es\/wp-content\/uploads\/2024\/02\/WhatsApp-Image-2024-02-20-at-16.51.55-300x225.jpeg 300w, https:\/\/elcalaixetdelaiaia.es\/wp-content\/uploads\/2024\/02\/WhatsApp-Image-2024-02-20-at-16.51.55-1024x768.jpeg 1024w, https:\/\/elcalaixetdelaiaia.es\/wp-content\/uploads\/2024\/02\/WhatsApp-Image-2024-02-20-at-16.51.55-768x576.jpeg 768w, https:\/\/elcalaixetdelaiaia.es\/wp-content\/uploads\/2024\/02\/WhatsApp-Image-2024-02-20-at-16.51.55-1536x1152.jpeg 1536w\" sizes=\"(max-width: 1600px) 100vw, 1600px\" \/><\/p>\n<p>Tambi\u00e9n hay cantidad de tiras bordadas de todos los anchos y se hace dif\u00edcil elegir. En las mercer\u00edas antiguas, c\u00f3mo por ejemplo la que est\u00e1 frente al teatro Olympia, El Diluvio, en Cabrera, Las tres Ave Mar\u00edas, (que estaba junto a la Plaza de la Verge y ahora est\u00e1 en Ruzafa), en la Plaza Redonda, Sobrefil (junto a Tejidos Marina), en la Mercer\u00eda Granada, (s\u00f3lo por poner un ejemplo) y algunas m\u00e1s, podr\u00e9is encontrar cintas muy muy bonitas, con las que hacer \u00ablligacames\u00bb, que os quedar\u00e1n preciosas.<\/p>\n<p><img decoding=\"async\" loading=\"lazy\" class=\"alignnone size-full wp-image-27051\" src=\"https:\/\/elcalaixetdelaiaia.es\/wp-content\/uploads\/2024\/02\/WhatsApp-Image-2024-02-20-at-16.52.21.jpeg\" alt=\"\" width=\"1600\" height=\"1200\" srcset=\"https:\/\/elcalaixetdelaiaia.es\/wp-content\/uploads\/2024\/02\/WhatsApp-Image-2024-02-20-at-16.52.21.jpeg 1600w, https:\/\/elcalaixetdelaiaia.es\/wp-content\/uploads\/2024\/02\/WhatsApp-Image-2024-02-20-at-16.52.21-300x225.jpeg 300w, https:\/\/elcalaixetdelaiaia.es\/wp-content\/uploads\/2024\/02\/WhatsApp-Image-2024-02-20-at-16.52.21-1024x768.jpeg 1024w, https:\/\/elcalaixetdelaiaia.es\/wp-content\/uploads\/2024\/02\/WhatsApp-Image-2024-02-20-at-16.52.21-768x576.jpeg 768w, https:\/\/elcalaixetdelaiaia.es\/wp-content\/uploads\/2024\/02\/WhatsApp-Image-2024-02-20-at-16.52.21-1536x1152.jpeg 1536w\" sizes=\"(max-width: 1600px) 100vw, 1600px\" \/><\/p>\n<p>Se me quedaron muchos bordados y hechos\u00a0 y sin entregar, cuyos destinatarios, ni siquiera saben que les hab\u00eda hecho, pero con la inundaci\u00f3n de mi casa, tambi\u00e9n se perdieron y ya&#8230; ni lo dije, ni lo dir\u00e9, no tiene sentido, ya que se florecieron y fueron a la basura y de momento, ni pizca de ganas de hacer ya nada.<\/p>\n<\/div>\n<p>Bueno, y esto es todo, espero haberos dado alguna idea que os sea provechosa. Muchas gracias por leerme. Recordar que tambi\u00e9n estoy en Facebook <a href=\"https:\/\/www.facebook.com\/El-calaixet-de-la-iaia-533062140099386\/\">https:\/\/www.facebook.com\/El-calaixet-de-la-iaia-533062140099386\/<\/a><\/p>\n","protected":false},"excerpt":{"rendered":"<p>\u00abRefrany; Lliga cames de seda, calcet\u00ed en terra\u00bb Ata piernas de seda, calcet\u00edn a tierra. Esta entrada tambi\u00e9n hab\u00eda desaparecido, y eso que estaba desde principios del blog. Afortunadamente, ten\u00eda copia y puedo publicarla de nuevo. Y cuanta raz\u00f3n tiene este dicho o refr\u00e1n, aunque tambi\u00e9n es necesaria la t\u00e9cnica &hellip; <\/p>\n","protected":false},"author":2,"featured_media":27031,"comment_status":"open","ping_status":"open","sticky":false,"template":"","format":"standard","meta":[],"categories":[78,1],"tags":[],"_links":{"self":[{"href":"https:\/\/elcalaixetdelaiaia.es\/index.php?rest_route=\/wp\/v2\/posts\/20875"}],"collection":[{"href":"https:\/\/elcalaixetdelaiaia.es\/index.php?rest_route=\/wp\/v2\/posts"}],"about":[{"href":"https:\/\/elcalaixetdelaiaia.es\/index.php?rest_route=\/wp\/v2\/types\/post"}],"author":[{"embeddable":true,"href":"https:\/\/elcalaixetdelaiaia.es\/index.php?rest_route=\/wp\/v2\/users\/2"}],"replies":[{"embeddable":true,"href":"https:\/\/elcalaixetdelaiaia.es\/index.php?rest_route=%2Fwp%2Fv2%2Fcomments&post=20875"}],"version-history":[{"count":18,"href":"https:\/\/elcalaixetdelaiaia.es\/index.php?rest_route=\/wp\/v2\/posts\/20875\/revisions"}],"predecessor-version":[{"id":29124,"href":"https:\/\/elcalaixetdelaiaia.es\/index.php?rest_route=\/wp\/v2\/posts\/20875\/revisions\/29124"}],"wp:featuredmedia":[{"embeddable":true,"href":"https:\/\/elcalaixetdelaiaia.es\/index.php?rest_route=\/wp\/v2\/media\/27031"}],"wp:attachment":[{"href":"https:\/\/elcalaixetdelaiaia.es\/index.php?rest_route=%2Fwp%2Fv2%2Fmedia&parent=20875"}],"wp:term":[{"taxonomy":"category","embeddable":true,"href":"https:\/\/elcalaixetdelaiaia.es\/index.php?rest_route=%2Fwp%2Fv2%2Fcategories&post=20875"},{"taxonomy":"post_tag","embeddable":true,"href":"https:\/\/elcalaixetdelaiaia.es\/index.php?rest_route=%2Fwp%2Fv2%2Ftags&post=20875"}],"curies":[{"name":"wp","href":"https:\/\/api.w.org\/{rel}","templated":true}]}}