{"id":20824,"date":"2020-03-06T21:43:00","date_gmt":"2020-03-06T21:43:00","guid":{"rendered":"http:\/\/elcalaixetdelaiaia.es\/?p=20824"},"modified":"2020-03-21T10:52:22","modified_gmt":"2020-03-21T10:52:22","slug":"como-hacer-gel-hidroalcohol-desinfectante-paso-a-paso-foto-a-foto","status":"publish","type":"post","link":"https:\/\/elcalaixetdelaiaia.es\/?p=20824","title":{"rendered":"Como hacer gel hidroalcohol desinfectante de la OMS paso a paso foto a foto"},"content":{"rendered":"<p>\u00abRefrany; Mes val evitar que curar\u00bb Mas vale evitar, que curar.<\/p>\n<p>Hoy voy con una entrada muy rapidita que publicar\u00e9 aunque sea hoy muy tarde, para que todos quienes quer\u00e1is pod\u00e1is comprar, ma\u00f1ana s\u00e1bado, los ingredientes necesarios para esta \u00abreceta\u00bb en la farmacia.<\/p>\n<p>No hay nada mejor que un buen lavado de manos con agua y jab\u00f3n eso est\u00e1 m\u00e1s que claro, pero, \u00bfpor qu\u00e9 lavarse las manos con jab\u00f3n es tan efectivo contra el coronavirus?<\/p>\n<p>Pues he estado investigando un poco y esto es lo que he encontrado, a grandes rasgos.<\/p>\n<p>El coronavirus est\u00e1 compuesto simplemente por 3 elementos:<\/p>\n<p>1) Material gen\u00e9tico<\/p>\n<p>2) Unas prote\u00ednas \u00fatiles para \u00abengancharse\u00bb a las c\u00e9lulas humanas y otros procesos.<\/p>\n<p>3) Una envoltura de grasa<\/p>\n<p>Las mol\u00e9culas de jab\u00f3n est\u00e1n formadas por una \u201ccabeza\u201d que atrae al agua y una \u201ccola\u201d que atrae a la grasa, de esta manera, la cola de las mol\u00e9culas de jab\u00f3n se engancha a la envoltura de grasa del virus y \u201cdeshace\u201d toda su estructura.<\/p>\n<p>Por tanto un buen lavado de manos, haciendo hincapi\u00e9 entre los dedos, pliegues, u\u00f1as etc, es lo m\u00e1s eficaz.<\/p>\n<p>Pero c\u00f3mo siempre no podemos tener agua, jab\u00f3n y papel desechable a mano, podemos usar un l\u00edquido hidroalcoholico, en esos momentos al d\u00eda, en los que no nos es posible el lavado de manos recomendable.<\/p>\n<p><img decoding=\"async\" loading=\"lazy\" class=\"size-large wp-image-20827 aligncenter\" src=\"https:\/\/elcalaixetdelaiaia.es\/wp-content\/uploads\/2020\/03\/gelmans1-2-844x1024.jpg\" alt=\"\" width=\"750\" height=\"910\" \/><\/p>\n<p>En realidad, no es una receta, sino una f\u00f3rmula, la que da la OMS para desinfecci\u00f3n de manos, de Gel hidroalcohol.<\/p>\n<p>Me han pasado la f\u00f3rmula y me he ido enseguida a mi farmac\u00e9utico de confianza para comprar lo necesario y consultarle, V\u00edctor que es un sol, me ha explicado que es la f\u00f3rmula que suelen hacer ellos, pero que no les quedaba, en preparaci\u00f3n hecha y que efectivamente, es la f\u00f3rmula recomendada por la Organizaci\u00f3n Mundial de la Salud ??<\/p>\n<p><img decoding=\"async\" loading=\"lazy\" class=\"size-large wp-image-20828 aligncenter\" src=\"https:\/\/elcalaixetdelaiaia.es\/wp-content\/uploads\/2020\/03\/gelmans2-1024x768.jpg\" alt=\"\" width=\"750\" height=\"563\" \/><\/p>\n<p>Aqui est\u00e1n mis ingredientes, que se compran en Farmacias.<\/p>\n<p>En vista de que casi es misi\u00f3n imposible encontrarla a la venta, ya preparada, en supermercados, grandes almacenes, farmacias y parafarmacias, la he preparado en casa, r\u00e1pidamente, para compartirla con todos vosotros, puesto que la piden en colegios y puestos de trabajo, y es aconsejable usarla hasta en el hogar.<br \/>\n<span style=\"color: #3d3d3d; font-family: Roboto,;\">No obstante, desde la propia OMS aseguran que la mejor protecci\u00f3n es un correcto lavado de manos, ya que son uno de los principales transmisores de enfermedades infecciosas como es el caso del COVID-19.<\/span><\/p>\n<p>Para un litro de gel hidroalcohol desinfectante necesitaremos;<\/p>\n<p><img decoding=\"async\" loading=\"lazy\" class=\"size-large wp-image-20839 aligncenter\" src=\"https:\/\/elcalaixetdelaiaia.es\/wp-content\/uploads\/2020\/03\/IMG_20200306_203942-1024x768.jpg\" alt=\"\" width=\"750\" height=\"563\" \/><\/p>\n<ol>\n<li>833ml alcohol de 96\u00ba<\/li>\n<li>42ml de Agua oxigenada<\/li>\n<li>15ml. de glicerol<\/li>\n<li>Agua mineral hervida, hasta completar el litro<\/li>\n<\/ol>\n<p><img decoding=\"async\" loading=\"lazy\" class=\"size-large wp-image-20829 aligncenter\" src=\"https:\/\/elcalaixetdelaiaia.es\/wp-content\/uploads\/2020\/03\/gelmans3-1024x768.jpg\" alt=\"\" width=\"750\" height=\"563\" \/><\/p>\n<p>Tambien necesitaremos;<\/p>\n<p>Una jarra medidora de ml<\/p>\n<p>Una botella de un litro para desechar<\/p>\n<p>Un embudo<\/p>\n<p>Botellas con vaporizador\/dosificador, de distintos tama\u00f1os<\/p>\n<p><img decoding=\"async\" loading=\"lazy\" class=\"wp-image-20879 alignnone size-full\" src=\"https:\/\/elcalaixetdelaiaia.es\/wp-content\/uploads\/2020\/03\/img_20200307_1056495834490343370277414-scaled.jpg\" width=\"1920\" height=\"2560\" \/><\/p>\n<p>Para las cantidades peque\u00f1as de ml. se puede usar un biber\u00f3n de beb\u00e9 o de cocina, o tambi\u00e9n una jeringuilla grande.<\/p>\n<p style=\"text-align: center;\"><img decoding=\"async\" loading=\"lazy\" class=\"size-large wp-image-20830\" src=\"https:\/\/elcalaixetdelaiaia.es\/wp-content\/uploads\/2020\/03\/gelmans4-1024x768.jpg\" alt=\"\" width=\"750\" height=\"563\" \/><\/p>\n<p style=\"text-align: center;\">comenzaremos midiendo los 822ml de alcohol<\/p>\n<p style=\"text-align: center;\"><img decoding=\"async\" loading=\"lazy\" class=\"size-large wp-image-20831 aligncenter\" src=\"https:\/\/elcalaixetdelaiaia.es\/wp-content\/uploads\/2020\/03\/gelmans5-1024x768.jpg\" alt=\"\" width=\"750\" height=\"563\" \/><\/p>\n<p style=\"text-align: center;\">y con la ayuda de un embudo los verteremos en la botella, he utilizado una botella vac\u00eda de agua de un litro<\/p>\n<p style=\"text-align: center;\"><img decoding=\"async\" loading=\"lazy\" class=\"size-large wp-image-20834 aligncenter\" src=\"https:\/\/elcalaixetdelaiaia.es\/wp-content\/uploads\/2020\/03\/gelmans8-1024x768.jpg\" alt=\"\" width=\"750\" height=\"563\" \/><\/p>\n<p style=\"text-align: center;\">seguiremos midiendo 15ml. de glicerol<\/p>\n<p style=\"text-align: center;\"><img decoding=\"async\" loading=\"lazy\" class=\"size-large wp-image-20835 aligncenter\" src=\"https:\/\/elcalaixetdelaiaia.es\/wp-content\/uploads\/2020\/03\/gelmans9-1024x766.jpg\" alt=\"\" width=\"750\" height=\"561\" \/><\/p>\n<p style=\"text-align: center;\">que tambi\u00e9n volcaremos en la botella<\/p>\n<p style=\"text-align: center;\"><img decoding=\"async\" loading=\"lazy\" class=\"size-large wp-image-20832 aligncenter\" src=\"https:\/\/elcalaixetdelaiaia.es\/wp-content\/uploads\/2020\/03\/gelmans6-1024x768.jpg\" alt=\"\" width=\"750\" height=\"563\" \/><\/p>\n<p style=\"text-align: center;\">mediremos los 42ml de agua oxigenada<\/p>\n<p style=\"text-align: center;\"><img decoding=\"async\" loading=\"lazy\" class=\"size-large wp-image-20833 aligncenter\" src=\"https:\/\/elcalaixetdelaiaia.es\/wp-content\/uploads\/2020\/03\/gelmans7-1024x768.jpg\" alt=\"\" width=\"750\" height=\"563\" \/><\/p>\n<p style=\"text-align: center;\">que juntaremos con los otros l\u00edquidos<\/p>\n<p style=\"text-align: center;\"><img decoding=\"async\" loading=\"lazy\" class=\"size-large wp-image-20836 aligncenter\" src=\"https:\/\/elcalaixetdelaiaia.es\/wp-content\/uploads\/2020\/03\/gelmans10-1024x768.jpg\" alt=\"\" width=\"750\" height=\"563\" \/><\/p>\n<p style=\"text-align: center;\">y completaremos con agua hasta obtener un litro, pondremos el tapon a la botella y mezclaremos.<\/p>\n<p style=\"text-align: center;\"><img decoding=\"async\" loading=\"lazy\" class=\"size-large wp-image-20838 aligncenter\" src=\"https:\/\/elcalaixetdelaiaia.es\/wp-content\/uploads\/2020\/03\/gelmans12-1024x768.jpg\" alt=\"\" width=\"750\" height=\"563\" \/><\/p>\n<p style=\"text-align: center;\">Antes que nada, marcaremos debidamente las botellas donde vayamos a volcarlo. Es<strong> MUY<\/strong> importante identificar siempre \u00e9ste tipo de productos, para evitar accidentes, y no ponerlos nunca en botellas que puedan dar lugar a confusi\u00f3n con alimentos o bebidas.<\/p>\n<p style=\"text-align: center;\"><img decoding=\"async\" loading=\"lazy\" class=\"size-large wp-image-20827 aligncenter\" src=\"https:\/\/elcalaixetdelaiaia.es\/wp-content\/uploads\/2020\/03\/gelmans1-2-844x1024.jpg\" alt=\"\" width=\"750\" height=\"910\" \/><\/p>\n<p style=\"text-align: center;\">Lo repartiremos en las botellas con tapon dosificador. Yo he hecho hasta una chiquitita para llevar en el bolso de calle.<\/p>\n<p style=\"text-align: center;\"><img decoding=\"async\" loading=\"lazy\" class=\"size-large wp-image-20825 aligncenter\" src=\"https:\/\/elcalaixetdelaiaia.es\/wp-content\/uploads\/2020\/03\/gelmans.-2-768x1024.jpg\" alt=\"\" width=\"750\" height=\"1000\" \/><\/p>\n<p style=\"text-align: center;\">Ahora tenemos que dejarlo guardado, fuera del alcance de los ni\u00f1os y avisando a los mayores, durante <em><strong>72 horas. <\/strong><\/em>Nos dice la OMS, que durante ese tiempo, las esporas presentes en el alcohol o en las botellas nuevas o reutilizadas ser\u00e1n destruidas.<\/p>\n<p style=\"text-align: center;\">Pasadas 72 horas, ya podemos utilizar el Hidrogel.<\/p>\n<p><img decoding=\"async\" loading=\"lazy\" class=\"size-large wp-image-20826 aligncenter\" src=\"https:\/\/elcalaixetdelaiaia.es\/wp-content\/uploads\/2020\/03\/gelmans..-1024x768.jpg\" alt=\"\" width=\"750\" height=\"563\" \/><\/p>\n<p>Desecharemos la botella que hemos usado para realizar la mezcla, y la depositaremos en el contendor de basura amarillo.<\/p>\n<p>El resultado de la composici\u00f3n no tiene la densidad de un gel&#8230;sino much\u00edsimo m\u00e1s l\u00edquido, pero la f\u00f3rmula es correcta, y sirve para la desinfecci\u00f3n, que es lo que cuenta.<\/p>\n<p style=\"box-sizing: border-box; margin: 0px 0px 1.5em; padding: 0px; border: 0px; color: #333333; font-family: Arial, sans-serif; font-style: normal; font-variant-ligatures: normal; font-variant-caps: normal; font-weight: 400; letter-spacing: normal; orphans: 2; text-align: start; text-indent: 0px; text-transform: none; white-space: normal; widows: 2; word-spacing: 0px; -webkit-text-stroke-width: 0px; background-color: #ffffff; text-decoration-style: initial; text-decoration-color: initial;\">C\u00f3mo utilizar el gel desinfectante para evitar el coronavirus<\/p>\n<ul style=\"box-sizing: border-box; margin: 0px; padding: 0px; border: 0px; color: #333333; font-family: Arial,sans-serif; font-size: 17.6px; font-style: normal; font-variant-ligatures: normal; font-variant-caps: normal; font-weight: 400; letter-spacing: normal; orphans: 2text-indent:0px; text-transform: none; white-space: normal; widows: 2; word-spacing: 0px; -webkit-text-stroke-width: 0px; background-color: #ffffff; text-decoration-style: initial; text-decoration-color: initial; text-align: left;\">\n<li style=\"box-sizing: border-box; margin: 0px; padding: 0px; border: 0px;\">Aplica el producto en la palma de la mano<\/li>\n<li style=\"box-sizing: border-box; margin: 0px; padding: 0px; border: 0px;\">Fr\u00f3tate ambas manos juntas<\/li>\n<li style=\"box-sizing: border-box; margin: 0px; padding: 0px; border: 0px;\">Cubre todas las superficies de las manos, entre los dedos, u\u00f1as, etc.<\/li>\n<li style=\"box-sizing: border-box; margin: 0px; padding: 0px; border: 0px;\">Hazlo durante, al menos, 20 segundos<\/li>\n<\/ul>\n<p style=\"font-family: Roboto, sans-serif; font-weight: 300; font-style: normal; margin: 0px 0px 10px; padding: 0px; font-size: 1rem; font-stretch: normal; line-height: 1.56; letter-spacing: 0.00625rem; color: #263238; font-variant-ligatures: normal; font-variant-caps: normal; orphans: 2; text-align: start; text-indent: 0px; text-transform: none; white-space: normal; widows: 2; word-spacing: 0px; -webkit-text-stroke-width: 0px; background-color: #ffffff; text-decoration-style: initial; text-decoration-color: initial;\">Os recalco que uno de los pasos m\u00e1s importantes es <strong style=\"font-weight: 400;\"><a style=\"text-decoration: none; font-weight: 400; color: #3a5eb2;\" href=\"https:\/\/www.cope.es\/actualidad\/vivir\/noticias\/error-que-cometes-lavarte-las-manos-que-debes-evitar-ante-amenaza-del-coronavirus-20200226_631800\" target=\"_top\" rel=\"noopener noreferrer\">lavarse las manos<\/a><\/strong><strong style=\"font-weight: 400;\"> el m\u00e1ximo n\u00famero de veces posible<\/strong>: antes de las comidas, despu\u00e9s de ir al ba\u00f1o, tras el contacto con objetos socios, despu\u00e9s de utilizar transporte p\u00fablico etc.<\/p>\n<p style=\"font-family: Roboto, sans-serif; font-weight: 300; font-style: normal; margin: 0px 0px 10px; padding: 0px; font-size: 1rem; font-stretch: normal; line-height: 1.56; letter-spacing: 0.00625rem; color: #263238; font-variant-ligatures: normal; font-variant-caps: normal; orphans: 2; text-align: start; text-indent: 0px; text-transform: none; white-space: normal; widows: 2; word-spacing: 0px; -webkit-text-stroke-width: 0px; background-color: #ffffff; text-decoration-style: initial; text-decoration-color: initial;\">Hay una gran cantidad de microorganismos presentes en nuestro d\u00eda a d\u00eda, de cuyo efecto podemos protegernos si nos lavamos las manos unas seis veces al d\u00eda. Tambi\u00e9n hay <strong style=\"font-weight: 400;\">m\u00e1s de 200 enfermedades de cuyo contagio se puede escapar si mantenemos esa costumbre higi\u00e9nica.<\/strong><\/p>\n<p>\u270b??Por qu\u00e9 lavarse las manos previene infecci\u00f3n x #coronavirus?<br \/>\n-El #COVID19 est\u00e1 envuelto en una bicapa lip\u00eddica (una capita de grasa) qe lo protege<br \/>\n-El jab\u00f3n,al mezclarse con agua,es capaz de \u00abdisolver\u00bb grasa<br \/>\n-Al entrar en contacto le quita su capa dej\u00e1ndolo expuesto.. y muere.<\/p>\n<p style=\"text-align: center;\">Si consider\u00e1is que con esta entrada pod\u00e9is ayudar a alguien y quer\u00e9is compartir, \u00a1Gracias!<\/p>\n<p style=\"text-align: center;\">Recuerda que tambi\u00e9n estoy en Facebook <a href=\"https:\/\/www.facebook.com\/El-calaixet-de-la-iaia-533062140099386\/\">https:\/\/www.facebook.com\/El-calaixet-de-la-iaia-533062140099386\/<\/a><\/p>\n<p>Esta f\u00f3rmula es la que da la Organizaci\u00f3n Mundial de la Salud.<\/p>\n<p>\u00ab<span style=\"color: #000000; font-family: sans-serif; font-size: 18px; font-style: normal; font-variant-ligatures: normal; font-variant-caps: normal; font-weight: 400; letter-spacing: normal; orphans: 2text-indent:0px; text-transform: none; white-space: normal; widows: 2; word-spacing: 0px; -webkit-text-stroke-width: 0px; text-decoration-style: initial; text-decoration-color: initial; display: inline!important; float: none; text-align: left;\">No hay que tomar precauciones especiales con los animales en Espa\u00f1a, ni con los alimentos, para evitar esta infecci\u00f3n\u00bb. Esta es una de las <\/span><a style=\"box-sizing: border-box; color: #4a82b9; outline: 0px; font-family: sans-serif; font-size: 18px; font-style: normal; font-variant-ligatures: normal; font-variant-caps: normal; font-weight: 400; letter-spacing: normal; orphans: 2; text-align: start; text-indent: 0px; text-transform: none; white-space: normal; widows: 2; word-spacing: 0px; -webkit-text-stroke-width: 0px;\" href=\"https:\/\/www.mscbs.gob.es\/profesionales\/saludPublica\/ccayes\/alertasActual\/nCov-China\/documentos\/20200224.Preguntas_respuestas_COVID-19.pdf\" target=\"_blank\" rel=\"noopener noreferrer\">indicaciones que nos da el Ministerio de Sanidad<\/a><span style=\"color: #000000; font-family: sans-serif; font-size: 18px; font-style: normal; font-variant-ligatures: normal; font-variant-caps: normal; font-weight: 400; letter-spacing: normal; orphans: 2text-indent:0px; text-transform: none; white-space: normal; widows: 2; word-spacing: 0px; -webkit-text-stroke-width: 0px; text-decoration-style: initial; text-decoration-color: initial; display: inline!important; float: none; text-align: left;\"> junto al resto de recomendaciones para protegernos frente al virus. Las que ya sabemos todos.<\/span><\/p>\n<p>Lavarnos las manos frecuentemente con agua y jab\u00f3n o soluciones alcoh\u00f3licas, especialmente despu\u00e9s de toser o estornudar; evitar el contacto estrecho con personas que muestren signos de afecci\u00f3n respiratoria, como tos o estornudos; mantener una distancia de un metro aproximadamente con las personas con s\u00edntomas de infecci\u00f3n respiratoria aguda; y cubrirse la boca y la nariz con pa\u00f1uelos desechables.<\/p>\n<p>Los m\u00e9dicos dicen que es importante mantener la tranquilidad. Este virus se contagia como todos los constipados, a trav\u00e9s de las gotitas de saliva. Si compartes un vaso de agua con alguien que est\u00e9 enfermo o comes con el mismo cubierto, existe riesgo de contagio, pero como cualquier otra enfermedad, como la mononucleosis infecciosa, por ejemplo.<br \/>\n<span style=\"color: #000000; font-family: sans-serif; font-size: 18px; font-style: normal; font-variant-ligatures: normal; font-variant-caps: normal; font-weight: 400; letter-spacing: normal; orphans: 2text-indent:0px; text-transform: none; white-space: normal; widows: 2; word-spacing: 0px; -webkit-text-stroke-width: 0px; text-decoration-style: initial; text-decoration-color: initial; display: inline!important; float: none; text-align: left;\">As\u00ed que, cualquier duda que les surja, <\/span>debemos acudir<strong style=\"box-sizing: border-box; font-weight: bold; color: #000000; font-family: sans-serif; font-size: 18px; font-style: normal; font-variant-ligatures: normal; font-variant-caps: normal; letter-spacing: normal; orphans: 2; text-align: start; text-indent: 0px; text-transform: none; white-space: normal; widows: 2; word-spacing: 0px; -webkit-text-stroke-width: 0px; text-decoration-style: initial; text-decoration-color: initial;\"> a las fuentes oficiales y no dejarnos llevar por noticias falsas o<\/strong> alarmistas<span style=\"color: #000000; font-family: sans-serif; font-size: 18px; font-style: normal; font-variant-ligatures: normal; font-variant-caps: normal; font-weight: 400; letter-spacing: normal; orphans: 2text-indent:0px; text-transform: none; white-space: normal; widows: 2; word-spacing: 0px; -webkit-text-stroke-width: 0px; text-decoration-style: initial; text-decoration-color: initial; display: inline!important; float: none; text-align: left;\">.<\/span><\/p>\n<div id=\"bloque_cabecera\" class=\"noticia_block\" style=\"margin-bottom: 20px; width: 393.091px; float: left; color: #000000;\">\n<div id=\"not_cabecera\" class=\"\" style=\"height: auto; margin-bottom: 10px; width: 393.091px; margin-left: 0px; margin-top: 0px; position: relative; float: left;\">\n<h1 style=\"margin-top: 10px; padding: 0px20px; float: left; margin-bottom: 0px;\"><a class=\"not_titular\" style=\"color: #000000; text-decoration: none; transition: all 0.3s ease 0s; width: 353.091px; height: auto; font-size: 37px; line-height: 37px; font-weight: 500; clear: both; float: left;\">Estos son los tel\u00e9fonos de consulta del coronavirus seg\u00fan d\u00f3nde vivas<\/a><\/h1>\n<h3><\/h3>\n<div class=\"not_entradilla\" style=\"width: 393.091px; height: auto; clear: both; display: block; font-size: 25px; line-height: 27px; font-weight: 300; padding: 0px20px; box-sizing: border-box; margin-bottom: 20px;\">Las Comunidades Aut\u00f3nomas habilitan v\u00edas de comunicaci\u00f3n para solicitar asistencia m\u00e9dica y resolver cualquier duda;<\/div>\n<\/div>\n<\/div>\n<div id=\"bloque_principal\" class=\"bloque_princ\" style=\"width: 393.091px; padding: 0px15px; box-sizing: border-box; font-family: Roboto; font-weight: 400; font-size: 21px; line-height: 29px; color: #444444; font-style: normal; font-variant-ligatures: normal; font-variant-caps: normal; letter-spacing: normal; orphans: 2text-indent:0px; text-transform: none; white-space: normal; widows: 2; word-spacing: 0px; -webkit-text-stroke-width: 0px; text-decoration-style: initial; text-decoration-color: initial; text-align: left;\">\n<div>\n<div class=\"not_texto\" style=\"float: left; width: 363.091px;\">\n<p>Las Comunidades Aut\u00f3nomas, en colaboraci\u00f3n con el Ministerio de Sanidad, <strong style=\"font-weight: bold; color: #000000;\">han potenciado los servicios de atenci\u00f3n telef\u00f3nica<\/strong> para realizar cribados previos en posibles casos de coronavirus y para facilitar informaci\u00f3n general sobre esta enfermedad. As\u00ed lo fijaron en uno de los principales acuerdos del \u00faltimo <strong style=\"font-weight: bold; color: #000000;\"><a style=\"color: #2a6ba3; text-decoration: underline; transition: all 0.3s ease 0s;\" href=\"https:\/\/www.redaccionmedica.com\/secciones\/ministerio-sanidad\/coronavirus-cribados-en-el-112-y-aislamiento-domiciliario-en-casos-leves-4601\" target=\"_blank\" rel=\"noopener noreferrer\">Consejo Interterritorial<\/a><\/strong>, donde se actualizaron los protocolos de actuaci\u00f3n ante esta epidemia.<\/p>\n<p>A continuaci\u00f3n, consulte los servicios habilitados para los ciudadanos en cada Comunidad Aut\u00f3noma para abordar el coronavirus:<\/p>\n<p><strong style=\"font-weight: bold; color: #000000;\">Andaluc\u00eda<\/strong><\/p>\n<p>La Consejer\u00eda de Salud de Jes\u00fas Aguirre ha habilitado un tel\u00e9fono especial para consultas, denominado Salud Responde y que es el <strong style=\"font-weight: bold; color: #000000;\">955 54 50 60<\/strong>.<\/p>\n<p><strong style=\"font-weight: bold; color: #000000;\">Arag\u00f3n<\/strong><\/p>\n<p>El Gobierno aragon\u00e9s prefiere que los usuarios llamen al <strong style=\"font-weight: bold; color: #000000;\">061<\/strong>.<\/p>\n<p><strong style=\"font-weight: bold; color: #000000;\">Canarias<\/strong><\/p>\n<p>El tel\u00e9fono para consultas generales en las Islas Canarias, donde cientos de personas han permanecido en cuarentena en un hotel de Adeje, es el<strong style=\"font-weight: bold; color: #000000;\"> 900 112 061<\/strong>.<\/p>\n<p><strong style=\"font-weight: bold; color: #000000;\">Cantabria<\/strong><\/p>\n<p>La consejer\u00eda de Sanidad ha optado solamente por los n\u00fameros de tel\u00e9fono convencionales de emergencias y urgencias: <strong style=\"font-weight: bold; color: #000000;\">112<\/strong> y <strong style=\"font-weight: bold; color: #000000;\">061<\/strong>.<\/p>\n<p><strong style=\"font-weight: bold; color: #000000;\">Castilla la Mancha<\/strong><\/p>\n<p>El departmento de Jes\u00fas Fern\u00e1ndez ha habilitado el <strong style=\"font-weight: bold; color: #000000;\">900 122 112 <\/strong>para el coronavirus.<\/p>\n<p><strong style=\"font-weight: bold; color: #000000;\">Castilla Le\u00f3n<\/strong><\/p>\n<p>Al igual que el resto de comunidades, reitera el llamamiento ante una posible sospecha de infecci\u00f3n a no acudir a centros m\u00e9dicos ni hospitales, permanecer en casa y llamar al <strong style=\"font-weight: bold; color: #000000;\">900 222 000<\/strong>.<\/p>\n<p><strong style=\"font-weight: bold; color: #000000;\">Catalu\u00f1a<\/strong><\/p>\n<p>Catalu\u00f1a tambi\u00e9n opta por un n\u00famero telef\u00f3nico habitual para atender las consultas sobre esta patolog\u00eda: el <strong style=\"font-weight: bold; color: #000000;\">061<\/strong>.<\/p>\n<p><strong style=\"font-weight: bold; color: #000000;\">Comunidad de Madrid<\/strong><\/p>\n<p>La Consejer\u00eda de Sanidad de Enrique Ruiz Escudero ha habilitado el <strong style=\"font-weight: bold; color: #000000;\">900 102 112<\/strong> para derivar las llamadas de posibles casos a la Mesa de Coordinaci\u00f3n del SUMMA 112.<\/p>\n<p><strong style=\"font-weight: bold; color: #000000;\">Comunidad Foral de Navarra<\/strong><\/p>\n<p>Centralizan en el <strong style=\"font-weight: bold; color: #000000;\">112 <\/strong>las consultas sobre posibles casos al tener s\u00edntomas y haber venido de las zonas afectadas (o haber tenido un contacto estrecho con casos positivos) mientras que el tel\u00e9fono de consejo sanitario es el <strong style=\"font-weight: bold; color: #000000;\">948 290 290<\/strong>.<\/p>\n<p><strong style=\"font-weight: bold; color: #000000;\">Comunidad Valenciana<\/strong><\/p>\n<p>El <strong style=\"font-weight: bold; color: #000000;\">900 300 555 <\/strong>es el n\u00famero para que cualquier persona de la Comunidad Valenciana con s\u00edntomas pueda ponerse en contacto con los servicios sanitarios.<\/p>\n<p><strong style=\"font-weight: bold; color: #000000;\">Extremadura<\/strong><\/p>\n<p>En caso de que alg\u00fan extreme\u00f1o presente s\u00edntomas o quiera resolver alguna cuesti\u00f3n, deber\u00e1 llamar al <strong style=\"font-weight: bold; color: #000000;\">112<\/strong>.<\/p>\n<p><strong style=\"font-weight: bold; color: #000000;\">Galicia<\/strong><\/p>\n<p>En Galicia los usuarios que presenten s\u00edntomas deber\u00e1n llamar al <strong style=\"font-weight: bold; color: #000000;\">061<\/strong> y, en el caso de buscar informaci\u00f3n general, el <strong style=\"font-weight: bold; color: #000000;\">900 400 116<\/strong>.<\/p>\n<p><strong style=\"font-weight: bold; color: #000000;\">Islas Baleares<\/strong><\/p>\n<p>En las Islas Baleares se canalizar\u00e1n todas las consultas a trav\u00e9s del <strong style=\"font-weight: bold; color: #000000;\">061.<\/strong><\/p>\n<p><strong style=\"font-weight: bold; color: #000000;\">La Rioja<\/strong><\/p>\n<p>En La Rioja est\u00e1 disponible el tel\u00e9fono <strong style=\"font-weight: bold; color: #000000;\">941 298 333<\/strong>, que se suma al <strong style=\"font-weight: bold; color: #000000;\">112<\/strong>, para que los usuarios puedan hacer las consultas que necesiten.<\/p>\n<p><strong style=\"font-weight: bold; color: #000000;\">Regi\u00f3n de Murcia<\/strong><\/p>\n<p>Salud habilita el tel\u00e9fono de informaci\u00f3n del coronavirus <strong style=\"font-weight: bold; color: #000000;\">900 121 212<\/strong>, aunque tambi\u00e9n se puede llamar al <strong style=\"font-weight: bold; color: #000000;\">112<\/strong>.<\/p>\n<p><strong style=\"font-weight: bold; color: #000000;\">Pa\u00eds Vasco<\/strong><\/p>\n<p>Osakidetza ha abierto la l\u00ednea telef\u00f3nica del <strong style=\"font-weight: bold; color: #000000;\">900 203 050<\/strong> para \u201cconsejos sanitarios\u201d sobre coronavirus.<\/p>\n<p><strong style=\"font-weight: bold; color: #000000;\">Principado de Asturias<\/strong><\/p>\n<p>Asturias mantendr\u00e1 el n\u00famero de emergencias, el <strong style=\"font-weight: bold; color: #000000;\">112<\/strong>, como medio de comunicaci\u00f3n.<\/p>\n<p>Esto es un simple blog, que intenta informaros de la manera m\u00e1s sencilla posible, pero ni pertenezco a la sanidad, ni al periodismo, TENER esto en cuenta, mi recomendaci\u00f3n siempre es que cualquier duda relacionada con la salud, sea consultada con un profesional del \u00e1mbito sanitario.<\/p>\n<p><span class=\"text_exposed_show\"><a class=\"_58cn\" href=\"https:\/\/www.facebook.com\/hashtag\/yomequedoencasa?source=feed_text&amp;epa=HASHTAG&amp;__xts__%5B0%5D=68.ARDIfAq9LZXPUGG9MiS8d5O7IbfMgxOMSw_HaD6ZLujAhat9jQ-uxa8bzjBlwBoXVhAA4HCHKJh3uT-Lqq65mhIpMDqJqvFc7aWHkP4gcyezJ-U2ObzSVFzuYWr6RltNXcED_k2pnp8---89gyPhL1zv9tdbU8-mhExD6BfZfOXL27QvFVHEnCcbACJIlCoEjvF_vfRsET8RNfwak2iJabG6_WGPM8322oyhv4U3gC5umOUAhdkFCTlqDTAj0iHA-Ihvg5Lx40z-BrnPfZYKIjbyz4Cow3McAaSvC4NRxEj7NZZ3Pd-RMjuvmHkGS8InPRU-pCFeG07ds00pwdQ7IIPjHw&amp;__tn__=%2ANK-R\" data-ft=\"{&quot;type&quot;:104,&quot;tn&quot;:&quot;*N&quot;}\"><span class=\"_5afx\"><span class=\"_58cl _5afz\" aria-label=\"hashtag\">#<\/span><span class=\"_58cm\">YoMeQuedoEnCasa<\/span><\/span><\/a><\/span><\/p>\n<p><span class=\"text_exposed_show\"> <a class=\"_58cn\" href=\"https:\/\/www.facebook.com\/hashtag\/frenarlacurva?source=feed_text&amp;epa=HASHTAG&amp;__xts__%5B0%5D=68.ARDIfAq9LZXPUGG9MiS8d5O7IbfMgxOMSw_HaD6ZLujAhat9jQ-uxa8bzjBlwBoXVhAA4HCHKJh3uT-Lqq65mhIpMDqJqvFc7aWHkP4gcyezJ-U2ObzSVFzuYWr6RltNXcED_k2pnp8---89gyPhL1zv9tdbU8-mhExD6BfZfOXL27QvFVHEnCcbACJIlCoEjvF_vfRsET8RNfwak2iJabG6_WGPM8322oyhv4U3gC5umOUAhdkFCTlqDTAj0iHA-Ihvg5Lx40z-BrnPfZYKIjbyz4Cow3McAaSvC4NRxEj7NZZ3Pd-RMjuvmHkGS8InPRU-pCFeG07ds00pwdQ7IIPjHw&amp;__tn__=%2ANK-R\" data-ft=\"{&quot;type&quot;:104,&quot;tn&quot;:&quot;*N&quot;}\"><span class=\"_5afx\"><span class=\"_58cl _5afz\" aria-label=\"hashtag\">#<\/span><span class=\"_58cm\">FrenarLaCurva\u00a0<\/span><\/span><\/a><\/span><\/p>\n<p><span class=\"text_exposed_show\"><a class=\"_58cn\" href=\"https:\/\/www.facebook.com\/hashtag\/nosonvacaciones?source=feed_text&amp;epa=HASHTAG&amp;__xts__%5B0%5D=68.ARDIfAq9LZXPUGG9MiS8d5O7IbfMgxOMSw_HaD6ZLujAhat9jQ-uxa8bzjBlwBoXVhAA4HCHKJh3uT-Lqq65mhIpMDqJqvFc7aWHkP4gcyezJ-U2ObzSVFzuYWr6RltNXcED_k2pnp8---89gyPhL1zv9tdbU8-mhExD6BfZfOXL27QvFVHEnCcbACJIlCoEjvF_vfRsET8RNfwak2iJabG6_WGPM8322oyhv4U3gC5umOUAhdkFCTlqDTAj0iHA-Ihvg5Lx40z-BrnPfZYKIjbyz4Cow3McAaSvC4NRxEj7NZZ3Pd-RMjuvmHkGS8InPRU-pCFeG07ds00pwdQ7IIPjHw&amp;__tn__=%2ANK-R\" data-ft=\"{&quot;type&quot;:104,&quot;tn&quot;:&quot;*N&quot;}\"><span class=\"_5afx\"><span class=\"_58cl _5afz\" aria-label=\"hashtag\">#<\/span><span class=\"_58cm\">NoSonVacaciones<\/span><\/span><\/a><\/span><\/p>\n<\/div>\n<\/div>\n<\/div>\n<h3 style=\"box-sizing: border-box; color: #1c1c1c; margin-bottom: 25px; font-size: 22px; font-family: sans-serif; font-style: normal; font-variant-ligatures: normal; font-variant-caps: normal; letter-spacing: normal; text-transform: none; white-space: normal; word-spacing: 0px; -webkit-text-stroke-width: 0px; text-decoration-style: initial; text-decoration-color: initial; padding-left: 40px;\"><\/h3>\n","protected":false},"excerpt":{"rendered":"<p>\u00abRefrany; Mes val evitar que curar\u00bb Mas vale evitar, que curar. Hoy voy con una entrada muy rapidita que publicar\u00e9 aunque sea hoy muy tarde, para que todos quienes quer\u00e1is pod\u00e1is comprar, ma\u00f1ana s\u00e1bado, los ingredientes necesarios para esta \u00abreceta\u00bb en la farmacia. No hay nada mejor que un buen &hellip; <\/p>\n","protected":false},"author":2,"featured_media":0,"comment_status":"open","ping_status":"open","sticky":false,"template":"","format":"standard","meta":[],"categories":[1,95],"tags":[],"_links":{"self":[{"href":"https:\/\/elcalaixetdelaiaia.es\/index.php?rest_route=\/wp\/v2\/posts\/20824"}],"collection":[{"href":"https:\/\/elcalaixetdelaiaia.es\/index.php?rest_route=\/wp\/v2\/posts"}],"about":[{"href":"https:\/\/elcalaixetdelaiaia.es\/index.php?rest_route=\/wp\/v2\/types\/post"}],"author":[{"embeddable":true,"href":"https:\/\/elcalaixetdelaiaia.es\/index.php?rest_route=\/wp\/v2\/users\/2"}],"replies":[{"embeddable":true,"href":"https:\/\/elcalaixetdelaiaia.es\/index.php?rest_route=%2Fwp%2Fv2%2Fcomments&post=20824"}],"version-history":[{"count":26,"href":"https:\/\/elcalaixetdelaiaia.es\/index.php?rest_route=\/wp\/v2\/posts\/20824\/revisions"}],"predecessor-version":[{"id":20969,"href":"https:\/\/elcalaixetdelaiaia.es\/index.php?rest_route=\/wp\/v2\/posts\/20824\/revisions\/20969"}],"wp:attachment":[{"href":"https:\/\/elcalaixetdelaiaia.es\/index.php?rest_route=%2Fwp%2Fv2%2Fmedia&parent=20824"}],"wp:term":[{"taxonomy":"category","embeddable":true,"href":"https:\/\/elcalaixetdelaiaia.es\/index.php?rest_route=%2Fwp%2Fv2%2Fcategories&post=20824"},{"taxonomy":"post_tag","embeddable":true,"href":"https:\/\/elcalaixetdelaiaia.es\/index.php?rest_route=%2Fwp%2Fv2%2Ftags&post=20824"}],"curies":[{"name":"wp","href":"https:\/\/api.w.org\/{rel}","templated":true}]}}