{"id":20385,"date":"2020-01-11T18:08:24","date_gmt":"2020-01-11T18:08:24","guid":{"rendered":"http:\/\/elcalaixetdelaiaia.es\/?p=20385"},"modified":"2026-04-08T15:34:48","modified_gmt":"2026-04-08T15:34:48","slug":"arroz-caldoso-marinero-en-perol-paso-a-paso-foto-a-foto","status":"publish","type":"post","link":"https:\/\/elcalaixetdelaiaia.es\/?p=20385","title":{"rendered":"Arroz caldoso marinero en perol paso a paso foto a foto"},"content":{"rendered":"<p>\u00abRefrany; Bon arr\u00f2s, bona llima, bona barca, bon tim\u00f3\u00bb \u00a0 \u00a0\u00a0 Buen arroz, buen lim\u00f3n, buena barca, buen tim\u00f3n.<\/p>\n<p>Hoy traigo mi receta de arroz caldosito marinero.<\/p>\n<p>Los ingredientes pueden ser&#8230; marisco&#8230; los que vuestro bolsillo os permita, \u00abA mas az\u00facar, mas dulce\u00bb, pero realmente, es un arroz, muy muy muy agradecido que necesita poco gasto, porque con un m\u00ednimo arreglito, sale de chuparse los dedos y es tan sencillo de hacer, que no cuesta nada y cualquiera sin nociones de cocina, lo puede cocinar sin el m\u00ednimo problema.<\/p>\n<p>Hoy lo voy a hacer para dos y he necesitado;<\/p>\n<p><a href=\"http:\/\/2.bp.blogspot.com\/-VCqy-TBGBmI\/VNaNXOs7zFI\/AAAAAAAAT5U\/gRpvNNbjXpk\/s1600\/aaaaaaaaaaaaaaaaaaaaaaaa.jpg\"><img decoding=\"async\" loading=\"lazy\" class=\"aligncenter\" src=\"https:\/\/elcalaixetdelaiaia.es\/wp-content\/uploads\/2015\/02\/aaaaaaaaaaaaaaaaaaaaaaaa.jpg\" width=\"640\" height=\"384\" border=\"0\" \/><\/a><\/p>\n<ol>\n<li>100g de arroz redondo<\/li>\n<li>Un pu\u00f1adito de gambas peladas<\/li>\n<li>Cuatro langostinos<\/li>\n<li>Cuatro sepias peque\u00f1itas<\/li>\n<li>Una cortada de mero<\/li>\n<li>Un trocito de rape<\/li>\n<li>Un pu\u00f1adito de mejillones, si son clotxinas mejor \ud83d\ude09<\/li>\n<li>Un tomate maduro<\/li>\n<li>Un diente de ajo<\/li>\n<li>Piment\u00f3n de la Vera<\/li>\n<li>Aceite de oliva virgen<\/li>\n<li>Azafran tostado<\/li>\n<li>Sal<\/li>\n<li>400ml fondo de pescado o fumet<\/li>\n<\/ol>\n<p style=\"text-align: center;\">Para los arroces caldosos, en el perol de hierro, uso cuatro veces de caldo que de arroz,( Si os gusta muy, muy, caldoso a\u00f1adir mas), el caldo hirviendo, a fuego medio\/bajo, la tapa del perol puesta durante 17\/18 minutos m\u00e1ximo, no os pas\u00e9is de tiempo para que no se \u00abesclate\u00bb el arroz. Y servir de inmediato, con los comensales en la mesa. Los arroces caldosos y los melosos, JAMAS esperan al comensal, si quer\u00e9is comerlo como se debe, con el grano en su punto perfecto \ud83d\ude09<\/p>\n<p>En la foto de ingredientes, faltan las cl\u00f3chinas, que ya estaban al, vapor. Para hacer las cl\u00f3chinas o los mejillones, pod\u00e9is ver el paso a paso aqu\u00ed\u00a0<a href=\"https:\/\/elcalaixetdelaiaia.es\/?p=968\">https:\/\/elcalaixetdelaiaia.es\/?p=968<\/a><\/p>\n<p>Para hacer el fumet pod\u00e9is ver el paso a paso aqu\u00ed <a href=\"https:\/\/elcalaixetdelaiaia.es\/?p=977\">https:\/\/elcalaixetdelaiaia.es\/?p=977<\/a><\/p>\n<p><a href=\"https:\/\/2.bp.blogspot.com\/-1ay57fx9Hn4\/WNLX8HFpnSI\/AAAAAAAApA0\/rRfLfmoXbbo9R55Gx_wqh_jMMP_MVv5EQCEw\/s1600\/IMG_1728%2B%25282%2529.PNG\"><img decoding=\"async\" loading=\"lazy\" class=\"aligncenter\" src=\"https:\/\/elcalaixetdelaiaia.es\/wp-content\/uploads\/2017\/08\/IMG_172828229.png\" width=\"640\" height=\"480\" border=\"0\" \/><\/a><\/p>\n<p>Este arrocito caldoso es muy socorrido, igual lo hago con galeras, que con gambones o langostinos&#8230; lo que veo de oferta al ir a hacer la compra. En casa gusta much\u00edsimo y lo hago en la olla de hierro, o perol, que creo que le da un sabor especial.<\/p>\n<p><img decoding=\"async\" loading=\"lazy\" class=\"alignnone size-full wp-image-25291\" src=\"https:\/\/elcalaixetdelaiaia.es\/wp-content\/uploads\/2020\/01\/arrosambgaleres-2.jpg\" alt=\"\" width=\"1200\" height=\"1600\" srcset=\"https:\/\/elcalaixetdelaiaia.es\/wp-content\/uploads\/2020\/01\/arrosambgaleres-2.jpg 1200w, https:\/\/elcalaixetdelaiaia.es\/wp-content\/uploads\/2020\/01\/arrosambgaleres-2-225x300.jpg 225w, https:\/\/elcalaixetdelaiaia.es\/wp-content\/uploads\/2020\/01\/arrosambgaleres-2-768x1024.jpg 768w, https:\/\/elcalaixetdelaiaia.es\/wp-content\/uploads\/2020\/01\/arrosambgaleres-2-1152x1536.jpg 1152w\" sizes=\"(max-width: 1200px) 100vw, 1200px\" \/> <img decoding=\"async\" loading=\"lazy\" class=\"alignnone size-full wp-image-25292\" src=\"https:\/\/elcalaixetdelaiaia.es\/wp-content\/uploads\/2020\/01\/arrosambgaleres-1-scaled.jpg\" alt=\"\" width=\"2560\" height=\"1920\" srcset=\"https:\/\/elcalaixetdelaiaia.es\/wp-content\/uploads\/2020\/01\/arrosambgaleres-1-scaled.jpg 2560w, https:\/\/elcalaixetdelaiaia.es\/wp-content\/uploads\/2020\/01\/arrosambgaleres-1-300x225.jpg 300w, https:\/\/elcalaixetdelaiaia.es\/wp-content\/uploads\/2020\/01\/arrosambgaleres-1-1024x768.jpg 1024w, https:\/\/elcalaixetdelaiaia.es\/wp-content\/uploads\/2020\/01\/arrosambgaleres-1-768x576.jpg 768w, https:\/\/elcalaixetdelaiaia.es\/wp-content\/uploads\/2020\/01\/arrosambgaleres-1-1536x1152.jpg 1536w, https:\/\/elcalaixetdelaiaia.es\/wp-content\/uploads\/2020\/01\/arrosambgaleres-1-2048x1536.jpg 2048w\" sizes=\"(max-width: 2560px) 100vw, 2560px\" \/><\/p>\n<p style=\"text-align: center;\">Os ense\u00f1o unas fotos del mismo arroz, pero hecho con galeras y sin cl\u00f3chinas, que me sali\u00f3 impresionante.<\/p>\n<p style=\"text-align: center;\">Como siempre en mis recetas de pescado y marisco, (yo tirando para casa) os recomiendo que si vais al Mercat de Russafa en Val\u00e8ncia, compr\u00e9is estos productos en los puestos 36\/42, mi querida sobrina Elena y su marido Pepe os atender\u00e1n con total profesionalidad y simpat\u00eda, aparte de que sus productos son de lo m\u00e1s frescos y de grand\u00edsima calidad y \u00a1hasta tienen Shusi, listo para llevar!<\/p>\n<p style=\"text-align: center;\"><img decoding=\"async\" loading=\"lazy\" class=\"alignnone size-large wp-image-20391\" src=\"https:\/\/elcalaixetdelaiaia.es\/wp-content\/uploads\/2020\/01\/IMG_20200111_121958-768x1024.jpg\" alt=\"\" width=\"750\" height=\"1000\" srcset=\"https:\/\/elcalaixetdelaiaia.es\/wp-content\/uploads\/2020\/01\/IMG_20200111_121958-768x1024.jpg 768w, https:\/\/elcalaixetdelaiaia.es\/wp-content\/uploads\/2020\/01\/IMG_20200111_121958-225x300.jpg 225w, https:\/\/elcalaixetdelaiaia.es\/wp-content\/uploads\/2020\/01\/IMG_20200111_121958-1152x1536.jpg 1152w, https:\/\/elcalaixetdelaiaia.es\/wp-content\/uploads\/2020\/01\/IMG_20200111_121958-1536x2048.jpg 1536w, https:\/\/elcalaixetdelaiaia.es\/wp-content\/uploads\/2020\/01\/IMG_20200111_121958-scaled.jpg 1920w\" sizes=\"(max-width: 750px) 100vw, 750px\" \/><\/p>\n<p style=\"text-align: center;\">Si no ten\u00e9is fondo de pescado o fumet, pod\u00e9is prepararlo, como he hecho yo en este caso, con las cabezas de los langostinos, un tomate troceado, un puerro (o una cebolleta), una hoja de laurel, aceite y sal, sofre\u00edr todo, cubrir con agua y hervir unos 15 minutos. Reservar. Si pod\u00e9is, a\u00f1adir tambi\u00e9n el caldito resultado de hacer las cl\u00f3chinas al vapor, en mi casa, toda la vida se ha utilizado para arroces y fideu\u00e1s.<\/p>\n<p style=\"text-align: center;\"><img decoding=\"async\" loading=\"lazy\" class=\"alignnone size-large wp-image-20392\" src=\"https:\/\/elcalaixetdelaiaia.es\/wp-content\/uploads\/2020\/01\/IMG_20200111_113026-1024x768.jpg\" alt=\"\" width=\"750\" height=\"563\" srcset=\"https:\/\/elcalaixetdelaiaia.es\/wp-content\/uploads\/2020\/01\/IMG_20200111_113026-1024x768.jpg 1024w, https:\/\/elcalaixetdelaiaia.es\/wp-content\/uploads\/2020\/01\/IMG_20200111_113026-300x225.jpg 300w, https:\/\/elcalaixetdelaiaia.es\/wp-content\/uploads\/2020\/01\/IMG_20200111_113026-768x576.jpg 768w, https:\/\/elcalaixetdelaiaia.es\/wp-content\/uploads\/2020\/01\/IMG_20200111_113026-1536x1152.jpg 1536w, https:\/\/elcalaixetdelaiaia.es\/wp-content\/uploads\/2020\/01\/IMG_20200111_113026-2048x1536.jpg 2048w\" sizes=\"(max-width: 750px) 100vw, 750px\" \/><\/p>\n<p style=\"text-align: center;\">Limpiamos y troceamos las sepias, el rape, y el mero, abrimos los langostinos por el lomo y con un palillo, extraemos los intestinos. Rallamos el tomate y el ajo. Ponemos a calentar el aceite en el perol y\u00a0 echamos sal.<\/p>\n<p style=\"text-align: center;\"><img decoding=\"async\" loading=\"lazy\" class=\"alignnone size-large wp-image-20393\" src=\"https:\/\/elcalaixetdelaiaia.es\/wp-content\/uploads\/2020\/01\/IMG_20200111_113309-1024x768.jpg\" alt=\"\" width=\"750\" height=\"563\" srcset=\"https:\/\/elcalaixetdelaiaia.es\/wp-content\/uploads\/2020\/01\/IMG_20200111_113309-1024x768.jpg 1024w, https:\/\/elcalaixetdelaiaia.es\/wp-content\/uploads\/2020\/01\/IMG_20200111_113309-300x225.jpg 300w, https:\/\/elcalaixetdelaiaia.es\/wp-content\/uploads\/2020\/01\/IMG_20200111_113309-768x576.jpg 768w, https:\/\/elcalaixetdelaiaia.es\/wp-content\/uploads\/2020\/01\/IMG_20200111_113309-1536x1152.jpg 1536w, https:\/\/elcalaixetdelaiaia.es\/wp-content\/uploads\/2020\/01\/IMG_20200111_113309-2048x1536.jpg 2048w\" sizes=\"(max-width: 750px) 100vw, 750px\" \/><\/p>\n<p style=\"text-align: center;\">cuando el aceite est\u00e9 caliente, a\u00f1adimos las gambitas, el mero, la sepia y los langostinos, cuando est\u00e9n comenzando a dorarse,<\/p>\n<p style=\"text-align: center;\"><img decoding=\"async\" loading=\"lazy\" class=\"alignnone size-large wp-image-20394\" src=\"https:\/\/elcalaixetdelaiaia.es\/wp-content\/uploads\/2020\/01\/IMG_20200111_114020-1024x768.jpg\" alt=\"\" width=\"750\" height=\"563\" srcset=\"https:\/\/elcalaixetdelaiaia.es\/wp-content\/uploads\/2020\/01\/IMG_20200111_114020-1024x768.jpg 1024w, https:\/\/elcalaixetdelaiaia.es\/wp-content\/uploads\/2020\/01\/IMG_20200111_114020-300x225.jpg 300w, https:\/\/elcalaixetdelaiaia.es\/wp-content\/uploads\/2020\/01\/IMG_20200111_114020-768x576.jpg 768w, https:\/\/elcalaixetdelaiaia.es\/wp-content\/uploads\/2020\/01\/IMG_20200111_114020-1536x1152.jpg 1536w, https:\/\/elcalaixetdelaiaia.es\/wp-content\/uploads\/2020\/01\/IMG_20200111_114020-2048x1536.jpg 2048w\" sizes=\"(max-width: 750px) 100vw, 750px\" \/><\/p>\n<p style=\"text-align: center;\">incorporamos el tomate rallado con el diente de ajo y sofre\u00edmos<\/p>\n<p style=\"text-align: center;\"><img decoding=\"async\" loading=\"lazy\" class=\"alignnone size-large wp-image-20395\" src=\"https:\/\/elcalaixetdelaiaia.es\/wp-content\/uploads\/2020\/01\/IMG_20200111_114324-1024x768.jpg\" alt=\"\" width=\"750\" height=\"563\" srcset=\"https:\/\/elcalaixetdelaiaia.es\/wp-content\/uploads\/2020\/01\/IMG_20200111_114324-1024x768.jpg 1024w, https:\/\/elcalaixetdelaiaia.es\/wp-content\/uploads\/2020\/01\/IMG_20200111_114324-300x225.jpg 300w, https:\/\/elcalaixetdelaiaia.es\/wp-content\/uploads\/2020\/01\/IMG_20200111_114324-768x576.jpg 768w, https:\/\/elcalaixetdelaiaia.es\/wp-content\/uploads\/2020\/01\/IMG_20200111_114324-1536x1152.jpg 1536w, https:\/\/elcalaixetdelaiaia.es\/wp-content\/uploads\/2020\/01\/IMG_20200111_114324-2048x1536.jpg 2048w\" sizes=\"(max-width: 750px) 100vw, 750px\" \/><\/p>\n<p style=\"text-align: center;\">cuando se haya absorbido el ag\u00fcilla del tomate, pondremos una cucharadita de piment\u00f3n de la Vera dulce, removeremos<\/p>\n<p style=\"text-align: center;\"><img decoding=\"async\" loading=\"lazy\" class=\"alignnone size-large wp-image-20396\" src=\"https:\/\/elcalaixetdelaiaia.es\/wp-content\/uploads\/2020\/01\/IMG_20200111_114607-1024x768.jpg\" alt=\"\" width=\"750\" height=\"563\" srcset=\"https:\/\/elcalaixetdelaiaia.es\/wp-content\/uploads\/2020\/01\/IMG_20200111_114607-1024x768.jpg 1024w, https:\/\/elcalaixetdelaiaia.es\/wp-content\/uploads\/2020\/01\/IMG_20200111_114607-300x225.jpg 300w, https:\/\/elcalaixetdelaiaia.es\/wp-content\/uploads\/2020\/01\/IMG_20200111_114607-768x576.jpg 768w, https:\/\/elcalaixetdelaiaia.es\/wp-content\/uploads\/2020\/01\/IMG_20200111_114607-1536x1152.jpg 1536w, https:\/\/elcalaixetdelaiaia.es\/wp-content\/uploads\/2020\/01\/IMG_20200111_114607-2048x1536.jpg 2048w\" sizes=\"(max-width: 750px) 100vw, 750px\" \/><\/p>\n<p style=\"text-align: center;\">y r\u00e1pidamente, pondremos el arroz que cortar\u00e1 la cocci\u00f3n del piment\u00f3n, para que no amargue,<\/p>\n<p style=\"text-align: center;\"><img decoding=\"async\" loading=\"lazy\" class=\"alignnone size-large wp-image-20397\" src=\"https:\/\/elcalaixetdelaiaia.es\/wp-content\/uploads\/2020\/01\/IMG_20200111_114847-1024x768.jpg\" alt=\"\" width=\"750\" height=\"563\" srcset=\"https:\/\/elcalaixetdelaiaia.es\/wp-content\/uploads\/2020\/01\/IMG_20200111_114847-1024x768.jpg 1024w, https:\/\/elcalaixetdelaiaia.es\/wp-content\/uploads\/2020\/01\/IMG_20200111_114847-300x225.jpg 300w, https:\/\/elcalaixetdelaiaia.es\/wp-content\/uploads\/2020\/01\/IMG_20200111_114847-768x576.jpg 768w, https:\/\/elcalaixetdelaiaia.es\/wp-content\/uploads\/2020\/01\/IMG_20200111_114847-1536x1152.jpg 1536w, https:\/\/elcalaixetdelaiaia.es\/wp-content\/uploads\/2020\/01\/IMG_20200111_114847-2048x1536.jpg 2048w\" sizes=\"(max-width: 750px) 100vw, 750px\" \/><\/p>\n<p style=\"text-align: center;\">r\u00e1pidamente<\/p>\n<p style=\"text-align: center;\"><img decoding=\"async\" loading=\"lazy\" class=\"alignnone size-large wp-image-20398\" src=\"https:\/\/elcalaixetdelaiaia.es\/wp-content\/uploads\/2020\/01\/IMG_20200111_115057-1024x768.jpg\" alt=\"\" width=\"750\" height=\"563\" srcset=\"https:\/\/elcalaixetdelaiaia.es\/wp-content\/uploads\/2020\/01\/IMG_20200111_115057-1024x768.jpg 1024w, https:\/\/elcalaixetdelaiaia.es\/wp-content\/uploads\/2020\/01\/IMG_20200111_115057-300x225.jpg 300w, https:\/\/elcalaixetdelaiaia.es\/wp-content\/uploads\/2020\/01\/IMG_20200111_115057-768x576.jpg 768w, https:\/\/elcalaixetdelaiaia.es\/wp-content\/uploads\/2020\/01\/IMG_20200111_115057-1536x1152.jpg 1536w, https:\/\/elcalaixetdelaiaia.es\/wp-content\/uploads\/2020\/01\/IMG_20200111_115057-2048x1536.jpg 2048w\" sizes=\"(max-width: 750px) 100vw, 750px\" \/><\/p>\n<p style=\"text-align: center;\">pondremos el azafr\u00e1n tostado, daremos unas vueltas<\/p>\n<p style=\"text-align: center;\"><img decoding=\"async\" loading=\"lazy\" class=\"alignnone size-large wp-image-20399\" src=\"https:\/\/elcalaixetdelaiaia.es\/wp-content\/uploads\/2020\/01\/IMG_20200111_143837-1024x768.jpg\" alt=\"\" width=\"750\" height=\"563\" srcset=\"https:\/\/elcalaixetdelaiaia.es\/wp-content\/uploads\/2020\/01\/IMG_20200111_143837-1024x768.jpg 1024w, https:\/\/elcalaixetdelaiaia.es\/wp-content\/uploads\/2020\/01\/IMG_20200111_143837-300x225.jpg 300w, https:\/\/elcalaixetdelaiaia.es\/wp-content\/uploads\/2020\/01\/IMG_20200111_143837-768x576.jpg 768w, https:\/\/elcalaixetdelaiaia.es\/wp-content\/uploads\/2020\/01\/IMG_20200111_143837-1536x1152.jpg 1536w, https:\/\/elcalaixetdelaiaia.es\/wp-content\/uploads\/2020\/01\/IMG_20200111_143837-2048x1536.jpg 2048w\" sizes=\"(max-width: 750px) 100vw, 750px\" \/><\/p>\n<p style=\"text-align: center;\">y a\u00f1adiremos el caldo hirviendo. Rectificaremos de sal<\/p>\n<p style=\"text-align: center;\"><img decoding=\"async\" loading=\"lazy\" class=\"alignnone size-large wp-image-20403\" src=\"https:\/\/elcalaixetdelaiaia.es\/wp-content\/uploads\/2020\/01\/peroldeferrosoles-1020x1024.png\" alt=\"\" width=\"750\" height=\"753\" srcset=\"https:\/\/elcalaixetdelaiaia.es\/wp-content\/uploads\/2020\/01\/peroldeferrosoles-1020x1024.png 1020w, https:\/\/elcalaixetdelaiaia.es\/wp-content\/uploads\/2020\/01\/peroldeferrosoles-300x300.png 300w, https:\/\/elcalaixetdelaiaia.es\/wp-content\/uploads\/2020\/01\/peroldeferrosoles-150x150.png 150w, https:\/\/elcalaixetdelaiaia.es\/wp-content\/uploads\/2020\/01\/peroldeferrosoles-768x771.png 768w, https:\/\/elcalaixetdelaiaia.es\/wp-content\/uploads\/2020\/01\/peroldeferrosoles-60x60.png 60w, https:\/\/elcalaixetdelaiaia.es\/wp-content\/uploads\/2020\/01\/peroldeferrosoles-235x235.png 235w, https:\/\/elcalaixetdelaiaia.es\/wp-content\/uploads\/2020\/01\/peroldeferrosoles-255x255.png 255w, https:\/\/elcalaixetdelaiaia.es\/wp-content\/uploads\/2020\/01\/peroldeferrosoles.png 1149w\" sizes=\"(max-width: 750px) 100vw, 750px\" \/><\/p>\n<p style=\"text-align: center;\">ponemos la tapa y dejamos a fuego medio\/bajo durante unos 17 minutos,<\/p>\n<p><img decoding=\"async\" loading=\"lazy\" class=\"size-large wp-image-16679 aligncenter\" src=\"https:\/\/elcalaixetdelaiaia.es\/wp-content\/uploads\/2014\/03\/cl\u00f2txines1-1024x768.jpg\" alt=\"\" width=\"750\" height=\"563\" srcset=\"https:\/\/elcalaixetdelaiaia.es\/wp-content\/uploads\/2014\/03\/cl\u00f2txines1-1024x768.jpg 1024w, https:\/\/elcalaixetdelaiaia.es\/wp-content\/uploads\/2014\/03\/cl\u00f2txines1-300x225.jpg 300w, https:\/\/elcalaixetdelaiaia.es\/wp-content\/uploads\/2014\/03\/cl\u00f2txines1-768x576.jpg 768w\" sizes=\"(max-width: 750px) 100vw, 750px\" \/><\/p>\n<p style=\"text-align: center;\">mientras nos comemos tranquilamente \u00ables cl\u00f2txines\u00bb al vapor, y el resto de aperitivo<\/p>\n<p><img decoding=\"async\" loading=\"lazy\" class=\"size-large wp-image-20405 aligncenter\" src=\"https:\/\/elcalaixetdelaiaia.es\/wp-content\/uploads\/2020\/01\/IMG_20200111_174401-1024x762.jpg\" alt=\"\" width=\"750\" height=\"558\" srcset=\"https:\/\/elcalaixetdelaiaia.es\/wp-content\/uploads\/2020\/01\/IMG_20200111_174401-1024x762.jpg 1024w, https:\/\/elcalaixetdelaiaia.es\/wp-content\/uploads\/2020\/01\/IMG_20200111_174401-300x223.jpg 300w, https:\/\/elcalaixetdelaiaia.es\/wp-content\/uploads\/2020\/01\/IMG_20200111_174401-768x572.jpg 768w, https:\/\/elcalaixetdelaiaia.es\/wp-content\/uploads\/2020\/01\/IMG_20200111_174401-1536x1144.jpg 1536w, https:\/\/elcalaixetdelaiaia.es\/wp-content\/uploads\/2020\/01\/IMG_20200111_174401-2048x1525.jpg 2048w\" sizes=\"(max-width: 750px) 100vw, 750px\" \/><\/p>\n<p style=\"text-align: center;\">pasados los 17 minutos, emplatamos inmediatamente, a\u00f1adiendo algunas \u00abcl\u00f2txines\u00bb de las que hicimos al vapor<\/p>\n<p style=\"text-align: center;\"><img decoding=\"async\" loading=\"lazy\" class=\"alignnone size-large wp-image-20401\" src=\"https:\/\/elcalaixetdelaiaia.es\/wp-content\/uploads\/2020\/01\/IMG_20200111_145715-1024x768.jpg\" alt=\"\" width=\"750\" height=\"563\" srcset=\"https:\/\/elcalaixetdelaiaia.es\/wp-content\/uploads\/2020\/01\/IMG_20200111_145715-1024x768.jpg 1024w, https:\/\/elcalaixetdelaiaia.es\/wp-content\/uploads\/2020\/01\/IMG_20200111_145715-300x225.jpg 300w, https:\/\/elcalaixetdelaiaia.es\/wp-content\/uploads\/2020\/01\/IMG_20200111_145715-768x576.jpg 768w, https:\/\/elcalaixetdelaiaia.es\/wp-content\/uploads\/2020\/01\/IMG_20200111_145715-1536x1152.jpg 1536w, https:\/\/elcalaixetdelaiaia.es\/wp-content\/uploads\/2020\/01\/IMG_20200111_145715-2048x1536.jpg 2048w\" sizes=\"(max-width: 750px) 100vw, 750px\" \/><\/p>\n<p style=\"text-align: center;\">y servimos sin demora ninguna&#8230;.\u00bbA la taula i<\/p>\n<p style=\"text-align: center;\"><img decoding=\"async\" loading=\"lazy\" class=\"alignnone size-large wp-image-20404\" src=\"https:\/\/elcalaixetdelaiaia.es\/wp-content\/uploads\/2020\/01\/IMG_20200111_145710-1024x768.jpg\" alt=\"\" width=\"750\" height=\"563\" srcset=\"https:\/\/elcalaixetdelaiaia.es\/wp-content\/uploads\/2020\/01\/IMG_20200111_145710-1024x768.jpg 1024w, https:\/\/elcalaixetdelaiaia.es\/wp-content\/uploads\/2020\/01\/IMG_20200111_145710-300x225.jpg 300w, https:\/\/elcalaixetdelaiaia.es\/wp-content\/uploads\/2020\/01\/IMG_20200111_145710-768x576.jpg 768w, https:\/\/elcalaixetdelaiaia.es\/wp-content\/uploads\/2020\/01\/IMG_20200111_145710-1536x1152.jpg 1536w, https:\/\/elcalaixetdelaiaia.es\/wp-content\/uploads\/2020\/01\/IMG_20200111_145710-2048x1536.jpg 2048w\" sizes=\"(max-width: 750px) 100vw, 750px\" \/><\/p>\n<p style=\"text-align: center;\">&#8230;BON PROFIT\u00bb!!! para disfrutar, con un buen chorro de lim\u00f3n (y que me disculpen los puristas), como nos gusta todo el arroz a los de mi casa \ud83d\ude09<\/p>\n<div>Si te gusta mi receta, puedes compartirla para que llegue a m\u00e1s gente.<\/div>\n<p>Espero tus comentarios y recuerda que tambi\u00e9n estoy en Facebook\u00a0<a href=\"https:\/\/www.facebook.com\/El-calaixet-de-la-iaia-533062140099386\/\">https:\/\/www.facebook.com\/El-calaixet-de-la-iaia-533062140099386\/<\/a><\/p>\n<p><img decoding=\"async\" loading=\"lazy\" class=\"alignnone size-full wp-image-25205\" src=\"https:\/\/elcalaixetdelaiaia.es\/wp-content\/uploads\/2020\/01\/WhatsApp-Image-2023-05-11-at-17.35.19.jpeg\" alt=\"\" width=\"1024\" height=\"768\" srcset=\"https:\/\/elcalaixetdelaiaia.es\/wp-content\/uploads\/2020\/01\/WhatsApp-Image-2023-05-11-at-17.35.19.jpeg 1024w, https:\/\/elcalaixetdelaiaia.es\/wp-content\/uploads\/2020\/01\/WhatsApp-Image-2023-05-11-at-17.35.19-300x225.jpeg 300w, https:\/\/elcalaixetdelaiaia.es\/wp-content\/uploads\/2020\/01\/WhatsApp-Image-2023-05-11-at-17.35.19-768x576.jpeg 768w\" sizes=\"(max-width: 1024px) 100vw, 1024px\" \/><\/p>\n<p>Edito esta entrada el 11\/05\/2023 porque mi querid\u00edsima amiga Lola Llorens, ha cocinado mi receta de arrocito caldoso marinero, y ha sido tan amable de contarme que les ha gustado a todos en su casa, y de enviarme foto. Mil gracias Lola, por confiar siempre en mis recetas, te quiero, amiga.<\/p>\n","protected":false},"excerpt":{"rendered":"<p>\u00abRefrany; Bon arr\u00f2s, bona llima, bona barca, bon tim\u00f3\u00bb \u00a0 \u00a0\u00a0 Buen arroz, buen lim\u00f3n, buena barca, buen tim\u00f3n. Hoy traigo mi receta de arroz caldosito marinero. Los ingredientes pueden ser&#8230; marisco&#8230; los que vuestro bolsillo os permita, \u00abA mas az\u00facar, mas dulce\u00bb, pero realmente, es un arroz, muy muy &hellip; <\/p>\n","protected":false},"author":2,"featured_media":20405,"comment_status":"open","ping_status":"open","sticky":false,"template":"","format":"standard","meta":[],"categories":[36,1],"tags":[],"_links":{"self":[{"href":"https:\/\/elcalaixetdelaiaia.es\/index.php?rest_route=\/wp\/v2\/posts\/20385"}],"collection":[{"href":"https:\/\/elcalaixetdelaiaia.es\/index.php?rest_route=\/wp\/v2\/posts"}],"about":[{"href":"https:\/\/elcalaixetdelaiaia.es\/index.php?rest_route=\/wp\/v2\/types\/post"}],"author":[{"embeddable":true,"href":"https:\/\/elcalaixetdelaiaia.es\/index.php?rest_route=\/wp\/v2\/users\/2"}],"replies":[{"embeddable":true,"href":"https:\/\/elcalaixetdelaiaia.es\/index.php?rest_route=%2Fwp%2Fv2%2Fcomments&post=20385"}],"version-history":[{"count":14,"href":"https:\/\/elcalaixetdelaiaia.es\/index.php?rest_route=\/wp\/v2\/posts\/20385\/revisions"}],"predecessor-version":[{"id":20410,"href":"https:\/\/elcalaixetdelaiaia.es\/index.php?rest_route=\/wp\/v2\/posts\/20385\/revisions\/20410"}],"wp:featuredmedia":[{"embeddable":true,"href":"https:\/\/elcalaixetdelaiaia.es\/index.php?rest_route=\/wp\/v2\/media\/20405"}],"wp:attachment":[{"href":"https:\/\/elcalaixetdelaiaia.es\/index.php?rest_route=%2Fwp%2Fv2%2Fmedia&parent=20385"}],"wp:term":[{"taxonomy":"category","embeddable":true,"href":"https:\/\/elcalaixetdelaiaia.es\/index.php?rest_route=%2Fwp%2Fv2%2Fcategories&post=20385"},{"taxonomy":"post_tag","embeddable":true,"href":"https:\/\/elcalaixetdelaiaia.es\/index.php?rest_route=%2Fwp%2Fv2%2Ftags&post=20385"}],"curies":[{"name":"wp","href":"https:\/\/api.w.org\/{rel}","templated":true}]}}