{"id":20306,"date":"2020-01-06T00:58:15","date_gmt":"2020-01-06T00:58:15","guid":{"rendered":"http:\/\/elcalaixetdelaiaia.es\/?p=20306"},"modified":"2024-01-04T17:28:52","modified_gmt":"2024-01-04T17:28:52","slug":"roscon-de-hojaldre-trufa-y-nata-paso-a-paso-foto-a-foto","status":"publish","type":"post","link":"https:\/\/elcalaixetdelaiaia.es\/?p=20306","title":{"rendered":"Rosc\u00f3n de hojaldre trufa y nata paso a paso foto a foto"},"content":{"rendered":"<p>\u00abRefrany; <span class=\"lafrase\">I van ser feli\u00e7os i van menjar anissos<\/span>\u00bb Y fueron felices y comieron anises.<\/p>\n<p>Pues no, anises no comimos, fue Rosc\u00f3n de Reyes de hojaldre, nata y trufa, pero felices, , aunque&#8230;felic\u00edsimos SIIIII.<\/p>\n<p>Este rosc\u00f3n es perfecto para quienes no ten\u00e9is tiempo, o quer\u00e9is que los peques y j\u00f3venes participen en la cocina durante las fiestas.<\/p>\n<p>Tuve mil problemas al hacerlo, y ni lo iba a terminar&#8230; y mucho menos publicar. Pero cambi\u00e9 de opini\u00f3n por distintos motivos, y no me arrepiento en absoluto.<\/p>\n<p>Nunca he sido de ocultaros lo que no me sale bien, porque NADIE es perfecto ni much\u00edsimo menos, y pobre de quien piense que lo es, o pretenda serlo. Estoy disfrutando unos d\u00edas con mis sobris peque\u00f1os y mis nietas en casa, que c\u00f3mo os he contado, son de edades similares, y entre otros planes divertidos, organizamos preparar un rosc\u00f3n f\u00e1cil y r\u00e1pido ya que, a los cuatro les encanta que nos metamos en la cocina, como ya hab\u00e9is visto en otras muchas ocasiones.<\/p>\n<p>Pero esta vez, el horno iba a jugarme una mala pasada, se par\u00f3 a media cocci\u00f3n, el hojaldre no subi\u00f3, lo dej\u00e9 dentro, se quemaron algunas almendras y parte de la zona superior, y acab\u00e9 llorando de rabia como una tonta. Madre m\u00edaaaa que absurda y simple, soy algunas veces <span class=\"ILfuVd\" lang=\"es\"><span class=\"hgKElc\">\ud83d\ude14<\/span><\/span> en mi defensa, dir\u00e9 que&#8230; ya sab\u00e9is por lo que estoy pasando.<\/p>\n<p>Les dije que ir\u00edamos a comprar uno a la pasteler\u00eda, camino a la cabalgata de Reyes de la Malvarrosa&#8230; pero claro&#8230; mis ni\u00f1os dijeron \u00abYa t\u00eda\/iaia, pero no ser\u00e1 nunca c\u00f3mo este que hemos hecho los cinco\u00bb as\u00ed que pens\u00e9 que ten\u00edan raz\u00f3n, NUESTRO rosc\u00f3n era especial, y mir\u00e1ndolo bien, no era tanto lo quemado, ya ten\u00edamos la nata y la trufa montada, y si, ciertamente no estaba muy bonito, pero lo realmente importante y bonito, era el buen rato que hab\u00edamos pasado juntos en mi minicocina con risas y diversi\u00f3n mientras lo prepar\u00e1bamos, y me decid\u00ed a continuar por ellos.<\/p>\n<p>La vida es muy triste y complicada a veces, y es muy necesario, crear MOMENTOS FELICES, momentos que luego recordar\u00e1n de mayores, cuando yo ya no est\u00e9.<\/p>\n<p>No importa que el rosc\u00f3n est\u00e9 m\u00e1s moreno de lo adecuado, que haya que quitar alguna almendra quemada, y que el hojaldre no haya subido, tampoco importa que un a\u00f1o m\u00e1s, hayamos celebrado Reyes, un d\u00eda antes, porque hoy, d\u00eda de Reyes, les toca con las otras familias, todos tenemos derecho a disfrutar los nuestros, aunque yo este hoy sola, escribiendo este post, pero con mis recuerdos, lo que verdaderamente importa, lo que tiene valor, son los momentos de felicidad, las sonrisas de complicidad que tendr\u00edamos luego ellos y yo, con el Rosc\u00f3n que est\u00e1bamos preparando, en la mesa con el caf\u00e9 y el resto de familia, esperando a quien le tocar\u00eda el rey o el haba, nuestras miradas, nuestro cari\u00f1o.<\/p>\n<p>As\u00ed que, aqu\u00ed va este Rosc\u00f3n que es m\u00e1s que especial, hecho por ocho peque\u00f1as manitas, bajo la tierna y empa\u00f1ada mirada de la iaia\/t\u00eda, con una tremenda ilusi\u00f3n y muuuchas risas en la cocina.<\/p>\n<p>Disculpad las pat\u00e9ticas fotos que saca mi m\u00f3vil.<\/p>\n<p>Necesitaremos;<\/p>\n<p><img decoding=\"async\" loading=\"lazy\" class=\"size-large wp-image-20307 aligncenter\" src=\"https:\/\/elcalaixetdelaiaia.es\/wp-content\/uploads\/2020\/01\/IMG_20200104_163905-1024x768.jpg\" alt=\"\" width=\"750\" height=\"563\" srcset=\"https:\/\/elcalaixetdelaiaia.es\/wp-content\/uploads\/2020\/01\/IMG_20200104_163905-1024x768.jpg 1024w, https:\/\/elcalaixetdelaiaia.es\/wp-content\/uploads\/2020\/01\/IMG_20200104_163905-300x225.jpg 300w, https:\/\/elcalaixetdelaiaia.es\/wp-content\/uploads\/2020\/01\/IMG_20200104_163905-768x576.jpg 768w, https:\/\/elcalaixetdelaiaia.es\/wp-content\/uploads\/2020\/01\/IMG_20200104_163905-1536x1152.jpg 1536w, https:\/\/elcalaixetdelaiaia.es\/wp-content\/uploads\/2020\/01\/IMG_20200104_163905-2048x1536.jpg 2048w\" sizes=\"(max-width: 750px) 100vw, 750px\" \/><\/p>\n<ol>\n<li>Dos l\u00e1minas de hojaldre fresco, redondas<\/li>\n<li>Agua de azahar<\/li>\n<li>Almendra laminada<\/li>\n<li>Frutas confitadas<\/li>\n<li>1l. de Nata para montar o crema de leche<\/li>\n<li>Dos cucharadas de az\u00facar glas<\/li>\n<li>Dos cucharadas de agua sin sabor a cloro<\/li>\n<li>Una cucharada de queso fresco de untar<\/li>\n<li>Un huevo<\/li>\n<li>250g de chocolate puro fondant<\/li>\n<li>Un rey<\/li>\n<li>Una haba<\/li>\n<\/ol>\n<p>Lo ideal ser\u00e1 comenzar preparando la trufa y la nata, para ello, habremos puesto con suficiente antelaci\u00f3n la nata en el frigor\u00edfico, as\u00ed como el recipiente donde la vayamos a montar y las varillas de la batidora.<\/p>\n<p><img decoding=\"async\" loading=\"lazy\" class=\"alignnone size-large wp-image-19256 aligncenter\" src=\"https:\/\/elcalaixetdelaiaia.es\/wp-content\/uploads\/2019\/01\/XQUN6433-1024x768.png\" alt=\"\" width=\"750\" height=\"563\" srcset=\"https:\/\/elcalaixetdelaiaia.es\/wp-content\/uploads\/2019\/01\/XQUN6433-1024x768.png 1024w, https:\/\/elcalaixetdelaiaia.es\/wp-content\/uploads\/2019\/01\/XQUN6433-300x225.png 300w, https:\/\/elcalaixetdelaiaia.es\/wp-content\/uploads\/2019\/01\/XQUN6433-768x576.png 768w\" sizes=\"(max-width: 750px) 100vw, 750px\" \/><\/p>\n<p>Batimos 500g de nata y cuando comience a montar, a\u00f1adimos dos cucharadas de az\u00facar, y una cucharada de queso.\u00a0 Acabamos de montar. Tapamos el recipiente, y al frigo.<\/p>\n<p><img decoding=\"async\" loading=\"lazy\" class=\"size-large wp-image-18709 aligncenter\" src=\"https:\/\/elcalaixetdelaiaia.es\/wp-content\/uploads\/2019\/01\/IMG_8507-1024x768.jpg\" alt=\"\" width=\"750\" height=\"563\" srcset=\"https:\/\/elcalaixetdelaiaia.es\/wp-content\/uploads\/2019\/01\/IMG_8507-1024x768.jpg 1024w, https:\/\/elcalaixetdelaiaia.es\/wp-content\/uploads\/2019\/01\/IMG_8507-300x225.jpg 300w, https:\/\/elcalaixetdelaiaia.es\/wp-content\/uploads\/2019\/01\/IMG_8507-768x576.jpg 768w\" sizes=\"(max-width: 750px) 100vw, 750px\" \/><\/p>\n<p>Ponemos en el micro hasta que est\u00e9 a punto de hervir 500g de nata. Le a\u00f1adimos 250g de chocolate fondant que habremos troceado previamente y removemos hasta que se integre en la nata.<\/p>\n<p><img decoding=\"async\" loading=\"lazy\" class=\"size-large wp-image-18710 aligncenter\" src=\"https:\/\/elcalaixetdelaiaia.es\/wp-content\/uploads\/2019\/01\/IMG_8508-1024x768.jpg\" alt=\"\" width=\"750\" height=\"563\" srcset=\"https:\/\/elcalaixetdelaiaia.es\/wp-content\/uploads\/2019\/01\/IMG_8508-1024x768.jpg 1024w, https:\/\/elcalaixetdelaiaia.es\/wp-content\/uploads\/2019\/01\/IMG_8508-300x225.jpg 300w, https:\/\/elcalaixetdelaiaia.es\/wp-content\/uploads\/2019\/01\/IMG_8508-768x576.jpg 768w\" sizes=\"(max-width: 750px) 100vw, 750px\" \/><\/p>\n<p style=\"text-align: center;\">Dejaremos enfriar, taparemos con papel film y al frigo, durante unas tres horas<\/p>\n<p><img decoding=\"async\" loading=\"lazy\" class=\"size-large wp-image-20318 aligncenter\" src=\"https:\/\/elcalaixetdelaiaia.es\/wp-content\/uploads\/2020\/01\/IMG_20200105_094046-1024x768.jpg\" alt=\"\" width=\"750\" height=\"563\" srcset=\"https:\/\/elcalaixetdelaiaia.es\/wp-content\/uploads\/2020\/01\/IMG_20200105_094046-1024x768.jpg 1024w, https:\/\/elcalaixetdelaiaia.es\/wp-content\/uploads\/2020\/01\/IMG_20200105_094046-300x225.jpg 300w, https:\/\/elcalaixetdelaiaia.es\/wp-content\/uploads\/2020\/01\/IMG_20200105_094046-768x576.jpg 768w, https:\/\/elcalaixetdelaiaia.es\/wp-content\/uploads\/2020\/01\/IMG_20200105_094046-1536x1152.jpg 1536w, https:\/\/elcalaixetdelaiaia.es\/wp-content\/uploads\/2020\/01\/IMG_20200105_094046-2048x1536.jpg 2048w\" sizes=\"(max-width: 750px) 100vw, 750px\" \/><\/p>\n<p>Desenrollaremos con cuidado la masa de hojaldre redonda, y la colocaremos sobre el papel (sulfurizado o de horno que lleva), en un recipiente, pondremos dos cucharadas de agua y una cucharadita de agua de azahar, y pincelaremos toda la base exceptuando el centro como de un palmo de ancho.<\/p>\n<p><img decoding=\"async\" loading=\"lazy\" class=\"size-large wp-image-20319 aligncenter\" src=\"https:\/\/elcalaixetdelaiaia.es\/wp-content\/uploads\/2020\/01\/IMG_20200105_094605-1024x768.jpg\" alt=\"\" width=\"750\" height=\"563\" srcset=\"https:\/\/elcalaixetdelaiaia.es\/wp-content\/uploads\/2020\/01\/IMG_20200105_094605-1024x768.jpg 1024w, https:\/\/elcalaixetdelaiaia.es\/wp-content\/uploads\/2020\/01\/IMG_20200105_094605-300x225.jpg 300w, https:\/\/elcalaixetdelaiaia.es\/wp-content\/uploads\/2020\/01\/IMG_20200105_094605-768x576.jpg 768w, https:\/\/elcalaixetdelaiaia.es\/wp-content\/uploads\/2020\/01\/IMG_20200105_094605-1536x1152.jpg 1536w, https:\/\/elcalaixetdelaiaia.es\/wp-content\/uploads\/2020\/01\/IMG_20200105_094605-2048x1536.jpg 2048w\" sizes=\"(max-width: 750px) 100vw, 750px\" \/><\/p>\n<p>Con mucho cuidado colocaremos encima la otra base, procurando que coincida, lo m\u00e1ximo posible, a mi nieta peque\u00f1a le ha salido \u00a1redondo! \ud83d\ude09 pasaremos la mano, con cuidado de no apretar, con el fin de que queden unidas las dos piezas.<\/p>\n<p><img decoding=\"async\" loading=\"lazy\" class=\"size-large wp-image-20320 aligncenter\" src=\"https:\/\/elcalaixetdelaiaia.es\/wp-content\/uploads\/2020\/01\/IMG_20200105_094934-1024x768.jpg\" alt=\"\" width=\"750\" height=\"563\" srcset=\"https:\/\/elcalaixetdelaiaia.es\/wp-content\/uploads\/2020\/01\/IMG_20200105_094934-1024x768.jpg 1024w, https:\/\/elcalaixetdelaiaia.es\/wp-content\/uploads\/2020\/01\/IMG_20200105_094934-300x225.jpg 300w, https:\/\/elcalaixetdelaiaia.es\/wp-content\/uploads\/2020\/01\/IMG_20200105_094934-768x576.jpg 768w, https:\/\/elcalaixetdelaiaia.es\/wp-content\/uploads\/2020\/01\/IMG_20200105_094934-1536x1152.jpg 1536w, https:\/\/elcalaixetdelaiaia.es\/wp-content\/uploads\/2020\/01\/IMG_20200105_094934-2048x1536.jpg 2048w\" sizes=\"(max-width: 750px) 100vw, 750px\" \/><\/p>\n<p>Con unaro de emplatar, cortapastas, o un plato, buscaremos el centro, y presionaremos para hacer el agujero central. Mi aro mide 15cm.<\/p>\n<p><img decoding=\"async\" loading=\"lazy\" class=\"size-large wp-image-20321 aligncenter\" src=\"https:\/\/elcalaixetdelaiaia.es\/wp-content\/uploads\/2020\/01\/IMG_20200105_095009-1024x768.jpg\" alt=\"\" width=\"750\" height=\"563\" srcset=\"https:\/\/elcalaixetdelaiaia.es\/wp-content\/uploads\/2020\/01\/IMG_20200105_095009-1024x768.jpg 1024w, https:\/\/elcalaixetdelaiaia.es\/wp-content\/uploads\/2020\/01\/IMG_20200105_095009-300x225.jpg 300w, https:\/\/elcalaixetdelaiaia.es\/wp-content\/uploads\/2020\/01\/IMG_20200105_095009-768x576.jpg 768w, https:\/\/elcalaixetdelaiaia.es\/wp-content\/uploads\/2020\/01\/IMG_20200105_095009-1536x1152.jpg 1536w, https:\/\/elcalaixetdelaiaia.es\/wp-content\/uploads\/2020\/01\/IMG_20200105_095009-2048x1536.jpg 2048w\" sizes=\"(max-width: 750px) 100vw, 750px\" \/><\/p>\n<p>quitaremos con cuidado el c\u00edrculo de masa, que podemos guardar en el congelador, introduci\u00e9ndolo en una bolsa, para usarlo con otra receta que se nos ocurra.<\/p>\n<p><img decoding=\"async\" loading=\"lazy\" class=\"size-large wp-image-20322 aligncenter\" src=\"https:\/\/elcalaixetdelaiaia.es\/wp-content\/uploads\/2020\/01\/IMG_20200105_095702-1024x768.jpg\" alt=\"\" width=\"750\" height=\"563\" srcset=\"https:\/\/elcalaixetdelaiaia.es\/wp-content\/uploads\/2020\/01\/IMG_20200105_095702-1024x768.jpg 1024w, https:\/\/elcalaixetdelaiaia.es\/wp-content\/uploads\/2020\/01\/IMG_20200105_095702-300x225.jpg 300w, https:\/\/elcalaixetdelaiaia.es\/wp-content\/uploads\/2020\/01\/IMG_20200105_095702-768x576.jpg 768w, https:\/\/elcalaixetdelaiaia.es\/wp-content\/uploads\/2020\/01\/IMG_20200105_095702-1536x1152.jpg 1536w, https:\/\/elcalaixetdelaiaia.es\/wp-content\/uploads\/2020\/01\/IMG_20200105_095702-2048x1536.jpg 2048w\" sizes=\"(max-width: 750px) 100vw, 750px\" \/><\/p>\n<p style=\"text-align: center;\">Batiremos el huevo, a\u00f1adiendo unas gotitas de agua de azahar y pincelaremos toda la superficie<\/p>\n<p><img decoding=\"async\" loading=\"lazy\" class=\"size-large wp-image-20323 aligncenter\" src=\"https:\/\/elcalaixetdelaiaia.es\/wp-content\/uploads\/2020\/01\/IMG_20200105_095927-1024x768.jpg\" alt=\"\" width=\"750\" height=\"563\" srcset=\"https:\/\/elcalaixetdelaiaia.es\/wp-content\/uploads\/2020\/01\/IMG_20200105_095927-1024x768.jpg 1024w, https:\/\/elcalaixetdelaiaia.es\/wp-content\/uploads\/2020\/01\/IMG_20200105_095927-300x225.jpg 300w, https:\/\/elcalaixetdelaiaia.es\/wp-content\/uploads\/2020\/01\/IMG_20200105_095927-768x576.jpg 768w, https:\/\/elcalaixetdelaiaia.es\/wp-content\/uploads\/2020\/01\/IMG_20200105_095927-1536x1152.jpg 1536w, https:\/\/elcalaixetdelaiaia.es\/wp-content\/uploads\/2020\/01\/IMG_20200105_095927-2048x1536.jpg 2048w\" sizes=\"(max-width: 750px) 100vw, 750px\" \/><\/p>\n<p style=\"text-align: center;\">Decoraremos colocando las frutas a nuestro gusto, en este enlace ten\u00e9is el paso a paso para hacerlas, es perfecto tenerlas preparadas en el congelador por ejemplo <a href=\"https:\/\/elcalaixetdelaiaia.es\/?p=15708\">https:\/\/elcalaixetdelaiaia.es\/?p=15708<\/a><\/p>\n<p><img decoding=\"async\" loading=\"lazy\" class=\"size-large wp-image-20324 aligncenter\" src=\"https:\/\/elcalaixetdelaiaia.es\/wp-content\/uploads\/2020\/01\/IMG_20200105_100159-1024x768.jpg\" alt=\"\" width=\"750\" height=\"563\" srcset=\"https:\/\/elcalaixetdelaiaia.es\/wp-content\/uploads\/2020\/01\/IMG_20200105_100159-1024x768.jpg 1024w, https:\/\/elcalaixetdelaiaia.es\/wp-content\/uploads\/2020\/01\/IMG_20200105_100159-300x225.jpg 300w, https:\/\/elcalaixetdelaiaia.es\/wp-content\/uploads\/2020\/01\/IMG_20200105_100159-768x576.jpg 768w, https:\/\/elcalaixetdelaiaia.es\/wp-content\/uploads\/2020\/01\/IMG_20200105_100159-1536x1152.jpg 1536w, https:\/\/elcalaixetdelaiaia.es\/wp-content\/uploads\/2020\/01\/IMG_20200105_100159-2048x1536.jpg 2048w\" sizes=\"(max-width: 750px) 100vw, 750px\" \/><\/p>\n<p style=\"text-align: center;\">distribuimos las almendras laminadas<\/p>\n<p style=\"text-align: center;\"><img decoding=\"async\" loading=\"lazy\" class=\"alignnone size-large wp-image-20325\" src=\"https:\/\/elcalaixetdelaiaia.es\/wp-content\/uploads\/2020\/01\/IMG_20200105_100432-1024x768.jpg\" alt=\"\" width=\"750\" height=\"563\" srcset=\"https:\/\/elcalaixetdelaiaia.es\/wp-content\/uploads\/2020\/01\/IMG_20200105_100432-1024x768.jpg 1024w, https:\/\/elcalaixetdelaiaia.es\/wp-content\/uploads\/2020\/01\/IMG_20200105_100432-300x225.jpg 300w, https:\/\/elcalaixetdelaiaia.es\/wp-content\/uploads\/2020\/01\/IMG_20200105_100432-768x576.jpg 768w, https:\/\/elcalaixetdelaiaia.es\/wp-content\/uploads\/2020\/01\/IMG_20200105_100432-1536x1152.jpg 1536w, https:\/\/elcalaixetdelaiaia.es\/wp-content\/uploads\/2020\/01\/IMG_20200105_100432-2048x1536.jpg 2048w\" sizes=\"(max-width: 750px) 100vw, 750px\" \/><\/p>\n<p>y preparamos el az\u00facar nevado tan caracter\u00edstico de los roscones, con dos cucharadas de az\u00facar blanquilla y unas gotas de agua de azahar, mezclando manualmente<\/p>\n<p style=\"text-align: center;\"><img decoding=\"async\" loading=\"lazy\" class=\"alignnone size-large wp-image-20327\" src=\"https:\/\/elcalaixetdelaiaia.es\/wp-content\/uploads\/2020\/01\/IMG_20200105_101229-1024x768.jpg\" alt=\"\" width=\"750\" height=\"563\" srcset=\"https:\/\/elcalaixetdelaiaia.es\/wp-content\/uploads\/2020\/01\/IMG_20200105_101229-1024x768.jpg 1024w, https:\/\/elcalaixetdelaiaia.es\/wp-content\/uploads\/2020\/01\/IMG_20200105_101229-300x225.jpg 300w, https:\/\/elcalaixetdelaiaia.es\/wp-content\/uploads\/2020\/01\/IMG_20200105_101229-768x576.jpg 768w, https:\/\/elcalaixetdelaiaia.es\/wp-content\/uploads\/2020\/01\/IMG_20200105_101229-1536x1152.jpg 1536w, https:\/\/elcalaixetdelaiaia.es\/wp-content\/uploads\/2020\/01\/IMG_20200105_101229-2048x1536.jpg 2048w\" sizes=\"(max-width: 750px) 100vw, 750px\" \/><\/p>\n<p style=\"text-align: center;\">repartiendo por el anillo. Con mucho cuidado, colocamos sobre la rejilla del horno, para poder desplazarlo sin problemas, y lo dejaremos unos 20 minutos en el frigo, porque es importante que la masa est\u00e9 <em><strong>fr\u00eda<\/strong><\/em> en el momento de hornear.<\/p>\n<p style=\"text-align: center;\">Precalentamos el horno con la bandeja a media altura, calor s\u00f3lo abajo a 190 grados. Cuando llegue a esa temperatura<\/p>\n<p style=\"text-align: center;\"><img decoding=\"async\" loading=\"lazy\" class=\"alignnone size-large wp-image-20328\" src=\"https:\/\/elcalaixetdelaiaia.es\/wp-content\/uploads\/2020\/01\/IMG_20200105_101943-1024x768.jpg\" alt=\"\" width=\"750\" height=\"563\" srcset=\"https:\/\/elcalaixetdelaiaia.es\/wp-content\/uploads\/2020\/01\/IMG_20200105_101943-1024x768.jpg 1024w, https:\/\/elcalaixetdelaiaia.es\/wp-content\/uploads\/2020\/01\/IMG_20200105_101943-300x225.jpg 300w, https:\/\/elcalaixetdelaiaia.es\/wp-content\/uploads\/2020\/01\/IMG_20200105_101943-768x576.jpg 768w, https:\/\/elcalaixetdelaiaia.es\/wp-content\/uploads\/2020\/01\/IMG_20200105_101943-1536x1152.jpg 1536w, https:\/\/elcalaixetdelaiaia.es\/wp-content\/uploads\/2020\/01\/IMG_20200105_101943-2048x1536.jpg 2048w\" sizes=\"(max-width: 750px) 100vw, 750px\" \/><\/p>\n<p style=\"text-align: center;\">lo introducimos en el horno, durante unos 20 minutos. Mirad que bien iba a los 12 minutos, pero&#8230; ha sido cuando se ha apagado el horno, a\u00fan no se porque raz\u00f3n<span class=\"ILfuVd\" lang=\"es\"><span class=\"hgKElc\">\ud83d\ude14<\/span><\/span> y en lugar de subir, se me ha bajado, lo he mantenido dentro, mientras intentaba solucionarlo y al final se me ha quemado un poco&#8230;<\/p>\n<p style=\"text-align: center;\"><img decoding=\"async\" loading=\"lazy\" class=\"alignnone size-large wp-image-20329\" src=\"https:\/\/elcalaixetdelaiaia.es\/wp-content\/uploads\/2020\/01\/IMG_20200105_114449-1024x768.jpg\" alt=\"\" width=\"750\" height=\"563\" srcset=\"https:\/\/elcalaixetdelaiaia.es\/wp-content\/uploads\/2020\/01\/IMG_20200105_114449-1024x768.jpg 1024w, https:\/\/elcalaixetdelaiaia.es\/wp-content\/uploads\/2020\/01\/IMG_20200105_114449-300x225.jpg 300w, https:\/\/elcalaixetdelaiaia.es\/wp-content\/uploads\/2020\/01\/IMG_20200105_114449-768x576.jpg 768w, https:\/\/elcalaixetdelaiaia.es\/wp-content\/uploads\/2020\/01\/IMG_20200105_114449-1536x1152.jpg 1536w, https:\/\/elcalaixetdelaiaia.es\/wp-content\/uploads\/2020\/01\/IMG_20200105_114449-2048x1536.jpg 2048w\" sizes=\"(max-width: 750px) 100vw, 750px\" \/><\/p>\n<p style=\"text-align: center;\">y as\u00ed ha quedado nuestro rosc\u00f3n, pero para nada quedar\u00e1 as\u00ed el vuestro, pensad que todo ir\u00e1 como debe, la masa habr\u00e1 subido mas del doble que el m\u00edo y la superficie estar\u00e1 dorada en su punto.<\/p>\n<p style=\"text-align: center;\">Lo dejaremos enfriar sobre una rejilla y<\/p>\n<p style=\"text-align: center;\"><img decoding=\"async\" loading=\"lazy\" class=\"alignnone size-large wp-image-20330\" src=\"https:\/\/elcalaixetdelaiaia.es\/wp-content\/uploads\/2020\/01\/IMG_20200105_114559-1024x768.jpg\" alt=\"\" width=\"750\" height=\"563\" srcset=\"https:\/\/elcalaixetdelaiaia.es\/wp-content\/uploads\/2020\/01\/IMG_20200105_114559-1024x768.jpg 1024w, https:\/\/elcalaixetdelaiaia.es\/wp-content\/uploads\/2020\/01\/IMG_20200105_114559-300x225.jpg 300w, https:\/\/elcalaixetdelaiaia.es\/wp-content\/uploads\/2020\/01\/IMG_20200105_114559-768x576.jpg 768w, https:\/\/elcalaixetdelaiaia.es\/wp-content\/uploads\/2020\/01\/IMG_20200105_114559-1536x1152.jpg 1536w, https:\/\/elcalaixetdelaiaia.es\/wp-content\/uploads\/2020\/01\/IMG_20200105_114559-2048x1536.jpg 2048w\" sizes=\"(max-width: 750px) 100vw, 750px\" \/><\/p>\n<p>cuando est\u00e9 completamente fr\u00edo, con mucho cuidado porque el hojaldre es muy delicado, con un cuchillo de sierra, lo cortaremos por la mitad<\/p>\n<p style=\"text-align: center;\"><img decoding=\"async\" loading=\"lazy\" class=\"alignnone size-large wp-image-20331\" src=\"https:\/\/elcalaixetdelaiaia.es\/wp-content\/uploads\/2020\/01\/IMG_20200105_115211-1024x768.jpg\" alt=\"\" width=\"750\" height=\"563\" srcset=\"https:\/\/elcalaixetdelaiaia.es\/wp-content\/uploads\/2020\/01\/IMG_20200105_115211-1024x768.jpg 1024w, https:\/\/elcalaixetdelaiaia.es\/wp-content\/uploads\/2020\/01\/IMG_20200105_115211-300x225.jpg 300w, https:\/\/elcalaixetdelaiaia.es\/wp-content\/uploads\/2020\/01\/IMG_20200105_115211-768x576.jpg 768w, https:\/\/elcalaixetdelaiaia.es\/wp-content\/uploads\/2020\/01\/IMG_20200105_115211-1536x1152.jpg 1536w, https:\/\/elcalaixetdelaiaia.es\/wp-content\/uploads\/2020\/01\/IMG_20200105_115211-2048x1536.jpg 2048w\" sizes=\"(max-width: 750px) 100vw, 750px\" \/><\/p>\n<p style=\"text-align: center;\">apartaremos la tapa<\/p>\n<p><img decoding=\"async\" loading=\"lazy\" class=\"size-large wp-image-20334 aligncenter\" src=\"https:\/\/elcalaixetdelaiaia.es\/wp-content\/uploads\/2020\/01\/IMG_20200105_193825-1024x768.jpg\" alt=\"\" width=\"750\" height=\"563\" srcset=\"https:\/\/elcalaixetdelaiaia.es\/wp-content\/uploads\/2020\/01\/IMG_20200105_193825-1024x768.jpg 1024w, https:\/\/elcalaixetdelaiaia.es\/wp-content\/uploads\/2020\/01\/IMG_20200105_193825-300x225.jpg 300w, https:\/\/elcalaixetdelaiaia.es\/wp-content\/uploads\/2020\/01\/IMG_20200105_193825-768x576.jpg 768w, https:\/\/elcalaixetdelaiaia.es\/wp-content\/uploads\/2020\/01\/IMG_20200105_193825-1536x1152.jpg 1536w, https:\/\/elcalaixetdelaiaia.es\/wp-content\/uploads\/2020\/01\/IMG_20200105_193825-2048x1536.jpg 2048w\" sizes=\"(max-width: 750px) 100vw, 750px\" \/><\/p>\n<p style=\"text-align: center;\">liaremos con papel film el haba y el rey, como si fueran unos caramelitos y aqu\u00ed lleg\u00f3 el momento discusi\u00f3n, porque todos quer\u00edan poner el Rey&#8230; para el a\u00f1o que viene 4 figuritas de Reyes <span class=\"JCzEY ZwRhJd\"><span class=\"CSkcDe\">\ud83d\ude02<\/span><\/span><\/p>\n<p style=\"text-align: center;\"><img decoding=\"async\" loading=\"lazy\" class=\"alignnone size-large wp-image-20332\" src=\"https:\/\/elcalaixetdelaiaia.es\/wp-content\/uploads\/2020\/01\/IMG_20200105_121338-1024x768.jpg\" alt=\"\" width=\"750\" height=\"563\" srcset=\"https:\/\/elcalaixetdelaiaia.es\/wp-content\/uploads\/2020\/01\/IMG_20200105_121338-1024x768.jpg 1024w, https:\/\/elcalaixetdelaiaia.es\/wp-content\/uploads\/2020\/01\/IMG_20200105_121338-300x225.jpg 300w, https:\/\/elcalaixetdelaiaia.es\/wp-content\/uploads\/2020\/01\/IMG_20200105_121338-768x576.jpg 768w, https:\/\/elcalaixetdelaiaia.es\/wp-content\/uploads\/2020\/01\/IMG_20200105_121338-1536x1152.jpg 1536w, https:\/\/elcalaixetdelaiaia.es\/wp-content\/uploads\/2020\/01\/IMG_20200105_121338-2048x1536.jpg 2048w\" sizes=\"(max-width: 750px) 100vw, 750px\" \/><\/p>\n<p style=\"text-align: center;\">y tras rellenar el disco de abajo con una manga pastelera y una boquilla rizada con la trufa y la nata que tenemos en el frigo,<\/p>\n<p style=\"text-align: center;\"><img decoding=\"async\" loading=\"lazy\" class=\"alignnone size-large wp-image-20333\" src=\"https:\/\/elcalaixetdelaiaia.es\/wp-content\/uploads\/2020\/01\/IMG_20200105_121506-1024x768.jpg\" alt=\"\" width=\"750\" height=\"563\" srcset=\"https:\/\/elcalaixetdelaiaia.es\/wp-content\/uploads\/2020\/01\/IMG_20200105_121506-1024x768.jpg 1024w, https:\/\/elcalaixetdelaiaia.es\/wp-content\/uploads\/2020\/01\/IMG_20200105_121506-300x225.jpg 300w, https:\/\/elcalaixetdelaiaia.es\/wp-content\/uploads\/2020\/01\/IMG_20200105_121506-768x576.jpg 768w, https:\/\/elcalaixetdelaiaia.es\/wp-content\/uploads\/2020\/01\/IMG_20200105_121506-1536x1152.jpg 1536w, https:\/\/elcalaixetdelaiaia.es\/wp-content\/uploads\/2020\/01\/IMG_20200105_121506-2048x1536.jpg 2048w\" sizes=\"(max-width: 750px) 100vw, 750px\" \/><\/p>\n<p style=\"text-align: center;\">colocaremos con astucia jajajaja,<\/p>\n<p><img decoding=\"async\" loading=\"lazy\" class=\"size-large wp-image-20337 aligncenter\" src=\"https:\/\/elcalaixetdelaiaia.es\/wp-content\/uploads\/2020\/01\/IMG_20200105_193555-1024x768.jpg\" alt=\"\" width=\"750\" height=\"563\" srcset=\"https:\/\/elcalaixetdelaiaia.es\/wp-content\/uploads\/2020\/01\/IMG_20200105_193555-1024x768.jpg 1024w, https:\/\/elcalaixetdelaiaia.es\/wp-content\/uploads\/2020\/01\/IMG_20200105_193555-300x225.jpg 300w, https:\/\/elcalaixetdelaiaia.es\/wp-content\/uploads\/2020\/01\/IMG_20200105_193555-768x576.jpg 768w, https:\/\/elcalaixetdelaiaia.es\/wp-content\/uploads\/2020\/01\/IMG_20200105_193555-1536x1152.jpg 1536w, https:\/\/elcalaixetdelaiaia.es\/wp-content\/uploads\/2020\/01\/IMG_20200105_193555-2048x1536.jpg 2048w\" sizes=\"(max-width: 750px) 100vw, 750px\" \/><\/p>\n<p style=\"text-align: center;\">Y al frigo, porque lleva trufa y nata y esto es imprescindible.<\/p>\n<p style=\"text-align: center;\">No ha quedado perfecto, pero para mis ni\u00f1os y para mi, es el \u00a1MEJOR ROSC\u00d3N DEL MUNDO MUNDIAL!<\/p>\n<p style=\"text-align: center;\"><img decoding=\"async\" loading=\"lazy\" class=\"alignnone size-large wp-image-20338\" src=\"https:\/\/elcalaixetdelaiaia.es\/wp-content\/uploads\/2020\/01\/IMG_20200105_193427-1-768x1024.jpg\" alt=\"\" width=\"750\" height=\"1000\" srcset=\"https:\/\/elcalaixetdelaiaia.es\/wp-content\/uploads\/2020\/01\/IMG_20200105_193427-1-768x1024.jpg 768w, https:\/\/elcalaixetdelaiaia.es\/wp-content\/uploads\/2020\/01\/IMG_20200105_193427-1-225x300.jpg 225w, https:\/\/elcalaixetdelaiaia.es\/wp-content\/uploads\/2020\/01\/IMG_20200105_193427-1-1152x1536.jpg 1152w, https:\/\/elcalaixetdelaiaia.es\/wp-content\/uploads\/2020\/01\/IMG_20200105_193427-1-1536x2048.jpg 1536w, https:\/\/elcalaixetdelaiaia.es\/wp-content\/uploads\/2020\/01\/IMG_20200105_193427-1-scaled.jpg 1920w\" sizes=\"(max-width: 750px) 100vw, 750px\" \/><\/p>\n<p style=\"text-align: center;\">y con toda sinceridad os puedo asegurar, que era much\u00edsimo mejor el sabor que el aspecto.<\/p>\n<p>El a\u00f1o que viene, mas y mejor. Espero que los Reyes Magos, sean buenos con vosotros, con nosotros, ya lo han sido, permiti\u00e9ndonos disfrutar de un d\u00eda m\u00e1s juntos y por muuuuuuchos a\u00f1os m\u00e1s, a pesar de las ausencias, que ya, ser\u00e1n permanentes.<\/p>\n<p>Si te gusta \u00e9sta entrada, comp\u00e1rtela, Gracias por hacerlo. Si quieres comentar, tus comentarios para mi son MUY importantes y recuerda que tambi\u00e9n estoy en Facebook <a href=\"https:\/\/www.facebook.com\/El-calaixet-de-la-iaia-533062140099386\/\">https:\/\/www.facebook.com\/El-calaixet-de-la-iaia-533062140099386\/<\/a><\/p>\n","protected":false},"excerpt":{"rendered":"<p>\u00abRefrany; I van ser feli\u00e7os i van menjar anissos\u00bb Y fueron felices y comieron anises. Pues no, anises no comimos, fue Rosc\u00f3n de Reyes de hojaldre, nata y trufa, pero felices, , aunque&#8230;felic\u00edsimos SIIIII. Este rosc\u00f3n es perfecto para quienes no ten\u00e9is tiempo, o quer\u00e9is que los peques y j\u00f3venes &hellip; <\/p>\n","protected":false},"author":2,"featured_media":20337,"comment_status":"open","ping_status":"open","sticky":false,"template":"","format":"standard","meta":[],"categories":[6],"tags":[],"_links":{"self":[{"href":"https:\/\/elcalaixetdelaiaia.es\/index.php?rest_route=\/wp\/v2\/posts\/20306"}],"collection":[{"href":"https:\/\/elcalaixetdelaiaia.es\/index.php?rest_route=\/wp\/v2\/posts"}],"about":[{"href":"https:\/\/elcalaixetdelaiaia.es\/index.php?rest_route=\/wp\/v2\/types\/post"}],"author":[{"embeddable":true,"href":"https:\/\/elcalaixetdelaiaia.es\/index.php?rest_route=\/wp\/v2\/users\/2"}],"replies":[{"embeddable":true,"href":"https:\/\/elcalaixetdelaiaia.es\/index.php?rest_route=%2Fwp%2Fv2%2Fcomments&post=20306"}],"version-history":[{"count":26,"href":"https:\/\/elcalaixetdelaiaia.es\/index.php?rest_route=\/wp\/v2\/posts\/20306\/revisions"}],"predecessor-version":[{"id":26592,"href":"https:\/\/elcalaixetdelaiaia.es\/index.php?rest_route=\/wp\/v2\/posts\/20306\/revisions\/26592"}],"wp:featuredmedia":[{"embeddable":true,"href":"https:\/\/elcalaixetdelaiaia.es\/index.php?rest_route=\/wp\/v2\/media\/20337"}],"wp:attachment":[{"href":"https:\/\/elcalaixetdelaiaia.es\/index.php?rest_route=%2Fwp%2Fv2%2Fmedia&parent=20306"}],"wp:term":[{"taxonomy":"category","embeddable":true,"href":"https:\/\/elcalaixetdelaiaia.es\/index.php?rest_route=%2Fwp%2Fv2%2Fcategories&post=20306"},{"taxonomy":"post_tag","embeddable":true,"href":"https:\/\/elcalaixetdelaiaia.es\/index.php?rest_route=%2Fwp%2Fv2%2Ftags&post=20306"}],"curies":[{"name":"wp","href":"https:\/\/api.w.org\/{rel}","templated":true}]}}